{"id":60394,"date":"2019-02-15T12:07:37","date_gmt":"2019-02-15T15:07:37","guid":{"rendered":"https:\/\/www.blogsoestado.com\/danielmatos\/?p=60394"},"modified":"2019-02-15T12:07:37","modified_gmt":"2019-02-15T15:07:37","slug":"baile-da-santinha-em-sao-luis-agita-o-fim-de-semana","status":"publish","type":"post","link":"https:\/\/www.blogsoestado.com\/danielmatos\/baile-da-santinha-em-sao-luis-agita-o-fim-de-semana\/","title":{"rendered":"\u201cBaile da Santinha\u201d em S\u00e3o Lu\u00eds agita o fim de semana"},"content":{"rendered":"\n<p class=\"has-text-color has-medium-font-size has-vivid-red-color\">Na programa\u00e7\u00e3o, os artistas L\u00e9o Santana, Hungria Hip Hip, Avine Vinny e Ferrugem, a partir das 17h, no estacionamento do S\u00e3o Lu\u00eds Shopping neste s\u00e1bado (16)<\/p>\n\n\n\n<figure class=\"wp-block-image\"><img decoding=\"async\" src=\"https:\/\/www.blogsoestado.com\/danielmatos\/files\/2019\/02\/leo-baile.jpg\" alt=\"\" class=\"wp-image-60396\"\/><figcaption>L\u00e9o Santana vai agitar de novo o p\u00fablico em mais um mega show em S\u00e3o Lu\u00eds<\/figcaption><\/figure>\n\n\n\n<p>Tudo pronto para a realiza\u00e7\u00e3o do \u201cBaile da Santinha\u201d em S\u00e3o Lu\u00eds que ser\u00e1 realizado no pr\u00f3ximo s\u00e1bado (16), a partir das 17h, no estacionamento do S\u00e3o Lu\u00eds Shopping, com L\u00e9o Santana, Avine Vinny, Hungria Hip Hip e Ferrugem.<\/p>\n\n\n\n<p>A estrutura do evento \u00e9 a mesma do evento \u201cVidinha de Balada\u201d que foi realizado com Anitta, Henrique e Juliano, Felipe Ara\u00fajo e Yasmin Santos, por\u00e9m, com algumas modifica\u00e7\u00f5es, deixando o p\u00fablico mais pr\u00f3ximo dos artistas, levando em conta a passarela que tem 15 metros em formato L.<\/p>\n\n\n\n<p>O grande destaque do evento ser\u00e1 para os dan\u00e7arinos que estar\u00e3o fantasiados de anjos e tamb\u00e9m o rob\u00f4 que desfilar\u00e1 durante todo o evento, garantindo muita interatividade. Para Marcelo Arag\u00e3o, diretor da 4M\u00e3os Entretenimento, a segunda edi\u00e7\u00e3o do evento em S\u00e3o Lu\u00eds vem completo. \u201cTemos a oportunidade em realizar pela segunda vez esse evento, que se transformou em um gigantesco festival de m\u00fasica. Teremos nove horas de festa, nove horas de open bar, muita intera\u00e7\u00e3o com o p\u00fablico e algumas surpresas\u201d, conta o produtor.<\/p>\n\n\n\n<p><strong>Sobre os artistas<\/strong><\/p>\n\n\n\n<p><strong>L\u00e9o Santana<\/strong><\/p>\n\n\n\n<figure class=\"wp-block-embed-youtube wp-block-embed is-type-video is-provider-youtube wp-embed-aspect-16-9 wp-has-aspect-ratio\"><div class=\"wp-block-embed__wrapper\">\n<iframe title=\"L\u00e9o Santana - Crush Blogueirinha\" width=\"500\" height=\"281\" src=\"https:\/\/www.youtube.com\/embed\/K7WuwNJN9Hw?feature=oembed\" frameborder=\"0\" allow=\"accelerometer; autoplay; clipboard-write; encrypted-media; gyroscope; picture-in-picture; web-share\" referrerpolicy=\"strict-origin-when-cross-origin\" allowfullscreen><\/iframe>\n<\/div><\/figure>\n\n\n\n<p>Aos 30 anos, o m\u00fasico apelidado de &#8216;Gigante&#8217; se sente muito mais seguro agora do que na adolesc\u00eancia. Considerado um dos homens mais sexies do Brasil, L\u00e9o Santana confessa ter sido complexado pelos seus dois metros de altura durante a puberdade. Hoje ele mostra j\u00e1 ter superado os traumas do passado e ter conquistado confian\u00e7a: \u201cJ\u00e1 andava at\u00e9 meio curvado para n\u00e3o chamar muito aten\u00e7\u00e3o. Nessa \u00e9poca, meus amigos come\u00e7aram a me zoar, me chamando de corcunda e isso abalou meu psicol\u00f3gico. Foi nessa \u00e9poca que eu comecei a malhar e n\u00e3o parei mais\u201d, revela L\u00e9o sem ressentimentos do seu passado.<\/p>\n\n\n\n<p>Com o novo single Toma Cr\u00e9u, em parceria com MC MM, entre as mais tocadas nas r\u00e1dios do pa\u00eds e apostando em Crush Blogueirinha, com Boca Rosa, Gabi Lopes e Carol Manfrim, para o Carnaval 2019, o cantor confessa que nem sempre teve \u00eaxito profissional. \u201cEu assumo que j\u00e1 errei muito com m\u00fasica. Na minha sa\u00edda do Parangol\u00e9 para a carreira solo, as coisas n\u00e3o aconteciam. E voc\u00ea pode ser celebridade, ter milh\u00f5es de seguidores, mas se a m\u00fasica n\u00e3o cai no gosto popular, n\u00e3o adianta que voc\u00ea n\u00e3o vende show\u201d, avalia.<\/p>\n\n\n\n<p><strong>Ferrugem<\/strong><\/p>\n\n\n\n<div class=\"wp-block-image\"><figure class=\"alignright\"><img decoding=\"async\" src=\"https:\/\/www.blogsoestado.com\/danielmatos\/files\/2019\/02\/ferrugem-baile.jpg\" alt=\"\" class=\"wp-image-60397\"\/><figcaption>Ferrugem \u00e9 um dos maiores nomes do pagode na atualidade<\/figcaption><\/figure><\/div>\n\n\n\n<p>Prestes a completar 30 anos, Jheison Failde de Souza, o \u201cFerrugem\u201d, \u00e9 um dos maiores nomes da nova gera\u00e7\u00e3o do pagode. Dono do hit \u201cPirata e o Tesouro\u201d, ele promete agitar o Baile da Santinha.<\/p>\n\n\n\n<p>Nascido em Campo Grande, no Rio de Janeiro, Ferrugem come\u00e7ou a cantar muito cedo. Depois de muitos anos de estrada, ganhou notoriedade em 2014 e consolidou seu sucesso ap\u00f3s o lan\u00e7amento do DVD \u201cPrazer, Eu Sou Ferrugem\u201d, em 2018, em que canta ao lado de nomes como Ludmilla e P\u00e9ricles, seu grande \u00eddolo. <\/p>\n\n\n\n<figure class=\"wp-block-embed-youtube wp-block-embed is-type-video is-provider-youtube wp-embed-aspect-16-9 wp-has-aspect-ratio\"><div class=\"wp-block-embed__wrapper\">\n<iframe title=\"DVD PRAZER, EU SOU FERRUGEM: &quot;PIRATA E TESOURO&quot; (CLIPE OFICIAL)\" width=\"500\" height=\"281\" src=\"https:\/\/www.youtube.com\/embed\/l205wwjGzz8?feature=oembed\" frameborder=\"0\" allow=\"accelerometer; autoplay; clipboard-write; encrypted-media; gyroscope; picture-in-picture; web-share\" referrerpolicy=\"strict-origin-when-cross-origin\" allowfullscreen><\/iframe>\n<\/div><\/figure>\n\n\n\n<p><strong>Avine Vinny<\/strong><\/p>\n\n\n\n<figure class=\"wp-block-image\"><img decoding=\"async\" src=\"https:\/\/www.blogsoestado.com\/danielmatos\/files\/2019\/02\/avine-baile-1024x715.jpg\" alt=\"\" class=\"wp-image-60398\"\/><figcaption>\u00c1vine Vinny cantar\u00e1 seus sucessos e novas m\u00fasicas no Baile da Santinha<\/figcaption><\/figure>\n\n\n\n<p>Em contagem regressiva para o Carnaval, o cantor \u00c1vine Vinny encontrou uma brechinha na agenda para trabalhar o lan\u00e7amento do novo EP. \u201cCarnaval Naturalmente\u201d dispon\u00edvel nas plataformas digitais com quatro hits escolhidos estrategicamente para a edi\u00e7\u00e3o especial de carnaval. No YouTube, as faixas s\u00e3o \u201cAmor e Paz\u201d, \u201cAmor Fuleragem\u201d, \u201cBloqueia Desbloqueia\u201d e \u201cEu Me Livrei de Voc\u00ea (Chora Beb\u00ea\u201d. Tamb\u00e9m no ano de 2018, ele gravou m\u00fasica com a cantora Ludmilla, a dupla Matheus e Kauan, inclusive, a m\u00fasica \u201cMaturidade\u201d \u00e9 uma das apostas para o carnaval.<\/p>\n\n\n\n<figure class=\"wp-block-embed-youtube wp-block-embed is-type-video is-provider-youtube wp-embed-aspect-16-9 wp-has-aspect-ratio\"><div class=\"wp-block-embed__wrapper\">\n<iframe title=\"Avine Vinny - Maturidade ft. Matheus &amp; Kauan\" width=\"500\" height=\"281\" src=\"https:\/\/www.youtube.com\/embed\/T5qpGne9x4g?feature=oembed\" frameborder=\"0\" allow=\"accelerometer; autoplay; clipboard-write; encrypted-media; gyroscope; picture-in-picture; web-share\" referrerpolicy=\"strict-origin-when-cross-origin\" allowfullscreen><\/iframe>\n<\/div><\/figure>\n\n\n\n<p><strong>Hungria Hip Hop<\/strong><\/p>\n\n\n\n<figure class=\"wp-block-image\"><img decoding=\"async\" src=\"https:\/\/www.blogsoestado.com\/danielmatos\/files\/2019\/02\/hungria-baile.jpg\" alt=\"\" class=\"wp-image-60399\"\/><figcaption> Dono de um canal no YouTube com mais de 6 milh\u00f5es de inscritos, o brasiliense Hungria Hip Hop faz sucesso crescente<\/figcaption><\/figure>\n\n\n\n<p>O artista de 27 anos \u00e9 natural de Bras\u00edlia, come\u00e7ou a compor aos oito anos de idade e aos 14 lan\u00e7ou sua primeira m\u00fasica, Hoje T\u00e1 Emba\u00e7ado. Inspirado em artistas como Eminem, Snoop Dogg e Justin Timberlake, Hungria j\u00e1 lan\u00e7ou um \u00e1lbum, um disco ao vivo e um EP.<\/p>\n\n\n\n<figure class=\"wp-block-embed-youtube wp-block-embed is-type-video is-provider-youtube wp-embed-aspect-16-9 wp-has-aspect-ratio\"><div class=\"wp-block-embed__wrapper\">\n<iframe title=\"Hungria e Lucas Lucco - Quebra Cabe\u00e7a (Official Video)\" width=\"500\" height=\"281\" src=\"https:\/\/www.youtube.com\/embed\/S3J1UvKpzPc?feature=oembed\" frameborder=\"0\" allow=\"accelerometer; autoplay; clipboard-write; encrypted-media; gyroscope; picture-in-picture; web-share\" referrerpolicy=\"strict-origin-when-cross-origin\" allowfullscreen><\/iframe>\n<\/div><\/figure>\n\n\n\n<p>Seu canal no YouTube conta com mais de 6 milh\u00f5es de inscritos. \u00c9 o maior do segmento hip-hop no pa\u00eds. J\u00e1 participou de m\u00fasicas com Gusttavo Lima, Lucas Lucco, Mr. Catra e mais recentemente no single Saudade, de Claudia Leitte. Entre seus sucessos est\u00e3o Cama de Casal, Dubai, Lembran\u00e7as e Cora\u00e7\u00e3o de A\u00e7o, que tem mais de 34 milh\u00f5es de reprodu\u00e7\u00f5es no Spotify.<\/p>\n\n\n\n<p><strong>Ingressos<\/strong><\/p>\n\n\n\n<p>\u00c9 poss\u00edvel adquirir o ingresso na Bilheteria Digital ( Shopping da Ilha, Rio Poty Hotel e Rio Anil Shopping, com taxa) e na 4M\u00e3os Store (S\u00e3o Lu\u00eds Shopping, sem taxa). Vale lembrar que o setor vip e tapete vermelho \u00e9 com open bar de cerveja, \u00e1gua e refrigerante.<\/p>\n\n\n\n<p><strong>Servi\u00e7os<\/strong><\/p>\n\n\n\n<p><strong>Baile da Santinha<\/strong><\/p>\n\n\n\n<p>16 de fevereiro, a partir das 17h <\/p>\n\n\n\n<p>Local: Estacionamento do S\u00e3o Lu\u00eds Shopping <\/p>\n\n\n\n<p>Atra\u00e7\u00f5es: L\u00e9o Santana, Avine Vinny, Hungria e Ferrugem<\/p>\n","protected":false},"excerpt":{"rendered":"<p>Na programa\u00e7\u00e3o, os artistas L\u00e9o Santana, Hungria Hip Hip, Avine Vinny e Ferrugem, a partir das 17h, no estacionamento do [&hellip;]<\/p>\n","protected":false},"author":0,"featured_media":0,"comment_status":"open","ping_status":"open","sticky":false,"template":"","format":"standard","meta":{"site-sidebar-layout":"default","site-content-layout":"","ast-site-content-layout":"default","site-content-style":"default","site-sidebar-style":"default","ast-global-header-display":"","ast-banner-title-visibility":"","ast-main-header-display":"","ast-hfb-above-header-display":"","ast-hfb-below-header-display":"","ast-hfb-mobile-header-display":"","site-post-title":"","ast-breadcrumbs-content":"","ast-featured-img":"","footer-sml-layout":"","ast-disable-related-posts":"","theme-transparent-header-meta":"","adv-header-id-meta":"","stick-header-meta":"","header-above-stick-meta":"","header-main-stick-meta":"","header-below-stick-meta":"","astra-migrate-meta-layouts":"default","ast-page-background-enabled":"default","ast-page-background-meta":{"desktop":{"background-color":"var(--ast-global-color-5)","background-image":"","background-repeat":"repeat","background-position":"center center","background-size":"auto","background-attachment":"scroll","background-type":"","background-media":"","overlay-type":"","overlay-color":"","overlay-opacity":"","overlay-gradient":""},"tablet":{"background-color":"","background-image":"","background-repeat":"repeat","background-position":"center center","background-size":"auto","background-attachment":"scroll","background-type":"","background-media":"","overlay-type":"","overlay-color":"","overlay-opacity":"","overlay-gradient":""},"mobile":{"background-color":"","background-image":"","background-repeat":"repeat","background-position":"center center","background-size":"auto","background-attachment":"scroll","background-type":"","background-media":"","overlay-type":"","overlay-color":"","overlay-opacity":"","overlay-gradient":""}},"ast-content-background-meta":{"desktop":{"background-color":"var(--ast-global-color-4)","background-image":"","background-repeat":"repeat","background-position":"center center","background-size":"auto","background-attachment":"scroll","background-type":"","background-media":"","overlay-type":"","overlay-color":"","overlay-opacity":"","overlay-gradient":""},"tablet":{"background-color":"var(--ast-global-color-4)","background-image":"","background-repeat":"repeat","background-position":"center center","background-size":"auto","background-attachment":"scroll","background-type":"","background-media":"","overlay-type":"","overlay-color":"","overlay-opacity":"","overlay-gradient":""},"mobile":{"background-color":"var(--ast-global-color-4)","background-image":"","background-repeat":"repeat","background-position":"center center","background-size":"auto","background-attachment":"scroll","background-type":"","background-media":"","overlay-type":"","overlay-color":"","overlay-opacity":"","overlay-gradient":""}},"footnotes":""},"categories":[1],"tags":[],"class_list":["post-60394","post","type-post","status-publish","format-standard","hentry","category-sem-categoria"],"yoast_head":"<!-- This site is optimized with the Yoast SEO plugin v26.6 - https:\/\/yoast.com\/wordpress\/plugins\/seo\/ -->\n<title>\u201cBaile da Santinha\u201d em S\u00e3o Lu\u00eds agita o fim de semana - Daniel Matos<\/title>\n<meta name=\"robots\" content=\"index, follow, max-snippet:-1, max-image-preview:large, max-video-preview:-1\" \/>\n<link rel=\"canonical\" href=\"https:\/\/www.blogsoestado.com\/danielmatos\/baile-da-santinha-em-sao-luis-agita-o-fim-de-semana\/\" \/>\n<meta property=\"og:locale\" content=\"pt_BR\" \/>\n<meta property=\"og:type\" content=\"article\" \/>\n<meta property=\"og:title\" content=\"\u201cBaile da Santinha\u201d em S\u00e3o Lu\u00eds agita o fim de semana - Daniel Matos\" \/>\n<meta property=\"og:description\" content=\"Na programa\u00e7\u00e3o, os artistas L\u00e9o Santana, Hungria Hip Hip, Avine Vinny e Ferrugem, a partir das 17h, no estacionamento do [&hellip;]\" \/>\n<meta property=\"og:url\" content=\"https:\/\/www.blogsoestado.com\/danielmatos\/baile-da-santinha-em-sao-luis-agita-o-fim-de-semana\/\" \/>\n<meta property=\"og:site_name\" content=\"Daniel Matos\" \/>\n<meta property=\"article:published_time\" content=\"2019-02-15T15:07:37+00:00\" \/>\n<meta property=\"og:image\" content=\"https:\/\/www.blogsoestado.com\/danielmatos\/files\/2019\/02\/leo-baile.jpg\" \/>\n<meta name=\"twitter:card\" content=\"summary_large_image\" \/>\n<meta name=\"twitter:label1\" content=\"Est. tempo de leitura\" \/>\n\t<meta name=\"twitter:data1\" content=\"5 minutos\" \/>\n<script type=\"application\/ld+json\" class=\"yoast-schema-graph\">{\"@context\":\"https:\/\/schema.org\",\"@graph\":[{\"@type\":\"WebPage\",\"@id\":\"https:\/\/www.blogsoestado.com\/danielmatos\/baile-da-santinha-em-sao-luis-agita-o-fim-de-semana\/\",\"url\":\"https:\/\/www.blogsoestado.com\/danielmatos\/baile-da-santinha-em-sao-luis-agita-o-fim-de-semana\/\",\"name\":\"\u201cBaile da Santinha\u201d em S\u00e3o Lu\u00eds agita o fim de semana - Daniel Matos\",\"isPartOf\":{\"@id\":\"https:\/\/www.blogsoestado.com\/danielmatos\/#website\"},\"primaryImageOfPage\":{\"@id\":\"https:\/\/www.blogsoestado.com\/danielmatos\/baile-da-santinha-em-sao-luis-agita-o-fim-de-semana\/#primaryimage\"},\"image\":{\"@id\":\"https:\/\/www.blogsoestado.com\/danielmatos\/baile-da-santinha-em-sao-luis-agita-o-fim-de-semana\/#primaryimage\"},\"thumbnailUrl\":\"https:\/\/www.blogsoestado.com\/danielmatos\/files\/2019\/02\/leo-baile.jpg\",\"datePublished\":\"2019-02-15T15:07:37+00:00\",\"author\":{\"@id\":\"\"},\"breadcrumb\":{\"@id\":\"https:\/\/www.blogsoestado.com\/danielmatos\/baile-da-santinha-em-sao-luis-agita-o-fim-de-semana\/#breadcrumb\"},\"inLanguage\":\"pt-BR\",\"potentialAction\":[{\"@type\":\"ReadAction\",\"target\":[\"https:\/\/www.blogsoestado.com\/danielmatos\/baile-da-santinha-em-sao-luis-agita-o-fim-de-semana\/\"]}]},{\"@type\":\"ImageObject\",\"inLanguage\":\"pt-BR\",\"@id\":\"https:\/\/www.blogsoestado.com\/danielmatos\/baile-da-santinha-em-sao-luis-agita-o-fim-de-semana\/#primaryimage\",\"url\":\"https:\/\/www.blogsoestado.com\/danielmatos\/files\/2019\/02\/leo-baile.jpg\",\"contentUrl\":\"https:\/\/www.blogsoestado.com\/danielmatos\/files\/2019\/02\/leo-baile.jpg\"},{\"@type\":\"BreadcrumbList\",\"@id\":\"https:\/\/www.blogsoestado.com\/danielmatos\/baile-da-santinha-em-sao-luis-agita-o-fim-de-semana\/#breadcrumb\",\"itemListElement\":[{\"@type\":\"ListItem\",\"position\":1,\"name\":\"In\u00edcio\",\"item\":\"https:\/\/www.blogsoestado.com\/danielmatos\/\"},{\"@type\":\"ListItem\",\"position\":2,\"name\":\"\u201cBaile da Santinha\u201d em S\u00e3o Lu\u00eds agita o fim de semana\"}]},{\"@type\":\"WebSite\",\"@id\":\"https:\/\/www.blogsoestado.com\/danielmatos\/#website\",\"url\":\"https:\/\/www.blogsoestado.com\/danielmatos\/\",\"name\":\"Daniel Matos\",\"description\":\"\",\"potentialAction\":[{\"@type\":\"SearchAction\",\"target\":{\"@type\":\"EntryPoint\",\"urlTemplate\":\"https:\/\/www.blogsoestado.com\/danielmatos\/?s={search_term_string}\"},\"query-input\":{\"@type\":\"PropertyValueSpecification\",\"valueRequired\":true,\"valueName\":\"search_term_string\"}}],\"inLanguage\":\"pt-BR\"}]}<\/script>\n<!-- \/ Yoast SEO plugin. -->","yoast_head_json":{"title":"\u201cBaile da Santinha\u201d em S\u00e3o Lu\u00eds agita o fim de semana - Daniel Matos","robots":{"index":"index","follow":"follow","max-snippet":"max-snippet:-1","max-image-preview":"max-image-preview:large","max-video-preview":"max-video-preview:-1"},"canonical":"https:\/\/www.blogsoestado.com\/danielmatos\/baile-da-santinha-em-sao-luis-agita-o-fim-de-semana\/","og_locale":"pt_BR","og_type":"article","og_title":"\u201cBaile da Santinha\u201d em S\u00e3o Lu\u00eds agita o fim de semana - Daniel Matos","og_description":"Na programa\u00e7\u00e3o, os artistas L\u00e9o Santana, Hungria Hip Hip, Avine Vinny e Ferrugem, a partir das 17h, no estacionamento do [&hellip;]","og_url":"https:\/\/www.blogsoestado.com\/danielmatos\/baile-da-santinha-em-sao-luis-agita-o-fim-de-semana\/","og_site_name":"Daniel Matos","article_published_time":"2019-02-15T15:07:37+00:00","og_image":[{"url":"https:\/\/www.blogsoestado.com\/danielmatos\/files\/2019\/02\/leo-baile.jpg","type":"","width":"","height":""}],"twitter_card":"summary_large_image","twitter_misc":{"Est. tempo de leitura":"5 minutos"},"schema":{"@context":"https:\/\/schema.org","@graph":[{"@type":"WebPage","@id":"https:\/\/www.blogsoestado.com\/danielmatos\/baile-da-santinha-em-sao-luis-agita-o-fim-de-semana\/","url":"https:\/\/www.blogsoestado.com\/danielmatos\/baile-da-santinha-em-sao-luis-agita-o-fim-de-semana\/","name":"\u201cBaile da Santinha\u201d em S\u00e3o Lu\u00eds agita o fim de semana - Daniel Matos","isPartOf":{"@id":"https:\/\/www.blogsoestado.com\/danielmatos\/#website"},"primaryImageOfPage":{"@id":"https:\/\/www.blogsoestado.com\/danielmatos\/baile-da-santinha-em-sao-luis-agita-o-fim-de-semana\/#primaryimage"},"image":{"@id":"https:\/\/www.blogsoestado.com\/danielmatos\/baile-da-santinha-em-sao-luis-agita-o-fim-de-semana\/#primaryimage"},"thumbnailUrl":"https:\/\/www.blogsoestado.com\/danielmatos\/files\/2019\/02\/leo-baile.jpg","datePublished":"2019-02-15T15:07:37+00:00","author":{"@id":""},"breadcrumb":{"@id":"https:\/\/www.blogsoestado.com\/danielmatos\/baile-da-santinha-em-sao-luis-agita-o-fim-de-semana\/#breadcrumb"},"inLanguage":"pt-BR","potentialAction":[{"@type":"ReadAction","target":["https:\/\/www.blogsoestado.com\/danielmatos\/baile-da-santinha-em-sao-luis-agita-o-fim-de-semana\/"]}]},{"@type":"ImageObject","inLanguage":"pt-BR","@id":"https:\/\/www.blogsoestado.com\/danielmatos\/baile-da-santinha-em-sao-luis-agita-o-fim-de-semana\/#primaryimage","url":"https:\/\/www.blogsoestado.com\/danielmatos\/files\/2019\/02\/leo-baile.jpg","contentUrl":"https:\/\/www.blogsoestado.com\/danielmatos\/files\/2019\/02\/leo-baile.jpg"},{"@type":"BreadcrumbList","@id":"https:\/\/www.blogsoestado.com\/danielmatos\/baile-da-santinha-em-sao-luis-agita-o-fim-de-semana\/#breadcrumb","itemListElement":[{"@type":"ListItem","position":1,"name":"In\u00edcio","item":"https:\/\/www.blogsoestado.com\/danielmatos\/"},{"@type":"ListItem","position":2,"name":"\u201cBaile da Santinha\u201d em S\u00e3o Lu\u00eds agita o fim de semana"}]},{"@type":"WebSite","@id":"https:\/\/www.blogsoestado.com\/danielmatos\/#website","url":"https:\/\/www.blogsoestado.com\/danielmatos\/","name":"Daniel Matos","description":"","potentialAction":[{"@type":"SearchAction","target":{"@type":"EntryPoint","urlTemplate":"https:\/\/www.blogsoestado.com\/danielmatos\/?s={search_term_string}"},"query-input":{"@type":"PropertyValueSpecification","valueRequired":true,"valueName":"search_term_string"}}],"inLanguage":"pt-BR"}]}},"jetpack_featured_media_url":"","_links":{"self":[{"href":"https:\/\/www.blogsoestado.com\/danielmatos\/wp-json\/wp\/v2\/posts\/60394","targetHints":{"allow":["GET"]}}],"collection":[{"href":"https:\/\/www.blogsoestado.com\/danielmatos\/wp-json\/wp\/v2\/posts"}],"about":[{"href":"https:\/\/www.blogsoestado.com\/danielmatos\/wp-json\/wp\/v2\/types\/post"}],"replies":[{"embeddable":true,"href":"https:\/\/www.blogsoestado.com\/danielmatos\/wp-json\/wp\/v2\/comments?post=60394"}],"version-history":[{"count":0,"href":"https:\/\/www.blogsoestado.com\/danielmatos\/wp-json\/wp\/v2\/posts\/60394\/revisions"}],"wp:attachment":[{"href":"https:\/\/www.blogsoestado.com\/danielmatos\/wp-json\/wp\/v2\/media?parent=60394"}],"wp:term":[{"taxonomy":"category","embeddable":true,"href":"https:\/\/www.blogsoestado.com\/danielmatos\/wp-json\/wp\/v2\/categories?post=60394"},{"taxonomy":"post_tag","embeddable":true,"href":"https:\/\/www.blogsoestado.com\/danielmatos\/wp-json\/wp\/v2\/tags?post=60394"}],"curies":[{"name":"wp","href":"https:\/\/api.w.org\/{rel}","templated":true}]}}