{"id":604,"date":"2008-10-07T12:18:46","date_gmt":"2008-10-07T15:18:46","guid":{"rendered":"https:\/\/www.blogsoestado.com\/danielmatos\/2008\/10\/07\/paralisacoes-expoem-descaso-do-governo-jackson-lago-com-a-populacao\/"},"modified":"2008-10-07T12:18:46","modified_gmt":"2008-10-07T15:18:46","slug":"paralisacoes-expoem-descaso-do-governo-jackson-lago-com-a-populacao","status":"publish","type":"post","link":"https:\/\/www.blogsoestado.com\/danielmatos\/paralisacoes-expoem-descaso-do-governo-jackson-lago-com-a-populacao\/","title":{"rendered":"Paralisa\u00e7\u00f5es exp\u00f5em descaso do governo Jackson Lago com a popula\u00e7\u00e3o"},"content":{"rendered":"<p><a href=\"https:\/\/www.blogsoestado.com\/danielmatos\/files\/2008\/10\/macieira.jpg\" title=\"macieira.jpg\"><\/a><a href=\"https:\/\/www.blogsoestado.com\/danielmatos\/files\/2008\/10\/caema.jpg\" title=\"caema.jpg\"><img decoding=\"async\" align=\"left\" src=\"https:\/\/www.blogsoestado.com\/danielmatos\/files\/2008\/10\/caema.jpg\" alt=\"caema.jpg\" \/><\/a>Duas paralisa\u00e7\u00f5es de servidores mostram o quanto os problemas do povo maranhense v\u00eam sendo negligenciados pelo governo Jackson Lago. Uma delas atinge os servidores da Caema, que, insatisfeitos com a perda de benef\u00edcios, como t\u00edquetes-alimenta\u00e7\u00e3o, cruzaram os bra\u00e7os desde a semana passada. A outra greve deixou em colapso h\u00e1 quase 20 dias o Hospital Carlos Macieira e\u00a0restringiu o atendimento a milhares de servidores p\u00fablicos.<\/p>\n<p>Na Caema, os\u00a0funcion\u00e1rios paralisaram as atividades por causa do\u00a0n\u00e3o pagamento de t\u00edquetes-alimenta\u00e7\u00e3o.\u00a0Na companhia, s\u00f3 est\u00e3o\u00a0operando os setores de manuten\u00e7\u00e3o e emerg\u00eancia.\u00a0Com isso, o abastecimento de \u00e1gua, que j\u00e1 apresenta grave defici\u00eancia,\u00a0fica ainda mais comprometido.\u00a0<\/p>\n<p>Segundo os grevistas, os\u00a0t\u00edquetes n\u00e3o foram\u00a0repassados este m\u00eas porque a Caema n\u00e3o renovou o contrato com a empresa fornecedora dos bilhetes. Indignados, os grevistas afirmam que \u00e9\u00a0a primeira vez que isso acontece.<\/p>\n<p>Para muitos funcion\u00e1rios,\u00a0o\u00a0t\u00edquete-alimenta\u00e7\u00e3o representa um refor\u00e7o importante no\u00a0contra-cheque e sem ele\u00a0suas fam\u00edlias ficam com o or\u00e7amento comprometido. H\u00e1 casos em que o valor do\u00a0benef\u00edcio \u00e9 maior que o pr\u00f3prio sal\u00e1rio do servidor.<\/p>\n<p><strong>&#8220;Carlos Macieira&#8221;<\/strong>\u00a0\u00a0\u00a0\u00a0\u00a0\u00a0<\/p>\n<p><a href=\"https:\/\/www.blogsoestado.com\/danielmatos\/files\/2008\/10\/macieira.jpg\" title=\"macieira.jpg\"><img decoding=\"async\" align=\"right\" src=\"https:\/\/www.blogsoestado.com\/danielmatos\/files\/2008\/10\/macieira.jpg\" alt=\"macieira.jpg\" \/><\/a>H\u00e1 cerca de tr\u00eas semanas, pacientes que t\u00eam procurado o Hospital Carlos Macieira est\u00e3o sem atendimento porque os m\u00e9dicos daquela casa de sa\u00fade se recusam a trabalhar enquanto n\u00e3o receberem sal\u00e1rios\u00a0que est\u00e3o em atraso. Apenas casos considerados de emerg\u00eancia est\u00e3o sendo atendidos.<\/p>\n<p>Os m\u00e9dicos reivindicam ainda\u00a0melhores condi\u00e7\u00f5es de trabalho. O hospital, que atende servidores p\u00fablicos do Estado, \u00e9 administrado por um tal Instituto Cidadania e Natureza (ICN), contratado ainda no governo Jos\u00e9 Reinaldo Tavares.<\/p>\n<p>Esse instituto, por sinal, administra outras cinco unidades de sa\u00fade na capital, todas vinculadas ao Estado.\u00a0Uma delas \u00e9 o Hospital Presidente Vargas, na Jordoa, cujo contrato \u00e9 alvo de supervis\u00e3o por uma comiss\u00e3o institu\u00edda pelo secret\u00e1rio de Sa\u00fade, Edmundo Gomes. H\u00e1 ind\u00edcios de m\u00e1 gest\u00e3o na unidade, que atende portadores de Aids, tuberculose e outras doen\u00e7as infecciosas.\u00a0\u00a0\u00a0\u00a0<\/p>\n<p>Preocupado muito mais em firmar acordos pol\u00edticos e fortalecer sua estrutura\u00a0de poder no Maranh\u00e3o, o governador Jackson Lago vem esquecendo do seu papel principal, que \u00e9 reconduzir o\u00a0estado ao caminho do desenvolvimento.\u00a0\u00a0<\/p>\n","protected":false},"excerpt":{"rendered":"<p>Duas paralisa\u00e7\u00f5es de servidores mostram o quanto os problemas do povo maranhense v\u00eam sendo negligenciados pelo governo Jackson Lago. Uma [&hellip;]<\/p>\n","protected":false},"author":0,"featured_media":0,"comment_status":"open","ping_status":"open","sticky":false,"template":"","format":"standard","meta":{"site-sidebar-layout":"default","site-content-layout":"","ast-site-content-layout":"default","site-content-style":"default","site-sidebar-style":"default","ast-global-header-display":"","ast-banner-title-visibility":"","ast-main-header-display":"","ast-hfb-above-header-display":"","ast-hfb-below-header-display":"","ast-hfb-mobile-header-display":"","site-post-title":"","ast-breadcrumbs-content":"","ast-featured-img":"","footer-sml-layout":"","ast-disable-related-posts":"","theme-transparent-header-meta":"","adv-header-id-meta":"","stick-header-meta":"","header-above-stick-meta":"","header-main-stick-meta":"","header-below-stick-meta":"","astra-migrate-meta-layouts":"default","ast-page-background-enabled":"default","ast-page-background-meta":{"desktop":{"background-color":"var(--ast-global-color-5)","background-image":"","background-repeat":"repeat","background-position":"center center","background-size":"auto","background-attachment":"scroll","background-type":"","background-media":"","overlay-type":"","overlay-color":"","overlay-opacity":"","overlay-gradient":""},"tablet":{"background-color":"","background-image":"","background-repeat":"repeat","background-position":"center center","background-size":"auto","background-attachment":"scroll","background-type":"","background-media":"","overlay-type":"","overlay-color":"","overlay-opacity":"","overlay-gradient":""},"mobile":{"background-color":"","background-image":"","background-repeat":"repeat","background-position":"center center","background-size":"auto","background-attachment":"scroll","background-type":"","background-media":"","overlay-type":"","overlay-color":"","overlay-opacity":"","overlay-gradient":""}},"ast-content-background-meta":{"desktop":{"background-color":"var(--ast-global-color-4)","background-image":"","background-repeat":"repeat","background-position":"center center","background-size":"auto","background-attachment":"scroll","background-type":"","background-media":"","overlay-type":"","overlay-color":"","overlay-opacity":"","overlay-gradient":""},"tablet":{"background-color":"var(--ast-global-color-4)","background-image":"","background-repeat":"repeat","background-position":"center center","background-size":"auto","background-attachment":"scroll","background-type":"","background-media":"","overlay-type":"","overlay-color":"","overlay-opacity":"","overlay-gradient":""},"mobile":{"background-color":"var(--ast-global-color-4)","background-image":"","background-repeat":"repeat","background-position":"center center","background-size":"auto","background-attachment":"scroll","background-type":"","background-media":"","overlay-type":"","overlay-color":"","overlay-opacity":"","overlay-gradient":""}},"footnotes":""},"categories":[1],"tags":[],"class_list":["post-604","post","type-post","status-publish","format-standard","hentry","category-sem-categoria"],"yoast_head":"<!-- This site is optimized with the Yoast SEO plugin v26.6 - https:\/\/yoast.com\/wordpress\/plugins\/seo\/ -->\n<title>Paralisa\u00e7\u00f5es exp\u00f5em descaso do governo Jackson Lago com a popula\u00e7\u00e3o - Daniel Matos<\/title>\n<meta name=\"robots\" content=\"index, follow, max-snippet:-1, max-image-preview:large, max-video-preview:-1\" \/>\n<link rel=\"canonical\" href=\"https:\/\/www.blogsoestado.com\/danielmatos\/paralisacoes-expoem-descaso-do-governo-jackson-lago-com-a-populacao\/\" \/>\n<meta property=\"og:locale\" content=\"pt_BR\" \/>\n<meta property=\"og:type\" content=\"article\" \/>\n<meta property=\"og:title\" content=\"Paralisa\u00e7\u00f5es exp\u00f5em descaso do governo Jackson Lago com a popula\u00e7\u00e3o - Daniel Matos\" \/>\n<meta property=\"og:description\" content=\"Duas paralisa\u00e7\u00f5es de servidores mostram o quanto os problemas do povo maranhense v\u00eam sendo negligenciados pelo governo Jackson Lago. Uma [&hellip;]\" \/>\n<meta property=\"og:url\" content=\"https:\/\/www.blogsoestado.com\/danielmatos\/paralisacoes-expoem-descaso-do-governo-jackson-lago-com-a-populacao\/\" \/>\n<meta property=\"og:site_name\" content=\"Daniel Matos\" \/>\n<meta property=\"article:published_time\" content=\"2008-10-07T15:18:46+00:00\" \/>\n<meta property=\"og:image\" content=\"https:\/\/www.blogsoestado.com\/danielmatos\/files\/2008\/10\/caema.jpg\" \/>\n<meta name=\"twitter:card\" content=\"summary_large_image\" \/>\n<meta name=\"twitter:label1\" content=\"Est. tempo de leitura\" \/>\n\t<meta name=\"twitter:data1\" content=\"2 minutos\" \/>\n<script type=\"application\/ld+json\" class=\"yoast-schema-graph\">{\"@context\":\"https:\/\/schema.org\",\"@graph\":[{\"@type\":\"WebPage\",\"@id\":\"https:\/\/www.blogsoestado.com\/danielmatos\/paralisacoes-expoem-descaso-do-governo-jackson-lago-com-a-populacao\/\",\"url\":\"https:\/\/www.blogsoestado.com\/danielmatos\/paralisacoes-expoem-descaso-do-governo-jackson-lago-com-a-populacao\/\",\"name\":\"Paralisa\u00e7\u00f5es exp\u00f5em descaso do governo Jackson Lago com a popula\u00e7\u00e3o - Daniel Matos\",\"isPartOf\":{\"@id\":\"https:\/\/www.blogsoestado.com\/danielmatos\/#website\"},\"primaryImageOfPage\":{\"@id\":\"https:\/\/www.blogsoestado.com\/danielmatos\/paralisacoes-expoem-descaso-do-governo-jackson-lago-com-a-populacao\/#primaryimage\"},\"image\":{\"@id\":\"https:\/\/www.blogsoestado.com\/danielmatos\/paralisacoes-expoem-descaso-do-governo-jackson-lago-com-a-populacao\/#primaryimage\"},\"thumbnailUrl\":\"https:\/\/www.blogsoestado.com\/danielmatos\/files\/2008\/10\/caema.jpg\",\"datePublished\":\"2008-10-07T15:18:46+00:00\",\"author\":{\"@id\":\"\"},\"breadcrumb\":{\"@id\":\"https:\/\/www.blogsoestado.com\/danielmatos\/paralisacoes-expoem-descaso-do-governo-jackson-lago-com-a-populacao\/#breadcrumb\"},\"inLanguage\":\"pt-BR\",\"potentialAction\":[{\"@type\":\"ReadAction\",\"target\":[\"https:\/\/www.blogsoestado.com\/danielmatos\/paralisacoes-expoem-descaso-do-governo-jackson-lago-com-a-populacao\/\"]}]},{\"@type\":\"ImageObject\",\"inLanguage\":\"pt-BR\",\"@id\":\"https:\/\/www.blogsoestado.com\/danielmatos\/paralisacoes-expoem-descaso-do-governo-jackson-lago-com-a-populacao\/#primaryimage\",\"url\":\"https:\/\/www.blogsoestado.com\/danielmatos\/files\/2008\/10\/caema.jpg\",\"contentUrl\":\"https:\/\/www.blogsoestado.com\/danielmatos\/files\/2008\/10\/caema.jpg\"},{\"@type\":\"BreadcrumbList\",\"@id\":\"https:\/\/www.blogsoestado.com\/danielmatos\/paralisacoes-expoem-descaso-do-governo-jackson-lago-com-a-populacao\/#breadcrumb\",\"itemListElement\":[{\"@type\":\"ListItem\",\"position\":1,\"name\":\"In\u00edcio\",\"item\":\"https:\/\/www.blogsoestado.com\/danielmatos\/\"},{\"@type\":\"ListItem\",\"position\":2,\"name\":\"Paralisa\u00e7\u00f5es exp\u00f5em descaso do governo Jackson Lago com a popula\u00e7\u00e3o\"}]},{\"@type\":\"WebSite\",\"@id\":\"https:\/\/www.blogsoestado.com\/danielmatos\/#website\",\"url\":\"https:\/\/www.blogsoestado.com\/danielmatos\/\",\"name\":\"Daniel Matos\",\"description\":\"\",\"potentialAction\":[{\"@type\":\"SearchAction\",\"target\":{\"@type\":\"EntryPoint\",\"urlTemplate\":\"https:\/\/www.blogsoestado.com\/danielmatos\/?s={search_term_string}\"},\"query-input\":{\"@type\":\"PropertyValueSpecification\",\"valueRequired\":true,\"valueName\":\"search_term_string\"}}],\"inLanguage\":\"pt-BR\"}]}<\/script>\n<!-- \/ Yoast SEO plugin. -->","yoast_head_json":{"title":"Paralisa\u00e7\u00f5es exp\u00f5em descaso do governo Jackson Lago com a popula\u00e7\u00e3o - Daniel Matos","robots":{"index":"index","follow":"follow","max-snippet":"max-snippet:-1","max-image-preview":"max-image-preview:large","max-video-preview":"max-video-preview:-1"},"canonical":"https:\/\/www.blogsoestado.com\/danielmatos\/paralisacoes-expoem-descaso-do-governo-jackson-lago-com-a-populacao\/","og_locale":"pt_BR","og_type":"article","og_title":"Paralisa\u00e7\u00f5es exp\u00f5em descaso do governo Jackson Lago com a popula\u00e7\u00e3o - Daniel Matos","og_description":"Duas paralisa\u00e7\u00f5es de servidores mostram o quanto os problemas do povo maranhense v\u00eam sendo negligenciados pelo governo Jackson Lago. Uma [&hellip;]","og_url":"https:\/\/www.blogsoestado.com\/danielmatos\/paralisacoes-expoem-descaso-do-governo-jackson-lago-com-a-populacao\/","og_site_name":"Daniel Matos","article_published_time":"2008-10-07T15:18:46+00:00","og_image":[{"url":"https:\/\/www.blogsoestado.com\/danielmatos\/files\/2008\/10\/caema.jpg","type":"","width":"","height":""}],"twitter_card":"summary_large_image","twitter_misc":{"Est. tempo de leitura":"2 minutos"},"schema":{"@context":"https:\/\/schema.org","@graph":[{"@type":"WebPage","@id":"https:\/\/www.blogsoestado.com\/danielmatos\/paralisacoes-expoem-descaso-do-governo-jackson-lago-com-a-populacao\/","url":"https:\/\/www.blogsoestado.com\/danielmatos\/paralisacoes-expoem-descaso-do-governo-jackson-lago-com-a-populacao\/","name":"Paralisa\u00e7\u00f5es exp\u00f5em descaso do governo Jackson Lago com a popula\u00e7\u00e3o - Daniel Matos","isPartOf":{"@id":"https:\/\/www.blogsoestado.com\/danielmatos\/#website"},"primaryImageOfPage":{"@id":"https:\/\/www.blogsoestado.com\/danielmatos\/paralisacoes-expoem-descaso-do-governo-jackson-lago-com-a-populacao\/#primaryimage"},"image":{"@id":"https:\/\/www.blogsoestado.com\/danielmatos\/paralisacoes-expoem-descaso-do-governo-jackson-lago-com-a-populacao\/#primaryimage"},"thumbnailUrl":"https:\/\/www.blogsoestado.com\/danielmatos\/files\/2008\/10\/caema.jpg","datePublished":"2008-10-07T15:18:46+00:00","author":{"@id":""},"breadcrumb":{"@id":"https:\/\/www.blogsoestado.com\/danielmatos\/paralisacoes-expoem-descaso-do-governo-jackson-lago-com-a-populacao\/#breadcrumb"},"inLanguage":"pt-BR","potentialAction":[{"@type":"ReadAction","target":["https:\/\/www.blogsoestado.com\/danielmatos\/paralisacoes-expoem-descaso-do-governo-jackson-lago-com-a-populacao\/"]}]},{"@type":"ImageObject","inLanguage":"pt-BR","@id":"https:\/\/www.blogsoestado.com\/danielmatos\/paralisacoes-expoem-descaso-do-governo-jackson-lago-com-a-populacao\/#primaryimage","url":"https:\/\/www.blogsoestado.com\/danielmatos\/files\/2008\/10\/caema.jpg","contentUrl":"https:\/\/www.blogsoestado.com\/danielmatos\/files\/2008\/10\/caema.jpg"},{"@type":"BreadcrumbList","@id":"https:\/\/www.blogsoestado.com\/danielmatos\/paralisacoes-expoem-descaso-do-governo-jackson-lago-com-a-populacao\/#breadcrumb","itemListElement":[{"@type":"ListItem","position":1,"name":"In\u00edcio","item":"https:\/\/www.blogsoestado.com\/danielmatos\/"},{"@type":"ListItem","position":2,"name":"Paralisa\u00e7\u00f5es exp\u00f5em descaso do governo Jackson Lago com a popula\u00e7\u00e3o"}]},{"@type":"WebSite","@id":"https:\/\/www.blogsoestado.com\/danielmatos\/#website","url":"https:\/\/www.blogsoestado.com\/danielmatos\/","name":"Daniel Matos","description":"","potentialAction":[{"@type":"SearchAction","target":{"@type":"EntryPoint","urlTemplate":"https:\/\/www.blogsoestado.com\/danielmatos\/?s={search_term_string}"},"query-input":{"@type":"PropertyValueSpecification","valueRequired":true,"valueName":"search_term_string"}}],"inLanguage":"pt-BR"}]}},"jetpack_featured_media_url":"","_links":{"self":[{"href":"https:\/\/www.blogsoestado.com\/danielmatos\/wp-json\/wp\/v2\/posts\/604","targetHints":{"allow":["GET"]}}],"collection":[{"href":"https:\/\/www.blogsoestado.com\/danielmatos\/wp-json\/wp\/v2\/posts"}],"about":[{"href":"https:\/\/www.blogsoestado.com\/danielmatos\/wp-json\/wp\/v2\/types\/post"}],"replies":[{"embeddable":true,"href":"https:\/\/www.blogsoestado.com\/danielmatos\/wp-json\/wp\/v2\/comments?post=604"}],"version-history":[{"count":0,"href":"https:\/\/www.blogsoestado.com\/danielmatos\/wp-json\/wp\/v2\/posts\/604\/revisions"}],"wp:attachment":[{"href":"https:\/\/www.blogsoestado.com\/danielmatos\/wp-json\/wp\/v2\/media?parent=604"}],"wp:term":[{"taxonomy":"category","embeddable":true,"href":"https:\/\/www.blogsoestado.com\/danielmatos\/wp-json\/wp\/v2\/categories?post=604"},{"taxonomy":"post_tag","embeddable":true,"href":"https:\/\/www.blogsoestado.com\/danielmatos\/wp-json\/wp\/v2\/tags?post=604"}],"curies":[{"name":"wp","href":"https:\/\/api.w.org\/{rel}","templated":true}]}}