{"id":60401,"date":"2019-02-15T13:11:58","date_gmt":"2019-02-15T16:11:58","guid":{"rendered":"https:\/\/www.blogsoestado.com\/danielmatos\/?p=60401"},"modified":"2019-02-15T13:11:58","modified_gmt":"2019-02-15T16:11:58","slug":"cezar-bombeiro-solicita-nova-audiencia-publica-para-tratar-sobre-o-transporte-publico-da-capital","status":"publish","type":"post","link":"https:\/\/www.blogsoestado.com\/danielmatos\/cezar-bombeiro-solicita-nova-audiencia-publica-para-tratar-sobre-o-transporte-publico-da-capital\/","title":{"rendered":"C\u00e9zar Bombeiro solicita nova audi\u00eancia p\u00fablica para tratar sobre o transporte p\u00fablico da capital"},"content":{"rendered":"\n<figure class=\"wp-block-image is-resized\"><img fetchpriority=\"high\" decoding=\"async\" src=\"https:\/\/www.blogsoestado.com\/danielmatos\/files\/2019\/02\/bombeiro-bus-1024x682.jpg\" alt=\"\" class=\"wp-image-60402\" width=\"580\" height=\"386\"\/><figcaption>C\u00e9zar Bombeiro diz que recebeu in\u00fameras reclama\u00e7\u00f5es de usu\u00e1rios do transporte p\u00fablico sobre a precariedade dos servi\u00e7os e redu\u00e7\u00e3o dos n\u00fameros de \u00f4nibus que circulam em bairros da capital <\/figcaption><\/figure>\n\n\n\n<p>No dia 26 de janeiro, o sistema de transporte p\u00fablico de S\u00e3o Lu\u00eds sofreu, mais uma vez, reajuste na tarifa de passagem, que passaram a ter um acr\u00e9scimo de R$ 0,30 em todas as linhas do sistema de transporte urbano de S\u00e3o Lu\u00eds integrado, assim como as linhas semiurbanas e Expresso Metropolitano. O aumento ocorreu no mesmo per\u00edodo de outro reajuste realizado em 2018.<\/p>\n\n\n\n<p>Ap\u00f3s receber in\u00fameras reclama\u00e7\u00f5es de usu\u00e1rios do transporte p\u00fablico sobre a precariedade dos servi\u00e7os e redu\u00e7\u00e3o dos n\u00fameros de \u00f4nibus que circulam em bairros da capital, o vereador C\u00e9zar Bombeiro (PSD) voltou nesta ter\u00e7a-feira,12, a solicitar a realiza\u00e7\u00e3o de uma nova audi\u00eancia p\u00fablica para tratar sobre o aumento das tarifas dos transportes coletivos, mobilidade urbana e condi\u00e7\u00f5es do sistema integrado de transporte p\u00fablico de S\u00e3o Lu\u00eds.<\/p>\n\n\n\n<p>Segundo o vereador, a audi\u00eancia p\u00fablica tem como objetivo construir um importante documento para que as entidades e a popula\u00e7\u00e3o busquem fazer valer os direitos, que n\u00e3o s\u00e3o levados em considera\u00e7\u00e3o.<\/p>\n\n\n\n<p>\u201cH\u00e1 a necessidade de se rever a concorr\u00eancia p\u00fablica dos transportes coletivos e os reais motivos que levaram ao reajuste das tarifas. Teve o aumento das passagens, mas ainda n\u00e3o houve o repasse da infra\u00e7\u00e3o para os trabalhadores. Ent\u00e3o, esta audi\u00eancia vai servir para avaliarmos as condi\u00e7\u00f5es da presta\u00e7\u00e3o de servi\u00e7o ofertada pelos empres\u00e1rios aos usu\u00e1rios, pois sabemos que em alguns bairros da capital, principalmente aqueles localizados nas periferias, a popula\u00e7\u00e3o fica \u00e0 merc\u00ea da vontade das empresas, al\u00e9m disso, vamos tratar tamb\u00e9m sobre a mobilidade urbana, que \u00e9 quest\u00e3o bastante cruel, ainda mais com a buraqueira existentes nas vias complicando ainda mais a vida das pessoas\u201d, explicou o vereador.<\/p>\n\n\n\n<p><strong>Audi\u00eancia<\/strong><\/p>\n\n\n\n<p>No dia 28 de abril de 2018 foi realizado uma audi\u00eancia p\u00fablica sobre o assunto, por\u00e9m n\u00e3o houve participa\u00e7\u00e3o de nenhum representante municipal que pudesse esclarecer as cr\u00edticas e reclama\u00e7\u00f5es feitas no momento.<\/p>\n\n\n\n<p>O requerimento 048\/19, de autoria de Bombeiro, aprovado nesta ter\u00e7a-feira, 12, ser\u00e1 encaminhado aos \u00f3rg\u00e3os competentes e solicita a participa\u00e7\u00e3o da Prefeitura de S\u00e3o Lu\u00eds, entidades de classes e lideran\u00e7as comunit\u00e1rias de todos os bairros da capital. De acordo com o parlamentar, a audi\u00eancia est\u00e1 prevista para ocorrer at\u00e9 o m\u00eas de abril.<\/p>\n","protected":false},"excerpt":{"rendered":"<p>No dia 26 de janeiro, o sistema de transporte p\u00fablico de S\u00e3o Lu\u00eds sofreu, mais uma vez, reajuste na tarifa [&hellip;]<\/p>\n","protected":false},"author":0,"featured_media":0,"comment_status":"open","ping_status":"open","sticky":false,"template":"","format":"standard","meta":{"site-sidebar-layout":"default","site-content-layout":"","ast-site-content-layout":"default","site-content-style":"default","site-sidebar-style":"default","ast-global-header-display":"","ast-banner-title-visibility":"","ast-main-header-display":"","ast-hfb-above-header-display":"","ast-hfb-below-header-display":"","ast-hfb-mobile-header-display":"","site-post-title":"","ast-breadcrumbs-content":"","ast-featured-img":"","footer-sml-layout":"","ast-disable-related-posts":"","theme-transparent-header-meta":"","adv-header-id-meta":"","stick-header-meta":"","header-above-stick-meta":"","header-main-stick-meta":"","header-below-stick-meta":"","astra-migrate-meta-layouts":"default","ast-page-background-enabled":"default","ast-page-background-meta":{"desktop":{"background-color":"var(--ast-global-color-5)","background-image":"","background-repeat":"repeat","background-position":"center center","background-size":"auto","background-attachment":"scroll","background-type":"","background-media":"","overlay-type":"","overlay-color":"","overlay-opacity":"","overlay-gradient":""},"tablet":{"background-color":"","background-image":"","background-repeat":"repeat","background-position":"center center","background-size":"auto","background-attachment":"scroll","background-type":"","background-media":"","overlay-type":"","overlay-color":"","overlay-opacity":"","overlay-gradient":""},"mobile":{"background-color":"","background-image":"","background-repeat":"repeat","background-position":"center center","background-size":"auto","background-attachment":"scroll","background-type":"","background-media":"","overlay-type":"","overlay-color":"","overlay-opacity":"","overlay-gradient":""}},"ast-content-background-meta":{"desktop":{"background-color":"var(--ast-global-color-4)","background-image":"","background-repeat":"repeat","background-position":"center center","background-size":"auto","background-attachment":"scroll","background-type":"","background-media":"","overlay-type":"","overlay-color":"","overlay-opacity":"","overlay-gradient":""},"tablet":{"background-color":"var(--ast-global-color-4)","background-image":"","background-repeat":"repeat","background-position":"center center","background-size":"auto","background-attachment":"scroll","background-type":"","background-media":"","overlay-type":"","overlay-color":"","overlay-opacity":"","overlay-gradient":""},"mobile":{"background-color":"var(--ast-global-color-4)","background-image":"","background-repeat":"repeat","background-position":"center center","background-size":"auto","background-attachment":"scroll","background-type":"","background-media":"","overlay-type":"","overlay-color":"","overlay-opacity":"","overlay-gradient":""}},"footnotes":""},"categories":[1],"tags":[],"class_list":["post-60401","post","type-post","status-publish","format-standard","hentry","category-sem-categoria"],"yoast_head":"<!-- This site is optimized with the Yoast SEO plugin v26.6 - https:\/\/yoast.com\/wordpress\/plugins\/seo\/ -->\n<title>C\u00e9zar Bombeiro solicita nova audi\u00eancia p\u00fablica para tratar sobre o transporte p\u00fablico da capital - Daniel Matos<\/title>\n<meta name=\"robots\" content=\"index, follow, max-snippet:-1, max-image-preview:large, max-video-preview:-1\" \/>\n<link rel=\"canonical\" href=\"https:\/\/www.blogsoestado.com\/danielmatos\/cezar-bombeiro-solicita-nova-audiencia-publica-para-tratar-sobre-o-transporte-publico-da-capital\/\" \/>\n<meta property=\"og:locale\" content=\"pt_BR\" \/>\n<meta property=\"og:type\" content=\"article\" \/>\n<meta property=\"og:title\" content=\"C\u00e9zar Bombeiro solicita nova audi\u00eancia p\u00fablica para tratar sobre o transporte p\u00fablico da capital - Daniel Matos\" \/>\n<meta property=\"og:description\" content=\"No dia 26 de janeiro, o sistema de transporte p\u00fablico de S\u00e3o Lu\u00eds sofreu, mais uma vez, reajuste na tarifa [&hellip;]\" \/>\n<meta property=\"og:url\" content=\"https:\/\/www.blogsoestado.com\/danielmatos\/cezar-bombeiro-solicita-nova-audiencia-publica-para-tratar-sobre-o-transporte-publico-da-capital\/\" \/>\n<meta property=\"og:site_name\" content=\"Daniel Matos\" \/>\n<meta property=\"article:published_time\" content=\"2019-02-15T16:11:58+00:00\" \/>\n<meta property=\"og:image\" content=\"https:\/\/www.blogsoestado.com\/danielmatos\/files\/2019\/02\/bombeiro-bus-1024x682.jpg\" \/>\n<meta name=\"twitter:card\" content=\"summary_large_image\" \/>\n<meta name=\"twitter:label1\" content=\"Est. tempo de leitura\" \/>\n\t<meta name=\"twitter:data1\" content=\"2 minutos\" \/>\n<script type=\"application\/ld+json\" class=\"yoast-schema-graph\">{\"@context\":\"https:\/\/schema.org\",\"@graph\":[{\"@type\":\"WebPage\",\"@id\":\"https:\/\/www.blogsoestado.com\/danielmatos\/cezar-bombeiro-solicita-nova-audiencia-publica-para-tratar-sobre-o-transporte-publico-da-capital\/\",\"url\":\"https:\/\/www.blogsoestado.com\/danielmatos\/cezar-bombeiro-solicita-nova-audiencia-publica-para-tratar-sobre-o-transporte-publico-da-capital\/\",\"name\":\"C\u00e9zar Bombeiro solicita nova audi\u00eancia p\u00fablica para tratar sobre o transporte p\u00fablico da capital - Daniel Matos\",\"isPartOf\":{\"@id\":\"https:\/\/www.blogsoestado.com\/danielmatos\/#website\"},\"primaryImageOfPage\":{\"@id\":\"https:\/\/www.blogsoestado.com\/danielmatos\/cezar-bombeiro-solicita-nova-audiencia-publica-para-tratar-sobre-o-transporte-publico-da-capital\/#primaryimage\"},\"image\":{\"@id\":\"https:\/\/www.blogsoestado.com\/danielmatos\/cezar-bombeiro-solicita-nova-audiencia-publica-para-tratar-sobre-o-transporte-publico-da-capital\/#primaryimage\"},\"thumbnailUrl\":\"https:\/\/www.blogsoestado.com\/danielmatos\/files\/2019\/02\/bombeiro-bus-1024x682.jpg\",\"datePublished\":\"2019-02-15T16:11:58+00:00\",\"author\":{\"@id\":\"\"},\"breadcrumb\":{\"@id\":\"https:\/\/www.blogsoestado.com\/danielmatos\/cezar-bombeiro-solicita-nova-audiencia-publica-para-tratar-sobre-o-transporte-publico-da-capital\/#breadcrumb\"},\"inLanguage\":\"pt-BR\",\"potentialAction\":[{\"@type\":\"ReadAction\",\"target\":[\"https:\/\/www.blogsoestado.com\/danielmatos\/cezar-bombeiro-solicita-nova-audiencia-publica-para-tratar-sobre-o-transporte-publico-da-capital\/\"]}]},{\"@type\":\"ImageObject\",\"inLanguage\":\"pt-BR\",\"@id\":\"https:\/\/www.blogsoestado.com\/danielmatos\/cezar-bombeiro-solicita-nova-audiencia-publica-para-tratar-sobre-o-transporte-publico-da-capital\/#primaryimage\",\"url\":\"https:\/\/www.blogsoestado.com\/danielmatos\/files\/2019\/02\/bombeiro-bus-1024x682.jpg\",\"contentUrl\":\"https:\/\/www.blogsoestado.com\/danielmatos\/files\/2019\/02\/bombeiro-bus-1024x682.jpg\"},{\"@type\":\"BreadcrumbList\",\"@id\":\"https:\/\/www.blogsoestado.com\/danielmatos\/cezar-bombeiro-solicita-nova-audiencia-publica-para-tratar-sobre-o-transporte-publico-da-capital\/#breadcrumb\",\"itemListElement\":[{\"@type\":\"ListItem\",\"position\":1,\"name\":\"In\u00edcio\",\"item\":\"https:\/\/www.blogsoestado.com\/danielmatos\/\"},{\"@type\":\"ListItem\",\"position\":2,\"name\":\"C\u00e9zar Bombeiro solicita nova audi\u00eancia p\u00fablica para tratar sobre o transporte p\u00fablico da capital\"}]},{\"@type\":\"WebSite\",\"@id\":\"https:\/\/www.blogsoestado.com\/danielmatos\/#website\",\"url\":\"https:\/\/www.blogsoestado.com\/danielmatos\/\",\"name\":\"Daniel Matos\",\"description\":\"\",\"potentialAction\":[{\"@type\":\"SearchAction\",\"target\":{\"@type\":\"EntryPoint\",\"urlTemplate\":\"https:\/\/www.blogsoestado.com\/danielmatos\/?s={search_term_string}\"},\"query-input\":{\"@type\":\"PropertyValueSpecification\",\"valueRequired\":true,\"valueName\":\"search_term_string\"}}],\"inLanguage\":\"pt-BR\"}]}<\/script>\n<!-- \/ Yoast SEO plugin. -->","yoast_head_json":{"title":"C\u00e9zar Bombeiro solicita nova audi\u00eancia p\u00fablica para tratar sobre o transporte p\u00fablico da capital - Daniel Matos","robots":{"index":"index","follow":"follow","max-snippet":"max-snippet:-1","max-image-preview":"max-image-preview:large","max-video-preview":"max-video-preview:-1"},"canonical":"https:\/\/www.blogsoestado.com\/danielmatos\/cezar-bombeiro-solicita-nova-audiencia-publica-para-tratar-sobre-o-transporte-publico-da-capital\/","og_locale":"pt_BR","og_type":"article","og_title":"C\u00e9zar Bombeiro solicita nova audi\u00eancia p\u00fablica para tratar sobre o transporte p\u00fablico da capital - Daniel Matos","og_description":"No dia 26 de janeiro, o sistema de transporte p\u00fablico de S\u00e3o Lu\u00eds sofreu, mais uma vez, reajuste na tarifa [&hellip;]","og_url":"https:\/\/www.blogsoestado.com\/danielmatos\/cezar-bombeiro-solicita-nova-audiencia-publica-para-tratar-sobre-o-transporte-publico-da-capital\/","og_site_name":"Daniel Matos","article_published_time":"2019-02-15T16:11:58+00:00","og_image":[{"url":"https:\/\/www.blogsoestado.com\/danielmatos\/files\/2019\/02\/bombeiro-bus-1024x682.jpg","type":"","width":"","height":""}],"twitter_card":"summary_large_image","twitter_misc":{"Est. tempo de leitura":"2 minutos"},"schema":{"@context":"https:\/\/schema.org","@graph":[{"@type":"WebPage","@id":"https:\/\/www.blogsoestado.com\/danielmatos\/cezar-bombeiro-solicita-nova-audiencia-publica-para-tratar-sobre-o-transporte-publico-da-capital\/","url":"https:\/\/www.blogsoestado.com\/danielmatos\/cezar-bombeiro-solicita-nova-audiencia-publica-para-tratar-sobre-o-transporte-publico-da-capital\/","name":"C\u00e9zar Bombeiro solicita nova audi\u00eancia p\u00fablica para tratar sobre o transporte p\u00fablico da capital - Daniel Matos","isPartOf":{"@id":"https:\/\/www.blogsoestado.com\/danielmatos\/#website"},"primaryImageOfPage":{"@id":"https:\/\/www.blogsoestado.com\/danielmatos\/cezar-bombeiro-solicita-nova-audiencia-publica-para-tratar-sobre-o-transporte-publico-da-capital\/#primaryimage"},"image":{"@id":"https:\/\/www.blogsoestado.com\/danielmatos\/cezar-bombeiro-solicita-nova-audiencia-publica-para-tratar-sobre-o-transporte-publico-da-capital\/#primaryimage"},"thumbnailUrl":"https:\/\/www.blogsoestado.com\/danielmatos\/files\/2019\/02\/bombeiro-bus-1024x682.jpg","datePublished":"2019-02-15T16:11:58+00:00","author":{"@id":""},"breadcrumb":{"@id":"https:\/\/www.blogsoestado.com\/danielmatos\/cezar-bombeiro-solicita-nova-audiencia-publica-para-tratar-sobre-o-transporte-publico-da-capital\/#breadcrumb"},"inLanguage":"pt-BR","potentialAction":[{"@type":"ReadAction","target":["https:\/\/www.blogsoestado.com\/danielmatos\/cezar-bombeiro-solicita-nova-audiencia-publica-para-tratar-sobre-o-transporte-publico-da-capital\/"]}]},{"@type":"ImageObject","inLanguage":"pt-BR","@id":"https:\/\/www.blogsoestado.com\/danielmatos\/cezar-bombeiro-solicita-nova-audiencia-publica-para-tratar-sobre-o-transporte-publico-da-capital\/#primaryimage","url":"https:\/\/www.blogsoestado.com\/danielmatos\/files\/2019\/02\/bombeiro-bus-1024x682.jpg","contentUrl":"https:\/\/www.blogsoestado.com\/danielmatos\/files\/2019\/02\/bombeiro-bus-1024x682.jpg"},{"@type":"BreadcrumbList","@id":"https:\/\/www.blogsoestado.com\/danielmatos\/cezar-bombeiro-solicita-nova-audiencia-publica-para-tratar-sobre-o-transporte-publico-da-capital\/#breadcrumb","itemListElement":[{"@type":"ListItem","position":1,"name":"In\u00edcio","item":"https:\/\/www.blogsoestado.com\/danielmatos\/"},{"@type":"ListItem","position":2,"name":"C\u00e9zar Bombeiro solicita nova audi\u00eancia p\u00fablica para tratar sobre o transporte p\u00fablico da capital"}]},{"@type":"WebSite","@id":"https:\/\/www.blogsoestado.com\/danielmatos\/#website","url":"https:\/\/www.blogsoestado.com\/danielmatos\/","name":"Daniel Matos","description":"","potentialAction":[{"@type":"SearchAction","target":{"@type":"EntryPoint","urlTemplate":"https:\/\/www.blogsoestado.com\/danielmatos\/?s={search_term_string}"},"query-input":{"@type":"PropertyValueSpecification","valueRequired":true,"valueName":"search_term_string"}}],"inLanguage":"pt-BR"}]}},"jetpack_featured_media_url":"","_links":{"self":[{"href":"https:\/\/www.blogsoestado.com\/danielmatos\/wp-json\/wp\/v2\/posts\/60401","targetHints":{"allow":["GET"]}}],"collection":[{"href":"https:\/\/www.blogsoestado.com\/danielmatos\/wp-json\/wp\/v2\/posts"}],"about":[{"href":"https:\/\/www.blogsoestado.com\/danielmatos\/wp-json\/wp\/v2\/types\/post"}],"replies":[{"embeddable":true,"href":"https:\/\/www.blogsoestado.com\/danielmatos\/wp-json\/wp\/v2\/comments?post=60401"}],"version-history":[{"count":0,"href":"https:\/\/www.blogsoestado.com\/danielmatos\/wp-json\/wp\/v2\/posts\/60401\/revisions"}],"wp:attachment":[{"href":"https:\/\/www.blogsoestado.com\/danielmatos\/wp-json\/wp\/v2\/media?parent=60401"}],"wp:term":[{"taxonomy":"category","embeddable":true,"href":"https:\/\/www.blogsoestado.com\/danielmatos\/wp-json\/wp\/v2\/categories?post=60401"},{"taxonomy":"post_tag","embeddable":true,"href":"https:\/\/www.blogsoestado.com\/danielmatos\/wp-json\/wp\/v2\/tags?post=60401"}],"curies":[{"name":"wp","href":"https:\/\/api.w.org\/{rel}","templated":true}]}}