{"id":60404,"date":"2019-02-15T16:18:32","date_gmt":"2019-02-15T19:18:32","guid":{"rendered":"https:\/\/www.blogsoestado.com\/danielmatos\/?p=60404"},"modified":"2019-02-15T16:18:32","modified_gmt":"2019-02-15T19:18:32","slug":"representante-de-escolas-de-samba-acusa-secretario-municipal-de-cultura-de-desrespeito-e-ameaca-cancelar-carnaval-de-passarela","status":"publish","type":"post","link":"https:\/\/www.blogsoestado.com\/danielmatos\/representante-de-escolas-de-samba-acusa-secretario-municipal-de-cultura-de-desrespeito-e-ameaca-cancelar-carnaval-de-passarela\/","title":{"rendered":"Representante de escolas de samba acusa secret\u00e1rio municipal de Cultura de desrespeito e amea\u00e7a cancelar Carnaval de passarela"},"content":{"rendered":"\n<div class=\"wp-block-image\"><figure class=\"alignleft is-resized\"><img fetchpriority=\"high\" decoding=\"async\" src=\"https:\/\/www.blogsoestado.com\/danielmatos\/files\/2019\/02\/itamilson-lima.jpg\" alt=\"\" class=\"wp-image-60405\" width=\"320\" height=\"471\"\/><figcaption>Itamilson Lima deu ultimato para libera\u00e7\u00e3o do recurso das escolas de samba, sob pena de cancelamento dos desfiles de Carnaval<\/figcaption><\/figure><\/div>\n\n\n\n<p>O presidente da Liga Independente das Escolas de Samba do Maranh\u00e3o (Liesma) e presidente da Turma de Mangueira, Itamilson Corr\u00eaa Lima, n\u00e3o poupou cr\u00edticas ao secret\u00e1rio municipal de Cultura, Marlon Bot\u00e3o, durante entrevista que concedeu no in\u00edcio da tarde desta sexta-feira ao programa Carnaval na Difusora, apresentado pelo jornalista Joel Jacintho e pelo radialista Juarez Souza. O dirigente acusou o titular da Secult de tratar com desrespeito a cultura popular ao mentir sobre a libera\u00e7\u00e3o do recurso destinado pela Prefeitura de S\u00e3o Lu\u00eds \u00e0s agremia\u00e7\u00f5es. Diante do que chamou de descaso, Itamilson amea\u00e7ou cancelar o desfile de passarela deste ano.<\/p>\n\n\n\n<p>Italmilson Lima deu um ultimato: se at\u00e9 este fim de semana o impasse financeiro n\u00e3o for resolvido, na pr\u00f3xima segunda-feira, convocar\u00e1 uma entrevista coletiva para anunciar o cancelamento dos desfiles. Dez escolas disputam, este ano, o Carnaval de Passarela: Terrestre do Samba, Mocidade da Cohab, Imp\u00e9rio Serrano, Mangueira, Flor do Samba, Unidos de F\u00e1tima, T\u00fanel do Sacav\u00e9m, Turma do Quinto, Favela do Samba e Marambaia. A <a href=\"http:\/\/www.agenciasaoluis.com.br\/noticia\/23013\">programa\u00e7\u00e3o de desfiles<\/a> foi anunciada no final de janeiro.<\/p>\n\n\n\n<p>Revoltado com a postura de Marlon Bot\u00e3o, o presidente da Liesma questionou a aptid\u00e3o do secret\u00e1rio para lidar com a cultura popular. Segundo ele, est\u00e1 na hora de repensar as indica\u00e7\u00f5es para o cargo, que exige do ocupante sensibilidade e compreens\u00e3o do que \u00e9 cultura, o bom trato com pessoas humildes, dentre outras afinidades.<strong>s<\/strong><\/p>\n\n\n\n<p><strong>Sil\u00eancio quebrado<\/strong><\/p>\n\n\n\n<figure class=\"wp-block-image\"><img decoding=\"async\" src=\"https:\/\/www.blogsoestado.com\/danielmatos\/files\/2019\/02\/passarela-2019-1024x576.jpg\" alt=\"\" class=\"wp-image-60406\"\/><figcaption>Passarela do samba j\u00e1 est\u00e1 sendo montada para os desfiles no Anel Vi\u00e1rio (<strong>Foto:<\/strong> Bin\u00e9 Morais\/<strong>O Estado<\/strong>)<\/figcaption><\/figure>\n\n\n\n<p>Itamilson Lima revelou que a princ\u00edpio ficou acertado que quest\u00f5es relativas ao custeio do Carnaval pelo poder p\u00fablico n\u00e3o seriam expostas. Segundo ele, seu manifesto foi motivado pelo desrespeito com que o secret\u00e1rio vem tratando o Carnaval e os grupos que fazem a festa. E acrescentou que algumas escolas ainda n\u00e3o t\u00eam nada preparado para o desfile faltando cerca de 15 dias para o Carnaval de passarela, pois aguardam a libera\u00e7\u00e3o da verba.<\/p>\n\n\n\n<p>O dirigente alegou, ainda, que os materiais usados para a confec\u00e7\u00e3o das alegorias, fantasias e outros itens usados pelas escolas nos desfiles s\u00e3o de alto custo e que muitos artigos n\u00e3o est\u00e3o dispon\u00edveis no mercado local, o que obriga os carnavalescos a recorrer a outros estados, encarecendo ainda mais a produ\u00e7\u00e3o. <\/p>\n\n\n\n<p>Afirmou, tamb\u00e9m, que todos os dias conversa com Marlon Bot\u00e3o, pelo menos duas vezes, por telefone, em busca de informa\u00e7\u00f5es sobre a verba das escolas. Segundo ele, o secret\u00e1rio j\u00e1 chegou a garantir que o dinheiro j\u00e1 fora liberado, informa\u00e7\u00e3o que logo depois se mostrou mentirosa, j\u00e1 que o montante j\u00e1 pago foi destinado \u00e0 empresa respons\u00e1vel pela estrutura de passarela. <\/p>\n\n\n\n<p>Ainda de acordo com Itamilson, a explica\u00e7\u00e3o do secret\u00e1rio \u00e9 de que problemas no Banco do Brasil estariam impedindo o repasse do recurso.  <\/p>\n\n\n\n<p>   <\/p>\n","protected":false},"excerpt":{"rendered":"<p>O presidente da Liga Independente das Escolas de Samba do Maranh\u00e3o (Liesma) e presidente da Turma de Mangueira, Itamilson Corr\u00eaa [&hellip;]<\/p>\n","protected":false},"author":0,"featured_media":0,"comment_status":"open","ping_status":"open","sticky":false,"template":"","format":"standard","meta":{"site-sidebar-layout":"default","site-content-layout":"","ast-site-content-layout":"default","site-content-style":"default","site-sidebar-style":"default","ast-global-header-display":"","ast-banner-title-visibility":"","ast-main-header-display":"","ast-hfb-above-header-display":"","ast-hfb-below-header-display":"","ast-hfb-mobile-header-display":"","site-post-title":"","ast-breadcrumbs-content":"","ast-featured-img":"","footer-sml-layout":"","ast-disable-related-posts":"","theme-transparent-header-meta":"","adv-header-id-meta":"","stick-header-meta":"","header-above-stick-meta":"","header-main-stick-meta":"","header-below-stick-meta":"","astra-migrate-meta-layouts":"default","ast-page-background-enabled":"default","ast-page-background-meta":{"desktop":{"background-color":"var(--ast-global-color-5)","background-image":"","background-repeat":"repeat","background-position":"center center","background-size":"auto","background-attachment":"scroll","background-type":"","background-media":"","overlay-type":"","overlay-color":"","overlay-opacity":"","overlay-gradient":""},"tablet":{"background-color":"","background-image":"","background-repeat":"repeat","background-position":"center center","background-size":"auto","background-attachment":"scroll","background-type":"","background-media":"","overlay-type":"","overlay-color":"","overlay-opacity":"","overlay-gradient":""},"mobile":{"background-color":"","background-image":"","background-repeat":"repeat","background-position":"center center","background-size":"auto","background-attachment":"scroll","background-type":"","background-media":"","overlay-type":"","overlay-color":"","overlay-opacity":"","overlay-gradient":""}},"ast-content-background-meta":{"desktop":{"background-color":"var(--ast-global-color-4)","background-image":"","background-repeat":"repeat","background-position":"center center","background-size":"auto","background-attachment":"scroll","background-type":"","background-media":"","overlay-type":"","overlay-color":"","overlay-opacity":"","overlay-gradient":""},"tablet":{"background-color":"var(--ast-global-color-4)","background-image":"","background-repeat":"repeat","background-position":"center center","background-size":"auto","background-attachment":"scroll","background-type":"","background-media":"","overlay-type":"","overlay-color":"","overlay-opacity":"","overlay-gradient":""},"mobile":{"background-color":"var(--ast-global-color-4)","background-image":"","background-repeat":"repeat","background-position":"center center","background-size":"auto","background-attachment":"scroll","background-type":"","background-media":"","overlay-type":"","overlay-color":"","overlay-opacity":"","overlay-gradient":""}},"footnotes":""},"categories":[1],"tags":[],"class_list":["post-60404","post","type-post","status-publish","format-standard","hentry","category-sem-categoria"],"yoast_head":"<!-- This site is optimized with the Yoast SEO plugin v26.6 - https:\/\/yoast.com\/wordpress\/plugins\/seo\/ -->\n<title>Representante de escolas de samba acusa secret\u00e1rio municipal de Cultura de desrespeito e amea\u00e7a cancelar Carnaval de passarela - Daniel Matos<\/title>\n<meta name=\"robots\" content=\"index, follow, max-snippet:-1, max-image-preview:large, max-video-preview:-1\" \/>\n<link rel=\"canonical\" href=\"https:\/\/www.blogsoestado.com\/danielmatos\/representante-de-escolas-de-samba-acusa-secretario-municipal-de-cultura-de-desrespeito-e-ameaca-cancelar-carnaval-de-passarela\/\" \/>\n<meta property=\"og:locale\" content=\"pt_BR\" \/>\n<meta property=\"og:type\" content=\"article\" \/>\n<meta property=\"og:title\" content=\"Representante de escolas de samba acusa secret\u00e1rio municipal de Cultura de desrespeito e amea\u00e7a cancelar Carnaval de passarela - Daniel Matos\" \/>\n<meta property=\"og:description\" content=\"O presidente da Liga Independente das Escolas de Samba do Maranh\u00e3o (Liesma) e presidente da Turma de Mangueira, Itamilson Corr\u00eaa [&hellip;]\" \/>\n<meta property=\"og:url\" content=\"https:\/\/www.blogsoestado.com\/danielmatos\/representante-de-escolas-de-samba-acusa-secretario-municipal-de-cultura-de-desrespeito-e-ameaca-cancelar-carnaval-de-passarela\/\" \/>\n<meta property=\"og:site_name\" content=\"Daniel Matos\" \/>\n<meta property=\"article:published_time\" content=\"2019-02-15T19:18:32+00:00\" \/>\n<meta property=\"og:image\" content=\"https:\/\/www.blogsoestado.com\/danielmatos\/files\/2019\/02\/itamilson-lima.jpg\" \/>\n<meta name=\"twitter:card\" content=\"summary_large_image\" \/>\n<meta name=\"twitter:label1\" content=\"Est. tempo de leitura\" \/>\n\t<meta name=\"twitter:data1\" content=\"3 minutos\" \/>\n<script type=\"application\/ld+json\" class=\"yoast-schema-graph\">{\"@context\":\"https:\/\/schema.org\",\"@graph\":[{\"@type\":\"WebPage\",\"@id\":\"https:\/\/www.blogsoestado.com\/danielmatos\/representante-de-escolas-de-samba-acusa-secretario-municipal-de-cultura-de-desrespeito-e-ameaca-cancelar-carnaval-de-passarela\/\",\"url\":\"https:\/\/www.blogsoestado.com\/danielmatos\/representante-de-escolas-de-samba-acusa-secretario-municipal-de-cultura-de-desrespeito-e-ameaca-cancelar-carnaval-de-passarela\/\",\"name\":\"Representante de escolas de samba acusa secret\u00e1rio municipal de Cultura de desrespeito e amea\u00e7a cancelar Carnaval de passarela - Daniel Matos\",\"isPartOf\":{\"@id\":\"https:\/\/www.blogsoestado.com\/danielmatos\/#website\"},\"primaryImageOfPage\":{\"@id\":\"https:\/\/www.blogsoestado.com\/danielmatos\/representante-de-escolas-de-samba-acusa-secretario-municipal-de-cultura-de-desrespeito-e-ameaca-cancelar-carnaval-de-passarela\/#primaryimage\"},\"image\":{\"@id\":\"https:\/\/www.blogsoestado.com\/danielmatos\/representante-de-escolas-de-samba-acusa-secretario-municipal-de-cultura-de-desrespeito-e-ameaca-cancelar-carnaval-de-passarela\/#primaryimage\"},\"thumbnailUrl\":\"https:\/\/www.blogsoestado.com\/danielmatos\/files\/2019\/02\/itamilson-lima.jpg\",\"datePublished\":\"2019-02-15T19:18:32+00:00\",\"author\":{\"@id\":\"\"},\"breadcrumb\":{\"@id\":\"https:\/\/www.blogsoestado.com\/danielmatos\/representante-de-escolas-de-samba-acusa-secretario-municipal-de-cultura-de-desrespeito-e-ameaca-cancelar-carnaval-de-passarela\/#breadcrumb\"},\"inLanguage\":\"pt-BR\",\"potentialAction\":[{\"@type\":\"ReadAction\",\"target\":[\"https:\/\/www.blogsoestado.com\/danielmatos\/representante-de-escolas-de-samba-acusa-secretario-municipal-de-cultura-de-desrespeito-e-ameaca-cancelar-carnaval-de-passarela\/\"]}]},{\"@type\":\"ImageObject\",\"inLanguage\":\"pt-BR\",\"@id\":\"https:\/\/www.blogsoestado.com\/danielmatos\/representante-de-escolas-de-samba-acusa-secretario-municipal-de-cultura-de-desrespeito-e-ameaca-cancelar-carnaval-de-passarela\/#primaryimage\",\"url\":\"https:\/\/www.blogsoestado.com\/danielmatos\/files\/2019\/02\/itamilson-lima.jpg\",\"contentUrl\":\"https:\/\/www.blogsoestado.com\/danielmatos\/files\/2019\/02\/itamilson-lima.jpg\"},{\"@type\":\"BreadcrumbList\",\"@id\":\"https:\/\/www.blogsoestado.com\/danielmatos\/representante-de-escolas-de-samba-acusa-secretario-municipal-de-cultura-de-desrespeito-e-ameaca-cancelar-carnaval-de-passarela\/#breadcrumb\",\"itemListElement\":[{\"@type\":\"ListItem\",\"position\":1,\"name\":\"In\u00edcio\",\"item\":\"https:\/\/www.blogsoestado.com\/danielmatos\/\"},{\"@type\":\"ListItem\",\"position\":2,\"name\":\"Representante de escolas de samba acusa secret\u00e1rio municipal de Cultura de desrespeito e amea\u00e7a cancelar Carnaval de passarela\"}]},{\"@type\":\"WebSite\",\"@id\":\"https:\/\/www.blogsoestado.com\/danielmatos\/#website\",\"url\":\"https:\/\/www.blogsoestado.com\/danielmatos\/\",\"name\":\"Daniel Matos\",\"description\":\"\",\"potentialAction\":[{\"@type\":\"SearchAction\",\"target\":{\"@type\":\"EntryPoint\",\"urlTemplate\":\"https:\/\/www.blogsoestado.com\/danielmatos\/?s={search_term_string}\"},\"query-input\":{\"@type\":\"PropertyValueSpecification\",\"valueRequired\":true,\"valueName\":\"search_term_string\"}}],\"inLanguage\":\"pt-BR\"}]}<\/script>\n<!-- \/ Yoast SEO plugin. -->","yoast_head_json":{"title":"Representante de escolas de samba acusa secret\u00e1rio municipal de Cultura de desrespeito e amea\u00e7a cancelar Carnaval de passarela - Daniel Matos","robots":{"index":"index","follow":"follow","max-snippet":"max-snippet:-1","max-image-preview":"max-image-preview:large","max-video-preview":"max-video-preview:-1"},"canonical":"https:\/\/www.blogsoestado.com\/danielmatos\/representante-de-escolas-de-samba-acusa-secretario-municipal-de-cultura-de-desrespeito-e-ameaca-cancelar-carnaval-de-passarela\/","og_locale":"pt_BR","og_type":"article","og_title":"Representante de escolas de samba acusa secret\u00e1rio municipal de Cultura de desrespeito e amea\u00e7a cancelar Carnaval de passarela - Daniel Matos","og_description":"O presidente da Liga Independente das Escolas de Samba do Maranh\u00e3o (Liesma) e presidente da Turma de Mangueira, Itamilson Corr\u00eaa [&hellip;]","og_url":"https:\/\/www.blogsoestado.com\/danielmatos\/representante-de-escolas-de-samba-acusa-secretario-municipal-de-cultura-de-desrespeito-e-ameaca-cancelar-carnaval-de-passarela\/","og_site_name":"Daniel Matos","article_published_time":"2019-02-15T19:18:32+00:00","og_image":[{"url":"https:\/\/www.blogsoestado.com\/danielmatos\/files\/2019\/02\/itamilson-lima.jpg","type":"","width":"","height":""}],"twitter_card":"summary_large_image","twitter_misc":{"Est. tempo de leitura":"3 minutos"},"schema":{"@context":"https:\/\/schema.org","@graph":[{"@type":"WebPage","@id":"https:\/\/www.blogsoestado.com\/danielmatos\/representante-de-escolas-de-samba-acusa-secretario-municipal-de-cultura-de-desrespeito-e-ameaca-cancelar-carnaval-de-passarela\/","url":"https:\/\/www.blogsoestado.com\/danielmatos\/representante-de-escolas-de-samba-acusa-secretario-municipal-de-cultura-de-desrespeito-e-ameaca-cancelar-carnaval-de-passarela\/","name":"Representante de escolas de samba acusa secret\u00e1rio municipal de Cultura de desrespeito e amea\u00e7a cancelar Carnaval de passarela - Daniel Matos","isPartOf":{"@id":"https:\/\/www.blogsoestado.com\/danielmatos\/#website"},"primaryImageOfPage":{"@id":"https:\/\/www.blogsoestado.com\/danielmatos\/representante-de-escolas-de-samba-acusa-secretario-municipal-de-cultura-de-desrespeito-e-ameaca-cancelar-carnaval-de-passarela\/#primaryimage"},"image":{"@id":"https:\/\/www.blogsoestado.com\/danielmatos\/representante-de-escolas-de-samba-acusa-secretario-municipal-de-cultura-de-desrespeito-e-ameaca-cancelar-carnaval-de-passarela\/#primaryimage"},"thumbnailUrl":"https:\/\/www.blogsoestado.com\/danielmatos\/files\/2019\/02\/itamilson-lima.jpg","datePublished":"2019-02-15T19:18:32+00:00","author":{"@id":""},"breadcrumb":{"@id":"https:\/\/www.blogsoestado.com\/danielmatos\/representante-de-escolas-de-samba-acusa-secretario-municipal-de-cultura-de-desrespeito-e-ameaca-cancelar-carnaval-de-passarela\/#breadcrumb"},"inLanguage":"pt-BR","potentialAction":[{"@type":"ReadAction","target":["https:\/\/www.blogsoestado.com\/danielmatos\/representante-de-escolas-de-samba-acusa-secretario-municipal-de-cultura-de-desrespeito-e-ameaca-cancelar-carnaval-de-passarela\/"]}]},{"@type":"ImageObject","inLanguage":"pt-BR","@id":"https:\/\/www.blogsoestado.com\/danielmatos\/representante-de-escolas-de-samba-acusa-secretario-municipal-de-cultura-de-desrespeito-e-ameaca-cancelar-carnaval-de-passarela\/#primaryimage","url":"https:\/\/www.blogsoestado.com\/danielmatos\/files\/2019\/02\/itamilson-lima.jpg","contentUrl":"https:\/\/www.blogsoestado.com\/danielmatos\/files\/2019\/02\/itamilson-lima.jpg"},{"@type":"BreadcrumbList","@id":"https:\/\/www.blogsoestado.com\/danielmatos\/representante-de-escolas-de-samba-acusa-secretario-municipal-de-cultura-de-desrespeito-e-ameaca-cancelar-carnaval-de-passarela\/#breadcrumb","itemListElement":[{"@type":"ListItem","position":1,"name":"In\u00edcio","item":"https:\/\/www.blogsoestado.com\/danielmatos\/"},{"@type":"ListItem","position":2,"name":"Representante de escolas de samba acusa secret\u00e1rio municipal de Cultura de desrespeito e amea\u00e7a cancelar Carnaval de passarela"}]},{"@type":"WebSite","@id":"https:\/\/www.blogsoestado.com\/danielmatos\/#website","url":"https:\/\/www.blogsoestado.com\/danielmatos\/","name":"Daniel Matos","description":"","potentialAction":[{"@type":"SearchAction","target":{"@type":"EntryPoint","urlTemplate":"https:\/\/www.blogsoestado.com\/danielmatos\/?s={search_term_string}"},"query-input":{"@type":"PropertyValueSpecification","valueRequired":true,"valueName":"search_term_string"}}],"inLanguage":"pt-BR"}]}},"jetpack_featured_media_url":"","_links":{"self":[{"href":"https:\/\/www.blogsoestado.com\/danielmatos\/wp-json\/wp\/v2\/posts\/60404","targetHints":{"allow":["GET"]}}],"collection":[{"href":"https:\/\/www.blogsoestado.com\/danielmatos\/wp-json\/wp\/v2\/posts"}],"about":[{"href":"https:\/\/www.blogsoestado.com\/danielmatos\/wp-json\/wp\/v2\/types\/post"}],"replies":[{"embeddable":true,"href":"https:\/\/www.blogsoestado.com\/danielmatos\/wp-json\/wp\/v2\/comments?post=60404"}],"version-history":[{"count":0,"href":"https:\/\/www.blogsoestado.com\/danielmatos\/wp-json\/wp\/v2\/posts\/60404\/revisions"}],"wp:attachment":[{"href":"https:\/\/www.blogsoestado.com\/danielmatos\/wp-json\/wp\/v2\/media?parent=60404"}],"wp:term":[{"taxonomy":"category","embeddable":true,"href":"https:\/\/www.blogsoestado.com\/danielmatos\/wp-json\/wp\/v2\/categories?post=60404"},{"taxonomy":"post_tag","embeddable":true,"href":"https:\/\/www.blogsoestado.com\/danielmatos\/wp-json\/wp\/v2\/tags?post=60404"}],"curies":[{"name":"wp","href":"https:\/\/api.w.org\/{rel}","templated":true}]}}