{"id":60408,"date":"2019-02-15T17:23:42","date_gmt":"2019-02-15T20:23:42","guid":{"rendered":"https:\/\/www.blogsoestado.com\/danielmatos\/?p=60408"},"modified":"2019-02-15T17:23:42","modified_gmt":"2019-02-15T20:23:42","slug":"governo-flavio-dino-aged-e-inagro-sao-condenados-por-terceirizacao-ilicita","status":"publish","type":"post","link":"https:\/\/www.blogsoestado.com\/danielmatos\/governo-flavio-dino-aged-e-inagro-sao-condenados-por-terceirizacao-ilicita\/","title":{"rendered":"Governo Fl\u00e1vio Dino, Aged e Inagro s\u00e3o condenados por terceiriza\u00e7\u00e3o il\u00edcita"},"content":{"rendered":"\n<p class=\"has-text-color has-large-font-size has-vivid-red-color\">A\u00e7\u00e3o civil p\u00fablica do MPT-MA resultou em R$ 450 mil de dano moral coletivo<\/p>\n\n\n\n<figure class=\"wp-block-image\"><img decoding=\"async\" src=\"https:\/\/www.blogsoestado.com\/danielmatos\/files\/2018\/12\/dino-endivida.jpg\" alt=\"\" class=\"wp-image-58949\"\/><figcaption>Governo de Fl\u00e1vio Dino foi condenado por ato il\u00edcito, que resultou em preju\u00edzo milion\u00e1rio para os cofres do Estado<\/figcaption><\/figure>\n\n\n\n<p>A Ag\u00eancia Estadual de Defesa Agropecu\u00e1ria do Maranh\u00e3o (Aged), o Governo do Estado do Maranh\u00e3o e o Instituto de Agroneg\u00f3cios do Maranh\u00e3o (Inagro) foram condenados na justi\u00e7a trabalhista pela pr\u00e1tica de terceiriza\u00e7\u00e3o il\u00edcita. A condena\u00e7\u00e3o \u00e9 fruto de uma a\u00e7\u00e3o civil ajuizada pelo Minist\u00e9rio P\u00fablico do Trabalho no Maranh\u00e3o (MPT-MA).<\/p>\n\n\n\n<p><strong>A investiga\u00e7\u00e3o<\/strong><\/p>\n\n\n\n<p>Iniciadas em 2016, as investiga\u00e7\u00f5es do MPT-MA constataram que, desde 2005, a Aged n\u00e3o realizava concurso p\u00fablico. Para garantir a m\u00e3o de obra, a ag\u00eancia agropecu\u00e1ria contratou o Inagro (organiza\u00e7\u00e3o social), cujos empregados prestavam servi\u00e7os que deveriam ser executados apenas por servidores efetivos.<\/p>\n\n\n\n<p>Esta constata\u00e7\u00e3o foi poss\u00edvel ao comparar a fun\u00e7\u00e3o social da Aged, prevista na lei estadual n\u00ba 7.734\/02, com o contrato de terceiriza\u00e7\u00e3o celebrado entre a autarquia estadual e o Inagro. \u201cConvivem, lado a lado, servidores concursados e trabalhadores terceirizados, exercendo a mesma fun\u00e7\u00e3o, mas com diferentes regimes, direitos e condi\u00e7\u00f5es de trabalho\u201d, observou a procuradora do Trabalho respons\u00e1vel pelo caso, Anya Gadelha Di\u00f3genes.<\/p>\n\n\n\n<p>Atividades exclusivas e t\u00edpicas de Estado, como poder de pol\u00edcia tamb\u00e9m foram terceirizadas, o que constitui grave irregularidade trabalhista. \u201cA Aged, enquanto autoridade estadual de sanidade agropecu\u00e1ria, n\u00e3o pode terceirizar atividades inerentes \u00e0s suas finalidades institucionais, como a pol\u00edcia administrativa\u201d, explica ela.<\/p>\n\n\n\n<p>Na a\u00e7\u00e3o civil p\u00fablica, consta que o Inagro fornecia \u00e0 Aged cerca de 360 empregados nas fun\u00e7\u00f5es de m\u00e9dico veterin\u00e1rio, engenheiro agr\u00f4nomo, t\u00e9cnico agropecu\u00e1rio, assistente t\u00e9cnico, auxiliar t\u00e9cnico, analista jur\u00eddico, analista de sistemas, assistente social, auxiliar administrativo, ge\u00f3grafo e auxiliar de servi\u00e7os gerais.<\/p>\n\n\n\n<p>\u201c\u00c9 evidente que a Aged terceirizou cargos que integram o n\u00facleo de suas atividades essenciais, descumprindo a regra do concurso p\u00fablico, pois trabalhadores est\u00e3o sendo contratados para executar atividades que caberiam apenas a servidores efetivos\u201d, ressaltou Anya Gadelha.<\/p>\n\n\n\n<p>O contrato entre o Inagro e a Aged totalizou mais de R$ 8,4 milh\u00f5es, sendo que o valor estimado do \u00faltimo aditivo chegou a R$ 9,4 milh\u00f5es. \u201cCabe ressaltar o absurdo de dinheiro p\u00fablico que \u00e9 despendido em um contrato milion\u00e1rio com essa entidade\u201d, critica ela.<\/p>\n\n\n\n<p><strong>A condena\u00e7\u00e3o<\/strong><\/p>\n\n\n\n<p>Na senten\u00e7a, o juiz substituto da 5\u00aa Vara do Trabalho, Paulo Fernando Junior, determinou o pagamento de indeniza\u00e7\u00e3o no valor de R$ 250 mil pela Aged e o Estado do Maranh\u00e3o e de R$ 200 mil pelo Inagro, totalizando R$ 450 mil em danos morais coletivos.<\/p>\n\n\n\n<p>Com a condena\u00e7\u00e3o, a Aged e o Estado do Maranh\u00e3o ter\u00e3o que se abster de admitir, manter ou autorizar a admiss\u00e3o de trabalhadores terceirizados em atividades essenciais, permanentes e final\u00edsticas ou em atividades complementares, de apoio e relacionadas a atividades-meio, quando houver pessoalidade e subordina\u00e7\u00e3o direta. O juiz tamb\u00e9m determinou a extin\u00e7\u00e3o de todos os contratos de terceiriza\u00e7\u00e3o no prazo de um ano, sob pena de multa de R$ 50 mil.<\/p>\n\n\n\n<p>O Inagro foi condenado a abster-se de disponibilizar, fornecer ou intermediar m\u00e3o de obra de trabalhadores para a execu\u00e7\u00e3o de servi\u00e7os essenciais ou inerentes \u00e0s finalidades institucionais da Aged, e de atividades complementares, de apoio ou relacionadas a atividades-meio. Foi concedido prazo de um ano para cumprir a determina\u00e7\u00e3o, sob pena de multa de R$ 50 mil.<\/p>\n\n\n\n<p>\u201cA raz\u00e3o de existir da Aged \u00e9 o desenvolvimento de a\u00e7\u00f5es de defesa e inspe\u00e7\u00e3o sanit\u00e1ria animal e vegetal, que devem ser desempenhadas por servidores p\u00fablicos de carreira, n\u00e3o podendo ser objeto de terceiriza\u00e7\u00e3o\u201d, lembra Anya Gadelha.<\/p>\n\n\n\n<p>Da decis\u00e3o, cabe recurso.<\/p>\n\n\n\n<p><strong>Fonte:<\/strong> Minist\u00e9rio P\u00fablico do Trabalho (MPT-MA)<\/p>\n","protected":false},"excerpt":{"rendered":"<p>A\u00e7\u00e3o civil p\u00fablica do MPT-MA resultou em R$ 450 mil de dano moral coletivo A Ag\u00eancia Estadual de Defesa Agropecu\u00e1ria [&hellip;]<\/p>\n","protected":false},"author":0,"featured_media":0,"comment_status":"open","ping_status":"open","sticky":false,"template":"","format":"standard","meta":{"site-sidebar-layout":"default","site-content-layout":"","ast-site-content-layout":"default","site-content-style":"default","site-sidebar-style":"default","ast-global-header-display":"","ast-banner-title-visibility":"","ast-main-header-display":"","ast-hfb-above-header-display":"","ast-hfb-below-header-display":"","ast-hfb-mobile-header-display":"","site-post-title":"","ast-breadcrumbs-content":"","ast-featured-img":"","footer-sml-layout":"","ast-disable-related-posts":"","theme-transparent-header-meta":"","adv-header-id-meta":"","stick-header-meta":"","header-above-stick-meta":"","header-main-stick-meta":"","header-below-stick-meta":"","astra-migrate-meta-layouts":"default","ast-page-background-enabled":"default","ast-page-background-meta":{"desktop":{"background-color":"var(--ast-global-color-5)","background-image":"","background-repeat":"repeat","background-position":"center center","background-size":"auto","background-attachment":"scroll","background-type":"","background-media":"","overlay-type":"","overlay-color":"","overlay-opacity":"","overlay-gradient":""},"tablet":{"background-color":"","background-image":"","background-repeat":"repeat","background-position":"center center","background-size":"auto","background-attachment":"scroll","background-type":"","background-media":"","overlay-type":"","overlay-color":"","overlay-opacity":"","overlay-gradient":""},"mobile":{"background-color":"","background-image":"","background-repeat":"repeat","background-position":"center center","background-size":"auto","background-attachment":"scroll","background-type":"","background-media":"","overlay-type":"","overlay-color":"","overlay-opacity":"","overlay-gradient":""}},"ast-content-background-meta":{"desktop":{"background-color":"var(--ast-global-color-4)","background-image":"","background-repeat":"repeat","background-position":"center center","background-size":"auto","background-attachment":"scroll","background-type":"","background-media":"","overlay-type":"","overlay-color":"","overlay-opacity":"","overlay-gradient":""},"tablet":{"background-color":"var(--ast-global-color-4)","background-image":"","background-repeat":"repeat","background-position":"center center","background-size":"auto","background-attachment":"scroll","background-type":"","background-media":"","overlay-type":"","overlay-color":"","overlay-opacity":"","overlay-gradient":""},"mobile":{"background-color":"var(--ast-global-color-4)","background-image":"","background-repeat":"repeat","background-position":"center center","background-size":"auto","background-attachment":"scroll","background-type":"","background-media":"","overlay-type":"","overlay-color":"","overlay-opacity":"","overlay-gradient":""}},"footnotes":""},"categories":[1],"tags":[],"class_list":["post-60408","post","type-post","status-publish","format-standard","hentry","category-sem-categoria"],"yoast_head":"<!-- This site is optimized with the Yoast SEO plugin v26.6 - https:\/\/yoast.com\/wordpress\/plugins\/seo\/ -->\n<title>Governo Fl\u00e1vio Dino, Aged e Inagro s\u00e3o condenados por terceiriza\u00e7\u00e3o il\u00edcita - Daniel Matos<\/title>\n<meta name=\"robots\" content=\"index, follow, max-snippet:-1, max-image-preview:large, max-video-preview:-1\" \/>\n<link rel=\"canonical\" href=\"https:\/\/www.blogsoestado.com\/danielmatos\/governo-flavio-dino-aged-e-inagro-sao-condenados-por-terceirizacao-ilicita\/\" \/>\n<meta property=\"og:locale\" content=\"pt_BR\" \/>\n<meta property=\"og:type\" content=\"article\" \/>\n<meta property=\"og:title\" content=\"Governo Fl\u00e1vio Dino, Aged e Inagro s\u00e3o condenados por terceiriza\u00e7\u00e3o il\u00edcita - Daniel Matos\" \/>\n<meta property=\"og:description\" content=\"A\u00e7\u00e3o civil p\u00fablica do MPT-MA resultou em R$ 450 mil de dano moral coletivo A Ag\u00eancia Estadual de Defesa Agropecu\u00e1ria [&hellip;]\" \/>\n<meta property=\"og:url\" content=\"https:\/\/www.blogsoestado.com\/danielmatos\/governo-flavio-dino-aged-e-inagro-sao-condenados-por-terceirizacao-ilicita\/\" \/>\n<meta property=\"og:site_name\" content=\"Daniel Matos\" \/>\n<meta property=\"article:published_time\" content=\"2019-02-15T20:23:42+00:00\" \/>\n<meta property=\"og:image\" content=\"https:\/\/www.blogsoestado.com\/danielmatos\/files\/2018\/12\/dino-endivida.jpg\" \/>\n<meta name=\"twitter:card\" content=\"summary_large_image\" \/>\n<meta name=\"twitter:label1\" content=\"Est. tempo de leitura\" \/>\n\t<meta name=\"twitter:data1\" content=\"3 minutos\" \/>\n<script type=\"application\/ld+json\" class=\"yoast-schema-graph\">{\"@context\":\"https:\/\/schema.org\",\"@graph\":[{\"@type\":\"WebPage\",\"@id\":\"https:\/\/www.blogsoestado.com\/danielmatos\/governo-flavio-dino-aged-e-inagro-sao-condenados-por-terceirizacao-ilicita\/\",\"url\":\"https:\/\/www.blogsoestado.com\/danielmatos\/governo-flavio-dino-aged-e-inagro-sao-condenados-por-terceirizacao-ilicita\/\",\"name\":\"Governo Fl\u00e1vio Dino, Aged e Inagro s\u00e3o condenados por terceiriza\u00e7\u00e3o il\u00edcita - Daniel Matos\",\"isPartOf\":{\"@id\":\"https:\/\/www.blogsoestado.com\/danielmatos\/#website\"},\"primaryImageOfPage\":{\"@id\":\"https:\/\/www.blogsoestado.com\/danielmatos\/governo-flavio-dino-aged-e-inagro-sao-condenados-por-terceirizacao-ilicita\/#primaryimage\"},\"image\":{\"@id\":\"https:\/\/www.blogsoestado.com\/danielmatos\/governo-flavio-dino-aged-e-inagro-sao-condenados-por-terceirizacao-ilicita\/#primaryimage\"},\"thumbnailUrl\":\"https:\/\/www.blogsoestado.com\/danielmatos\/files\/2018\/12\/dino-endivida.jpg\",\"datePublished\":\"2019-02-15T20:23:42+00:00\",\"author\":{\"@id\":\"\"},\"breadcrumb\":{\"@id\":\"https:\/\/www.blogsoestado.com\/danielmatos\/governo-flavio-dino-aged-e-inagro-sao-condenados-por-terceirizacao-ilicita\/#breadcrumb\"},\"inLanguage\":\"pt-BR\",\"potentialAction\":[{\"@type\":\"ReadAction\",\"target\":[\"https:\/\/www.blogsoestado.com\/danielmatos\/governo-flavio-dino-aged-e-inagro-sao-condenados-por-terceirizacao-ilicita\/\"]}]},{\"@type\":\"ImageObject\",\"inLanguage\":\"pt-BR\",\"@id\":\"https:\/\/www.blogsoestado.com\/danielmatos\/governo-flavio-dino-aged-e-inagro-sao-condenados-por-terceirizacao-ilicita\/#primaryimage\",\"url\":\"https:\/\/www.blogsoestado.com\/danielmatos\/files\/2018\/12\/dino-endivida.jpg\",\"contentUrl\":\"https:\/\/www.blogsoestado.com\/danielmatos\/files\/2018\/12\/dino-endivida.jpg\"},{\"@type\":\"BreadcrumbList\",\"@id\":\"https:\/\/www.blogsoestado.com\/danielmatos\/governo-flavio-dino-aged-e-inagro-sao-condenados-por-terceirizacao-ilicita\/#breadcrumb\",\"itemListElement\":[{\"@type\":\"ListItem\",\"position\":1,\"name\":\"In\u00edcio\",\"item\":\"https:\/\/www.blogsoestado.com\/danielmatos\/\"},{\"@type\":\"ListItem\",\"position\":2,\"name\":\"Governo Fl\u00e1vio Dino, Aged e Inagro s\u00e3o condenados por terceiriza\u00e7\u00e3o il\u00edcita\"}]},{\"@type\":\"WebSite\",\"@id\":\"https:\/\/www.blogsoestado.com\/danielmatos\/#website\",\"url\":\"https:\/\/www.blogsoestado.com\/danielmatos\/\",\"name\":\"Daniel Matos\",\"description\":\"\",\"potentialAction\":[{\"@type\":\"SearchAction\",\"target\":{\"@type\":\"EntryPoint\",\"urlTemplate\":\"https:\/\/www.blogsoestado.com\/danielmatos\/?s={search_term_string}\"},\"query-input\":{\"@type\":\"PropertyValueSpecification\",\"valueRequired\":true,\"valueName\":\"search_term_string\"}}],\"inLanguage\":\"pt-BR\"}]}<\/script>\n<!-- \/ Yoast SEO plugin. -->","yoast_head_json":{"title":"Governo Fl\u00e1vio Dino, Aged e Inagro s\u00e3o condenados por terceiriza\u00e7\u00e3o il\u00edcita - Daniel Matos","robots":{"index":"index","follow":"follow","max-snippet":"max-snippet:-1","max-image-preview":"max-image-preview:large","max-video-preview":"max-video-preview:-1"},"canonical":"https:\/\/www.blogsoestado.com\/danielmatos\/governo-flavio-dino-aged-e-inagro-sao-condenados-por-terceirizacao-ilicita\/","og_locale":"pt_BR","og_type":"article","og_title":"Governo Fl\u00e1vio Dino, Aged e Inagro s\u00e3o condenados por terceiriza\u00e7\u00e3o il\u00edcita - Daniel Matos","og_description":"A\u00e7\u00e3o civil p\u00fablica do MPT-MA resultou em R$ 450 mil de dano moral coletivo A Ag\u00eancia Estadual de Defesa Agropecu\u00e1ria [&hellip;]","og_url":"https:\/\/www.blogsoestado.com\/danielmatos\/governo-flavio-dino-aged-e-inagro-sao-condenados-por-terceirizacao-ilicita\/","og_site_name":"Daniel Matos","article_published_time":"2019-02-15T20:23:42+00:00","og_image":[{"url":"https:\/\/www.blogsoestado.com\/danielmatos\/files\/2018\/12\/dino-endivida.jpg","type":"","width":"","height":""}],"twitter_card":"summary_large_image","twitter_misc":{"Est. tempo de leitura":"3 minutos"},"schema":{"@context":"https:\/\/schema.org","@graph":[{"@type":"WebPage","@id":"https:\/\/www.blogsoestado.com\/danielmatos\/governo-flavio-dino-aged-e-inagro-sao-condenados-por-terceirizacao-ilicita\/","url":"https:\/\/www.blogsoestado.com\/danielmatos\/governo-flavio-dino-aged-e-inagro-sao-condenados-por-terceirizacao-ilicita\/","name":"Governo Fl\u00e1vio Dino, Aged e Inagro s\u00e3o condenados por terceiriza\u00e7\u00e3o il\u00edcita - Daniel Matos","isPartOf":{"@id":"https:\/\/www.blogsoestado.com\/danielmatos\/#website"},"primaryImageOfPage":{"@id":"https:\/\/www.blogsoestado.com\/danielmatos\/governo-flavio-dino-aged-e-inagro-sao-condenados-por-terceirizacao-ilicita\/#primaryimage"},"image":{"@id":"https:\/\/www.blogsoestado.com\/danielmatos\/governo-flavio-dino-aged-e-inagro-sao-condenados-por-terceirizacao-ilicita\/#primaryimage"},"thumbnailUrl":"https:\/\/www.blogsoestado.com\/danielmatos\/files\/2018\/12\/dino-endivida.jpg","datePublished":"2019-02-15T20:23:42+00:00","author":{"@id":""},"breadcrumb":{"@id":"https:\/\/www.blogsoestado.com\/danielmatos\/governo-flavio-dino-aged-e-inagro-sao-condenados-por-terceirizacao-ilicita\/#breadcrumb"},"inLanguage":"pt-BR","potentialAction":[{"@type":"ReadAction","target":["https:\/\/www.blogsoestado.com\/danielmatos\/governo-flavio-dino-aged-e-inagro-sao-condenados-por-terceirizacao-ilicita\/"]}]},{"@type":"ImageObject","inLanguage":"pt-BR","@id":"https:\/\/www.blogsoestado.com\/danielmatos\/governo-flavio-dino-aged-e-inagro-sao-condenados-por-terceirizacao-ilicita\/#primaryimage","url":"https:\/\/www.blogsoestado.com\/danielmatos\/files\/2018\/12\/dino-endivida.jpg","contentUrl":"https:\/\/www.blogsoestado.com\/danielmatos\/files\/2018\/12\/dino-endivida.jpg"},{"@type":"BreadcrumbList","@id":"https:\/\/www.blogsoestado.com\/danielmatos\/governo-flavio-dino-aged-e-inagro-sao-condenados-por-terceirizacao-ilicita\/#breadcrumb","itemListElement":[{"@type":"ListItem","position":1,"name":"In\u00edcio","item":"https:\/\/www.blogsoestado.com\/danielmatos\/"},{"@type":"ListItem","position":2,"name":"Governo Fl\u00e1vio Dino, Aged e Inagro s\u00e3o condenados por terceiriza\u00e7\u00e3o il\u00edcita"}]},{"@type":"WebSite","@id":"https:\/\/www.blogsoestado.com\/danielmatos\/#website","url":"https:\/\/www.blogsoestado.com\/danielmatos\/","name":"Daniel Matos","description":"","potentialAction":[{"@type":"SearchAction","target":{"@type":"EntryPoint","urlTemplate":"https:\/\/www.blogsoestado.com\/danielmatos\/?s={search_term_string}"},"query-input":{"@type":"PropertyValueSpecification","valueRequired":true,"valueName":"search_term_string"}}],"inLanguage":"pt-BR"}]}},"jetpack_featured_media_url":"","_links":{"self":[{"href":"https:\/\/www.blogsoestado.com\/danielmatos\/wp-json\/wp\/v2\/posts\/60408","targetHints":{"allow":["GET"]}}],"collection":[{"href":"https:\/\/www.blogsoestado.com\/danielmatos\/wp-json\/wp\/v2\/posts"}],"about":[{"href":"https:\/\/www.blogsoestado.com\/danielmatos\/wp-json\/wp\/v2\/types\/post"}],"replies":[{"embeddable":true,"href":"https:\/\/www.blogsoestado.com\/danielmatos\/wp-json\/wp\/v2\/comments?post=60408"}],"version-history":[{"count":0,"href":"https:\/\/www.blogsoestado.com\/danielmatos\/wp-json\/wp\/v2\/posts\/60408\/revisions"}],"wp:attachment":[{"href":"https:\/\/www.blogsoestado.com\/danielmatos\/wp-json\/wp\/v2\/media?parent=60408"}],"wp:term":[{"taxonomy":"category","embeddable":true,"href":"https:\/\/www.blogsoestado.com\/danielmatos\/wp-json\/wp\/v2\/categories?post=60408"},{"taxonomy":"post_tag","embeddable":true,"href":"https:\/\/www.blogsoestado.com\/danielmatos\/wp-json\/wp\/v2\/tags?post=60408"}],"curies":[{"name":"wp","href":"https:\/\/api.w.org\/{rel}","templated":true}]}}