{"id":60418,"date":"2019-02-16T12:59:56","date_gmt":"2019-02-16T15:59:56","guid":{"rendered":"https:\/\/www.blogsoestado.com\/danielmatos\/?p=60418"},"modified":"2019-02-16T12:59:56","modified_gmt":"2019-02-16T15:59:56","slug":"wellington-defende-geracao-de-emprego-e-renda-como-estrategia-de-combate-as-drogas","status":"publish","type":"post","link":"https:\/\/www.blogsoestado.com\/danielmatos\/wellington-defende-geracao-de-emprego-e-renda-como-estrategia-de-combate-as-drogas\/","title":{"rendered":"Wellington defende gera\u00e7\u00e3o de emprego e renda como estrat\u00e9gia de combate \u00e0s drogas"},"content":{"rendered":"\n<figure class=\"wp-block-image\"><img decoding=\"async\" src=\"https:\/\/www.blogsoestado.com\/danielmatos\/files\/2019\/02\/IMG-20190216-WA0057.jpg\" alt=\"\" class=\"wp-image-60419\"\/><figcaption>Wellunton apresentou sugest\u00f5es em reuni\u00e3o da Rede Maranhense de Di\u00e1logos sobre Drogas<\/figcaption><\/figure>\n\n\n\n<p>O deputado Wellington do Curso esteve presente  na reuni\u00e3o realizada pela Rede Maranhese de Di\u00e1logo sobre Drogas-REMADD na Assembleia Legislativa, nesta quarta (13). No momento foram tratadas poss\u00edveis propostas e a\u00e7\u00f5es para preven\u00e7\u00e3o e combate \u00e0s drogas no Estado do Maranh\u00e3o.<\/p>\n\n\n\n<p>A participa\u00e7\u00e3o do legislativo \u00e9 de suma import\u00e2ncia neste processo, juntamente com autoridades, agentes p\u00fablicos e principalmente a sociedade civil. <\/p>\n\n\n\n<p>\u201c\u00c9 preciso investir em educa\u00e7\u00e3o e gera\u00e7\u00e3o de emprego e renda, tanto para a\u00e7\u00f5es de preven\u00e7\u00e3o como de combate \u00e0s drogas\u201d, destaca Wellington.<\/p>\n\n\n\n<figure class=\"wp-block-image\"><img decoding=\"async\" src=\"https:\/\/www.blogsoestado.com\/danielmatos\/files\/2019\/02\/IMG-20190216-WA0058-1024x575.jpg\" alt=\"\" class=\"wp-image-60420\"\/><figcaption>Grupo agendou ida a Bras\u00edlia para discutir o tema com autoridades federais<\/figcaption><\/figure>\n\n\n\n<p>O grupo prop\u00f4s o retorno da atua\u00e7\u00e3o da Frente Parlamentar 770\/15, a realiza\u00e7\u00e3o de uma Audi\u00eancia P\u00fablica no dia 22 de mar\u00e7o, e organiza\u00e7\u00e3o das Rodas de Di\u00e1logo no audit\u00f3rio da TV Assembleia. <\/p>\n\n\n\n<p>Ainda neste m\u00eas, o grupo ir\u00e1 a Bras\u00edlia-DF para dialogar com os representantes do Minist\u00e9rio da Sa\u00fade sobre a\u00e7\u00f5es a serem realizadas no Maranh\u00e3o, de preven\u00e7\u00e3o e combate \u00e0s drogas, atrav\u00e9s do governo federal.<\/p>\n","protected":false},"excerpt":{"rendered":"<p>O deputado Wellington do Curso esteve presente na reuni\u00e3o realizada pela Rede Maranhese de Di\u00e1logo sobre Drogas-REMADD na Assembleia Legislativa, [&hellip;]<\/p>\n","protected":false},"author":0,"featured_media":0,"comment_status":"open","ping_status":"open","sticky":false,"template":"","format":"standard","meta":{"site-sidebar-layout":"default","site-content-layout":"","ast-site-content-layout":"default","site-content-style":"default","site-sidebar-style":"default","ast-global-header-display":"","ast-banner-title-visibility":"","ast-main-header-display":"","ast-hfb-above-header-display":"","ast-hfb-below-header-display":"","ast-hfb-mobile-header-display":"","site-post-title":"","ast-breadcrumbs-content":"","ast-featured-img":"","footer-sml-layout":"","ast-disable-related-posts":"","theme-transparent-header-meta":"","adv-header-id-meta":"","stick-header-meta":"","header-above-stick-meta":"","header-main-stick-meta":"","header-below-stick-meta":"","astra-migrate-meta-layouts":"default","ast-page-background-enabled":"default","ast-page-background-meta":{"desktop":{"background-color":"var(--ast-global-color-5)","background-image":"","background-repeat":"repeat","background-position":"center center","background-size":"auto","background-attachment":"scroll","background-type":"","background-media":"","overlay-type":"","overlay-color":"","overlay-opacity":"","overlay-gradient":""},"tablet":{"background-color":"","background-image":"","background-repeat":"repeat","background-position":"center center","background-size":"auto","background-attachment":"scroll","background-type":"","background-media":"","overlay-type":"","overlay-color":"","overlay-opacity":"","overlay-gradient":""},"mobile":{"background-color":"","background-image":"","background-repeat":"repeat","background-position":"center center","background-size":"auto","background-attachment":"scroll","background-type":"","background-media":"","overlay-type":"","overlay-color":"","overlay-opacity":"","overlay-gradient":""}},"ast-content-background-meta":{"desktop":{"background-color":"var(--ast-global-color-4)","background-image":"","background-repeat":"repeat","background-position":"center center","background-size":"auto","background-attachment":"scroll","background-type":"","background-media":"","overlay-type":"","overlay-color":"","overlay-opacity":"","overlay-gradient":""},"tablet":{"background-color":"var(--ast-global-color-4)","background-image":"","background-repeat":"repeat","background-position":"center center","background-size":"auto","background-attachment":"scroll","background-type":"","background-media":"","overlay-type":"","overlay-color":"","overlay-opacity":"","overlay-gradient":""},"mobile":{"background-color":"var(--ast-global-color-4)","background-image":"","background-repeat":"repeat","background-position":"center center","background-size":"auto","background-attachment":"scroll","background-type":"","background-media":"","overlay-type":"","overlay-color":"","overlay-opacity":"","overlay-gradient":""}},"footnotes":""},"categories":[1],"tags":[],"class_list":["post-60418","post","type-post","status-publish","format-standard","hentry","category-sem-categoria"],"yoast_head":"<!-- This site is optimized with the Yoast SEO plugin v26.6 - https:\/\/yoast.com\/wordpress\/plugins\/seo\/ -->\n<title>Wellington defende gera\u00e7\u00e3o de emprego e renda como estrat\u00e9gia de combate \u00e0s drogas - Daniel Matos<\/title>\n<meta name=\"robots\" content=\"index, follow, max-snippet:-1, max-image-preview:large, max-video-preview:-1\" \/>\n<link rel=\"canonical\" href=\"https:\/\/www.blogsoestado.com\/danielmatos\/wellington-defende-geracao-de-emprego-e-renda-como-estrategia-de-combate-as-drogas\/\" \/>\n<meta property=\"og:locale\" content=\"pt_BR\" \/>\n<meta property=\"og:type\" content=\"article\" \/>\n<meta property=\"og:title\" content=\"Wellington defende gera\u00e7\u00e3o de emprego e renda como estrat\u00e9gia de combate \u00e0s drogas - Daniel Matos\" \/>\n<meta property=\"og:description\" content=\"O deputado Wellington do Curso esteve presente na reuni\u00e3o realizada pela Rede Maranhese de Di\u00e1logo sobre Drogas-REMADD na Assembleia Legislativa, [&hellip;]\" \/>\n<meta property=\"og:url\" content=\"https:\/\/www.blogsoestado.com\/danielmatos\/wellington-defende-geracao-de-emprego-e-renda-como-estrategia-de-combate-as-drogas\/\" \/>\n<meta property=\"og:site_name\" content=\"Daniel Matos\" \/>\n<meta property=\"article:published_time\" content=\"2019-02-16T15:59:56+00:00\" \/>\n<meta property=\"og:image\" content=\"https:\/\/www.blogsoestado.com\/danielmatos\/files\/2019\/02\/IMG-20190216-WA0057.jpg\" \/>\n<meta name=\"twitter:card\" content=\"summary_large_image\" \/>\n<meta name=\"twitter:label1\" content=\"Est. tempo de leitura\" \/>\n\t<meta name=\"twitter:data1\" content=\"1 minuto\" \/>\n<script type=\"application\/ld+json\" class=\"yoast-schema-graph\">{\"@context\":\"https:\/\/schema.org\",\"@graph\":[{\"@type\":\"WebPage\",\"@id\":\"https:\/\/www.blogsoestado.com\/danielmatos\/wellington-defende-geracao-de-emprego-e-renda-como-estrategia-de-combate-as-drogas\/\",\"url\":\"https:\/\/www.blogsoestado.com\/danielmatos\/wellington-defende-geracao-de-emprego-e-renda-como-estrategia-de-combate-as-drogas\/\",\"name\":\"Wellington defende gera\u00e7\u00e3o de emprego e renda como estrat\u00e9gia de combate \u00e0s drogas - Daniel Matos\",\"isPartOf\":{\"@id\":\"https:\/\/www.blogsoestado.com\/danielmatos\/#website\"},\"primaryImageOfPage\":{\"@id\":\"https:\/\/www.blogsoestado.com\/danielmatos\/wellington-defende-geracao-de-emprego-e-renda-como-estrategia-de-combate-as-drogas\/#primaryimage\"},\"image\":{\"@id\":\"https:\/\/www.blogsoestado.com\/danielmatos\/wellington-defende-geracao-de-emprego-e-renda-como-estrategia-de-combate-as-drogas\/#primaryimage\"},\"thumbnailUrl\":\"https:\/\/www.blogsoestado.com\/danielmatos\/files\/2019\/02\/IMG-20190216-WA0057.jpg\",\"datePublished\":\"2019-02-16T15:59:56+00:00\",\"author\":{\"@id\":\"\"},\"breadcrumb\":{\"@id\":\"https:\/\/www.blogsoestado.com\/danielmatos\/wellington-defende-geracao-de-emprego-e-renda-como-estrategia-de-combate-as-drogas\/#breadcrumb\"},\"inLanguage\":\"pt-BR\",\"potentialAction\":[{\"@type\":\"ReadAction\",\"target\":[\"https:\/\/www.blogsoestado.com\/danielmatos\/wellington-defende-geracao-de-emprego-e-renda-como-estrategia-de-combate-as-drogas\/\"]}]},{\"@type\":\"ImageObject\",\"inLanguage\":\"pt-BR\",\"@id\":\"https:\/\/www.blogsoestado.com\/danielmatos\/wellington-defende-geracao-de-emprego-e-renda-como-estrategia-de-combate-as-drogas\/#primaryimage\",\"url\":\"https:\/\/www.blogsoestado.com\/danielmatos\/files\/2019\/02\/IMG-20190216-WA0057.jpg\",\"contentUrl\":\"https:\/\/www.blogsoestado.com\/danielmatos\/files\/2019\/02\/IMG-20190216-WA0057.jpg\"},{\"@type\":\"BreadcrumbList\",\"@id\":\"https:\/\/www.blogsoestado.com\/danielmatos\/wellington-defende-geracao-de-emprego-e-renda-como-estrategia-de-combate-as-drogas\/#breadcrumb\",\"itemListElement\":[{\"@type\":\"ListItem\",\"position\":1,\"name\":\"In\u00edcio\",\"item\":\"https:\/\/www.blogsoestado.com\/danielmatos\/\"},{\"@type\":\"ListItem\",\"position\":2,\"name\":\"Wellington defende gera\u00e7\u00e3o de emprego e renda como estrat\u00e9gia de combate \u00e0s drogas\"}]},{\"@type\":\"WebSite\",\"@id\":\"https:\/\/www.blogsoestado.com\/danielmatos\/#website\",\"url\":\"https:\/\/www.blogsoestado.com\/danielmatos\/\",\"name\":\"Daniel Matos\",\"description\":\"\",\"potentialAction\":[{\"@type\":\"SearchAction\",\"target\":{\"@type\":\"EntryPoint\",\"urlTemplate\":\"https:\/\/www.blogsoestado.com\/danielmatos\/?s={search_term_string}\"},\"query-input\":{\"@type\":\"PropertyValueSpecification\",\"valueRequired\":true,\"valueName\":\"search_term_string\"}}],\"inLanguage\":\"pt-BR\"}]}<\/script>\n<!-- \/ Yoast SEO plugin. -->","yoast_head_json":{"title":"Wellington defende gera\u00e7\u00e3o de emprego e renda como estrat\u00e9gia de combate \u00e0s drogas - Daniel Matos","robots":{"index":"index","follow":"follow","max-snippet":"max-snippet:-1","max-image-preview":"max-image-preview:large","max-video-preview":"max-video-preview:-1"},"canonical":"https:\/\/www.blogsoestado.com\/danielmatos\/wellington-defende-geracao-de-emprego-e-renda-como-estrategia-de-combate-as-drogas\/","og_locale":"pt_BR","og_type":"article","og_title":"Wellington defende gera\u00e7\u00e3o de emprego e renda como estrat\u00e9gia de combate \u00e0s drogas - Daniel Matos","og_description":"O deputado Wellington do Curso esteve presente na reuni\u00e3o realizada pela Rede Maranhese de Di\u00e1logo sobre Drogas-REMADD na Assembleia Legislativa, [&hellip;]","og_url":"https:\/\/www.blogsoestado.com\/danielmatos\/wellington-defende-geracao-de-emprego-e-renda-como-estrategia-de-combate-as-drogas\/","og_site_name":"Daniel Matos","article_published_time":"2019-02-16T15:59:56+00:00","og_image":[{"url":"https:\/\/www.blogsoestado.com\/danielmatos\/files\/2019\/02\/IMG-20190216-WA0057.jpg","type":"","width":"","height":""}],"twitter_card":"summary_large_image","twitter_misc":{"Est. tempo de leitura":"1 minuto"},"schema":{"@context":"https:\/\/schema.org","@graph":[{"@type":"WebPage","@id":"https:\/\/www.blogsoestado.com\/danielmatos\/wellington-defende-geracao-de-emprego-e-renda-como-estrategia-de-combate-as-drogas\/","url":"https:\/\/www.blogsoestado.com\/danielmatos\/wellington-defende-geracao-de-emprego-e-renda-como-estrategia-de-combate-as-drogas\/","name":"Wellington defende gera\u00e7\u00e3o de emprego e renda como estrat\u00e9gia de combate \u00e0s drogas - Daniel Matos","isPartOf":{"@id":"https:\/\/www.blogsoestado.com\/danielmatos\/#website"},"primaryImageOfPage":{"@id":"https:\/\/www.blogsoestado.com\/danielmatos\/wellington-defende-geracao-de-emprego-e-renda-como-estrategia-de-combate-as-drogas\/#primaryimage"},"image":{"@id":"https:\/\/www.blogsoestado.com\/danielmatos\/wellington-defende-geracao-de-emprego-e-renda-como-estrategia-de-combate-as-drogas\/#primaryimage"},"thumbnailUrl":"https:\/\/www.blogsoestado.com\/danielmatos\/files\/2019\/02\/IMG-20190216-WA0057.jpg","datePublished":"2019-02-16T15:59:56+00:00","author":{"@id":""},"breadcrumb":{"@id":"https:\/\/www.blogsoestado.com\/danielmatos\/wellington-defende-geracao-de-emprego-e-renda-como-estrategia-de-combate-as-drogas\/#breadcrumb"},"inLanguage":"pt-BR","potentialAction":[{"@type":"ReadAction","target":["https:\/\/www.blogsoestado.com\/danielmatos\/wellington-defende-geracao-de-emprego-e-renda-como-estrategia-de-combate-as-drogas\/"]}]},{"@type":"ImageObject","inLanguage":"pt-BR","@id":"https:\/\/www.blogsoestado.com\/danielmatos\/wellington-defende-geracao-de-emprego-e-renda-como-estrategia-de-combate-as-drogas\/#primaryimage","url":"https:\/\/www.blogsoestado.com\/danielmatos\/files\/2019\/02\/IMG-20190216-WA0057.jpg","contentUrl":"https:\/\/www.blogsoestado.com\/danielmatos\/files\/2019\/02\/IMG-20190216-WA0057.jpg"},{"@type":"BreadcrumbList","@id":"https:\/\/www.blogsoestado.com\/danielmatos\/wellington-defende-geracao-de-emprego-e-renda-como-estrategia-de-combate-as-drogas\/#breadcrumb","itemListElement":[{"@type":"ListItem","position":1,"name":"In\u00edcio","item":"https:\/\/www.blogsoestado.com\/danielmatos\/"},{"@type":"ListItem","position":2,"name":"Wellington defende gera\u00e7\u00e3o de emprego e renda como estrat\u00e9gia de combate \u00e0s drogas"}]},{"@type":"WebSite","@id":"https:\/\/www.blogsoestado.com\/danielmatos\/#website","url":"https:\/\/www.blogsoestado.com\/danielmatos\/","name":"Daniel Matos","description":"","potentialAction":[{"@type":"SearchAction","target":{"@type":"EntryPoint","urlTemplate":"https:\/\/www.blogsoestado.com\/danielmatos\/?s={search_term_string}"},"query-input":{"@type":"PropertyValueSpecification","valueRequired":true,"valueName":"search_term_string"}}],"inLanguage":"pt-BR"}]}},"jetpack_featured_media_url":"","_links":{"self":[{"href":"https:\/\/www.blogsoestado.com\/danielmatos\/wp-json\/wp\/v2\/posts\/60418","targetHints":{"allow":["GET"]}}],"collection":[{"href":"https:\/\/www.blogsoestado.com\/danielmatos\/wp-json\/wp\/v2\/posts"}],"about":[{"href":"https:\/\/www.blogsoestado.com\/danielmatos\/wp-json\/wp\/v2\/types\/post"}],"replies":[{"embeddable":true,"href":"https:\/\/www.blogsoestado.com\/danielmatos\/wp-json\/wp\/v2\/comments?post=60418"}],"version-history":[{"count":0,"href":"https:\/\/www.blogsoestado.com\/danielmatos\/wp-json\/wp\/v2\/posts\/60418\/revisions"}],"wp:attachment":[{"href":"https:\/\/www.blogsoestado.com\/danielmatos\/wp-json\/wp\/v2\/media?parent=60418"}],"wp:term":[{"taxonomy":"category","embeddable":true,"href":"https:\/\/www.blogsoestado.com\/danielmatos\/wp-json\/wp\/v2\/categories?post=60418"},{"taxonomy":"post_tag","embeddable":true,"href":"https:\/\/www.blogsoestado.com\/danielmatos\/wp-json\/wp\/v2\/tags?post=60418"}],"curies":[{"name":"wp","href":"https:\/\/api.w.org\/{rel}","templated":true}]}}