{"id":60422,"date":"2019-02-16T16:41:55","date_gmt":"2019-02-16T19:41:55","guid":{"rendered":"https:\/\/www.blogsoestado.com\/danielmatos\/?p=60422"},"modified":"2019-02-16T16:41:55","modified_gmt":"2019-02-16T19:41:55","slug":"carnaval-popular-fest-com-mara-pavanelly-shinoda-bicho-terra-e-muito-mais-neste-sabado-16-no-centro-de-sao-luis","status":"publish","type":"post","link":"https:\/\/www.blogsoestado.com\/danielmatos\/carnaval-popular-fest-com-mara-pavanelly-shinoda-bicho-terra-e-muito-mais-neste-sabado-16-no-centro-de-sao-luis\/","title":{"rendered":"Carnaval Popular Fest com Mara Pavanelly, Shinoda, Bicho Terra e muito mais, neste s\u00e1bado (16), no Centro de S\u00e3o Luis\ufeff"},"content":{"rendered":"\n<p><strong>C<\/strong><\/p>\n\n\n\n<figure class=\"wp-block-image\"><img decoding=\"async\" src=\"https:\/\/www.blogsoestado.com\/danielmatos\/files\/2019\/02\/CARNAVAL-POPULAR-FEST-910x1024.jpeg\" alt=\"\" class=\"wp-image-60423\"\/><\/figure>\n\n\n\n<p>Neste s\u00e1bado (16), S\u00e3o Luis d\u00e1 a largada para a maior folia popular do pa\u00eds. \u00c9 a primeira edi\u00e7\u00e3o do Carnaval Popular Fest, que receber\u00e1 a cantora de forr\u00f3, Mara Pavanelly, o imperador Bruno Shinoda, Bicho Terra e a Mega Itamaraty, partir das 16h, no Centro de S\u00e3o Lu\u00eds, ao lado Terminal Integra\u00e7\u00e3o do Reviver.<\/p>\n\n\n\n<p>O megaevento que abre a temporada pr\u00e9-carnavalesca, ter\u00e1 entrada liberada at\u00e9 \u00e0s 20h. Ap\u00f3s o hor\u00e1rio, o ingresso individual custar\u00e1 R$ 20,00. A proposta \u00e9 oferecer ao p\u00fablico, uma festa popular, com uma mistura de ritmos musicais, divers\u00e3o, alegria, seguran\u00e7a conforto e uma grande estrutura montada para fazer a alegria dos milhares de turistas e foli\u00f5es.<\/p>\n\n\n\n<p>Mara Pavanelly vem \u00e0 ilha, para apresentar seu novo show no clima do carnaval. O imperador do Maranh\u00e3o, Bruno Shinoda sobe tamb\u00e9m ao palco e promete arrastar uma multid\u00e3o de f\u00e3s com um repert\u00f3rio com os hits do carnaval 2019 e muito mais.<\/p>\n\n\n\n<p>J\u00e1 o Grupo Bicho Terra, patrim\u00f4nio da cultura popular do nosso estado, conhecido por suas cores, m\u00fasicas contagiantes do carnaval maranhense, suas dan\u00e7as coreografadas e, claro, pelas express\u00f5es de suas fantasias \u00e9 outra atra\u00e7\u00e3o bastante aguardada.<\/p>\n\n\n\n<p>E n\u00e3o poderia faltar, o ritmo que deu o t\u00edtulo \u00e0 capital maranhense de \u2018Jamaica Brasileira\u2019, o reggae da Mega Itamaraty, promete invadir o Centro e o Reviver com muita \u2018pedra\u2019 para a na\u00e7\u00e3o regueira.<\/p>\n\n\n\n<p><strong>SERVI\u00c7O<\/strong><\/p>\n\n\n\n<p><strong>O QU\u00ca:<\/strong>&nbsp;Carnaval Popular Fest 2019 \u2013 o maior pr\u00e9-carnaval de S\u00e3o Luis<\/p>\n\n\n\n<p><strong>ATRA\u00c7\u00d5ES:<\/strong>&nbsp;Mara Pavanelly, Bruno Shinoda, Bicho Terra e Mega Itamaraty<\/p>\n\n\n\n<p><strong>QUANDO:<\/strong>&nbsp;Neste s\u00e1bado, 16, a partir das 16h<\/p>\n\n\n\n<p><strong>ONDE:<\/strong>&nbsp;Centro de S\u00e3o Luis (ao lado do Terminal de Integra\u00e7\u00e3o do Reviver)<\/p>\n\n\n\n<p><strong>ENTRADA<\/strong>: Franca at\u00e9 \u00e0s 20h. Ap\u00f3s o hor\u00e1rio, o ingresso custar\u00e1 R$ 20,00<\/p>\n","protected":false},"excerpt":{"rendered":"<p>C Neste s\u00e1bado (16), S\u00e3o Luis d\u00e1 a largada para a maior folia popular do pa\u00eds. \u00c9 a primeira edi\u00e7\u00e3o [&hellip;]<\/p>\n","protected":false},"author":0,"featured_media":0,"comment_status":"open","ping_status":"open","sticky":false,"template":"","format":"standard","meta":{"site-sidebar-layout":"default","site-content-layout":"","ast-site-content-layout":"default","site-content-style":"default","site-sidebar-style":"default","ast-global-header-display":"","ast-banner-title-visibility":"","ast-main-header-display":"","ast-hfb-above-header-display":"","ast-hfb-below-header-display":"","ast-hfb-mobile-header-display":"","site-post-title":"","ast-breadcrumbs-content":"","ast-featured-img":"","footer-sml-layout":"","ast-disable-related-posts":"","theme-transparent-header-meta":"","adv-header-id-meta":"","stick-header-meta":"","header-above-stick-meta":"","header-main-stick-meta":"","header-below-stick-meta":"","astra-migrate-meta-layouts":"default","ast-page-background-enabled":"default","ast-page-background-meta":{"desktop":{"background-color":"var(--ast-global-color-5)","background-image":"","background-repeat":"repeat","background-position":"center center","background-size":"auto","background-attachment":"scroll","background-type":"","background-media":"","overlay-type":"","overlay-color":"","overlay-opacity":"","overlay-gradient":""},"tablet":{"background-color":"","background-image":"","background-repeat":"repeat","background-position":"center center","background-size":"auto","background-attachment":"scroll","background-type":"","background-media":"","overlay-type":"","overlay-color":"","overlay-opacity":"","overlay-gradient":""},"mobile":{"background-color":"","background-image":"","background-repeat":"repeat","background-position":"center center","background-size":"auto","background-attachment":"scroll","background-type":"","background-media":"","overlay-type":"","overlay-color":"","overlay-opacity":"","overlay-gradient":""}},"ast-content-background-meta":{"desktop":{"background-color":"var(--ast-global-color-4)","background-image":"","background-repeat":"repeat","background-position":"center center","background-size":"auto","background-attachment":"scroll","background-type":"","background-media":"","overlay-type":"","overlay-color":"","overlay-opacity":"","overlay-gradient":""},"tablet":{"background-color":"var(--ast-global-color-4)","background-image":"","background-repeat":"repeat","background-position":"center center","background-size":"auto","background-attachment":"scroll","background-type":"","background-media":"","overlay-type":"","overlay-color":"","overlay-opacity":"","overlay-gradient":""},"mobile":{"background-color":"var(--ast-global-color-4)","background-image":"","background-repeat":"repeat","background-position":"center center","background-size":"auto","background-attachment":"scroll","background-type":"","background-media":"","overlay-type":"","overlay-color":"","overlay-opacity":"","overlay-gradient":""}},"footnotes":""},"categories":[1],"tags":[],"class_list":["post-60422","post","type-post","status-publish","format-standard","hentry","category-sem-categoria"],"yoast_head":"<!-- This site is optimized with the Yoast SEO plugin v26.6 - https:\/\/yoast.com\/wordpress\/plugins\/seo\/ -->\n<title>Carnaval Popular Fest com Mara Pavanelly, Shinoda, Bicho Terra e muito mais, neste s\u00e1bado (16), no Centro de S\u00e3o Luis\ufeff - Daniel Matos<\/title>\n<meta name=\"robots\" content=\"index, follow, max-snippet:-1, max-image-preview:large, max-video-preview:-1\" \/>\n<link rel=\"canonical\" href=\"https:\/\/www.blogsoestado.com\/danielmatos\/carnaval-popular-fest-com-mara-pavanelly-shinoda-bicho-terra-e-muito-mais-neste-sabado-16-no-centro-de-sao-luis\/\" \/>\n<meta property=\"og:locale\" content=\"pt_BR\" \/>\n<meta property=\"og:type\" content=\"article\" \/>\n<meta property=\"og:title\" content=\"Carnaval Popular Fest com Mara Pavanelly, Shinoda, Bicho Terra e muito mais, neste s\u00e1bado (16), no Centro de S\u00e3o Luis\ufeff - Daniel Matos\" \/>\n<meta property=\"og:description\" content=\"C Neste s\u00e1bado (16), S\u00e3o Luis d\u00e1 a largada para a maior folia popular do pa\u00eds. \u00c9 a primeira edi\u00e7\u00e3o [&hellip;]\" \/>\n<meta property=\"og:url\" content=\"https:\/\/www.blogsoestado.com\/danielmatos\/carnaval-popular-fest-com-mara-pavanelly-shinoda-bicho-terra-e-muito-mais-neste-sabado-16-no-centro-de-sao-luis\/\" \/>\n<meta property=\"og:site_name\" content=\"Daniel Matos\" \/>\n<meta property=\"article:published_time\" content=\"2019-02-16T19:41:55+00:00\" \/>\n<meta property=\"og:image\" content=\"https:\/\/www.blogsoestado.com\/danielmatos\/files\/2019\/02\/CARNAVAL-POPULAR-FEST-910x1024.jpeg\" \/>\n<meta name=\"twitter:card\" content=\"summary_large_image\" \/>\n<meta name=\"twitter:label1\" content=\"Est. tempo de leitura\" \/>\n\t<meta name=\"twitter:data1\" content=\"2 minutos\" \/>\n<script type=\"application\/ld+json\" class=\"yoast-schema-graph\">{\"@context\":\"https:\/\/schema.org\",\"@graph\":[{\"@type\":\"WebPage\",\"@id\":\"https:\/\/www.blogsoestado.com\/danielmatos\/carnaval-popular-fest-com-mara-pavanelly-shinoda-bicho-terra-e-muito-mais-neste-sabado-16-no-centro-de-sao-luis\/\",\"url\":\"https:\/\/www.blogsoestado.com\/danielmatos\/carnaval-popular-fest-com-mara-pavanelly-shinoda-bicho-terra-e-muito-mais-neste-sabado-16-no-centro-de-sao-luis\/\",\"name\":\"Carnaval Popular Fest com Mara Pavanelly, Shinoda, Bicho Terra e muito mais, neste s\u00e1bado (16), no Centro de S\u00e3o Luis\ufeff - Daniel Matos\",\"isPartOf\":{\"@id\":\"https:\/\/www.blogsoestado.com\/danielmatos\/#website\"},\"primaryImageOfPage\":{\"@id\":\"https:\/\/www.blogsoestado.com\/danielmatos\/carnaval-popular-fest-com-mara-pavanelly-shinoda-bicho-terra-e-muito-mais-neste-sabado-16-no-centro-de-sao-luis\/#primaryimage\"},\"image\":{\"@id\":\"https:\/\/www.blogsoestado.com\/danielmatos\/carnaval-popular-fest-com-mara-pavanelly-shinoda-bicho-terra-e-muito-mais-neste-sabado-16-no-centro-de-sao-luis\/#primaryimage\"},\"thumbnailUrl\":\"https:\/\/www.blogsoestado.com\/danielmatos\/files\/2019\/02\/CARNAVAL-POPULAR-FEST-910x1024.jpeg\",\"datePublished\":\"2019-02-16T19:41:55+00:00\",\"author\":{\"@id\":\"\"},\"breadcrumb\":{\"@id\":\"https:\/\/www.blogsoestado.com\/danielmatos\/carnaval-popular-fest-com-mara-pavanelly-shinoda-bicho-terra-e-muito-mais-neste-sabado-16-no-centro-de-sao-luis\/#breadcrumb\"},\"inLanguage\":\"pt-BR\",\"potentialAction\":[{\"@type\":\"ReadAction\",\"target\":[\"https:\/\/www.blogsoestado.com\/danielmatos\/carnaval-popular-fest-com-mara-pavanelly-shinoda-bicho-terra-e-muito-mais-neste-sabado-16-no-centro-de-sao-luis\/\"]}]},{\"@type\":\"ImageObject\",\"inLanguage\":\"pt-BR\",\"@id\":\"https:\/\/www.blogsoestado.com\/danielmatos\/carnaval-popular-fest-com-mara-pavanelly-shinoda-bicho-terra-e-muito-mais-neste-sabado-16-no-centro-de-sao-luis\/#primaryimage\",\"url\":\"https:\/\/www.blogsoestado.com\/danielmatos\/files\/2019\/02\/CARNAVAL-POPULAR-FEST-910x1024.jpeg\",\"contentUrl\":\"https:\/\/www.blogsoestado.com\/danielmatos\/files\/2019\/02\/CARNAVAL-POPULAR-FEST-910x1024.jpeg\"},{\"@type\":\"BreadcrumbList\",\"@id\":\"https:\/\/www.blogsoestado.com\/danielmatos\/carnaval-popular-fest-com-mara-pavanelly-shinoda-bicho-terra-e-muito-mais-neste-sabado-16-no-centro-de-sao-luis\/#breadcrumb\",\"itemListElement\":[{\"@type\":\"ListItem\",\"position\":1,\"name\":\"In\u00edcio\",\"item\":\"https:\/\/www.blogsoestado.com\/danielmatos\/\"},{\"@type\":\"ListItem\",\"position\":2,\"name\":\"Carnaval Popular Fest com Mara Pavanelly, Shinoda, Bicho Terra e muito mais, neste s\u00e1bado (16), no Centro de S\u00e3o Luis\ufeff\"}]},{\"@type\":\"WebSite\",\"@id\":\"https:\/\/www.blogsoestado.com\/danielmatos\/#website\",\"url\":\"https:\/\/www.blogsoestado.com\/danielmatos\/\",\"name\":\"Daniel Matos\",\"description\":\"\",\"potentialAction\":[{\"@type\":\"SearchAction\",\"target\":{\"@type\":\"EntryPoint\",\"urlTemplate\":\"https:\/\/www.blogsoestado.com\/danielmatos\/?s={search_term_string}\"},\"query-input\":{\"@type\":\"PropertyValueSpecification\",\"valueRequired\":true,\"valueName\":\"search_term_string\"}}],\"inLanguage\":\"pt-BR\"}]}<\/script>\n<!-- \/ Yoast SEO plugin. -->","yoast_head_json":{"title":"Carnaval Popular Fest com Mara Pavanelly, Shinoda, Bicho Terra e muito mais, neste s\u00e1bado (16), no Centro de S\u00e3o Luis\ufeff - Daniel Matos","robots":{"index":"index","follow":"follow","max-snippet":"max-snippet:-1","max-image-preview":"max-image-preview:large","max-video-preview":"max-video-preview:-1"},"canonical":"https:\/\/www.blogsoestado.com\/danielmatos\/carnaval-popular-fest-com-mara-pavanelly-shinoda-bicho-terra-e-muito-mais-neste-sabado-16-no-centro-de-sao-luis\/","og_locale":"pt_BR","og_type":"article","og_title":"Carnaval Popular Fest com Mara Pavanelly, Shinoda, Bicho Terra e muito mais, neste s\u00e1bado (16), no Centro de S\u00e3o Luis\ufeff - Daniel Matos","og_description":"C Neste s\u00e1bado (16), S\u00e3o Luis d\u00e1 a largada para a maior folia popular do pa\u00eds. \u00c9 a primeira edi\u00e7\u00e3o [&hellip;]","og_url":"https:\/\/www.blogsoestado.com\/danielmatos\/carnaval-popular-fest-com-mara-pavanelly-shinoda-bicho-terra-e-muito-mais-neste-sabado-16-no-centro-de-sao-luis\/","og_site_name":"Daniel Matos","article_published_time":"2019-02-16T19:41:55+00:00","og_image":[{"url":"https:\/\/www.blogsoestado.com\/danielmatos\/files\/2019\/02\/CARNAVAL-POPULAR-FEST-910x1024.jpeg","type":"","width":"","height":""}],"twitter_card":"summary_large_image","twitter_misc":{"Est. tempo de leitura":"2 minutos"},"schema":{"@context":"https:\/\/schema.org","@graph":[{"@type":"WebPage","@id":"https:\/\/www.blogsoestado.com\/danielmatos\/carnaval-popular-fest-com-mara-pavanelly-shinoda-bicho-terra-e-muito-mais-neste-sabado-16-no-centro-de-sao-luis\/","url":"https:\/\/www.blogsoestado.com\/danielmatos\/carnaval-popular-fest-com-mara-pavanelly-shinoda-bicho-terra-e-muito-mais-neste-sabado-16-no-centro-de-sao-luis\/","name":"Carnaval Popular Fest com Mara Pavanelly, Shinoda, Bicho Terra e muito mais, neste s\u00e1bado (16), no Centro de S\u00e3o Luis\ufeff - Daniel Matos","isPartOf":{"@id":"https:\/\/www.blogsoestado.com\/danielmatos\/#website"},"primaryImageOfPage":{"@id":"https:\/\/www.blogsoestado.com\/danielmatos\/carnaval-popular-fest-com-mara-pavanelly-shinoda-bicho-terra-e-muito-mais-neste-sabado-16-no-centro-de-sao-luis\/#primaryimage"},"image":{"@id":"https:\/\/www.blogsoestado.com\/danielmatos\/carnaval-popular-fest-com-mara-pavanelly-shinoda-bicho-terra-e-muito-mais-neste-sabado-16-no-centro-de-sao-luis\/#primaryimage"},"thumbnailUrl":"https:\/\/www.blogsoestado.com\/danielmatos\/files\/2019\/02\/CARNAVAL-POPULAR-FEST-910x1024.jpeg","datePublished":"2019-02-16T19:41:55+00:00","author":{"@id":""},"breadcrumb":{"@id":"https:\/\/www.blogsoestado.com\/danielmatos\/carnaval-popular-fest-com-mara-pavanelly-shinoda-bicho-terra-e-muito-mais-neste-sabado-16-no-centro-de-sao-luis\/#breadcrumb"},"inLanguage":"pt-BR","potentialAction":[{"@type":"ReadAction","target":["https:\/\/www.blogsoestado.com\/danielmatos\/carnaval-popular-fest-com-mara-pavanelly-shinoda-bicho-terra-e-muito-mais-neste-sabado-16-no-centro-de-sao-luis\/"]}]},{"@type":"ImageObject","inLanguage":"pt-BR","@id":"https:\/\/www.blogsoestado.com\/danielmatos\/carnaval-popular-fest-com-mara-pavanelly-shinoda-bicho-terra-e-muito-mais-neste-sabado-16-no-centro-de-sao-luis\/#primaryimage","url":"https:\/\/www.blogsoestado.com\/danielmatos\/files\/2019\/02\/CARNAVAL-POPULAR-FEST-910x1024.jpeg","contentUrl":"https:\/\/www.blogsoestado.com\/danielmatos\/files\/2019\/02\/CARNAVAL-POPULAR-FEST-910x1024.jpeg"},{"@type":"BreadcrumbList","@id":"https:\/\/www.blogsoestado.com\/danielmatos\/carnaval-popular-fest-com-mara-pavanelly-shinoda-bicho-terra-e-muito-mais-neste-sabado-16-no-centro-de-sao-luis\/#breadcrumb","itemListElement":[{"@type":"ListItem","position":1,"name":"In\u00edcio","item":"https:\/\/www.blogsoestado.com\/danielmatos\/"},{"@type":"ListItem","position":2,"name":"Carnaval Popular Fest com Mara Pavanelly, Shinoda, Bicho Terra e muito mais, neste s\u00e1bado (16), no Centro de S\u00e3o Luis\ufeff"}]},{"@type":"WebSite","@id":"https:\/\/www.blogsoestado.com\/danielmatos\/#website","url":"https:\/\/www.blogsoestado.com\/danielmatos\/","name":"Daniel Matos","description":"","potentialAction":[{"@type":"SearchAction","target":{"@type":"EntryPoint","urlTemplate":"https:\/\/www.blogsoestado.com\/danielmatos\/?s={search_term_string}"},"query-input":{"@type":"PropertyValueSpecification","valueRequired":true,"valueName":"search_term_string"}}],"inLanguage":"pt-BR"}]}},"jetpack_featured_media_url":"","_links":{"self":[{"href":"https:\/\/www.blogsoestado.com\/danielmatos\/wp-json\/wp\/v2\/posts\/60422","targetHints":{"allow":["GET"]}}],"collection":[{"href":"https:\/\/www.blogsoestado.com\/danielmatos\/wp-json\/wp\/v2\/posts"}],"about":[{"href":"https:\/\/www.blogsoestado.com\/danielmatos\/wp-json\/wp\/v2\/types\/post"}],"replies":[{"embeddable":true,"href":"https:\/\/www.blogsoestado.com\/danielmatos\/wp-json\/wp\/v2\/comments?post=60422"}],"version-history":[{"count":0,"href":"https:\/\/www.blogsoestado.com\/danielmatos\/wp-json\/wp\/v2\/posts\/60422\/revisions"}],"wp:attachment":[{"href":"https:\/\/www.blogsoestado.com\/danielmatos\/wp-json\/wp\/v2\/media?parent=60422"}],"wp:term":[{"taxonomy":"category","embeddable":true,"href":"https:\/\/www.blogsoestado.com\/danielmatos\/wp-json\/wp\/v2\/categories?post=60422"},{"taxonomy":"post_tag","embeddable":true,"href":"https:\/\/www.blogsoestado.com\/danielmatos\/wp-json\/wp\/v2\/tags?post=60422"}],"curies":[{"name":"wp","href":"https:\/\/api.w.org\/{rel}","templated":true}]}}