{"id":60426,"date":"2019-02-17T12:32:06","date_gmt":"2019-02-17T15:32:06","guid":{"rendered":"https:\/\/www.blogsoestado.com\/danielmatos\/?p=60426"},"modified":"2019-02-17T12:32:06","modified_gmt":"2019-02-17T15:32:06","slug":"maranhao-na-uti","status":"publish","type":"post","link":"https:\/\/www.blogsoestado.com\/danielmatos\/maranhao-na-uti\/","title":{"rendered":"Maranh\u00e3o na UTI"},"content":{"rendered":"\n<p><strong>COLUNA DO ADRIANO<\/strong><br><\/p>\n\n\n\n<figure class=\"wp-block-image\"><img decoding=\"async\" src=\"https:\/\/www.blogsoestado.com\/danielmatos\/files\/2019\/02\/Adriano-no-plen\u00e1rio-12-02-2019-001-1024x683.jpg\" alt=\"\" class=\"wp-image-60427\"\/><figcaption>Adriano aponta caos na sa\u00fade publica estadual no governo comunista de Fl\u00e1vio Dino<\/figcaption><\/figure>\n\n\n\n<p>Poucos anos atr\u00e1s, a sa\u00fade de nosso estado era um exemplo para todo o Brasil. Na \u00e9poca, pela primeira vez na hist\u00f3ria do Maranh\u00e3o e do Brasil, a sociedade preferia o atendimento p\u00fablico ao servi\u00e7o privado. O povo preferia as UPAS em detrimento dos hospitais particulares. Entretanto, estes foram tempos que ficaram para tr\u00e1s. Hoje, a realidade \u00e9 muito diferente.<\/p>\n\n\n\n<p>Na semana passada, o fechamento repentino de um hospital em Mat\u00f5es do Norte escancarou n\u00e3o apenas a desordem na sa\u00fade p\u00fablica, mas tamb\u00e9m o completo despreparo das autoridades. O Governo do Estado fechou a unidade de sa\u00fade e demitiu os profissionais sem nenhum tipo de aviso pr\u00e9vio. A popula\u00e7\u00e3o tamb\u00e9m n\u00e3o foi informada. Alguns dias depois foi anunciada uma \u201creforma\u201d emergencial que mais parece desculpa.<\/p>\n\n\n\n<p>Recentemente, um caso chamou a aten\u00e7\u00e3o da imprensa e revelou a dimens\u00e3o da crise na Sa\u00fade: No dia 22 de janeiro, o senhor Jo\u00e3o Esp\u00edndola faleceu em S\u00e3o Lu\u00eds. A imagem da filha dele, desesperada, empurrando a maca hospitalar pelas ruas do centro de S\u00e3o Lu\u00eds, tomou as redes sociais maranhenses em um turbilh\u00e3o de tristeza e revolta.<\/p>\n\n\n\n<p>Espindola, infelizmente, representa a volta de uma das chagas de nosso estado que estava banida fazia anos: as prociss\u00f5es de ambul\u00e2ncias do interior trazendo pessoas para a capital. N\u00e3o para serem tratadas, mas para morrerem nas filas de hospitais superlotados que n\u00e3o possuem a capacidade de atender a todos os pacientes do estado.<\/p>\n\n\n\n<p>Se em um passado recente os munic\u00edpios do interior conviviam com inaugura\u00e7\u00f5es de hospitais, contrata\u00e7\u00f5es de m\u00e9dicos e enfermeiros, verbas o suficiente para cuidar dos seus pacientes em suas cidades, hoje o que se constata s\u00e3o grandes e pomposas solenidades, divulgadas maci\u00e7amente pela m\u00eddia governista, para entrega de ambul\u00e2ncias, ou seja, muita propaganda e poucas a\u00e7\u00f5es de uma pol\u00edtica de sa\u00fade s\u00e9ria e eficiente.<\/p>\n\n\n\n<p>Outro fato agravante da crise na Sa\u00fade: No dia 5 de fevereiro as maternidades da capital entraram em colapso. Dias ap\u00f3s sofrer com o fechamento do hospital de Mat\u00f5es, o povo maranhense sentiu o descaso em rela\u00e7\u00e3o \u00e0s maternidades. Esse dia ser\u00e1 lembrado na sa\u00fade como o dia em que maternidades RECUSARAM o atendimento a m\u00e3es, crian\u00e7as nascidas e ainda por nascer.<\/p>\n\n\n\n<p>Tudo isto est\u00e1 acontecendo por causa da inoper\u00e2ncia do governo, que permitiu o fechamento da maternidade Maria do Amparo. O mesmo governo que abandonou o Materno Infantil e o deixou impossibilitado de prestar atendimentos naquele dia. Caso semelhante ao da Maternidade Benedito Leite, que havia passado por uma greve de profissionais de limpeza e estava de portas fechadas.<\/p>\n\n\n\n<p>O dia 5 de fevereiro foi de caos na maternidade Marly Sarney. Congestionada e com pessoas sendo atendidas em macas nos corredores, pessoas expostas e desamparadas sendo atendidas em cadeiras de pl\u00e1stico!<\/p>\n\n\n\n<p>Enquanto idosos agonizam dentro de ambul\u00e2ncias, bebezinhos se amontoam nos corredores das maternidades e o povo sofre decepcionado com a queda de atendimento nas UPAS, o governador tem como principal ocupa\u00e7\u00e3o as provoca\u00e7\u00f5es ao presidente Jair Bolsonaro em suas redes sociais.<\/p>\n\n\n\n<p>Tamb\u00e9m \u00e9 lament\u00e1vel a situa\u00e7\u00e3o de nossos m\u00e9dicos e profissionais da sa\u00fade. Que agora convivem com o medo de perda do diploma. Porque n\u00f3s bem sabemos que quando acontecer uma trag\u00e9dia, e se persistir o descaso ela ir\u00e1, o governo ir\u00e1 culpar os profissionais da sa\u00fade em vez de reconhecer sua falha como gestor da Sa\u00fade, deixando um legado de hospitais regionais fechados, maternidades agonizando e UPAs sem medicamentos, enfim, a sa\u00fade do Maranh\u00e3o est\u00e1 na UTI.<\/p>\n\n\n\n<p><strong>Adriano Sarney<\/strong><br>Deputado Estadual, Economista com p\u00f3s-gradua\u00e7\u00e3o pela Universit\u00e9 Paris (Sorbone, Fran\u00e7a) e em Gest\u00e3o pela Universidade Harvard.<\/p>\n","protected":false},"excerpt":{"rendered":"<p>COLUNA DO ADRIANO Poucos anos atr\u00e1s, a sa\u00fade de nosso estado era um exemplo para todo o Brasil. Na \u00e9poca, [&hellip;]<\/p>\n","protected":false},"author":0,"featured_media":0,"comment_status":"open","ping_status":"open","sticky":false,"template":"","format":"standard","meta":{"site-sidebar-layout":"default","site-content-layout":"","ast-site-content-layout":"default","site-content-style":"default","site-sidebar-style":"default","ast-global-header-display":"","ast-banner-title-visibility":"","ast-main-header-display":"","ast-hfb-above-header-display":"","ast-hfb-below-header-display":"","ast-hfb-mobile-header-display":"","site-post-title":"","ast-breadcrumbs-content":"","ast-featured-img":"","footer-sml-layout":"","ast-disable-related-posts":"","theme-transparent-header-meta":"","adv-header-id-meta":"","stick-header-meta":"","header-above-stick-meta":"","header-main-stick-meta":"","header-below-stick-meta":"","astra-migrate-meta-layouts":"default","ast-page-background-enabled":"default","ast-page-background-meta":{"desktop":{"background-color":"var(--ast-global-color-5)","background-image":"","background-repeat":"repeat","background-position":"center center","background-size":"auto","background-attachment":"scroll","background-type":"","background-media":"","overlay-type":"","overlay-color":"","overlay-opacity":"","overlay-gradient":""},"tablet":{"background-color":"","background-image":"","background-repeat":"repeat","background-position":"center center","background-size":"auto","background-attachment":"scroll","background-type":"","background-media":"","overlay-type":"","overlay-color":"","overlay-opacity":"","overlay-gradient":""},"mobile":{"background-color":"","background-image":"","background-repeat":"repeat","background-position":"center center","background-size":"auto","background-attachment":"scroll","background-type":"","background-media":"","overlay-type":"","overlay-color":"","overlay-opacity":"","overlay-gradient":""}},"ast-content-background-meta":{"desktop":{"background-color":"var(--ast-global-color-4)","background-image":"","background-repeat":"repeat","background-position":"center center","background-size":"auto","background-attachment":"scroll","background-type":"","background-media":"","overlay-type":"","overlay-color":"","overlay-opacity":"","overlay-gradient":""},"tablet":{"background-color":"var(--ast-global-color-4)","background-image":"","background-repeat":"repeat","background-position":"center center","background-size":"auto","background-attachment":"scroll","background-type":"","background-media":"","overlay-type":"","overlay-color":"","overlay-opacity":"","overlay-gradient":""},"mobile":{"background-color":"var(--ast-global-color-4)","background-image":"","background-repeat":"repeat","background-position":"center center","background-size":"auto","background-attachment":"scroll","background-type":"","background-media":"","overlay-type":"","overlay-color":"","overlay-opacity":"","overlay-gradient":""}},"footnotes":""},"categories":[1],"tags":[],"class_list":["post-60426","post","type-post","status-publish","format-standard","hentry","category-sem-categoria"],"yoast_head":"<!-- This site is optimized with the Yoast SEO plugin v26.6 - https:\/\/yoast.com\/wordpress\/plugins\/seo\/ -->\n<title>Maranh\u00e3o na UTI - Daniel Matos<\/title>\n<meta name=\"robots\" content=\"index, follow, max-snippet:-1, max-image-preview:large, max-video-preview:-1\" \/>\n<link rel=\"canonical\" href=\"https:\/\/www.blogsoestado.com\/danielmatos\/maranhao-na-uti\/\" \/>\n<meta property=\"og:locale\" content=\"pt_BR\" \/>\n<meta property=\"og:type\" content=\"article\" \/>\n<meta property=\"og:title\" content=\"Maranh\u00e3o na UTI - Daniel Matos\" \/>\n<meta property=\"og:description\" content=\"COLUNA DO ADRIANO Poucos anos atr\u00e1s, a sa\u00fade de nosso estado era um exemplo para todo o Brasil. Na \u00e9poca, [&hellip;]\" \/>\n<meta property=\"og:url\" content=\"https:\/\/www.blogsoestado.com\/danielmatos\/maranhao-na-uti\/\" \/>\n<meta property=\"og:site_name\" content=\"Daniel Matos\" \/>\n<meta property=\"article:published_time\" content=\"2019-02-17T15:32:06+00:00\" \/>\n<meta name=\"twitter:card\" content=\"summary_large_image\" \/>\n<meta name=\"twitter:label1\" content=\"Est. tempo de leitura\" \/>\n\t<meta name=\"twitter:data1\" content=\"3 minutos\" \/>\n<script type=\"application\/ld+json\" class=\"yoast-schema-graph\">{\"@context\":\"https:\/\/schema.org\",\"@graph\":[{\"@type\":\"WebPage\",\"@id\":\"https:\/\/www.blogsoestado.com\/danielmatos\/maranhao-na-uti\/\",\"url\":\"https:\/\/www.blogsoestado.com\/danielmatos\/maranhao-na-uti\/\",\"name\":\"Maranh\u00e3o na UTI - Daniel Matos\",\"isPartOf\":{\"@id\":\"https:\/\/www.blogsoestado.com\/danielmatos\/#website\"},\"datePublished\":\"2019-02-17T15:32:06+00:00\",\"author\":{\"@id\":\"\"},\"breadcrumb\":{\"@id\":\"https:\/\/www.blogsoestado.com\/danielmatos\/maranhao-na-uti\/#breadcrumb\"},\"inLanguage\":\"pt-BR\",\"potentialAction\":[{\"@type\":\"ReadAction\",\"target\":[\"https:\/\/www.blogsoestado.com\/danielmatos\/maranhao-na-uti\/\"]}]},{\"@type\":\"BreadcrumbList\",\"@id\":\"https:\/\/www.blogsoestado.com\/danielmatos\/maranhao-na-uti\/#breadcrumb\",\"itemListElement\":[{\"@type\":\"ListItem\",\"position\":1,\"name\":\"In\u00edcio\",\"item\":\"https:\/\/www.blogsoestado.com\/danielmatos\/\"},{\"@type\":\"ListItem\",\"position\":2,\"name\":\"Maranh\u00e3o na UTI\"}]},{\"@type\":\"WebSite\",\"@id\":\"https:\/\/www.blogsoestado.com\/danielmatos\/#website\",\"url\":\"https:\/\/www.blogsoestado.com\/danielmatos\/\",\"name\":\"Daniel Matos\",\"description\":\"\",\"potentialAction\":[{\"@type\":\"SearchAction\",\"target\":{\"@type\":\"EntryPoint\",\"urlTemplate\":\"https:\/\/www.blogsoestado.com\/danielmatos\/?s={search_term_string}\"},\"query-input\":{\"@type\":\"PropertyValueSpecification\",\"valueRequired\":true,\"valueName\":\"search_term_string\"}}],\"inLanguage\":\"pt-BR\"}]}<\/script>\n<!-- \/ Yoast SEO plugin. -->","yoast_head_json":{"title":"Maranh\u00e3o na UTI - Daniel Matos","robots":{"index":"index","follow":"follow","max-snippet":"max-snippet:-1","max-image-preview":"max-image-preview:large","max-video-preview":"max-video-preview:-1"},"canonical":"https:\/\/www.blogsoestado.com\/danielmatos\/maranhao-na-uti\/","og_locale":"pt_BR","og_type":"article","og_title":"Maranh\u00e3o na UTI - Daniel Matos","og_description":"COLUNA DO ADRIANO Poucos anos atr\u00e1s, a sa\u00fade de nosso estado era um exemplo para todo o Brasil. Na \u00e9poca, [&hellip;]","og_url":"https:\/\/www.blogsoestado.com\/danielmatos\/maranhao-na-uti\/","og_site_name":"Daniel Matos","article_published_time":"2019-02-17T15:32:06+00:00","twitter_card":"summary_large_image","twitter_misc":{"Est. tempo de leitura":"3 minutos"},"schema":{"@context":"https:\/\/schema.org","@graph":[{"@type":"WebPage","@id":"https:\/\/www.blogsoestado.com\/danielmatos\/maranhao-na-uti\/","url":"https:\/\/www.blogsoestado.com\/danielmatos\/maranhao-na-uti\/","name":"Maranh\u00e3o na UTI - Daniel Matos","isPartOf":{"@id":"https:\/\/www.blogsoestado.com\/danielmatos\/#website"},"datePublished":"2019-02-17T15:32:06+00:00","author":{"@id":""},"breadcrumb":{"@id":"https:\/\/www.blogsoestado.com\/danielmatos\/maranhao-na-uti\/#breadcrumb"},"inLanguage":"pt-BR","potentialAction":[{"@type":"ReadAction","target":["https:\/\/www.blogsoestado.com\/danielmatos\/maranhao-na-uti\/"]}]},{"@type":"BreadcrumbList","@id":"https:\/\/www.blogsoestado.com\/danielmatos\/maranhao-na-uti\/#breadcrumb","itemListElement":[{"@type":"ListItem","position":1,"name":"In\u00edcio","item":"https:\/\/www.blogsoestado.com\/danielmatos\/"},{"@type":"ListItem","position":2,"name":"Maranh\u00e3o na UTI"}]},{"@type":"WebSite","@id":"https:\/\/www.blogsoestado.com\/danielmatos\/#website","url":"https:\/\/www.blogsoestado.com\/danielmatos\/","name":"Daniel Matos","description":"","potentialAction":[{"@type":"SearchAction","target":{"@type":"EntryPoint","urlTemplate":"https:\/\/www.blogsoestado.com\/danielmatos\/?s={search_term_string}"},"query-input":{"@type":"PropertyValueSpecification","valueRequired":true,"valueName":"search_term_string"}}],"inLanguage":"pt-BR"}]}},"jetpack_featured_media_url":"","_links":{"self":[{"href":"https:\/\/www.blogsoestado.com\/danielmatos\/wp-json\/wp\/v2\/posts\/60426","targetHints":{"allow":["GET"]}}],"collection":[{"href":"https:\/\/www.blogsoestado.com\/danielmatos\/wp-json\/wp\/v2\/posts"}],"about":[{"href":"https:\/\/www.blogsoestado.com\/danielmatos\/wp-json\/wp\/v2\/types\/post"}],"replies":[{"embeddable":true,"href":"https:\/\/www.blogsoestado.com\/danielmatos\/wp-json\/wp\/v2\/comments?post=60426"}],"version-history":[{"count":0,"href":"https:\/\/www.blogsoestado.com\/danielmatos\/wp-json\/wp\/v2\/posts\/60426\/revisions"}],"wp:attachment":[{"href":"https:\/\/www.blogsoestado.com\/danielmatos\/wp-json\/wp\/v2\/media?parent=60426"}],"wp:term":[{"taxonomy":"category","embeddable":true,"href":"https:\/\/www.blogsoestado.com\/danielmatos\/wp-json\/wp\/v2\/categories?post=60426"},{"taxonomy":"post_tag","embeddable":true,"href":"https:\/\/www.blogsoestado.com\/danielmatos\/wp-json\/wp\/v2\/tags?post=60426"}],"curies":[{"name":"wp","href":"https:\/\/api.w.org\/{rel}","templated":true}]}}