{"id":60429,"date":"2019-02-17T15:45:18","date_gmt":"2019-02-17T18:45:18","guid":{"rendered":"https:\/\/www.blogsoestado.com\/danielmatos\/?p=60429"},"modified":"2019-02-17T15:45:18","modified_gmt":"2019-02-17T18:45:18","slug":"ambev-vai-comprar-50-mil-quilos-de-mandioca-de-produtores-de-santa-rita","status":"publish","type":"post","link":"https:\/\/www.blogsoestado.com\/danielmatos\/ambev-vai-comprar-50-mil-quilos-de-mandioca-de-produtores-de-santa-rita\/","title":{"rendered":"Ambev vai comprar 50 mil quilos de mandioca de produtores de Santa Rita"},"content":{"rendered":"\n<figure class=\"wp-block-image\"><img decoding=\"async\" src=\"https:\/\/www.blogsoestado.com\/danielmatos\/files\/2019\/02\/samnta-rita-mandioca-1024x498.jpg\" alt=\"\" class=\"wp-image-60430\"\/><figcaption>Secret\u00e1rio Berr\u00e9 com representantes da Ambev no ato do acerto da parceria<\/figcaption><\/figure>\n\n\n\n<p>A Prefeitura de Santa Rita, atrav\u00e9s da Secretaria Municipal de Agricultura e do programa Santa Rita produtiva, firmou uma parceria com a Ambev, fabricante da cerveja Magn\u00edfica e o munic\u00edpio passar\u00e1 agora a fornecer a mat\u00e9ria-prima para a produ\u00e7\u00e3o da bebida alco\u00f3lica. De acordo com o prefeito Hilton Gon\u00e7alo, j\u00e1 est\u00e1 programada a aquisi\u00e7\u00e3o de 50 mil quilos de mandioca dos produtores do munic\u00edpio.<\/p>\n\n\n\n<p>A Ambev est\u00e1 buscando mandioca de qualidade proveniente da agricultura familiar, apostando no micro empreendedor. O produto agr\u00edcola deve ser legitimamente maranhense e a ideia \u00e9 que essa produ\u00e7\u00e3o gere emprego e renda no estado.<\/p>\n\n\n\n<p>Cada tonelada de mandioca ser\u00e1 adquirida por R$534, ou seja, o valor total dessa primeira remessa ser\u00e1 de R$26700. O valor \u00e9 repassado integralmente aos produtores.<\/p>\n\n\n\n<p>&#8220;Com essa parceria firmada, Santa Rita agora tamb\u00e9m ir\u00e1 nos fornecer mandioca de qualidade, para que possamos continuar fabricando uma cerveja de qualidade e espalhando por todo o Brasil um pouco do gostinho maranhense. O prefeito Hilton Gon\u00e7alo e o secret\u00e1rio Berr\u00e9 demonstraram bastante interesse e afirmaram que o fornecimento da mat\u00e9ria-prima \u00e9 algo bom para o munic\u00edpio, para o agricultor e para n\u00f3s da Ambev&#8221;, destacou Vitor Monteiro, representante da Ambev.<\/p>\n\n\n\n<p>O secret\u00e1rio Berr\u00e9 falou que parcerias como essas s\u00f3 s\u00e3o poss\u00edveis, quando se tem interesse por parte da administra\u00e7\u00e3o municipal e que o prefeito Hilton Gon\u00e7alo, n\u00e3o mede esfor\u00e7os quando o assunto \u00e9 investir no micro e pequeno empreendedor e isso com certeza ir\u00e1 ajudar os agricultores economicamente.<\/p>\n","protected":false},"excerpt":{"rendered":"<p>A Prefeitura de Santa Rita, atrav\u00e9s da Secretaria Municipal de Agricultura e do programa Santa Rita produtiva, firmou uma parceria [&hellip;]<\/p>\n","protected":false},"author":0,"featured_media":0,"comment_status":"open","ping_status":"open","sticky":false,"template":"","format":"standard","meta":{"site-sidebar-layout":"default","site-content-layout":"","ast-site-content-layout":"default","site-content-style":"default","site-sidebar-style":"default","ast-global-header-display":"","ast-banner-title-visibility":"","ast-main-header-display":"","ast-hfb-above-header-display":"","ast-hfb-below-header-display":"","ast-hfb-mobile-header-display":"","site-post-title":"","ast-breadcrumbs-content":"","ast-featured-img":"","footer-sml-layout":"","ast-disable-related-posts":"","theme-transparent-header-meta":"","adv-header-id-meta":"","stick-header-meta":"","header-above-stick-meta":"","header-main-stick-meta":"","header-below-stick-meta":"","astra-migrate-meta-layouts":"default","ast-page-background-enabled":"default","ast-page-background-meta":{"desktop":{"background-color":"var(--ast-global-color-5)","background-image":"","background-repeat":"repeat","background-position":"center center","background-size":"auto","background-attachment":"scroll","background-type":"","background-media":"","overlay-type":"","overlay-color":"","overlay-opacity":"","overlay-gradient":""},"tablet":{"background-color":"","background-image":"","background-repeat":"repeat","background-position":"center center","background-size":"auto","background-attachment":"scroll","background-type":"","background-media":"","overlay-type":"","overlay-color":"","overlay-opacity":"","overlay-gradient":""},"mobile":{"background-color":"","background-image":"","background-repeat":"repeat","background-position":"center center","background-size":"auto","background-attachment":"scroll","background-type":"","background-media":"","overlay-type":"","overlay-color":"","overlay-opacity":"","overlay-gradient":""}},"ast-content-background-meta":{"desktop":{"background-color":"var(--ast-global-color-4)","background-image":"","background-repeat":"repeat","background-position":"center center","background-size":"auto","background-attachment":"scroll","background-type":"","background-media":"","overlay-type":"","overlay-color":"","overlay-opacity":"","overlay-gradient":""},"tablet":{"background-color":"var(--ast-global-color-4)","background-image":"","background-repeat":"repeat","background-position":"center center","background-size":"auto","background-attachment":"scroll","background-type":"","background-media":"","overlay-type":"","overlay-color":"","overlay-opacity":"","overlay-gradient":""},"mobile":{"background-color":"var(--ast-global-color-4)","background-image":"","background-repeat":"repeat","background-position":"center center","background-size":"auto","background-attachment":"scroll","background-type":"","background-media":"","overlay-type":"","overlay-color":"","overlay-opacity":"","overlay-gradient":""}},"footnotes":""},"categories":[1],"tags":[],"class_list":["post-60429","post","type-post","status-publish","format-standard","hentry","category-sem-categoria"],"yoast_head":"<!-- This site is optimized with the Yoast SEO plugin v26.6 - https:\/\/yoast.com\/wordpress\/plugins\/seo\/ -->\n<title>Ambev vai comprar 50 mil quilos de mandioca de produtores de Santa Rita - Daniel Matos<\/title>\n<meta name=\"robots\" content=\"index, follow, max-snippet:-1, max-image-preview:large, max-video-preview:-1\" \/>\n<link rel=\"canonical\" href=\"https:\/\/www.blogsoestado.com\/danielmatos\/ambev-vai-comprar-50-mil-quilos-de-mandioca-de-produtores-de-santa-rita\/\" \/>\n<meta property=\"og:locale\" content=\"pt_BR\" \/>\n<meta property=\"og:type\" content=\"article\" \/>\n<meta property=\"og:title\" content=\"Ambev vai comprar 50 mil quilos de mandioca de produtores de Santa Rita - Daniel Matos\" \/>\n<meta property=\"og:description\" content=\"A Prefeitura de Santa Rita, atrav\u00e9s da Secretaria Municipal de Agricultura e do programa Santa Rita produtiva, firmou uma parceria [&hellip;]\" \/>\n<meta property=\"og:url\" content=\"https:\/\/www.blogsoestado.com\/danielmatos\/ambev-vai-comprar-50-mil-quilos-de-mandioca-de-produtores-de-santa-rita\/\" \/>\n<meta property=\"og:site_name\" content=\"Daniel Matos\" \/>\n<meta property=\"article:published_time\" content=\"2019-02-17T18:45:18+00:00\" \/>\n<meta property=\"og:image\" content=\"https:\/\/www.blogsoestado.com\/danielmatos\/files\/2019\/02\/samnta-rita-mandioca-1024x498.jpg\" \/>\n<meta name=\"twitter:card\" content=\"summary_large_image\" \/>\n<meta name=\"twitter:label1\" content=\"Est. tempo de leitura\" \/>\n\t<meta name=\"twitter:data1\" content=\"1 minuto\" \/>\n<script type=\"application\/ld+json\" class=\"yoast-schema-graph\">{\"@context\":\"https:\/\/schema.org\",\"@graph\":[{\"@type\":\"WebPage\",\"@id\":\"https:\/\/www.blogsoestado.com\/danielmatos\/ambev-vai-comprar-50-mil-quilos-de-mandioca-de-produtores-de-santa-rita\/\",\"url\":\"https:\/\/www.blogsoestado.com\/danielmatos\/ambev-vai-comprar-50-mil-quilos-de-mandioca-de-produtores-de-santa-rita\/\",\"name\":\"Ambev vai comprar 50 mil quilos de mandioca de produtores de Santa Rita - Daniel Matos\",\"isPartOf\":{\"@id\":\"https:\/\/www.blogsoestado.com\/danielmatos\/#website\"},\"primaryImageOfPage\":{\"@id\":\"https:\/\/www.blogsoestado.com\/danielmatos\/ambev-vai-comprar-50-mil-quilos-de-mandioca-de-produtores-de-santa-rita\/#primaryimage\"},\"image\":{\"@id\":\"https:\/\/www.blogsoestado.com\/danielmatos\/ambev-vai-comprar-50-mil-quilos-de-mandioca-de-produtores-de-santa-rita\/#primaryimage\"},\"thumbnailUrl\":\"https:\/\/www.blogsoestado.com\/danielmatos\/files\/2019\/02\/samnta-rita-mandioca-1024x498.jpg\",\"datePublished\":\"2019-02-17T18:45:18+00:00\",\"author\":{\"@id\":\"\"},\"breadcrumb\":{\"@id\":\"https:\/\/www.blogsoestado.com\/danielmatos\/ambev-vai-comprar-50-mil-quilos-de-mandioca-de-produtores-de-santa-rita\/#breadcrumb\"},\"inLanguage\":\"pt-BR\",\"potentialAction\":[{\"@type\":\"ReadAction\",\"target\":[\"https:\/\/www.blogsoestado.com\/danielmatos\/ambev-vai-comprar-50-mil-quilos-de-mandioca-de-produtores-de-santa-rita\/\"]}]},{\"@type\":\"ImageObject\",\"inLanguage\":\"pt-BR\",\"@id\":\"https:\/\/www.blogsoestado.com\/danielmatos\/ambev-vai-comprar-50-mil-quilos-de-mandioca-de-produtores-de-santa-rita\/#primaryimage\",\"url\":\"https:\/\/www.blogsoestado.com\/danielmatos\/files\/2019\/02\/samnta-rita-mandioca-1024x498.jpg\",\"contentUrl\":\"https:\/\/www.blogsoestado.com\/danielmatos\/files\/2019\/02\/samnta-rita-mandioca-1024x498.jpg\"},{\"@type\":\"BreadcrumbList\",\"@id\":\"https:\/\/www.blogsoestado.com\/danielmatos\/ambev-vai-comprar-50-mil-quilos-de-mandioca-de-produtores-de-santa-rita\/#breadcrumb\",\"itemListElement\":[{\"@type\":\"ListItem\",\"position\":1,\"name\":\"In\u00edcio\",\"item\":\"https:\/\/www.blogsoestado.com\/danielmatos\/\"},{\"@type\":\"ListItem\",\"position\":2,\"name\":\"Ambev vai comprar 50 mil quilos de mandioca de produtores de Santa Rita\"}]},{\"@type\":\"WebSite\",\"@id\":\"https:\/\/www.blogsoestado.com\/danielmatos\/#website\",\"url\":\"https:\/\/www.blogsoestado.com\/danielmatos\/\",\"name\":\"Daniel Matos\",\"description\":\"\",\"potentialAction\":[{\"@type\":\"SearchAction\",\"target\":{\"@type\":\"EntryPoint\",\"urlTemplate\":\"https:\/\/www.blogsoestado.com\/danielmatos\/?s={search_term_string}\"},\"query-input\":{\"@type\":\"PropertyValueSpecification\",\"valueRequired\":true,\"valueName\":\"search_term_string\"}}],\"inLanguage\":\"pt-BR\"}]}<\/script>\n<!-- \/ Yoast SEO plugin. -->","yoast_head_json":{"title":"Ambev vai comprar 50 mil quilos de mandioca de produtores de Santa Rita - Daniel Matos","robots":{"index":"index","follow":"follow","max-snippet":"max-snippet:-1","max-image-preview":"max-image-preview:large","max-video-preview":"max-video-preview:-1"},"canonical":"https:\/\/www.blogsoestado.com\/danielmatos\/ambev-vai-comprar-50-mil-quilos-de-mandioca-de-produtores-de-santa-rita\/","og_locale":"pt_BR","og_type":"article","og_title":"Ambev vai comprar 50 mil quilos de mandioca de produtores de Santa Rita - Daniel Matos","og_description":"A Prefeitura de Santa Rita, atrav\u00e9s da Secretaria Municipal de Agricultura e do programa Santa Rita produtiva, firmou uma parceria [&hellip;]","og_url":"https:\/\/www.blogsoestado.com\/danielmatos\/ambev-vai-comprar-50-mil-quilos-de-mandioca-de-produtores-de-santa-rita\/","og_site_name":"Daniel Matos","article_published_time":"2019-02-17T18:45:18+00:00","og_image":[{"url":"https:\/\/www.blogsoestado.com\/danielmatos\/files\/2019\/02\/samnta-rita-mandioca-1024x498.jpg","type":"","width":"","height":""}],"twitter_card":"summary_large_image","twitter_misc":{"Est. tempo de leitura":"1 minuto"},"schema":{"@context":"https:\/\/schema.org","@graph":[{"@type":"WebPage","@id":"https:\/\/www.blogsoestado.com\/danielmatos\/ambev-vai-comprar-50-mil-quilos-de-mandioca-de-produtores-de-santa-rita\/","url":"https:\/\/www.blogsoestado.com\/danielmatos\/ambev-vai-comprar-50-mil-quilos-de-mandioca-de-produtores-de-santa-rita\/","name":"Ambev vai comprar 50 mil quilos de mandioca de produtores de Santa Rita - Daniel Matos","isPartOf":{"@id":"https:\/\/www.blogsoestado.com\/danielmatos\/#website"},"primaryImageOfPage":{"@id":"https:\/\/www.blogsoestado.com\/danielmatos\/ambev-vai-comprar-50-mil-quilos-de-mandioca-de-produtores-de-santa-rita\/#primaryimage"},"image":{"@id":"https:\/\/www.blogsoestado.com\/danielmatos\/ambev-vai-comprar-50-mil-quilos-de-mandioca-de-produtores-de-santa-rita\/#primaryimage"},"thumbnailUrl":"https:\/\/www.blogsoestado.com\/danielmatos\/files\/2019\/02\/samnta-rita-mandioca-1024x498.jpg","datePublished":"2019-02-17T18:45:18+00:00","author":{"@id":""},"breadcrumb":{"@id":"https:\/\/www.blogsoestado.com\/danielmatos\/ambev-vai-comprar-50-mil-quilos-de-mandioca-de-produtores-de-santa-rita\/#breadcrumb"},"inLanguage":"pt-BR","potentialAction":[{"@type":"ReadAction","target":["https:\/\/www.blogsoestado.com\/danielmatos\/ambev-vai-comprar-50-mil-quilos-de-mandioca-de-produtores-de-santa-rita\/"]}]},{"@type":"ImageObject","inLanguage":"pt-BR","@id":"https:\/\/www.blogsoestado.com\/danielmatos\/ambev-vai-comprar-50-mil-quilos-de-mandioca-de-produtores-de-santa-rita\/#primaryimage","url":"https:\/\/www.blogsoestado.com\/danielmatos\/files\/2019\/02\/samnta-rita-mandioca-1024x498.jpg","contentUrl":"https:\/\/www.blogsoestado.com\/danielmatos\/files\/2019\/02\/samnta-rita-mandioca-1024x498.jpg"},{"@type":"BreadcrumbList","@id":"https:\/\/www.blogsoestado.com\/danielmatos\/ambev-vai-comprar-50-mil-quilos-de-mandioca-de-produtores-de-santa-rita\/#breadcrumb","itemListElement":[{"@type":"ListItem","position":1,"name":"In\u00edcio","item":"https:\/\/www.blogsoestado.com\/danielmatos\/"},{"@type":"ListItem","position":2,"name":"Ambev vai comprar 50 mil quilos de mandioca de produtores de Santa Rita"}]},{"@type":"WebSite","@id":"https:\/\/www.blogsoestado.com\/danielmatos\/#website","url":"https:\/\/www.blogsoestado.com\/danielmatos\/","name":"Daniel Matos","description":"","potentialAction":[{"@type":"SearchAction","target":{"@type":"EntryPoint","urlTemplate":"https:\/\/www.blogsoestado.com\/danielmatos\/?s={search_term_string}"},"query-input":{"@type":"PropertyValueSpecification","valueRequired":true,"valueName":"search_term_string"}}],"inLanguage":"pt-BR"}]}},"jetpack_featured_media_url":"","_links":{"self":[{"href":"https:\/\/www.blogsoestado.com\/danielmatos\/wp-json\/wp\/v2\/posts\/60429","targetHints":{"allow":["GET"]}}],"collection":[{"href":"https:\/\/www.blogsoestado.com\/danielmatos\/wp-json\/wp\/v2\/posts"}],"about":[{"href":"https:\/\/www.blogsoestado.com\/danielmatos\/wp-json\/wp\/v2\/types\/post"}],"replies":[{"embeddable":true,"href":"https:\/\/www.blogsoestado.com\/danielmatos\/wp-json\/wp\/v2\/comments?post=60429"}],"version-history":[{"count":0,"href":"https:\/\/www.blogsoestado.com\/danielmatos\/wp-json\/wp\/v2\/posts\/60429\/revisions"}],"wp:attachment":[{"href":"https:\/\/www.blogsoestado.com\/danielmatos\/wp-json\/wp\/v2\/media?parent=60429"}],"wp:term":[{"taxonomy":"category","embeddable":true,"href":"https:\/\/www.blogsoestado.com\/danielmatos\/wp-json\/wp\/v2\/categories?post=60429"},{"taxonomy":"post_tag","embeddable":true,"href":"https:\/\/www.blogsoestado.com\/danielmatos\/wp-json\/wp\/v2\/tags?post=60429"}],"curies":[{"name":"wp","href":"https:\/\/api.w.org\/{rel}","templated":true}]}}