{"id":60432,"date":"2019-02-17T16:25:42","date_gmt":"2019-02-17T19:25:42","guid":{"rendered":"https:\/\/www.blogsoestado.com\/danielmatos\/?p=60432"},"modified":"2019-02-17T16:25:42","modified_gmt":"2019-02-17T19:25:42","slug":"em-defesa-dos-professores-wellington-do-curso-propoe-alteracao-em-mais-uma-medida-provisoria-de-flavio-dino","status":"publish","type":"post","link":"https:\/\/www.blogsoestado.com\/danielmatos\/em-defesa-dos-professores-wellington-do-curso-propoe-alteracao-em-mais-uma-medida-provisoria-de-flavio-dino\/","title":{"rendered":"Em defesa dos professores, Wellington do Curso prop\u00f5e altera\u00e7\u00e3o em mais uma Medida Provis\u00f3ria de Fl\u00e1vio Dino"},"content":{"rendered":"\n<figure class=\"wp-block-image\"><img decoding=\"async\" src=\"https:\/\/www.blogsoestado.com\/danielmatos\/files\/2019\/02\/w-teachers-1024x678.jpg\" alt=\"\" class=\"wp-image-60433\"\/><figcaption>Deputado Wellington defende seletivo para a escolha dos gestores escolares<\/figcaption><\/figure>\n\n\n\n<p>O deputado estadual Wellington do Curso apresentou, na Assembleia Legislativa do Maranh\u00e3o,  emenda \u00e0 Medida Provis\u00f3ria n\u00ba290\/2019, do governador Fl\u00e1vio Dino, que institui a Pol\u00edtica Educacional \u201cEscola Digna\u201d. A altera\u00e7\u00e3o d\u00e1 maior autonomia aos professores do Maranh\u00e3o, permitindo que escolham, entre si, os gestores para os Centros de Educa\u00e7\u00e3o Integral, caso n\u00e3o haja a possibilidade de seletivo.<\/p>\n\n\n\n<p>O objetivo \u00e9 que os gestores, quando n\u00e3o aprovados no seletivo, sejam indicados pelos pr\u00f3prios professores, ao inv\u00e9s de serem pela Secretaria de Educa\u00e7\u00e3o, como prop\u00f5e Fl\u00e1vio Dino.<\/p>\n\n\n\n<p>\u201cO ideal \u00e9 que haja o seletivo para a escolha dos gestores. A Medida Provis\u00f3ria de Fl\u00e1vio Dino prop\u00f5e que na aus\u00eancia ou impossibilidade do processo seletivo, os gestores para os Centros de Educa\u00e7\u00e3o Integral sejam indicados pelo Governo. Os professores n\u00e3o concordam com isso, raz\u00e3o pela qual propomos que os gestores sejam indicados pelos pr\u00f3prios professores. Nosso compromisso \u00e9 com a educa\u00e7\u00e3o\u201d, disse o professor e deputado estadual Wellington do Curso.<\/p>\n","protected":false},"excerpt":{"rendered":"<p>O deputado estadual Wellington do Curso apresentou, na Assembleia Legislativa do Maranh\u00e3o, emenda \u00e0 Medida Provis\u00f3ria n\u00ba290\/2019, do governador Fl\u00e1vio [&hellip;]<\/p>\n","protected":false},"author":0,"featured_media":0,"comment_status":"open","ping_status":"open","sticky":false,"template":"","format":"standard","meta":{"site-sidebar-layout":"default","site-content-layout":"","ast-site-content-layout":"default","site-content-style":"default","site-sidebar-style":"default","ast-global-header-display":"","ast-banner-title-visibility":"","ast-main-header-display":"","ast-hfb-above-header-display":"","ast-hfb-below-header-display":"","ast-hfb-mobile-header-display":"","site-post-title":"","ast-breadcrumbs-content":"","ast-featured-img":"","footer-sml-layout":"","ast-disable-related-posts":"","theme-transparent-header-meta":"","adv-header-id-meta":"","stick-header-meta":"","header-above-stick-meta":"","header-main-stick-meta":"","header-below-stick-meta":"","astra-migrate-meta-layouts":"default","ast-page-background-enabled":"default","ast-page-background-meta":{"desktop":{"background-color":"var(--ast-global-color-5)","background-image":"","background-repeat":"repeat","background-position":"center center","background-size":"auto","background-attachment":"scroll","background-type":"","background-media":"","overlay-type":"","overlay-color":"","overlay-opacity":"","overlay-gradient":""},"tablet":{"background-color":"","background-image":"","background-repeat":"repeat","background-position":"center center","background-size":"auto","background-attachment":"scroll","background-type":"","background-media":"","overlay-type":"","overlay-color":"","overlay-opacity":"","overlay-gradient":""},"mobile":{"background-color":"","background-image":"","background-repeat":"repeat","background-position":"center center","background-size":"auto","background-attachment":"scroll","background-type":"","background-media":"","overlay-type":"","overlay-color":"","overlay-opacity":"","overlay-gradient":""}},"ast-content-background-meta":{"desktop":{"background-color":"var(--ast-global-color-4)","background-image":"","background-repeat":"repeat","background-position":"center center","background-size":"auto","background-attachment":"scroll","background-type":"","background-media":"","overlay-type":"","overlay-color":"","overlay-opacity":"","overlay-gradient":""},"tablet":{"background-color":"var(--ast-global-color-4)","background-image":"","background-repeat":"repeat","background-position":"center center","background-size":"auto","background-attachment":"scroll","background-type":"","background-media":"","overlay-type":"","overlay-color":"","overlay-opacity":"","overlay-gradient":""},"mobile":{"background-color":"var(--ast-global-color-4)","background-image":"","background-repeat":"repeat","background-position":"center center","background-size":"auto","background-attachment":"scroll","background-type":"","background-media":"","overlay-type":"","overlay-color":"","overlay-opacity":"","overlay-gradient":""}},"footnotes":""},"categories":[1],"tags":[],"class_list":["post-60432","post","type-post","status-publish","format-standard","hentry","category-sem-categoria"],"yoast_head":"<!-- This site is optimized with the Yoast SEO plugin v26.6 - https:\/\/yoast.com\/wordpress\/plugins\/seo\/ -->\n<title>Em defesa dos professores, Wellington do Curso prop\u00f5e altera\u00e7\u00e3o em mais uma Medida Provis\u00f3ria de Fl\u00e1vio Dino - Daniel Matos<\/title>\n<meta name=\"robots\" content=\"index, follow, max-snippet:-1, max-image-preview:large, max-video-preview:-1\" \/>\n<link rel=\"canonical\" href=\"https:\/\/www.blogsoestado.com\/danielmatos\/em-defesa-dos-professores-wellington-do-curso-propoe-alteracao-em-mais-uma-medida-provisoria-de-flavio-dino\/\" \/>\n<meta property=\"og:locale\" content=\"pt_BR\" \/>\n<meta property=\"og:type\" content=\"article\" \/>\n<meta property=\"og:title\" content=\"Em defesa dos professores, Wellington do Curso prop\u00f5e altera\u00e7\u00e3o em mais uma Medida Provis\u00f3ria de Fl\u00e1vio Dino - Daniel Matos\" \/>\n<meta property=\"og:description\" content=\"O deputado estadual Wellington do Curso apresentou, na Assembleia Legislativa do Maranh\u00e3o, emenda \u00e0 Medida Provis\u00f3ria n\u00ba290\/2019, do governador Fl\u00e1vio [&hellip;]\" \/>\n<meta property=\"og:url\" content=\"https:\/\/www.blogsoestado.com\/danielmatos\/em-defesa-dos-professores-wellington-do-curso-propoe-alteracao-em-mais-uma-medida-provisoria-de-flavio-dino\/\" \/>\n<meta property=\"og:site_name\" content=\"Daniel Matos\" \/>\n<meta property=\"article:published_time\" content=\"2019-02-17T19:25:42+00:00\" \/>\n<meta property=\"og:image\" content=\"https:\/\/www.blogsoestado.com\/danielmatos\/files\/2019\/02\/w-teachers-1024x678.jpg\" \/>\n<meta name=\"twitter:card\" content=\"summary_large_image\" \/>\n<meta name=\"twitter:label1\" content=\"Est. tempo de leitura\" \/>\n\t<meta name=\"twitter:data1\" content=\"1 minuto\" \/>\n<script type=\"application\/ld+json\" class=\"yoast-schema-graph\">{\"@context\":\"https:\/\/schema.org\",\"@graph\":[{\"@type\":\"WebPage\",\"@id\":\"https:\/\/www.blogsoestado.com\/danielmatos\/em-defesa-dos-professores-wellington-do-curso-propoe-alteracao-em-mais-uma-medida-provisoria-de-flavio-dino\/\",\"url\":\"https:\/\/www.blogsoestado.com\/danielmatos\/em-defesa-dos-professores-wellington-do-curso-propoe-alteracao-em-mais-uma-medida-provisoria-de-flavio-dino\/\",\"name\":\"Em defesa dos professores, Wellington do Curso prop\u00f5e altera\u00e7\u00e3o em mais uma Medida Provis\u00f3ria de Fl\u00e1vio Dino - Daniel Matos\",\"isPartOf\":{\"@id\":\"https:\/\/www.blogsoestado.com\/danielmatos\/#website\"},\"primaryImageOfPage\":{\"@id\":\"https:\/\/www.blogsoestado.com\/danielmatos\/em-defesa-dos-professores-wellington-do-curso-propoe-alteracao-em-mais-uma-medida-provisoria-de-flavio-dino\/#primaryimage\"},\"image\":{\"@id\":\"https:\/\/www.blogsoestado.com\/danielmatos\/em-defesa-dos-professores-wellington-do-curso-propoe-alteracao-em-mais-uma-medida-provisoria-de-flavio-dino\/#primaryimage\"},\"thumbnailUrl\":\"https:\/\/www.blogsoestado.com\/danielmatos\/files\/2019\/02\/w-teachers-1024x678.jpg\",\"datePublished\":\"2019-02-17T19:25:42+00:00\",\"author\":{\"@id\":\"\"},\"breadcrumb\":{\"@id\":\"https:\/\/www.blogsoestado.com\/danielmatos\/em-defesa-dos-professores-wellington-do-curso-propoe-alteracao-em-mais-uma-medida-provisoria-de-flavio-dino\/#breadcrumb\"},\"inLanguage\":\"pt-BR\",\"potentialAction\":[{\"@type\":\"ReadAction\",\"target\":[\"https:\/\/www.blogsoestado.com\/danielmatos\/em-defesa-dos-professores-wellington-do-curso-propoe-alteracao-em-mais-uma-medida-provisoria-de-flavio-dino\/\"]}]},{\"@type\":\"ImageObject\",\"inLanguage\":\"pt-BR\",\"@id\":\"https:\/\/www.blogsoestado.com\/danielmatos\/em-defesa-dos-professores-wellington-do-curso-propoe-alteracao-em-mais-uma-medida-provisoria-de-flavio-dino\/#primaryimage\",\"url\":\"https:\/\/www.blogsoestado.com\/danielmatos\/files\/2019\/02\/w-teachers-1024x678.jpg\",\"contentUrl\":\"https:\/\/www.blogsoestado.com\/danielmatos\/files\/2019\/02\/w-teachers-1024x678.jpg\"},{\"@type\":\"BreadcrumbList\",\"@id\":\"https:\/\/www.blogsoestado.com\/danielmatos\/em-defesa-dos-professores-wellington-do-curso-propoe-alteracao-em-mais-uma-medida-provisoria-de-flavio-dino\/#breadcrumb\",\"itemListElement\":[{\"@type\":\"ListItem\",\"position\":1,\"name\":\"In\u00edcio\",\"item\":\"https:\/\/www.blogsoestado.com\/danielmatos\/\"},{\"@type\":\"ListItem\",\"position\":2,\"name\":\"Em defesa dos professores, Wellington do Curso prop\u00f5e altera\u00e7\u00e3o em mais uma Medida Provis\u00f3ria de Fl\u00e1vio Dino\"}]},{\"@type\":\"WebSite\",\"@id\":\"https:\/\/www.blogsoestado.com\/danielmatos\/#website\",\"url\":\"https:\/\/www.blogsoestado.com\/danielmatos\/\",\"name\":\"Daniel Matos\",\"description\":\"\",\"potentialAction\":[{\"@type\":\"SearchAction\",\"target\":{\"@type\":\"EntryPoint\",\"urlTemplate\":\"https:\/\/www.blogsoestado.com\/danielmatos\/?s={search_term_string}\"},\"query-input\":{\"@type\":\"PropertyValueSpecification\",\"valueRequired\":true,\"valueName\":\"search_term_string\"}}],\"inLanguage\":\"pt-BR\"}]}<\/script>\n<!-- \/ Yoast SEO plugin. -->","yoast_head_json":{"title":"Em defesa dos professores, Wellington do Curso prop\u00f5e altera\u00e7\u00e3o em mais uma Medida Provis\u00f3ria de Fl\u00e1vio Dino - Daniel Matos","robots":{"index":"index","follow":"follow","max-snippet":"max-snippet:-1","max-image-preview":"max-image-preview:large","max-video-preview":"max-video-preview:-1"},"canonical":"https:\/\/www.blogsoestado.com\/danielmatos\/em-defesa-dos-professores-wellington-do-curso-propoe-alteracao-em-mais-uma-medida-provisoria-de-flavio-dino\/","og_locale":"pt_BR","og_type":"article","og_title":"Em defesa dos professores, Wellington do Curso prop\u00f5e altera\u00e7\u00e3o em mais uma Medida Provis\u00f3ria de Fl\u00e1vio Dino - Daniel Matos","og_description":"O deputado estadual Wellington do Curso apresentou, na Assembleia Legislativa do Maranh\u00e3o, emenda \u00e0 Medida Provis\u00f3ria n\u00ba290\/2019, do governador Fl\u00e1vio [&hellip;]","og_url":"https:\/\/www.blogsoestado.com\/danielmatos\/em-defesa-dos-professores-wellington-do-curso-propoe-alteracao-em-mais-uma-medida-provisoria-de-flavio-dino\/","og_site_name":"Daniel Matos","article_published_time":"2019-02-17T19:25:42+00:00","og_image":[{"url":"https:\/\/www.blogsoestado.com\/danielmatos\/files\/2019\/02\/w-teachers-1024x678.jpg","type":"","width":"","height":""}],"twitter_card":"summary_large_image","twitter_misc":{"Est. tempo de leitura":"1 minuto"},"schema":{"@context":"https:\/\/schema.org","@graph":[{"@type":"WebPage","@id":"https:\/\/www.blogsoestado.com\/danielmatos\/em-defesa-dos-professores-wellington-do-curso-propoe-alteracao-em-mais-uma-medida-provisoria-de-flavio-dino\/","url":"https:\/\/www.blogsoestado.com\/danielmatos\/em-defesa-dos-professores-wellington-do-curso-propoe-alteracao-em-mais-uma-medida-provisoria-de-flavio-dino\/","name":"Em defesa dos professores, Wellington do Curso prop\u00f5e altera\u00e7\u00e3o em mais uma Medida Provis\u00f3ria de Fl\u00e1vio Dino - Daniel Matos","isPartOf":{"@id":"https:\/\/www.blogsoestado.com\/danielmatos\/#website"},"primaryImageOfPage":{"@id":"https:\/\/www.blogsoestado.com\/danielmatos\/em-defesa-dos-professores-wellington-do-curso-propoe-alteracao-em-mais-uma-medida-provisoria-de-flavio-dino\/#primaryimage"},"image":{"@id":"https:\/\/www.blogsoestado.com\/danielmatos\/em-defesa-dos-professores-wellington-do-curso-propoe-alteracao-em-mais-uma-medida-provisoria-de-flavio-dino\/#primaryimage"},"thumbnailUrl":"https:\/\/www.blogsoestado.com\/danielmatos\/files\/2019\/02\/w-teachers-1024x678.jpg","datePublished":"2019-02-17T19:25:42+00:00","author":{"@id":""},"breadcrumb":{"@id":"https:\/\/www.blogsoestado.com\/danielmatos\/em-defesa-dos-professores-wellington-do-curso-propoe-alteracao-em-mais-uma-medida-provisoria-de-flavio-dino\/#breadcrumb"},"inLanguage":"pt-BR","potentialAction":[{"@type":"ReadAction","target":["https:\/\/www.blogsoestado.com\/danielmatos\/em-defesa-dos-professores-wellington-do-curso-propoe-alteracao-em-mais-uma-medida-provisoria-de-flavio-dino\/"]}]},{"@type":"ImageObject","inLanguage":"pt-BR","@id":"https:\/\/www.blogsoestado.com\/danielmatos\/em-defesa-dos-professores-wellington-do-curso-propoe-alteracao-em-mais-uma-medida-provisoria-de-flavio-dino\/#primaryimage","url":"https:\/\/www.blogsoestado.com\/danielmatos\/files\/2019\/02\/w-teachers-1024x678.jpg","contentUrl":"https:\/\/www.blogsoestado.com\/danielmatos\/files\/2019\/02\/w-teachers-1024x678.jpg"},{"@type":"BreadcrumbList","@id":"https:\/\/www.blogsoestado.com\/danielmatos\/em-defesa-dos-professores-wellington-do-curso-propoe-alteracao-em-mais-uma-medida-provisoria-de-flavio-dino\/#breadcrumb","itemListElement":[{"@type":"ListItem","position":1,"name":"In\u00edcio","item":"https:\/\/www.blogsoestado.com\/danielmatos\/"},{"@type":"ListItem","position":2,"name":"Em defesa dos professores, Wellington do Curso prop\u00f5e altera\u00e7\u00e3o em mais uma Medida Provis\u00f3ria de Fl\u00e1vio Dino"}]},{"@type":"WebSite","@id":"https:\/\/www.blogsoestado.com\/danielmatos\/#website","url":"https:\/\/www.blogsoestado.com\/danielmatos\/","name":"Daniel Matos","description":"","potentialAction":[{"@type":"SearchAction","target":{"@type":"EntryPoint","urlTemplate":"https:\/\/www.blogsoestado.com\/danielmatos\/?s={search_term_string}"},"query-input":{"@type":"PropertyValueSpecification","valueRequired":true,"valueName":"search_term_string"}}],"inLanguage":"pt-BR"}]}},"jetpack_featured_media_url":"","_links":{"self":[{"href":"https:\/\/www.blogsoestado.com\/danielmatos\/wp-json\/wp\/v2\/posts\/60432","targetHints":{"allow":["GET"]}}],"collection":[{"href":"https:\/\/www.blogsoestado.com\/danielmatos\/wp-json\/wp\/v2\/posts"}],"about":[{"href":"https:\/\/www.blogsoestado.com\/danielmatos\/wp-json\/wp\/v2\/types\/post"}],"replies":[{"embeddable":true,"href":"https:\/\/www.blogsoestado.com\/danielmatos\/wp-json\/wp\/v2\/comments?post=60432"}],"version-history":[{"count":0,"href":"https:\/\/www.blogsoestado.com\/danielmatos\/wp-json\/wp\/v2\/posts\/60432\/revisions"}],"wp:attachment":[{"href":"https:\/\/www.blogsoestado.com\/danielmatos\/wp-json\/wp\/v2\/media?parent=60432"}],"wp:term":[{"taxonomy":"category","embeddable":true,"href":"https:\/\/www.blogsoestado.com\/danielmatos\/wp-json\/wp\/v2\/categories?post=60432"},{"taxonomy":"post_tag","embeddable":true,"href":"https:\/\/www.blogsoestado.com\/danielmatos\/wp-json\/wp\/v2\/tags?post=60432"}],"curies":[{"name":"wp","href":"https:\/\/api.w.org\/{rel}","templated":true}]}}