{"id":60454,"date":"2019-02-18T14:45:56","date_gmt":"2019-02-18T17:45:56","guid":{"rendered":"https:\/\/www.blogsoestado.com\/danielmatos\/?p=60454"},"modified":"2019-02-18T14:45:56","modified_gmt":"2019-02-18T17:45:56","slug":"vem-ai-o-bloco-bittenca-e-acola-com-flavia-bittencourt-vanessa-da-mata","status":"publish","type":"post","link":"https:\/\/www.blogsoestado.com\/danielmatos\/vem-ai-o-bloco-bittenca-e-acola-com-flavia-bittencourt-vanessa-da-mata\/","title":{"rendered":"Vem a\u00ed o Bloco &#8220;Bittenc\u00e1 e Acol\u00e1&#8221;, com Fl\u00e1via Bittencourt &#038; Vanessa da Mata"},"content":{"rendered":"\n<figure class=\"wp-block-image\"><img decoding=\"async\" src=\"https:\/\/www.blogsoestado.com\/danielmatos\/files\/2019\/02\/flavia-bitt-720x1024.jpg\" alt=\"\" class=\"wp-image-60455\"\/><figcaption> A cantora Fl\u00e1via Bittencourt que comandar\u00e1 o bloco \u201cBittenc\u00e1 e Acol\u00e1\u201d na ter\u00e7a (05.03) de carnaval no Circuito Beira Mar em S\u00e3o Lu\u00eds <\/figcaption><\/figure>\n\n\n\n<p>A talentosa cantora Fl\u00e1via Bittencourt promete repetir a dose de sucesso e anima\u00e7\u00e3o esse ano com o seu bloco carnavalesco \u201cBittenc\u00e1 e Acol\u00e1\u201d, que surgiu pela primeira vez no ano passado arrastando uma multid\u00e3o de f\u00e3s e que teve como convidada especial a cantora Maria Gad\u00fa.<\/p>\n\n\n\n<p>J\u00e1 esse ano o \u201cBittenc\u00e1 e Acol\u00e1 voltar\u00e1 \u00e0 cena com uma \u00fanica apresenta\u00e7\u00e3o confirmada para a ter\u00e7a \u2013 feira de Carnaval (05\/03) integrando o circuito oficial do \u201cCarnaval de Todos.<\/p>\n\n\n\n<p>O bloco tem patroc\u00ednio do Grupo Mateus, via Lei Estadual de Incentivo \u00e0 Cultura. E conta com uma convidada de peso, a cantora Vanessa da Mata que possui uma legi\u00e3o de f\u00e3s maranhenses. A concentra\u00e7\u00e3o ser\u00e1 \u00e0s 17h no circuito carnavalesco da Av. Beira Mar, e sa\u00edda \u00e0s 18h.<\/p>\n","protected":false},"excerpt":{"rendered":"<p>A talentosa cantora Fl\u00e1via Bittencourt promete repetir a dose de sucesso e anima\u00e7\u00e3o esse ano com o seu bloco carnavalesco [&hellip;]<\/p>\n","protected":false},"author":0,"featured_media":0,"comment_status":"open","ping_status":"open","sticky":false,"template":"","format":"standard","meta":{"site-sidebar-layout":"default","site-content-layout":"","ast-site-content-layout":"default","site-content-style":"default","site-sidebar-style":"default","ast-global-header-display":"","ast-banner-title-visibility":"","ast-main-header-display":"","ast-hfb-above-header-display":"","ast-hfb-below-header-display":"","ast-hfb-mobile-header-display":"","site-post-title":"","ast-breadcrumbs-content":"","ast-featured-img":"","footer-sml-layout":"","ast-disable-related-posts":"","theme-transparent-header-meta":"","adv-header-id-meta":"","stick-header-meta":"","header-above-stick-meta":"","header-main-stick-meta":"","header-below-stick-meta":"","astra-migrate-meta-layouts":"default","ast-page-background-enabled":"default","ast-page-background-meta":{"desktop":{"background-color":"var(--ast-global-color-5)","background-image":"","background-repeat":"repeat","background-position":"center center","background-size":"auto","background-attachment":"scroll","background-type":"","background-media":"","overlay-type":"","overlay-color":"","overlay-opacity":"","overlay-gradient":""},"tablet":{"background-color":"","background-image":"","background-repeat":"repeat","background-position":"center center","background-size":"auto","background-attachment":"scroll","background-type":"","background-media":"","overlay-type":"","overlay-color":"","overlay-opacity":"","overlay-gradient":""},"mobile":{"background-color":"","background-image":"","background-repeat":"repeat","background-position":"center center","background-size":"auto","background-attachment":"scroll","background-type":"","background-media":"","overlay-type":"","overlay-color":"","overlay-opacity":"","overlay-gradient":""}},"ast-content-background-meta":{"desktop":{"background-color":"var(--ast-global-color-4)","background-image":"","background-repeat":"repeat","background-position":"center center","background-size":"auto","background-attachment":"scroll","background-type":"","background-media":"","overlay-type":"","overlay-color":"","overlay-opacity":"","overlay-gradient":""},"tablet":{"background-color":"var(--ast-global-color-4)","background-image":"","background-repeat":"repeat","background-position":"center center","background-size":"auto","background-attachment":"scroll","background-type":"","background-media":"","overlay-type":"","overlay-color":"","overlay-opacity":"","overlay-gradient":""},"mobile":{"background-color":"var(--ast-global-color-4)","background-image":"","background-repeat":"repeat","background-position":"center center","background-size":"auto","background-attachment":"scroll","background-type":"","background-media":"","overlay-type":"","overlay-color":"","overlay-opacity":"","overlay-gradient":""}},"footnotes":""},"categories":[1],"tags":[],"class_list":["post-60454","post","type-post","status-publish","format-standard","hentry","category-sem-categoria"],"yoast_head":"<!-- This site is optimized with the Yoast SEO plugin v26.6 - https:\/\/yoast.com\/wordpress\/plugins\/seo\/ -->\n<title>Vem a\u00ed o Bloco &quot;Bittenc\u00e1 e Acol\u00e1&quot;, com Fl\u00e1via Bittencourt &amp; Vanessa da Mata - Daniel Matos<\/title>\n<meta name=\"robots\" content=\"index, follow, max-snippet:-1, max-image-preview:large, max-video-preview:-1\" \/>\n<link rel=\"canonical\" href=\"https:\/\/www.blogsoestado.com\/danielmatos\/vem-ai-o-bloco-bittenca-e-acola-com-flavia-bittencourt-vanessa-da-mata\/\" \/>\n<meta property=\"og:locale\" content=\"pt_BR\" \/>\n<meta property=\"og:type\" content=\"article\" \/>\n<meta property=\"og:title\" content=\"Vem a\u00ed o Bloco &quot;Bittenc\u00e1 e Acol\u00e1&quot;, com Fl\u00e1via Bittencourt &amp; Vanessa da Mata - Daniel Matos\" \/>\n<meta property=\"og:description\" content=\"A talentosa cantora Fl\u00e1via Bittencourt promete repetir a dose de sucesso e anima\u00e7\u00e3o esse ano com o seu bloco carnavalesco [&hellip;]\" \/>\n<meta property=\"og:url\" content=\"https:\/\/www.blogsoestado.com\/danielmatos\/vem-ai-o-bloco-bittenca-e-acola-com-flavia-bittencourt-vanessa-da-mata\/\" \/>\n<meta property=\"og:site_name\" content=\"Daniel Matos\" \/>\n<meta property=\"article:published_time\" content=\"2019-02-18T17:45:56+00:00\" \/>\n<meta property=\"og:image\" content=\"https:\/\/www.blogsoestado.com\/danielmatos\/files\/2019\/02\/flavia-bitt-720x1024.jpg\" \/>\n<meta name=\"twitter:card\" content=\"summary_large_image\" \/>\n<meta name=\"twitter:label1\" content=\"Est. tempo de leitura\" \/>\n\t<meta name=\"twitter:data1\" content=\"1 minuto\" \/>\n<script type=\"application\/ld+json\" class=\"yoast-schema-graph\">{\"@context\":\"https:\/\/schema.org\",\"@graph\":[{\"@type\":\"WebPage\",\"@id\":\"https:\/\/www.blogsoestado.com\/danielmatos\/vem-ai-o-bloco-bittenca-e-acola-com-flavia-bittencourt-vanessa-da-mata\/\",\"url\":\"https:\/\/www.blogsoestado.com\/danielmatos\/vem-ai-o-bloco-bittenca-e-acola-com-flavia-bittencourt-vanessa-da-mata\/\",\"name\":\"Vem a\u00ed o Bloco \\\"Bittenc\u00e1 e Acol\u00e1\\\", com Fl\u00e1via Bittencourt & Vanessa da Mata - Daniel Matos\",\"isPartOf\":{\"@id\":\"https:\/\/www.blogsoestado.com\/danielmatos\/#website\"},\"primaryImageOfPage\":{\"@id\":\"https:\/\/www.blogsoestado.com\/danielmatos\/vem-ai-o-bloco-bittenca-e-acola-com-flavia-bittencourt-vanessa-da-mata\/#primaryimage\"},\"image\":{\"@id\":\"https:\/\/www.blogsoestado.com\/danielmatos\/vem-ai-o-bloco-bittenca-e-acola-com-flavia-bittencourt-vanessa-da-mata\/#primaryimage\"},\"thumbnailUrl\":\"https:\/\/www.blogsoestado.com\/danielmatos\/files\/2019\/02\/flavia-bitt-720x1024.jpg\",\"datePublished\":\"2019-02-18T17:45:56+00:00\",\"author\":{\"@id\":\"\"},\"breadcrumb\":{\"@id\":\"https:\/\/www.blogsoestado.com\/danielmatos\/vem-ai-o-bloco-bittenca-e-acola-com-flavia-bittencourt-vanessa-da-mata\/#breadcrumb\"},\"inLanguage\":\"pt-BR\",\"potentialAction\":[{\"@type\":\"ReadAction\",\"target\":[\"https:\/\/www.blogsoestado.com\/danielmatos\/vem-ai-o-bloco-bittenca-e-acola-com-flavia-bittencourt-vanessa-da-mata\/\"]}]},{\"@type\":\"ImageObject\",\"inLanguage\":\"pt-BR\",\"@id\":\"https:\/\/www.blogsoestado.com\/danielmatos\/vem-ai-o-bloco-bittenca-e-acola-com-flavia-bittencourt-vanessa-da-mata\/#primaryimage\",\"url\":\"https:\/\/www.blogsoestado.com\/danielmatos\/files\/2019\/02\/flavia-bitt-720x1024.jpg\",\"contentUrl\":\"https:\/\/www.blogsoestado.com\/danielmatos\/files\/2019\/02\/flavia-bitt-720x1024.jpg\"},{\"@type\":\"BreadcrumbList\",\"@id\":\"https:\/\/www.blogsoestado.com\/danielmatos\/vem-ai-o-bloco-bittenca-e-acola-com-flavia-bittencourt-vanessa-da-mata\/#breadcrumb\",\"itemListElement\":[{\"@type\":\"ListItem\",\"position\":1,\"name\":\"In\u00edcio\",\"item\":\"https:\/\/www.blogsoestado.com\/danielmatos\/\"},{\"@type\":\"ListItem\",\"position\":2,\"name\":\"Vem a\u00ed o Bloco &#8220;Bittenc\u00e1 e Acol\u00e1&#8221;, com Fl\u00e1via Bittencourt &#038; Vanessa da Mata\"}]},{\"@type\":\"WebSite\",\"@id\":\"https:\/\/www.blogsoestado.com\/danielmatos\/#website\",\"url\":\"https:\/\/www.blogsoestado.com\/danielmatos\/\",\"name\":\"Daniel Matos\",\"description\":\"\",\"potentialAction\":[{\"@type\":\"SearchAction\",\"target\":{\"@type\":\"EntryPoint\",\"urlTemplate\":\"https:\/\/www.blogsoestado.com\/danielmatos\/?s={search_term_string}\"},\"query-input\":{\"@type\":\"PropertyValueSpecification\",\"valueRequired\":true,\"valueName\":\"search_term_string\"}}],\"inLanguage\":\"pt-BR\"}]}<\/script>\n<!-- \/ Yoast SEO plugin. -->","yoast_head_json":{"title":"Vem a\u00ed o Bloco \"Bittenc\u00e1 e Acol\u00e1\", com Fl\u00e1via Bittencourt & Vanessa da Mata - Daniel Matos","robots":{"index":"index","follow":"follow","max-snippet":"max-snippet:-1","max-image-preview":"max-image-preview:large","max-video-preview":"max-video-preview:-1"},"canonical":"https:\/\/www.blogsoestado.com\/danielmatos\/vem-ai-o-bloco-bittenca-e-acola-com-flavia-bittencourt-vanessa-da-mata\/","og_locale":"pt_BR","og_type":"article","og_title":"Vem a\u00ed o Bloco \"Bittenc\u00e1 e Acol\u00e1\", com Fl\u00e1via Bittencourt & Vanessa da Mata - Daniel Matos","og_description":"A talentosa cantora Fl\u00e1via Bittencourt promete repetir a dose de sucesso e anima\u00e7\u00e3o esse ano com o seu bloco carnavalesco [&hellip;]","og_url":"https:\/\/www.blogsoestado.com\/danielmatos\/vem-ai-o-bloco-bittenca-e-acola-com-flavia-bittencourt-vanessa-da-mata\/","og_site_name":"Daniel Matos","article_published_time":"2019-02-18T17:45:56+00:00","og_image":[{"url":"https:\/\/www.blogsoestado.com\/danielmatos\/files\/2019\/02\/flavia-bitt-720x1024.jpg","type":"","width":"","height":""}],"twitter_card":"summary_large_image","twitter_misc":{"Est. tempo de leitura":"1 minuto"},"schema":{"@context":"https:\/\/schema.org","@graph":[{"@type":"WebPage","@id":"https:\/\/www.blogsoestado.com\/danielmatos\/vem-ai-o-bloco-bittenca-e-acola-com-flavia-bittencourt-vanessa-da-mata\/","url":"https:\/\/www.blogsoestado.com\/danielmatos\/vem-ai-o-bloco-bittenca-e-acola-com-flavia-bittencourt-vanessa-da-mata\/","name":"Vem a\u00ed o Bloco \"Bittenc\u00e1 e Acol\u00e1\", com Fl\u00e1via Bittencourt & Vanessa da Mata - Daniel Matos","isPartOf":{"@id":"https:\/\/www.blogsoestado.com\/danielmatos\/#website"},"primaryImageOfPage":{"@id":"https:\/\/www.blogsoestado.com\/danielmatos\/vem-ai-o-bloco-bittenca-e-acola-com-flavia-bittencourt-vanessa-da-mata\/#primaryimage"},"image":{"@id":"https:\/\/www.blogsoestado.com\/danielmatos\/vem-ai-o-bloco-bittenca-e-acola-com-flavia-bittencourt-vanessa-da-mata\/#primaryimage"},"thumbnailUrl":"https:\/\/www.blogsoestado.com\/danielmatos\/files\/2019\/02\/flavia-bitt-720x1024.jpg","datePublished":"2019-02-18T17:45:56+00:00","author":{"@id":""},"breadcrumb":{"@id":"https:\/\/www.blogsoestado.com\/danielmatos\/vem-ai-o-bloco-bittenca-e-acola-com-flavia-bittencourt-vanessa-da-mata\/#breadcrumb"},"inLanguage":"pt-BR","potentialAction":[{"@type":"ReadAction","target":["https:\/\/www.blogsoestado.com\/danielmatos\/vem-ai-o-bloco-bittenca-e-acola-com-flavia-bittencourt-vanessa-da-mata\/"]}]},{"@type":"ImageObject","inLanguage":"pt-BR","@id":"https:\/\/www.blogsoestado.com\/danielmatos\/vem-ai-o-bloco-bittenca-e-acola-com-flavia-bittencourt-vanessa-da-mata\/#primaryimage","url":"https:\/\/www.blogsoestado.com\/danielmatos\/files\/2019\/02\/flavia-bitt-720x1024.jpg","contentUrl":"https:\/\/www.blogsoestado.com\/danielmatos\/files\/2019\/02\/flavia-bitt-720x1024.jpg"},{"@type":"BreadcrumbList","@id":"https:\/\/www.blogsoestado.com\/danielmatos\/vem-ai-o-bloco-bittenca-e-acola-com-flavia-bittencourt-vanessa-da-mata\/#breadcrumb","itemListElement":[{"@type":"ListItem","position":1,"name":"In\u00edcio","item":"https:\/\/www.blogsoestado.com\/danielmatos\/"},{"@type":"ListItem","position":2,"name":"Vem a\u00ed o Bloco &#8220;Bittenc\u00e1 e Acol\u00e1&#8221;, com Fl\u00e1via Bittencourt &#038; Vanessa da Mata"}]},{"@type":"WebSite","@id":"https:\/\/www.blogsoestado.com\/danielmatos\/#website","url":"https:\/\/www.blogsoestado.com\/danielmatos\/","name":"Daniel Matos","description":"","potentialAction":[{"@type":"SearchAction","target":{"@type":"EntryPoint","urlTemplate":"https:\/\/www.blogsoestado.com\/danielmatos\/?s={search_term_string}"},"query-input":{"@type":"PropertyValueSpecification","valueRequired":true,"valueName":"search_term_string"}}],"inLanguage":"pt-BR"}]}},"jetpack_featured_media_url":"","_links":{"self":[{"href":"https:\/\/www.blogsoestado.com\/danielmatos\/wp-json\/wp\/v2\/posts\/60454","targetHints":{"allow":["GET"]}}],"collection":[{"href":"https:\/\/www.blogsoestado.com\/danielmatos\/wp-json\/wp\/v2\/posts"}],"about":[{"href":"https:\/\/www.blogsoestado.com\/danielmatos\/wp-json\/wp\/v2\/types\/post"}],"replies":[{"embeddable":true,"href":"https:\/\/www.blogsoestado.com\/danielmatos\/wp-json\/wp\/v2\/comments?post=60454"}],"version-history":[{"count":0,"href":"https:\/\/www.blogsoestado.com\/danielmatos\/wp-json\/wp\/v2\/posts\/60454\/revisions"}],"wp:attachment":[{"href":"https:\/\/www.blogsoestado.com\/danielmatos\/wp-json\/wp\/v2\/media?parent=60454"}],"wp:term":[{"taxonomy":"category","embeddable":true,"href":"https:\/\/www.blogsoestado.com\/danielmatos\/wp-json\/wp\/v2\/categories?post=60454"},{"taxonomy":"post_tag","embeddable":true,"href":"https:\/\/www.blogsoestado.com\/danielmatos\/wp-json\/wp\/v2\/tags?post=60454"}],"curies":[{"name":"wp","href":"https:\/\/api.w.org\/{rel}","templated":true}]}}