{"id":60457,"date":"2019-02-18T17:11:59","date_gmt":"2019-02-18T20:11:59","guid":{"rendered":"https:\/\/www.blogsoestado.com\/danielmatos\/?p=60457"},"modified":"2019-02-18T17:11:59","modified_gmt":"2019-02-18T20:11:59","slug":"prefeito-hilton-goncalo-discute-producao-de-mandioca-com-representantes-da-ambev","status":"publish","type":"post","link":"https:\/\/www.blogsoestado.com\/danielmatos\/prefeito-hilton-goncalo-discute-producao-de-mandioca-com-representantes-da-ambev\/","title":{"rendered":"Prefeito Hilton Gon\u00e7alo discute produ\u00e7\u00e3o de mandioca com representantes da Ambev"},"content":{"rendered":"\n<figure class=\"wp-block-image\"><img decoding=\"async\" src=\"https:\/\/www.blogsoestado.com\/danielmatos\/files\/2019\/02\/gon\u00e7alo-ambev-1024x768.jpg\" alt=\"\" class=\"wp-image-60458\"\/><figcaption>Prefeito Hilton Gon\u00e7alo destacou potencial agr\u00edcola de Santa Rita a representante da Ambev<\/figcaption><\/figure>\n\n\n\n<p>O prefeito Hilton Gon\u00e7alo participou na \u00faltima quinta-feira (14), de uma reuni\u00e3o com representante da Ambev e membros da Federa\u00e7\u00e3o da Agricultura e Pecu\u00e1ria do Maranh\u00e3o, para discutir o aumento do plantio da mandioca que serve como mat\u00e9ria-prima para a produ\u00e7\u00e3o da cerveja Magn\u00edfica.<\/p>\n\n\n\n<p>Hilton Gon\u00e7alo acredita que o potencial agr\u00edcola do Maranh\u00e3o, especialmente do munic\u00edpio de Santa Rita, no plantio de mandioca deve ser melhor aproveitado pela Ambev, que atualmente compra o produto agr\u00edcola, mas envia para Pernambuco para transform\u00e1-lo em f\u00e9cula e a\u00ed sim ocorrer a produ\u00e7\u00e3o da cerveja.<\/p>\n\n\n\n<p>O prefeito de Santa Rita inclusive sugeriu que possa ser discutida a constru\u00e7\u00e3o de uma fecularia no Maranh\u00e3o, afinal assim existiria gera\u00e7\u00e3o de emprego e renda no estado, al\u00e9m de deixar o custo da produ\u00e7\u00e3o da Magn\u00edfica mais barato.<\/p>\n\n\n\n<p>Atualmente a Ambev est\u00e1 produzindo duas cervejas \u00e0 base de mandioca, a Magn\u00edfica no Maranh\u00e3o e a Nossa em Pernambuco, ambas s\u00e3o vendidas de forma exclusiva somente nos dois estados.<\/p>\n\n\n\n<p>Durante a reuni\u00e3o, que contou com a participa\u00e7\u00e3o do presidente da Faema e do Sebrae, Raimundo Coelho, assim como do vice-presidente do Sebrae, Celso Gon\u00e7alo, foi abordado o assunto da distribui\u00e7\u00e3o da cerveja que ainda n\u00e3o est\u00e1 presente nos grandes supermercados do Maranh\u00e3o.<\/p>\n\n\n\n<figure class=\"wp-block-image\"><img decoding=\"async\" src=\"https:\/\/www.blogsoestado.com\/danielmatos\/files\/2019\/02\/gon\u00e7alo-ambev2-1024x768.jpg\" alt=\"\" class=\"wp-image-60459\"\/><figcaption> <br>Incentivador do desenvolvimento agr\u00edcola de Santa Rita, o prefeito defendeu o uso da mandioca n\u00e3o apenas para a produ\u00e7\u00e3o de farinha <\/figcaption><\/figure>\n\n\n\n<p>O representante da Ambev explicou que isso decorre por conta da produ\u00e7\u00e3o, que ainda n\u00e3o atende toda a demanda. Diante desse fato, mais uma vez foi sugerida a amplia\u00e7\u00e3o e o incentivo \u00e0 produ\u00e7\u00e3o da mandioca no estado.<\/p>\n\n\n\n<p>Hilton Gon\u00e7alo \u00e9 um incentivador do desenvolvimento agr\u00edcola de Santa Rita, e por isso ele defende que a mandioca n\u00e3o deve ser usada apenas para a produ\u00e7\u00e3o de farinha. \u201cAcabou aquela hist\u00f3ria de Santa Rita ser conhecida por ser a terra da farinha. Hoje, n\u00f3s produzimos muito mais, claro que mantemos a tradi\u00e7\u00e3o da nossa deliciosa farinha, mas atualmente somos produtores de outras culturas agr\u00edcolas, assim como temos um grande potencial na piscicultura\u201d, declarou.<\/p>\n","protected":false},"excerpt":{"rendered":"<p>O prefeito Hilton Gon\u00e7alo participou na \u00faltima quinta-feira (14), de uma reuni\u00e3o com representante da Ambev e membros da Federa\u00e7\u00e3o [&hellip;]<\/p>\n","protected":false},"author":0,"featured_media":0,"comment_status":"open","ping_status":"open","sticky":false,"template":"","format":"standard","meta":{"site-sidebar-layout":"default","site-content-layout":"","ast-site-content-layout":"default","site-content-style":"default","site-sidebar-style":"default","ast-global-header-display":"","ast-banner-title-visibility":"","ast-main-header-display":"","ast-hfb-above-header-display":"","ast-hfb-below-header-display":"","ast-hfb-mobile-header-display":"","site-post-title":"","ast-breadcrumbs-content":"","ast-featured-img":"","footer-sml-layout":"","ast-disable-related-posts":"","theme-transparent-header-meta":"","adv-header-id-meta":"","stick-header-meta":"","header-above-stick-meta":"","header-main-stick-meta":"","header-below-stick-meta":"","astra-migrate-meta-layouts":"default","ast-page-background-enabled":"default","ast-page-background-meta":{"desktop":{"background-color":"var(--ast-global-color-5)","background-image":"","background-repeat":"repeat","background-position":"center center","background-size":"auto","background-attachment":"scroll","background-type":"","background-media":"","overlay-type":"","overlay-color":"","overlay-opacity":"","overlay-gradient":""},"tablet":{"background-color":"","background-image":"","background-repeat":"repeat","background-position":"center center","background-size":"auto","background-attachment":"scroll","background-type":"","background-media":"","overlay-type":"","overlay-color":"","overlay-opacity":"","overlay-gradient":""},"mobile":{"background-color":"","background-image":"","background-repeat":"repeat","background-position":"center center","background-size":"auto","background-attachment":"scroll","background-type":"","background-media":"","overlay-type":"","overlay-color":"","overlay-opacity":"","overlay-gradient":""}},"ast-content-background-meta":{"desktop":{"background-color":"var(--ast-global-color-4)","background-image":"","background-repeat":"repeat","background-position":"center center","background-size":"auto","background-attachment":"scroll","background-type":"","background-media":"","overlay-type":"","overlay-color":"","overlay-opacity":"","overlay-gradient":""},"tablet":{"background-color":"var(--ast-global-color-4)","background-image":"","background-repeat":"repeat","background-position":"center center","background-size":"auto","background-attachment":"scroll","background-type":"","background-media":"","overlay-type":"","overlay-color":"","overlay-opacity":"","overlay-gradient":""},"mobile":{"background-color":"var(--ast-global-color-4)","background-image":"","background-repeat":"repeat","background-position":"center center","background-size":"auto","background-attachment":"scroll","background-type":"","background-media":"","overlay-type":"","overlay-color":"","overlay-opacity":"","overlay-gradient":""}},"footnotes":""},"categories":[1],"tags":[],"class_list":["post-60457","post","type-post","status-publish","format-standard","hentry","category-sem-categoria"],"yoast_head":"<!-- This site is optimized with the Yoast SEO plugin v26.6 - https:\/\/yoast.com\/wordpress\/plugins\/seo\/ -->\n<title>Prefeito Hilton Gon\u00e7alo discute produ\u00e7\u00e3o de mandioca com representantes da Ambev - Daniel Matos<\/title>\n<meta name=\"robots\" content=\"index, follow, max-snippet:-1, max-image-preview:large, max-video-preview:-1\" \/>\n<link rel=\"canonical\" href=\"https:\/\/www.blogsoestado.com\/danielmatos\/prefeito-hilton-goncalo-discute-producao-de-mandioca-com-representantes-da-ambev\/\" \/>\n<meta property=\"og:locale\" content=\"pt_BR\" \/>\n<meta property=\"og:type\" content=\"article\" \/>\n<meta property=\"og:title\" content=\"Prefeito Hilton Gon\u00e7alo discute produ\u00e7\u00e3o de mandioca com representantes da Ambev - Daniel Matos\" \/>\n<meta property=\"og:description\" content=\"O prefeito Hilton Gon\u00e7alo participou na \u00faltima quinta-feira (14), de uma reuni\u00e3o com representante da Ambev e membros da Federa\u00e7\u00e3o [&hellip;]\" \/>\n<meta property=\"og:url\" content=\"https:\/\/www.blogsoestado.com\/danielmatos\/prefeito-hilton-goncalo-discute-producao-de-mandioca-com-representantes-da-ambev\/\" \/>\n<meta property=\"og:site_name\" content=\"Daniel Matos\" \/>\n<meta property=\"article:published_time\" content=\"2019-02-18T20:11:59+00:00\" \/>\n<meta name=\"twitter:card\" content=\"summary_large_image\" \/>\n<meta name=\"twitter:label1\" content=\"Est. tempo de leitura\" \/>\n\t<meta name=\"twitter:data1\" content=\"2 minutos\" \/>\n<script type=\"application\/ld+json\" class=\"yoast-schema-graph\">{\"@context\":\"https:\/\/schema.org\",\"@graph\":[{\"@type\":\"WebPage\",\"@id\":\"https:\/\/www.blogsoestado.com\/danielmatos\/prefeito-hilton-goncalo-discute-producao-de-mandioca-com-representantes-da-ambev\/\",\"url\":\"https:\/\/www.blogsoestado.com\/danielmatos\/prefeito-hilton-goncalo-discute-producao-de-mandioca-com-representantes-da-ambev\/\",\"name\":\"Prefeito Hilton Gon\u00e7alo discute produ\u00e7\u00e3o de mandioca com representantes da Ambev - Daniel Matos\",\"isPartOf\":{\"@id\":\"https:\/\/www.blogsoestado.com\/danielmatos\/#website\"},\"datePublished\":\"2019-02-18T20:11:59+00:00\",\"author\":{\"@id\":\"\"},\"breadcrumb\":{\"@id\":\"https:\/\/www.blogsoestado.com\/danielmatos\/prefeito-hilton-goncalo-discute-producao-de-mandioca-com-representantes-da-ambev\/#breadcrumb\"},\"inLanguage\":\"pt-BR\",\"potentialAction\":[{\"@type\":\"ReadAction\",\"target\":[\"https:\/\/www.blogsoestado.com\/danielmatos\/prefeito-hilton-goncalo-discute-producao-de-mandioca-com-representantes-da-ambev\/\"]}]},{\"@type\":\"BreadcrumbList\",\"@id\":\"https:\/\/www.blogsoestado.com\/danielmatos\/prefeito-hilton-goncalo-discute-producao-de-mandioca-com-representantes-da-ambev\/#breadcrumb\",\"itemListElement\":[{\"@type\":\"ListItem\",\"position\":1,\"name\":\"In\u00edcio\",\"item\":\"https:\/\/www.blogsoestado.com\/danielmatos\/\"},{\"@type\":\"ListItem\",\"position\":2,\"name\":\"Prefeito Hilton Gon\u00e7alo discute produ\u00e7\u00e3o de mandioca com representantes da Ambev\"}]},{\"@type\":\"WebSite\",\"@id\":\"https:\/\/www.blogsoestado.com\/danielmatos\/#website\",\"url\":\"https:\/\/www.blogsoestado.com\/danielmatos\/\",\"name\":\"Daniel Matos\",\"description\":\"\",\"potentialAction\":[{\"@type\":\"SearchAction\",\"target\":{\"@type\":\"EntryPoint\",\"urlTemplate\":\"https:\/\/www.blogsoestado.com\/danielmatos\/?s={search_term_string}\"},\"query-input\":{\"@type\":\"PropertyValueSpecification\",\"valueRequired\":true,\"valueName\":\"search_term_string\"}}],\"inLanguage\":\"pt-BR\"}]}<\/script>\n<!-- \/ Yoast SEO plugin. -->","yoast_head_json":{"title":"Prefeito Hilton Gon\u00e7alo discute produ\u00e7\u00e3o de mandioca com representantes da Ambev - Daniel Matos","robots":{"index":"index","follow":"follow","max-snippet":"max-snippet:-1","max-image-preview":"max-image-preview:large","max-video-preview":"max-video-preview:-1"},"canonical":"https:\/\/www.blogsoestado.com\/danielmatos\/prefeito-hilton-goncalo-discute-producao-de-mandioca-com-representantes-da-ambev\/","og_locale":"pt_BR","og_type":"article","og_title":"Prefeito Hilton Gon\u00e7alo discute produ\u00e7\u00e3o de mandioca com representantes da Ambev - Daniel Matos","og_description":"O prefeito Hilton Gon\u00e7alo participou na \u00faltima quinta-feira (14), de uma reuni\u00e3o com representante da Ambev e membros da Federa\u00e7\u00e3o [&hellip;]","og_url":"https:\/\/www.blogsoestado.com\/danielmatos\/prefeito-hilton-goncalo-discute-producao-de-mandioca-com-representantes-da-ambev\/","og_site_name":"Daniel Matos","article_published_time":"2019-02-18T20:11:59+00:00","twitter_card":"summary_large_image","twitter_misc":{"Est. tempo de leitura":"2 minutos"},"schema":{"@context":"https:\/\/schema.org","@graph":[{"@type":"WebPage","@id":"https:\/\/www.blogsoestado.com\/danielmatos\/prefeito-hilton-goncalo-discute-producao-de-mandioca-com-representantes-da-ambev\/","url":"https:\/\/www.blogsoestado.com\/danielmatos\/prefeito-hilton-goncalo-discute-producao-de-mandioca-com-representantes-da-ambev\/","name":"Prefeito Hilton Gon\u00e7alo discute produ\u00e7\u00e3o de mandioca com representantes da Ambev - Daniel Matos","isPartOf":{"@id":"https:\/\/www.blogsoestado.com\/danielmatos\/#website"},"datePublished":"2019-02-18T20:11:59+00:00","author":{"@id":""},"breadcrumb":{"@id":"https:\/\/www.blogsoestado.com\/danielmatos\/prefeito-hilton-goncalo-discute-producao-de-mandioca-com-representantes-da-ambev\/#breadcrumb"},"inLanguage":"pt-BR","potentialAction":[{"@type":"ReadAction","target":["https:\/\/www.blogsoestado.com\/danielmatos\/prefeito-hilton-goncalo-discute-producao-de-mandioca-com-representantes-da-ambev\/"]}]},{"@type":"BreadcrumbList","@id":"https:\/\/www.blogsoestado.com\/danielmatos\/prefeito-hilton-goncalo-discute-producao-de-mandioca-com-representantes-da-ambev\/#breadcrumb","itemListElement":[{"@type":"ListItem","position":1,"name":"In\u00edcio","item":"https:\/\/www.blogsoestado.com\/danielmatos\/"},{"@type":"ListItem","position":2,"name":"Prefeito Hilton Gon\u00e7alo discute produ\u00e7\u00e3o de mandioca com representantes da Ambev"}]},{"@type":"WebSite","@id":"https:\/\/www.blogsoestado.com\/danielmatos\/#website","url":"https:\/\/www.blogsoestado.com\/danielmatos\/","name":"Daniel Matos","description":"","potentialAction":[{"@type":"SearchAction","target":{"@type":"EntryPoint","urlTemplate":"https:\/\/www.blogsoestado.com\/danielmatos\/?s={search_term_string}"},"query-input":{"@type":"PropertyValueSpecification","valueRequired":true,"valueName":"search_term_string"}}],"inLanguage":"pt-BR"}]}},"jetpack_featured_media_url":"","_links":{"self":[{"href":"https:\/\/www.blogsoestado.com\/danielmatos\/wp-json\/wp\/v2\/posts\/60457","targetHints":{"allow":["GET"]}}],"collection":[{"href":"https:\/\/www.blogsoestado.com\/danielmatos\/wp-json\/wp\/v2\/posts"}],"about":[{"href":"https:\/\/www.blogsoestado.com\/danielmatos\/wp-json\/wp\/v2\/types\/post"}],"replies":[{"embeddable":true,"href":"https:\/\/www.blogsoestado.com\/danielmatos\/wp-json\/wp\/v2\/comments?post=60457"}],"version-history":[{"count":0,"href":"https:\/\/www.blogsoestado.com\/danielmatos\/wp-json\/wp\/v2\/posts\/60457\/revisions"}],"wp:attachment":[{"href":"https:\/\/www.blogsoestado.com\/danielmatos\/wp-json\/wp\/v2\/media?parent=60457"}],"wp:term":[{"taxonomy":"category","embeddable":true,"href":"https:\/\/www.blogsoestado.com\/danielmatos\/wp-json\/wp\/v2\/categories?post=60457"},{"taxonomy":"post_tag","embeddable":true,"href":"https:\/\/www.blogsoestado.com\/danielmatos\/wp-json\/wp\/v2\/tags?post=60457"}],"curies":[{"name":"wp","href":"https:\/\/api.w.org\/{rel}","templated":true}]}}