{"id":60464,"date":"2019-02-18T19:12:25","date_gmt":"2019-02-18T22:12:25","guid":{"rendered":"https:\/\/www.blogsoestado.com\/danielmatos\/?p=60464"},"modified":"2019-02-18T19:12:25","modified_gmt":"2019-02-18T22:12:25","slug":"marcial-lima-reafirma-com-base-em-dados-importancia-do-seu-projeto-que-preve-divulgacao-de-receita-com-multas-de-transito","status":"publish","type":"post","link":"https:\/\/www.blogsoestado.com\/danielmatos\/marcial-lima-reafirma-com-base-em-dados-importancia-do-seu-projeto-que-preve-divulgacao-de-receita-com-multas-de-transito\/","title":{"rendered":"Marcial Lima reafirma, com base em dados, import\u00e2ncia do seu projeto que prev\u00ea divulga\u00e7\u00e3o de receita com multas de tr\u00e2nsito"},"content":{"rendered":"\n<p class=\"has-text-color has-large-font-size has-vivid-red-color\">Em discurso firme, o vereador tamb\u00e9m abordou intimida\u00e7\u00e3o a comerciantes pelo crime, interrup\u00e7\u00e3o do Bloco da Imprensa, problemas em escola p\u00fablica e crise no Governo Federal <\/p>\n\n\n\n<figure class=\"wp-block-image\"><img decoding=\"async\" src=\"https:\/\/www.blogsoestado.com\/danielmatos\/files\/2019\/02\/marcial-pronuncia.jpg\" alt=\"\" class=\"wp-image-60473\"\/><figcaption>Vereador Marcial Lima abordou temas diversos em mais um pronunciamento na tribuna<\/figcaption><\/figure>\n\n\n\n<p>Em pronunciamento na tribuna, na sess\u00e3o desta segunda&#8211;feira da C\u00e2mara Municipal, o vereador Marcial Lima (PRTB) reafirmou a import\u00e2ncia do projeto de lei de sua autoria que prev\u00ea a divulga\u00e7\u00e3o do montante arrecadado com multas de tr\u00e2nsito no portal da transpar\u00eancia da Prefeitura de S\u00e3o Lu\u00eds. Para refor\u00e7ar seu discurso, Marcial citou mat\u00e9ria publicada pelo jornal <a href=\"http:\/\/www.oestadoma.com.br\">O Estado do Maranh\u00e3o<\/a>, no \u00faltimo dia 13, que apontou, com base em dados do Detran, o aumento de 55% no n\u00famero de autua\u00e7\u00f5es por viola\u00e7\u00f5es \u00e1 lei de tr\u00e2nsito na capital entre 2017 e 2018.<\/p>\n\n\n\n<p>Para Marcial, \u00e9 fundamental que a administra\u00e7\u00e3o municipal informe ao povo de S\u00e3o Lu\u00eds quanto arrecadou e quanto est\u00e1 investindo em sinaliza\u00e7\u00e3o de vias, por exemplo. &#8220;Foram quase 300 mil multas aplicadas em 2018, mas revelar o n\u00famero de autua\u00e7\u00f5es n\u00e3o \u00e9 o suficiente. \u00c9 preciso que prefeitura informe quanto arrecada e os investimentos feitos com esse montante&#8221;, defendeu.<\/p>\n\n\n\n<p>Marcial Lima lembrou que a imprensa costuma denunciar com frequ\u00eancia o p\u00e9ssimo estado de conserva\u00e7\u00e3o ou mesmo a inexist\u00eancia de abrigos para usu\u00e1rios de \u00f4nibus em algumas \u00e1reas da cidade. Ele citou ainda a aus\u00eancia de faixas de pedestres e de passarelas em vias com fluxo intenso de tr\u00e1fego como sinais de que o montante arrecadado com multas n\u00e3o est\u00e1 sendo bem empregado. &#8220;S\u00e3o Lu\u00eds \u00e9 a \u00fanica capital do Nordeste que n\u00e3o tem passarela. Em grandes avenidas como Daniel de La Touche e Jar\u00f4nimo de Albuquerque o tr\u00e2nsito chega a travar pela aus\u00eancia dessas estruturas&#8221;, advertiu.<\/p>\n\n\n\n<p><strong>Intimida\u00e7\u00e3o<\/strong>      <\/p>\n\n\n\n<p>Outro assunto abordado por Marcial Lima no pronunciamento refere-se a uma den\u00fancia de que ca\u00e7\u00f5es criminosas estariam intimidando a comunidade da Vila Luiz\u00e3o, Sol e Mar, Divineia e Brisa do Mar, que registra n\u00edvel significativo de gera\u00e7\u00e3o de emprego e renda. Segundo informa\u00e7\u00e3o repassada ao vereador via celular e ao programa que ele apresenta na R\u00e1dio Mirante AM, bandidos estariam exigindo dos comerciantes da regi\u00e3o o pagamento de uma taxa a uma fac\u00e7\u00e3o criminosa para que os mesmos possam trabalhar em seus estabelecimentos.<\/p>\n\n\n\n<p>Marcial disse que procurou o delegado Walter Vanderley, do distrito policial do Ara\u00e7agi, que prometeu tomar provid\u00eancias em rela\u00e7\u00e3o \u00e0 cobran\u00e7a intimidat\u00f3ria imposta aos comerciantes.<\/p>\n\n\n\n<p><strong>Bloco<\/strong>  <\/p>\n\n\n\n<p>O vereador tamb\u00e9m aproveitou o tempo na tribuna para mencionar a interrup\u00e7\u00e3o do Bloco da Imprensa em sua \u00faltima concentra\u00e7\u00e3o, no \u00faltimo s\u00e1bado (16). Ele lamentou a pane em um gerador de energia por falta de \u00f3leo diesel, que provocou o t\u00e9rmino antecipado da festa, realizada no Centro Hist\u00f3rico. &#8220;\u00c9 preciso que o pr\u00e9-Carnaval do Maranh\u00e3o seja levado a s\u00e9rio, como \u00e9 o Carnaval&#8221;, reivindicou, relembrando a frustra\u00e7\u00e3o que tomou conta de colegas da imprensa e do p\u00fablico em geral com o cancelamento da programa\u00e7\u00e3o do bloco antes das apresenta\u00e7\u00f5es do Bicho Terra, da Banda Makina du Tempo e do Bloco Os Apaixonados, que eram aguardados com expectativa pelos foli\u00f5es.<\/p>\n\n\n\n<p><strong>Escola<\/strong><\/p>\n\n\n\n<p>Marcial Lima tamb\u00e9m fez um retrospecto da visita que fez, semana passada, na companhia do colega vereador C\u00e9zar Bombeiro (PSD), \u00e0 escola municipal Henrique de La Rocque Almeida, na Vila Embratel. O vereador relatou problemas que constatou na unidade de ensino, como o desgaste estrutural ap\u00f3s a reforma feita em 2017, o n\u00e3o funcionamento dos aparelhos de ar-condicionado e a falta de professores em v\u00e1rias disciplinas, como ingl\u00eas, geografia, hist\u00f3ria. &#8220;A escola ainda vai concluir o ano letivo de 2018 ap\u00f3s o Carnaval, sem que os alunos do 8\u00ba ano tenham tido aulas de geografia&#8221;, denunciou. <\/p>\n\n\n\n<p><strong>Cr<\/strong><span style=\"background-color: rgb(232, 234, 235);\"><strong>ise no Governo Federal<\/strong><\/span><\/p>\n\n\n\n<p>Por \u00faltimo, Marcial fez men\u00e7\u00e3o, tamb\u00e9m, \u00e0 crise interna no Governo Federal, que tem como piv\u00f4 o ministro da Secretaria-Geral da Presid\u00eancia, Gustavo Bebianno, acusado de repassar a candidatos apontados como &#8220;laranjas&#8221; recursos do PSL, partido do presidente Jair Bolsonaro. Bebianno presidia a sigla na \u00e9poca da campanha e ap\u00f3s os fatos virem \u00e0 tona, entrou em rota de colis\u00e3o com Carlos Bolsonaro, um dos filhos do presidente, que chegou a cham\u00e1-lo publicamente de mentiroso.<\/p>\n\n\n\n<p>Marcial lembrou que interfer\u00eancia de filhos nas administra\u00e7\u00f5es dos pais n\u00e3o \u00e9 novidade no Brasil e citou um caso recente registrado em S\u00e3o Lu\u00eds. &#8220;Na gest\u00e3o do ex-prefeito Jo\u00e3o Castelo comentava-se que a filha mandava na prefeitura&#8221;.<\/p>\n\n\n\n<p>O vereador diz que torce pelo governo de Bolsonaro e pelo desenvolvimento do Brasil. E fez refer\u00eancia ao que disse o vice-presidente Hamilton Mour\u00e3o, que recomendou \u00e0s pessoas que queiram dar pitaco no governo que ingressem no governo. &#8220;\u00c9 preciso saber medir as coisas e ter muito cuidado para n\u00e3o cair em descr\u00e9dito, inclusive da classe pol\u00edtica&#8221;, alertou. <\/p>\n\n\n\n<p><strong>Clique <a href=\"https:\/\/www.facebook.com\/marciallima2\/videos\/1063706423837572\/UzpfSTEwMDAwNTk0NjcyMjE3MjoxMDYzNzI1OTU3MTY4OTUy\/?__tn__=%2CdlC-R&amp;eid=ARBD29Wl7oGmS2tS_VE38oDI5JAbqM__9cgzGBWdke2crAHNNGbT67j_LzswSLMvT5zKeY0jdy8R5eA4&amp;hc_ref=ARQCsy3G2PjjE71XRL57J7_q-I8t5goStOncqk6fomMQdWj_JGZ8JADSX_TMtSTsWD0\">aqui<\/a> para assistir ao pronunciamento.<\/strong><\/p>\n\n\n\n<p><\/p>\n","protected":false},"excerpt":{"rendered":"<p>Em discurso firme, o vereador tamb\u00e9m abordou intimida\u00e7\u00e3o a comerciantes pelo crime, interrup\u00e7\u00e3o do Bloco da Imprensa, problemas em escola [&hellip;]<\/p>\n","protected":false},"author":0,"featured_media":0,"comment_status":"open","ping_status":"open","sticky":false,"template":"","format":"standard","meta":{"site-sidebar-layout":"default","site-content-layout":"","ast-site-content-layout":"default","site-content-style":"default","site-sidebar-style":"default","ast-global-header-display":"","ast-banner-title-visibility":"","ast-main-header-display":"","ast-hfb-above-header-display":"","ast-hfb-below-header-display":"","ast-hfb-mobile-header-display":"","site-post-title":"","ast-breadcrumbs-content":"","ast-featured-img":"","footer-sml-layout":"","ast-disable-related-posts":"","theme-transparent-header-meta":"","adv-header-id-meta":"","stick-header-meta":"","header-above-stick-meta":"","header-main-stick-meta":"","header-below-stick-meta":"","astra-migrate-meta-layouts":"default","ast-page-background-enabled":"default","ast-page-background-meta":{"desktop":{"background-color":"var(--ast-global-color-5)","background-image":"","background-repeat":"repeat","background-position":"center center","background-size":"auto","background-attachment":"scroll","background-type":"","background-media":"","overlay-type":"","overlay-color":"","overlay-opacity":"","overlay-gradient":""},"tablet":{"background-color":"","background-image":"","background-repeat":"repeat","background-position":"center center","background-size":"auto","background-attachment":"scroll","background-type":"","background-media":"","overlay-type":"","overlay-color":"","overlay-opacity":"","overlay-gradient":""},"mobile":{"background-color":"","background-image":"","background-repeat":"repeat","background-position":"center center","background-size":"auto","background-attachment":"scroll","background-type":"","background-media":"","overlay-type":"","overlay-color":"","overlay-opacity":"","overlay-gradient":""}},"ast-content-background-meta":{"desktop":{"background-color":"var(--ast-global-color-4)","background-image":"","background-repeat":"repeat","background-position":"center center","background-size":"auto","background-attachment":"scroll","background-type":"","background-media":"","overlay-type":"","overlay-color":"","overlay-opacity":"","overlay-gradient":""},"tablet":{"background-color":"var(--ast-global-color-4)","background-image":"","background-repeat":"repeat","background-position":"center center","background-size":"auto","background-attachment":"scroll","background-type":"","background-media":"","overlay-type":"","overlay-color":"","overlay-opacity":"","overlay-gradient":""},"mobile":{"background-color":"var(--ast-global-color-4)","background-image":"","background-repeat":"repeat","background-position":"center center","background-size":"auto","background-attachment":"scroll","background-type":"","background-media":"","overlay-type":"","overlay-color":"","overlay-opacity":"","overlay-gradient":""}},"footnotes":""},"categories":[1],"tags":[],"class_list":["post-60464","post","type-post","status-publish","format-standard","hentry","category-sem-categoria"],"yoast_head":"<!-- This site is optimized with the Yoast SEO plugin v26.6 - https:\/\/yoast.com\/wordpress\/plugins\/seo\/ -->\n<title>Marcial Lima reafirma, com base em dados, import\u00e2ncia do seu projeto que prev\u00ea divulga\u00e7\u00e3o de receita com multas de tr\u00e2nsito - Daniel Matos<\/title>\n<meta name=\"robots\" content=\"index, follow, max-snippet:-1, max-image-preview:large, max-video-preview:-1\" \/>\n<link rel=\"canonical\" href=\"https:\/\/www.blogsoestado.com\/danielmatos\/marcial-lima-reafirma-com-base-em-dados-importancia-do-seu-projeto-que-preve-divulgacao-de-receita-com-multas-de-transito\/\" \/>\n<meta property=\"og:locale\" content=\"pt_BR\" \/>\n<meta property=\"og:type\" content=\"article\" \/>\n<meta property=\"og:title\" content=\"Marcial Lima reafirma, com base em dados, import\u00e2ncia do seu projeto que prev\u00ea divulga\u00e7\u00e3o de receita com multas de tr\u00e2nsito - Daniel Matos\" \/>\n<meta property=\"og:description\" content=\"Em discurso firme, o vereador tamb\u00e9m abordou intimida\u00e7\u00e3o a comerciantes pelo crime, interrup\u00e7\u00e3o do Bloco da Imprensa, problemas em escola [&hellip;]\" \/>\n<meta property=\"og:url\" content=\"https:\/\/www.blogsoestado.com\/danielmatos\/marcial-lima-reafirma-com-base-em-dados-importancia-do-seu-projeto-que-preve-divulgacao-de-receita-com-multas-de-transito\/\" \/>\n<meta property=\"og:site_name\" content=\"Daniel Matos\" \/>\n<meta property=\"article:published_time\" content=\"2019-02-18T22:12:25+00:00\" \/>\n<meta property=\"og:image\" content=\"https:\/\/www.blogsoestado.com\/danielmatos\/files\/2019\/02\/marcial-pronuncia.jpg\" \/>\n<meta name=\"twitter:card\" content=\"summary_large_image\" \/>\n<meta name=\"twitter:label1\" content=\"Est. tempo de leitura\" \/>\n\t<meta name=\"twitter:data1\" content=\"4 minutos\" \/>\n<script type=\"application\/ld+json\" class=\"yoast-schema-graph\">{\"@context\":\"https:\/\/schema.org\",\"@graph\":[{\"@type\":\"WebPage\",\"@id\":\"https:\/\/www.blogsoestado.com\/danielmatos\/marcial-lima-reafirma-com-base-em-dados-importancia-do-seu-projeto-que-preve-divulgacao-de-receita-com-multas-de-transito\/\",\"url\":\"https:\/\/www.blogsoestado.com\/danielmatos\/marcial-lima-reafirma-com-base-em-dados-importancia-do-seu-projeto-que-preve-divulgacao-de-receita-com-multas-de-transito\/\",\"name\":\"Marcial Lima reafirma, com base em dados, import\u00e2ncia do seu projeto que prev\u00ea divulga\u00e7\u00e3o de receita com multas de tr\u00e2nsito - Daniel Matos\",\"isPartOf\":{\"@id\":\"https:\/\/www.blogsoestado.com\/danielmatos\/#website\"},\"primaryImageOfPage\":{\"@id\":\"https:\/\/www.blogsoestado.com\/danielmatos\/marcial-lima-reafirma-com-base-em-dados-importancia-do-seu-projeto-que-preve-divulgacao-de-receita-com-multas-de-transito\/#primaryimage\"},\"image\":{\"@id\":\"https:\/\/www.blogsoestado.com\/danielmatos\/marcial-lima-reafirma-com-base-em-dados-importancia-do-seu-projeto-que-preve-divulgacao-de-receita-com-multas-de-transito\/#primaryimage\"},\"thumbnailUrl\":\"https:\/\/www.blogsoestado.com\/danielmatos\/files\/2019\/02\/marcial-pronuncia.jpg\",\"datePublished\":\"2019-02-18T22:12:25+00:00\",\"author\":{\"@id\":\"\"},\"breadcrumb\":{\"@id\":\"https:\/\/www.blogsoestado.com\/danielmatos\/marcial-lima-reafirma-com-base-em-dados-importancia-do-seu-projeto-que-preve-divulgacao-de-receita-com-multas-de-transito\/#breadcrumb\"},\"inLanguage\":\"pt-BR\",\"potentialAction\":[{\"@type\":\"ReadAction\",\"target\":[\"https:\/\/www.blogsoestado.com\/danielmatos\/marcial-lima-reafirma-com-base-em-dados-importancia-do-seu-projeto-que-preve-divulgacao-de-receita-com-multas-de-transito\/\"]}]},{\"@type\":\"ImageObject\",\"inLanguage\":\"pt-BR\",\"@id\":\"https:\/\/www.blogsoestado.com\/danielmatos\/marcial-lima-reafirma-com-base-em-dados-importancia-do-seu-projeto-que-preve-divulgacao-de-receita-com-multas-de-transito\/#primaryimage\",\"url\":\"https:\/\/www.blogsoestado.com\/danielmatos\/files\/2019\/02\/marcial-pronuncia.jpg\",\"contentUrl\":\"https:\/\/www.blogsoestado.com\/danielmatos\/files\/2019\/02\/marcial-pronuncia.jpg\"},{\"@type\":\"BreadcrumbList\",\"@id\":\"https:\/\/www.blogsoestado.com\/danielmatos\/marcial-lima-reafirma-com-base-em-dados-importancia-do-seu-projeto-que-preve-divulgacao-de-receita-com-multas-de-transito\/#breadcrumb\",\"itemListElement\":[{\"@type\":\"ListItem\",\"position\":1,\"name\":\"In\u00edcio\",\"item\":\"https:\/\/www.blogsoestado.com\/danielmatos\/\"},{\"@type\":\"ListItem\",\"position\":2,\"name\":\"Marcial Lima reafirma, com base em dados, import\u00e2ncia do seu projeto que prev\u00ea divulga\u00e7\u00e3o de receita com multas de tr\u00e2nsito\"}]},{\"@type\":\"WebSite\",\"@id\":\"https:\/\/www.blogsoestado.com\/danielmatos\/#website\",\"url\":\"https:\/\/www.blogsoestado.com\/danielmatos\/\",\"name\":\"Daniel Matos\",\"description\":\"\",\"potentialAction\":[{\"@type\":\"SearchAction\",\"target\":{\"@type\":\"EntryPoint\",\"urlTemplate\":\"https:\/\/www.blogsoestado.com\/danielmatos\/?s={search_term_string}\"},\"query-input\":{\"@type\":\"PropertyValueSpecification\",\"valueRequired\":true,\"valueName\":\"search_term_string\"}}],\"inLanguage\":\"pt-BR\"}]}<\/script>\n<!-- \/ Yoast SEO plugin. -->","yoast_head_json":{"title":"Marcial Lima reafirma, com base em dados, import\u00e2ncia do seu projeto que prev\u00ea divulga\u00e7\u00e3o de receita com multas de tr\u00e2nsito - Daniel Matos","robots":{"index":"index","follow":"follow","max-snippet":"max-snippet:-1","max-image-preview":"max-image-preview:large","max-video-preview":"max-video-preview:-1"},"canonical":"https:\/\/www.blogsoestado.com\/danielmatos\/marcial-lima-reafirma-com-base-em-dados-importancia-do-seu-projeto-que-preve-divulgacao-de-receita-com-multas-de-transito\/","og_locale":"pt_BR","og_type":"article","og_title":"Marcial Lima reafirma, com base em dados, import\u00e2ncia do seu projeto que prev\u00ea divulga\u00e7\u00e3o de receita com multas de tr\u00e2nsito - Daniel Matos","og_description":"Em discurso firme, o vereador tamb\u00e9m abordou intimida\u00e7\u00e3o a comerciantes pelo crime, interrup\u00e7\u00e3o do Bloco da Imprensa, problemas em escola [&hellip;]","og_url":"https:\/\/www.blogsoestado.com\/danielmatos\/marcial-lima-reafirma-com-base-em-dados-importancia-do-seu-projeto-que-preve-divulgacao-de-receita-com-multas-de-transito\/","og_site_name":"Daniel Matos","article_published_time":"2019-02-18T22:12:25+00:00","og_image":[{"url":"https:\/\/www.blogsoestado.com\/danielmatos\/files\/2019\/02\/marcial-pronuncia.jpg","type":"","width":"","height":""}],"twitter_card":"summary_large_image","twitter_misc":{"Est. tempo de leitura":"4 minutos"},"schema":{"@context":"https:\/\/schema.org","@graph":[{"@type":"WebPage","@id":"https:\/\/www.blogsoestado.com\/danielmatos\/marcial-lima-reafirma-com-base-em-dados-importancia-do-seu-projeto-que-preve-divulgacao-de-receita-com-multas-de-transito\/","url":"https:\/\/www.blogsoestado.com\/danielmatos\/marcial-lima-reafirma-com-base-em-dados-importancia-do-seu-projeto-que-preve-divulgacao-de-receita-com-multas-de-transito\/","name":"Marcial Lima reafirma, com base em dados, import\u00e2ncia do seu projeto que prev\u00ea divulga\u00e7\u00e3o de receita com multas de tr\u00e2nsito - Daniel Matos","isPartOf":{"@id":"https:\/\/www.blogsoestado.com\/danielmatos\/#website"},"primaryImageOfPage":{"@id":"https:\/\/www.blogsoestado.com\/danielmatos\/marcial-lima-reafirma-com-base-em-dados-importancia-do-seu-projeto-que-preve-divulgacao-de-receita-com-multas-de-transito\/#primaryimage"},"image":{"@id":"https:\/\/www.blogsoestado.com\/danielmatos\/marcial-lima-reafirma-com-base-em-dados-importancia-do-seu-projeto-que-preve-divulgacao-de-receita-com-multas-de-transito\/#primaryimage"},"thumbnailUrl":"https:\/\/www.blogsoestado.com\/danielmatos\/files\/2019\/02\/marcial-pronuncia.jpg","datePublished":"2019-02-18T22:12:25+00:00","author":{"@id":""},"breadcrumb":{"@id":"https:\/\/www.blogsoestado.com\/danielmatos\/marcial-lima-reafirma-com-base-em-dados-importancia-do-seu-projeto-que-preve-divulgacao-de-receita-com-multas-de-transito\/#breadcrumb"},"inLanguage":"pt-BR","potentialAction":[{"@type":"ReadAction","target":["https:\/\/www.blogsoestado.com\/danielmatos\/marcial-lima-reafirma-com-base-em-dados-importancia-do-seu-projeto-que-preve-divulgacao-de-receita-com-multas-de-transito\/"]}]},{"@type":"ImageObject","inLanguage":"pt-BR","@id":"https:\/\/www.blogsoestado.com\/danielmatos\/marcial-lima-reafirma-com-base-em-dados-importancia-do-seu-projeto-que-preve-divulgacao-de-receita-com-multas-de-transito\/#primaryimage","url":"https:\/\/www.blogsoestado.com\/danielmatos\/files\/2019\/02\/marcial-pronuncia.jpg","contentUrl":"https:\/\/www.blogsoestado.com\/danielmatos\/files\/2019\/02\/marcial-pronuncia.jpg"},{"@type":"BreadcrumbList","@id":"https:\/\/www.blogsoestado.com\/danielmatos\/marcial-lima-reafirma-com-base-em-dados-importancia-do-seu-projeto-que-preve-divulgacao-de-receita-com-multas-de-transito\/#breadcrumb","itemListElement":[{"@type":"ListItem","position":1,"name":"In\u00edcio","item":"https:\/\/www.blogsoestado.com\/danielmatos\/"},{"@type":"ListItem","position":2,"name":"Marcial Lima reafirma, com base em dados, import\u00e2ncia do seu projeto que prev\u00ea divulga\u00e7\u00e3o de receita com multas de tr\u00e2nsito"}]},{"@type":"WebSite","@id":"https:\/\/www.blogsoestado.com\/danielmatos\/#website","url":"https:\/\/www.blogsoestado.com\/danielmatos\/","name":"Daniel Matos","description":"","potentialAction":[{"@type":"SearchAction","target":{"@type":"EntryPoint","urlTemplate":"https:\/\/www.blogsoestado.com\/danielmatos\/?s={search_term_string}"},"query-input":{"@type":"PropertyValueSpecification","valueRequired":true,"valueName":"search_term_string"}}],"inLanguage":"pt-BR"}]}},"jetpack_featured_media_url":"","_links":{"self":[{"href":"https:\/\/www.blogsoestado.com\/danielmatos\/wp-json\/wp\/v2\/posts\/60464","targetHints":{"allow":["GET"]}}],"collection":[{"href":"https:\/\/www.blogsoestado.com\/danielmatos\/wp-json\/wp\/v2\/posts"}],"about":[{"href":"https:\/\/www.blogsoestado.com\/danielmatos\/wp-json\/wp\/v2\/types\/post"}],"replies":[{"embeddable":true,"href":"https:\/\/www.blogsoestado.com\/danielmatos\/wp-json\/wp\/v2\/comments?post=60464"}],"version-history":[{"count":0,"href":"https:\/\/www.blogsoestado.com\/danielmatos\/wp-json\/wp\/v2\/posts\/60464\/revisions"}],"wp:attachment":[{"href":"https:\/\/www.blogsoestado.com\/danielmatos\/wp-json\/wp\/v2\/media?parent=60464"}],"wp:term":[{"taxonomy":"category","embeddable":true,"href":"https:\/\/www.blogsoestado.com\/danielmatos\/wp-json\/wp\/v2\/categories?post=60464"},{"taxonomy":"post_tag","embeddable":true,"href":"https:\/\/www.blogsoestado.com\/danielmatos\/wp-json\/wp\/v2\/tags?post=60464"}],"curies":[{"name":"wp","href":"https:\/\/api.w.org\/{rel}","templated":true}]}}