{"id":60512,"date":"2019-02-19T11:10:42","date_gmt":"2019-02-19T14:10:42","guid":{"rendered":"https:\/\/www.blogsoestado.com\/danielmatos\/?p=60512"},"modified":"2019-02-19T11:10:42","modified_gmt":"2019-02-19T14:10:42","slug":"camara-de-sao-luis-comeca-a-definir-comando-de-comissoes","status":"publish","type":"post","link":"https:\/\/www.blogsoestado.com\/danielmatos\/camara-de-sao-luis-comeca-a-definir-comando-de-comissoes\/","title":{"rendered":"C\u00e2mara de S\u00e3o Lu\u00eds come\u00e7a a definir comando de Comiss\u00f5es"},"content":{"rendered":"\n<figure class=\"wp-block-image\"><img decoding=\"async\" src=\"https:\/\/www.blogsoestado.com\/danielmatos\/files\/2019\/02\/camara-comissoes2.jpg\" alt=\"\" class=\"wp-image-60513\"\/><figcaption>Plen\u00e1rio da C\u00e2mara Municipal de S\u00e3o Lu\u00eds, cujos membros est\u00e3o se agrupando em comiss\u00f5es<\/figcaption><\/figure>\n\n\n\n<p>O presidente da C\u00e2mara Municipal de S\u00e3o Lu\u00eds, Osmar Filho (PDT), deve concluir, nos pr\u00f3ximos dias, a composi\u00e7\u00e3o das comiss\u00f5es permanentes da Casa para o bi\u00eanio 2019-2020.<\/p>\n\n\n\n<p>O assunto ser\u00e1 discutido em reuni\u00e3o com os vereadores. De acordo com o Regimento Interno do Poder Legislativo, os colegiados s\u00e3o compostos por tr\u00eas membros cada; e o per\u00edodo de exerc\u00edcio dos membros das comiss\u00f5es corresponde a um bi\u00eanio.<\/p>\n\n\n\n<p>&#8220;Vamos discutir todos os assuntos relacionados \u00e0s comiss\u00f5es permanentes numa reuni\u00e3o com os vereadores&#8221;, destacou Osmar Filho ao abordar o assunto durante sess\u00e3o ordin\u00e1ria. Segundo ele, todos os partidos com representa\u00e7\u00e3o no parlamento devem ser contemplados.<\/p>\n\n\n\n<p>O Pal\u00e1cio Pedro Neiva de Santana, sede do Legislativo, conta hoje com 19 comiss\u00f5es tem\u00e1ticas. A distribui\u00e7\u00e3o das vagas dos colegiados entre os 31 parlamentares deve ocorrer pela Mesa Diretora em comum acordo com os l\u00edderes de partidos e ratificados por meio de elei\u00e7\u00e3o interna entre os integrantes dos colegiados.<\/p>\n\n\n\n<p>Para o vereador Isa\u00edas Pereirinha (PSL), com a defini\u00e7\u00e3o das comiss\u00f5es, os parlamentares ludovicenses ter\u00e3o legitimidade para come\u00e7ar os trabalhos, al\u00e9m de fiscalizar as a\u00e7\u00f5es e apresentar propostas.<\/p>\n\n\n\n<p>Atribui\u00e7\u00f5es &#8211; As comiss\u00f5es s\u00e3o grupos de parlamentares que opinam sobre os projetos em tramita\u00e7\u00e3o na Casa, orientando as vota\u00e7\u00f5es no plen\u00e1rio. Esses colegiados tamb\u00e9m t\u00eam outras atribui\u00e7\u00f5es como realizar estudos, fiscalizar os atos do Executivo, promover visitas, audi\u00eancias p\u00fablicas e debates sobre temas de interesse da cidade.<\/p>\n\n\n\n<p>A Comiss\u00e3o de Constitui\u00e7\u00e3o, Justi\u00e7a, Legisla\u00e7\u00e3o, Administra\u00e7\u00e3o, Assuntos Municipais e Reda\u00e7\u00e3o Final, por exemplo, tem como atribui\u00e7\u00e3o emitir parecer a respeito de aspectos constitucional, legal, regimental e formal das proposi\u00e7\u00f5es. Os projetos s\u00e3o impedidos de tramitar sem o parecer dessa comiss\u00e3o.<\/p>\n\n\n\n<p>Outro exemplo \u00e9 a Comiss\u00e3o de Or\u00e7amento, Finan\u00e7as, Obras P\u00fablicas, Planejamento e Patrim\u00f4nio Municipal que, por sua vez, deve opinar sobre mat\u00e9rias tribut\u00e1rias, empr\u00e9stimos p\u00fablicos, d\u00edvida p\u00fablica e outras quest\u00f5es que alterem a despesa ou receita do Munic\u00edpio.<\/p>\n\n\n\n<p>Adequa\u00e7\u00f5es &#8211; At\u00e9 o final da legislatura de 2012, o Legislativo Ludovicense era composto por 13 Comiss\u00f5es. Na legislatura seguinte, com o aumento, de 21 para 31, no n\u00famero de vereadores, foram feitos desmembramentos, elevando para 18 a quantidade de comiss\u00f5es. No entanto, com as modifica\u00e7\u00f5es e adapta\u00e7\u00f5es, com a nova legislatura a Casa ganhou um novo colegiado, totalizando a quantidade de 19 comiss\u00f5es.<\/p>\n\n\n\n<p>Al\u00e9m disso, a C\u00e2mara tamb\u00e9m resolveu alterar as nomenclaturas de alguns desses colegiados. \u00c9 o caso da Comiss\u00e3o de Transporte, Comunica\u00e7\u00e3o, Energia e Seguran\u00e7a que acumula muitos temas amplos, mas foi desmembrada e acabou ganhando a denomina\u00e7\u00e3o de &#8220;Mobilidade Urbana&#8221;.<\/p>\n\n\n\n<p>Para adaptar \u00e0 nova realidade do parlamento, algumas comiss\u00f5es foram criadas ou tiveram que ser desmembradas. O exemplo foram as comiss\u00f5es de Educa\u00e7\u00e3o, de Cultura, de Sa\u00fade, de Esporte e de Trabalho que eram temas tratados por um s\u00f3 colegiado, por\u00e9m,  tiveram que ser desmembrados.<\/p>\n","protected":false},"excerpt":{"rendered":"<p>O presidente da C\u00e2mara Municipal de S\u00e3o Lu\u00eds, Osmar Filho (PDT), deve concluir, nos pr\u00f3ximos dias, a composi\u00e7\u00e3o das comiss\u00f5es [&hellip;]<\/p>\n","protected":false},"author":0,"featured_media":0,"comment_status":"open","ping_status":"open","sticky":false,"template":"","format":"standard","meta":{"site-sidebar-layout":"default","site-content-layout":"","ast-site-content-layout":"default","site-content-style":"default","site-sidebar-style":"default","ast-global-header-display":"","ast-banner-title-visibility":"","ast-main-header-display":"","ast-hfb-above-header-display":"","ast-hfb-below-header-display":"","ast-hfb-mobile-header-display":"","site-post-title":"","ast-breadcrumbs-content":"","ast-featured-img":"","footer-sml-layout":"","ast-disable-related-posts":"","theme-transparent-header-meta":"","adv-header-id-meta":"","stick-header-meta":"","header-above-stick-meta":"","header-main-stick-meta":"","header-below-stick-meta":"","astra-migrate-meta-layouts":"default","ast-page-background-enabled":"default","ast-page-background-meta":{"desktop":{"background-color":"var(--ast-global-color-5)","background-image":"","background-repeat":"repeat","background-position":"center center","background-size":"auto","background-attachment":"scroll","background-type":"","background-media":"","overlay-type":"","overlay-color":"","overlay-opacity":"","overlay-gradient":""},"tablet":{"background-color":"","background-image":"","background-repeat":"repeat","background-position":"center center","background-size":"auto","background-attachment":"scroll","background-type":"","background-media":"","overlay-type":"","overlay-color":"","overlay-opacity":"","overlay-gradient":""},"mobile":{"background-color":"","background-image":"","background-repeat":"repeat","background-position":"center center","background-size":"auto","background-attachment":"scroll","background-type":"","background-media":"","overlay-type":"","overlay-color":"","overlay-opacity":"","overlay-gradient":""}},"ast-content-background-meta":{"desktop":{"background-color":"var(--ast-global-color-4)","background-image":"","background-repeat":"repeat","background-position":"center center","background-size":"auto","background-attachment":"scroll","background-type":"","background-media":"","overlay-type":"","overlay-color":"","overlay-opacity":"","overlay-gradient":""},"tablet":{"background-color":"var(--ast-global-color-4)","background-image":"","background-repeat":"repeat","background-position":"center center","background-size":"auto","background-attachment":"scroll","background-type":"","background-media":"","overlay-type":"","overlay-color":"","overlay-opacity":"","overlay-gradient":""},"mobile":{"background-color":"var(--ast-global-color-4)","background-image":"","background-repeat":"repeat","background-position":"center center","background-size":"auto","background-attachment":"scroll","background-type":"","background-media":"","overlay-type":"","overlay-color":"","overlay-opacity":"","overlay-gradient":""}},"footnotes":""},"categories":[1],"tags":[],"class_list":["post-60512","post","type-post","status-publish","format-standard","hentry","category-sem-categoria"],"yoast_head":"<!-- This site is optimized with the Yoast SEO plugin v26.6 - https:\/\/yoast.com\/wordpress\/plugins\/seo\/ -->\n<title>C\u00e2mara de S\u00e3o Lu\u00eds come\u00e7a a definir comando de Comiss\u00f5es - Daniel Matos<\/title>\n<meta name=\"robots\" content=\"index, follow, max-snippet:-1, max-image-preview:large, max-video-preview:-1\" \/>\n<link rel=\"canonical\" href=\"https:\/\/www.blogsoestado.com\/danielmatos\/camara-de-sao-luis-comeca-a-definir-comando-de-comissoes\/\" \/>\n<meta property=\"og:locale\" content=\"pt_BR\" \/>\n<meta property=\"og:type\" content=\"article\" \/>\n<meta property=\"og:title\" content=\"C\u00e2mara de S\u00e3o Lu\u00eds come\u00e7a a definir comando de Comiss\u00f5es - Daniel Matos\" \/>\n<meta property=\"og:description\" content=\"O presidente da C\u00e2mara Municipal de S\u00e3o Lu\u00eds, Osmar Filho (PDT), deve concluir, nos pr\u00f3ximos dias, a composi\u00e7\u00e3o das comiss\u00f5es [&hellip;]\" \/>\n<meta property=\"og:url\" content=\"https:\/\/www.blogsoestado.com\/danielmatos\/camara-de-sao-luis-comeca-a-definir-comando-de-comissoes\/\" \/>\n<meta property=\"og:site_name\" content=\"Daniel Matos\" \/>\n<meta property=\"article:published_time\" content=\"2019-02-19T14:10:42+00:00\" \/>\n<meta property=\"og:image\" content=\"https:\/\/www.blogsoestado.com\/danielmatos\/files\/2019\/02\/camara-comissoes2.jpg\" \/>\n<meta name=\"twitter:card\" content=\"summary_large_image\" \/>\n<meta name=\"twitter:label1\" content=\"Est. tempo de leitura\" \/>\n\t<meta name=\"twitter:data1\" content=\"3 minutos\" \/>\n<script type=\"application\/ld+json\" class=\"yoast-schema-graph\">{\"@context\":\"https:\/\/schema.org\",\"@graph\":[{\"@type\":\"WebPage\",\"@id\":\"https:\/\/www.blogsoestado.com\/danielmatos\/camara-de-sao-luis-comeca-a-definir-comando-de-comissoes\/\",\"url\":\"https:\/\/www.blogsoestado.com\/danielmatos\/camara-de-sao-luis-comeca-a-definir-comando-de-comissoes\/\",\"name\":\"C\u00e2mara de S\u00e3o Lu\u00eds come\u00e7a a definir comando de Comiss\u00f5es - Daniel Matos\",\"isPartOf\":{\"@id\":\"https:\/\/www.blogsoestado.com\/danielmatos\/#website\"},\"primaryImageOfPage\":{\"@id\":\"https:\/\/www.blogsoestado.com\/danielmatos\/camara-de-sao-luis-comeca-a-definir-comando-de-comissoes\/#primaryimage\"},\"image\":{\"@id\":\"https:\/\/www.blogsoestado.com\/danielmatos\/camara-de-sao-luis-comeca-a-definir-comando-de-comissoes\/#primaryimage\"},\"thumbnailUrl\":\"https:\/\/www.blogsoestado.com\/danielmatos\/files\/2019\/02\/camara-comissoes2.jpg\",\"datePublished\":\"2019-02-19T14:10:42+00:00\",\"author\":{\"@id\":\"\"},\"breadcrumb\":{\"@id\":\"https:\/\/www.blogsoestado.com\/danielmatos\/camara-de-sao-luis-comeca-a-definir-comando-de-comissoes\/#breadcrumb\"},\"inLanguage\":\"pt-BR\",\"potentialAction\":[{\"@type\":\"ReadAction\",\"target\":[\"https:\/\/www.blogsoestado.com\/danielmatos\/camara-de-sao-luis-comeca-a-definir-comando-de-comissoes\/\"]}]},{\"@type\":\"ImageObject\",\"inLanguage\":\"pt-BR\",\"@id\":\"https:\/\/www.blogsoestado.com\/danielmatos\/camara-de-sao-luis-comeca-a-definir-comando-de-comissoes\/#primaryimage\",\"url\":\"https:\/\/www.blogsoestado.com\/danielmatos\/files\/2019\/02\/camara-comissoes2.jpg\",\"contentUrl\":\"https:\/\/www.blogsoestado.com\/danielmatos\/files\/2019\/02\/camara-comissoes2.jpg\"},{\"@type\":\"BreadcrumbList\",\"@id\":\"https:\/\/www.blogsoestado.com\/danielmatos\/camara-de-sao-luis-comeca-a-definir-comando-de-comissoes\/#breadcrumb\",\"itemListElement\":[{\"@type\":\"ListItem\",\"position\":1,\"name\":\"In\u00edcio\",\"item\":\"https:\/\/www.blogsoestado.com\/danielmatos\/\"},{\"@type\":\"ListItem\",\"position\":2,\"name\":\"C\u00e2mara de S\u00e3o Lu\u00eds come\u00e7a a definir comando de Comiss\u00f5es\"}]},{\"@type\":\"WebSite\",\"@id\":\"https:\/\/www.blogsoestado.com\/danielmatos\/#website\",\"url\":\"https:\/\/www.blogsoestado.com\/danielmatos\/\",\"name\":\"Daniel Matos\",\"description\":\"\",\"potentialAction\":[{\"@type\":\"SearchAction\",\"target\":{\"@type\":\"EntryPoint\",\"urlTemplate\":\"https:\/\/www.blogsoestado.com\/danielmatos\/?s={search_term_string}\"},\"query-input\":{\"@type\":\"PropertyValueSpecification\",\"valueRequired\":true,\"valueName\":\"search_term_string\"}}],\"inLanguage\":\"pt-BR\"}]}<\/script>\n<!-- \/ Yoast SEO plugin. -->","yoast_head_json":{"title":"C\u00e2mara de S\u00e3o Lu\u00eds come\u00e7a a definir comando de Comiss\u00f5es - Daniel Matos","robots":{"index":"index","follow":"follow","max-snippet":"max-snippet:-1","max-image-preview":"max-image-preview:large","max-video-preview":"max-video-preview:-1"},"canonical":"https:\/\/www.blogsoestado.com\/danielmatos\/camara-de-sao-luis-comeca-a-definir-comando-de-comissoes\/","og_locale":"pt_BR","og_type":"article","og_title":"C\u00e2mara de S\u00e3o Lu\u00eds come\u00e7a a definir comando de Comiss\u00f5es - Daniel Matos","og_description":"O presidente da C\u00e2mara Municipal de S\u00e3o Lu\u00eds, Osmar Filho (PDT), deve concluir, nos pr\u00f3ximos dias, a composi\u00e7\u00e3o das comiss\u00f5es [&hellip;]","og_url":"https:\/\/www.blogsoestado.com\/danielmatos\/camara-de-sao-luis-comeca-a-definir-comando-de-comissoes\/","og_site_name":"Daniel Matos","article_published_time":"2019-02-19T14:10:42+00:00","og_image":[{"url":"https:\/\/www.blogsoestado.com\/danielmatos\/files\/2019\/02\/camara-comissoes2.jpg","type":"","width":"","height":""}],"twitter_card":"summary_large_image","twitter_misc":{"Est. tempo de leitura":"3 minutos"},"schema":{"@context":"https:\/\/schema.org","@graph":[{"@type":"WebPage","@id":"https:\/\/www.blogsoestado.com\/danielmatos\/camara-de-sao-luis-comeca-a-definir-comando-de-comissoes\/","url":"https:\/\/www.blogsoestado.com\/danielmatos\/camara-de-sao-luis-comeca-a-definir-comando-de-comissoes\/","name":"C\u00e2mara de S\u00e3o Lu\u00eds come\u00e7a a definir comando de Comiss\u00f5es - Daniel Matos","isPartOf":{"@id":"https:\/\/www.blogsoestado.com\/danielmatos\/#website"},"primaryImageOfPage":{"@id":"https:\/\/www.blogsoestado.com\/danielmatos\/camara-de-sao-luis-comeca-a-definir-comando-de-comissoes\/#primaryimage"},"image":{"@id":"https:\/\/www.blogsoestado.com\/danielmatos\/camara-de-sao-luis-comeca-a-definir-comando-de-comissoes\/#primaryimage"},"thumbnailUrl":"https:\/\/www.blogsoestado.com\/danielmatos\/files\/2019\/02\/camara-comissoes2.jpg","datePublished":"2019-02-19T14:10:42+00:00","author":{"@id":""},"breadcrumb":{"@id":"https:\/\/www.blogsoestado.com\/danielmatos\/camara-de-sao-luis-comeca-a-definir-comando-de-comissoes\/#breadcrumb"},"inLanguage":"pt-BR","potentialAction":[{"@type":"ReadAction","target":["https:\/\/www.blogsoestado.com\/danielmatos\/camara-de-sao-luis-comeca-a-definir-comando-de-comissoes\/"]}]},{"@type":"ImageObject","inLanguage":"pt-BR","@id":"https:\/\/www.blogsoestado.com\/danielmatos\/camara-de-sao-luis-comeca-a-definir-comando-de-comissoes\/#primaryimage","url":"https:\/\/www.blogsoestado.com\/danielmatos\/files\/2019\/02\/camara-comissoes2.jpg","contentUrl":"https:\/\/www.blogsoestado.com\/danielmatos\/files\/2019\/02\/camara-comissoes2.jpg"},{"@type":"BreadcrumbList","@id":"https:\/\/www.blogsoestado.com\/danielmatos\/camara-de-sao-luis-comeca-a-definir-comando-de-comissoes\/#breadcrumb","itemListElement":[{"@type":"ListItem","position":1,"name":"In\u00edcio","item":"https:\/\/www.blogsoestado.com\/danielmatos\/"},{"@type":"ListItem","position":2,"name":"C\u00e2mara de S\u00e3o Lu\u00eds come\u00e7a a definir comando de Comiss\u00f5es"}]},{"@type":"WebSite","@id":"https:\/\/www.blogsoestado.com\/danielmatos\/#website","url":"https:\/\/www.blogsoestado.com\/danielmatos\/","name":"Daniel Matos","description":"","potentialAction":[{"@type":"SearchAction","target":{"@type":"EntryPoint","urlTemplate":"https:\/\/www.blogsoestado.com\/danielmatos\/?s={search_term_string}"},"query-input":{"@type":"PropertyValueSpecification","valueRequired":true,"valueName":"search_term_string"}}],"inLanguage":"pt-BR"}]}},"jetpack_featured_media_url":"","_links":{"self":[{"href":"https:\/\/www.blogsoestado.com\/danielmatos\/wp-json\/wp\/v2\/posts\/60512","targetHints":{"allow":["GET"]}}],"collection":[{"href":"https:\/\/www.blogsoestado.com\/danielmatos\/wp-json\/wp\/v2\/posts"}],"about":[{"href":"https:\/\/www.blogsoestado.com\/danielmatos\/wp-json\/wp\/v2\/types\/post"}],"replies":[{"embeddable":true,"href":"https:\/\/www.blogsoestado.com\/danielmatos\/wp-json\/wp\/v2\/comments?post=60512"}],"version-history":[{"count":0,"href":"https:\/\/www.blogsoestado.com\/danielmatos\/wp-json\/wp\/v2\/posts\/60512\/revisions"}],"wp:attachment":[{"href":"https:\/\/www.blogsoestado.com\/danielmatos\/wp-json\/wp\/v2\/media?parent=60512"}],"wp:term":[{"taxonomy":"category","embeddable":true,"href":"https:\/\/www.blogsoestado.com\/danielmatos\/wp-json\/wp\/v2\/categories?post=60512"},{"taxonomy":"post_tag","embeddable":true,"href":"https:\/\/www.blogsoestado.com\/danielmatos\/wp-json\/wp\/v2\/tags?post=60512"}],"curies":[{"name":"wp","href":"https:\/\/api.w.org\/{rel}","templated":true}]}}