{"id":60515,"date":"2019-02-19T11:36:49","date_gmt":"2019-02-19T14:36:49","guid":{"rendered":"https:\/\/www.blogsoestado.com\/danielmatos\/?p=60515"},"modified":"2019-02-19T11:36:49","modified_gmt":"2019-02-19T14:36:49","slug":"deputado-wellington-cobra-melhorias-para-moradores-do-alto-do-turu-jardim-turu-parque-jair-e-adjacencias","status":"publish","type":"post","link":"https:\/\/www.blogsoestado.com\/danielmatos\/deputado-wellington-cobra-melhorias-para-moradores-do-alto-do-turu-jardim-turu-parque-jair-e-adjacencias\/","title":{"rendered":"Deputado Wellington cobra melhorias para moradores do Alto do Turu, Jardim Turu, Parque Jair e adjac\u00eancias"},"content":{"rendered":"\n<figure class=\"wp-block-image\"><img decoding=\"async\" src=\"https:\/\/www.blogsoestado.com\/danielmatos\/files\/2019\/02\/w-altos-1024x794.jpg\" alt=\"\" class=\"wp-image-60516\"\/><figcaption>Wellington cobrou a recupera\u00e7\u00e3o das vias em reuni\u00e3o com gestores da Prefeitura de S\u00e3o Jos\u00e9 de Ribamar<\/figcaption><\/figure>\n\n\n\n<p>O deputado estadual Wellington do Curso utilizou a tribuna da Assembleia Legislativa, na tarde desta segunda-feira (18), para fazer refer\u00eancia \u00e0 reuni\u00e3o que aconteceu hoje, na cidade de S\u00e3o Jos\u00e9 de Ribamar com o vice-prefeito, Eudes Sampaio, secret\u00e1rio de obras do munic\u00edpio, Hil\u00e1rio Filho, al\u00e9m de moradores de diversos bairros. A reuni\u00e3o aconteceu ap\u00f3s o deputado ter ido ao encontro de moradores  que realizaram manifesta\u00e7\u00e3o cobrando melhorias para a Avenida Nossa Senhora da Vit\u00f3ria, Avenida 1 e ruas dos bairros  Alto do Turu I, II e III, al\u00e9m de adjac\u00eancias, a exemplo do Jardim Turu, Parque Jair, entre outros. A solicita\u00e7\u00e3o \u00e9 por conta da falta de infraestrutura, j\u00e1 que as ruas e avenidas est\u00e3o repletas de buracos, estando totalmente intrafeg\u00e1veis.<\/p>\n\n\n\n<figure class=\"wp-block-image\"><img decoding=\"async\" src=\"https:\/\/www.blogsoestado.com\/danielmatos\/files\/2019\/02\/w-altos2-1024x576.jpg\" alt=\"\" class=\"wp-image-60517\"\/><figcaption>Via foi interditada por populares em protesto contra a falta de infraestrutura<\/figcaption><\/figure>\n\n\n\n<p>Ap\u00f3s ouvir as demandas da popula\u00e7\u00e3o, por meio do projeto \u201cConversando com a Comunidade\u201d, Wellington encaminhou todas as solicita\u00e7\u00f5es ao prefeito de S\u00e3o Jos\u00e9 de Ribamar e ao secret\u00e1rio de infraestrutura, a quem compete executar as a\u00e7\u00f5es de forma imediata.<\/p>\n\n\n\n<figure class=\"wp-block-image\"><img decoding=\"async\" src=\"https:\/\/www.blogsoestado.com\/danielmatos\/files\/2019\/02\/w-altos3-1024x768.jpg\" alt=\"\" class=\"wp-image-60518\"\/><figcaption>Buraqueira compromete a circula\u00e7\u00e3o de \u00f4nibus no bairro, prejudicando usup\u00e1rios<\/figcaption><\/figure>\n\n\n\n<p>\u201cAs pessoas est\u00e3o tendo preju\u00edzos por causa da falta de infraestrutura das ruas e avenidas. N\u00e3o estamos falando de um ou dois buracos, mas sim de verdadeiras crateras. \u00c9 inadmiss\u00edvel que avenidas, por exemplo, estejam totalmente intrafeg\u00e1veis. V\u00e1rios carros j\u00e1 quebraram ao tentar passar pelas vias. A Prefeitura tem que agir! Na \u00e9poca das elei\u00e7\u00f5es, Fl\u00e1vio Dino deu apoio ao atual prefeito. Que esse apoio  aconte\u00e7a agora e reflita em a\u00e7\u00f5es. N\u00e3o \u00e9 favor. \u00c9 obriga\u00e7\u00e3o!\u201d, afirmou Wellington.<\/p>\n","protected":false},"excerpt":{"rendered":"<p>O deputado estadual Wellington do Curso utilizou a tribuna da Assembleia Legislativa, na tarde desta segunda-feira (18), para fazer refer\u00eancia [&hellip;]<\/p>\n","protected":false},"author":0,"featured_media":0,"comment_status":"open","ping_status":"open","sticky":false,"template":"","format":"standard","meta":{"site-sidebar-layout":"default","site-content-layout":"","ast-site-content-layout":"default","site-content-style":"default","site-sidebar-style":"default","ast-global-header-display":"","ast-banner-title-visibility":"","ast-main-header-display":"","ast-hfb-above-header-display":"","ast-hfb-below-header-display":"","ast-hfb-mobile-header-display":"","site-post-title":"","ast-breadcrumbs-content":"","ast-featured-img":"","footer-sml-layout":"","ast-disable-related-posts":"","theme-transparent-header-meta":"","adv-header-id-meta":"","stick-header-meta":"","header-above-stick-meta":"","header-main-stick-meta":"","header-below-stick-meta":"","astra-migrate-meta-layouts":"default","ast-page-background-enabled":"default","ast-page-background-meta":{"desktop":{"background-color":"var(--ast-global-color-5)","background-image":"","background-repeat":"repeat","background-position":"center center","background-size":"auto","background-attachment":"scroll","background-type":"","background-media":"","overlay-type":"","overlay-color":"","overlay-opacity":"","overlay-gradient":""},"tablet":{"background-color":"","background-image":"","background-repeat":"repeat","background-position":"center center","background-size":"auto","background-attachment":"scroll","background-type":"","background-media":"","overlay-type":"","overlay-color":"","overlay-opacity":"","overlay-gradient":""},"mobile":{"background-color":"","background-image":"","background-repeat":"repeat","background-position":"center center","background-size":"auto","background-attachment":"scroll","background-type":"","background-media":"","overlay-type":"","overlay-color":"","overlay-opacity":"","overlay-gradient":""}},"ast-content-background-meta":{"desktop":{"background-color":"var(--ast-global-color-4)","background-image":"","background-repeat":"repeat","background-position":"center center","background-size":"auto","background-attachment":"scroll","background-type":"","background-media":"","overlay-type":"","overlay-color":"","overlay-opacity":"","overlay-gradient":""},"tablet":{"background-color":"var(--ast-global-color-4)","background-image":"","background-repeat":"repeat","background-position":"center center","background-size":"auto","background-attachment":"scroll","background-type":"","background-media":"","overlay-type":"","overlay-color":"","overlay-opacity":"","overlay-gradient":""},"mobile":{"background-color":"var(--ast-global-color-4)","background-image":"","background-repeat":"repeat","background-position":"center center","background-size":"auto","background-attachment":"scroll","background-type":"","background-media":"","overlay-type":"","overlay-color":"","overlay-opacity":"","overlay-gradient":""}},"footnotes":""},"categories":[1],"tags":[],"class_list":["post-60515","post","type-post","status-publish","format-standard","hentry","category-sem-categoria"],"yoast_head":"<!-- This site is optimized with the Yoast SEO plugin v26.6 - https:\/\/yoast.com\/wordpress\/plugins\/seo\/ -->\n<title>Deputado Wellington cobra melhorias para moradores do Alto do Turu, Jardim Turu, Parque Jair e adjac\u00eancias - Daniel Matos<\/title>\n<meta name=\"robots\" content=\"index, follow, max-snippet:-1, max-image-preview:large, max-video-preview:-1\" \/>\n<link rel=\"canonical\" href=\"https:\/\/www.blogsoestado.com\/danielmatos\/deputado-wellington-cobra-melhorias-para-moradores-do-alto-do-turu-jardim-turu-parque-jair-e-adjacencias\/\" \/>\n<meta property=\"og:locale\" content=\"pt_BR\" \/>\n<meta property=\"og:type\" content=\"article\" \/>\n<meta property=\"og:title\" content=\"Deputado Wellington cobra melhorias para moradores do Alto do Turu, Jardim Turu, Parque Jair e adjac\u00eancias - Daniel Matos\" \/>\n<meta property=\"og:description\" content=\"O deputado estadual Wellington do Curso utilizou a tribuna da Assembleia Legislativa, na tarde desta segunda-feira (18), para fazer refer\u00eancia [&hellip;]\" \/>\n<meta property=\"og:url\" content=\"https:\/\/www.blogsoestado.com\/danielmatos\/deputado-wellington-cobra-melhorias-para-moradores-do-alto-do-turu-jardim-turu-parque-jair-e-adjacencias\/\" \/>\n<meta property=\"og:site_name\" content=\"Daniel Matos\" \/>\n<meta property=\"article:published_time\" content=\"2019-02-19T14:36:49+00:00\" \/>\n<meta property=\"og:image\" content=\"https:\/\/www.blogsoestado.com\/danielmatos\/files\/2019\/02\/w-altos-1024x794.jpg\" \/>\n<meta name=\"twitter:card\" content=\"summary_large_image\" \/>\n<meta name=\"twitter:label1\" content=\"Est. tempo de leitura\" \/>\n\t<meta name=\"twitter:data1\" content=\"2 minutos\" \/>\n<script type=\"application\/ld+json\" class=\"yoast-schema-graph\">{\"@context\":\"https:\/\/schema.org\",\"@graph\":[{\"@type\":\"WebPage\",\"@id\":\"https:\/\/www.blogsoestado.com\/danielmatos\/deputado-wellington-cobra-melhorias-para-moradores-do-alto-do-turu-jardim-turu-parque-jair-e-adjacencias\/\",\"url\":\"https:\/\/www.blogsoestado.com\/danielmatos\/deputado-wellington-cobra-melhorias-para-moradores-do-alto-do-turu-jardim-turu-parque-jair-e-adjacencias\/\",\"name\":\"Deputado Wellington cobra melhorias para moradores do Alto do Turu, Jardim Turu, Parque Jair e adjac\u00eancias - Daniel Matos\",\"isPartOf\":{\"@id\":\"https:\/\/www.blogsoestado.com\/danielmatos\/#website\"},\"primaryImageOfPage\":{\"@id\":\"https:\/\/www.blogsoestado.com\/danielmatos\/deputado-wellington-cobra-melhorias-para-moradores-do-alto-do-turu-jardim-turu-parque-jair-e-adjacencias\/#primaryimage\"},\"image\":{\"@id\":\"https:\/\/www.blogsoestado.com\/danielmatos\/deputado-wellington-cobra-melhorias-para-moradores-do-alto-do-turu-jardim-turu-parque-jair-e-adjacencias\/#primaryimage\"},\"thumbnailUrl\":\"https:\/\/www.blogsoestado.com\/danielmatos\/files\/2019\/02\/w-altos-1024x794.jpg\",\"datePublished\":\"2019-02-19T14:36:49+00:00\",\"author\":{\"@id\":\"\"},\"breadcrumb\":{\"@id\":\"https:\/\/www.blogsoestado.com\/danielmatos\/deputado-wellington-cobra-melhorias-para-moradores-do-alto-do-turu-jardim-turu-parque-jair-e-adjacencias\/#breadcrumb\"},\"inLanguage\":\"pt-BR\",\"potentialAction\":[{\"@type\":\"ReadAction\",\"target\":[\"https:\/\/www.blogsoestado.com\/danielmatos\/deputado-wellington-cobra-melhorias-para-moradores-do-alto-do-turu-jardim-turu-parque-jair-e-adjacencias\/\"]}]},{\"@type\":\"ImageObject\",\"inLanguage\":\"pt-BR\",\"@id\":\"https:\/\/www.blogsoestado.com\/danielmatos\/deputado-wellington-cobra-melhorias-para-moradores-do-alto-do-turu-jardim-turu-parque-jair-e-adjacencias\/#primaryimage\",\"url\":\"https:\/\/www.blogsoestado.com\/danielmatos\/files\/2019\/02\/w-altos-1024x794.jpg\",\"contentUrl\":\"https:\/\/www.blogsoestado.com\/danielmatos\/files\/2019\/02\/w-altos-1024x794.jpg\"},{\"@type\":\"BreadcrumbList\",\"@id\":\"https:\/\/www.blogsoestado.com\/danielmatos\/deputado-wellington-cobra-melhorias-para-moradores-do-alto-do-turu-jardim-turu-parque-jair-e-adjacencias\/#breadcrumb\",\"itemListElement\":[{\"@type\":\"ListItem\",\"position\":1,\"name\":\"In\u00edcio\",\"item\":\"https:\/\/www.blogsoestado.com\/danielmatos\/\"},{\"@type\":\"ListItem\",\"position\":2,\"name\":\"Deputado Wellington cobra melhorias para moradores do Alto do Turu, Jardim Turu, Parque Jair e adjac\u00eancias\"}]},{\"@type\":\"WebSite\",\"@id\":\"https:\/\/www.blogsoestado.com\/danielmatos\/#website\",\"url\":\"https:\/\/www.blogsoestado.com\/danielmatos\/\",\"name\":\"Daniel Matos\",\"description\":\"\",\"potentialAction\":[{\"@type\":\"SearchAction\",\"target\":{\"@type\":\"EntryPoint\",\"urlTemplate\":\"https:\/\/www.blogsoestado.com\/danielmatos\/?s={search_term_string}\"},\"query-input\":{\"@type\":\"PropertyValueSpecification\",\"valueRequired\":true,\"valueName\":\"search_term_string\"}}],\"inLanguage\":\"pt-BR\"}]}<\/script>\n<!-- \/ Yoast SEO plugin. -->","yoast_head_json":{"title":"Deputado Wellington cobra melhorias para moradores do Alto do Turu, Jardim Turu, Parque Jair e adjac\u00eancias - Daniel Matos","robots":{"index":"index","follow":"follow","max-snippet":"max-snippet:-1","max-image-preview":"max-image-preview:large","max-video-preview":"max-video-preview:-1"},"canonical":"https:\/\/www.blogsoestado.com\/danielmatos\/deputado-wellington-cobra-melhorias-para-moradores-do-alto-do-turu-jardim-turu-parque-jair-e-adjacencias\/","og_locale":"pt_BR","og_type":"article","og_title":"Deputado Wellington cobra melhorias para moradores do Alto do Turu, Jardim Turu, Parque Jair e adjac\u00eancias - Daniel Matos","og_description":"O deputado estadual Wellington do Curso utilizou a tribuna da Assembleia Legislativa, na tarde desta segunda-feira (18), para fazer refer\u00eancia [&hellip;]","og_url":"https:\/\/www.blogsoestado.com\/danielmatos\/deputado-wellington-cobra-melhorias-para-moradores-do-alto-do-turu-jardim-turu-parque-jair-e-adjacencias\/","og_site_name":"Daniel Matos","article_published_time":"2019-02-19T14:36:49+00:00","og_image":[{"url":"https:\/\/www.blogsoestado.com\/danielmatos\/files\/2019\/02\/w-altos-1024x794.jpg","type":"","width":"","height":""}],"twitter_card":"summary_large_image","twitter_misc":{"Est. tempo de leitura":"2 minutos"},"schema":{"@context":"https:\/\/schema.org","@graph":[{"@type":"WebPage","@id":"https:\/\/www.blogsoestado.com\/danielmatos\/deputado-wellington-cobra-melhorias-para-moradores-do-alto-do-turu-jardim-turu-parque-jair-e-adjacencias\/","url":"https:\/\/www.blogsoestado.com\/danielmatos\/deputado-wellington-cobra-melhorias-para-moradores-do-alto-do-turu-jardim-turu-parque-jair-e-adjacencias\/","name":"Deputado Wellington cobra melhorias para moradores do Alto do Turu, Jardim Turu, Parque Jair e adjac\u00eancias - Daniel Matos","isPartOf":{"@id":"https:\/\/www.blogsoestado.com\/danielmatos\/#website"},"primaryImageOfPage":{"@id":"https:\/\/www.blogsoestado.com\/danielmatos\/deputado-wellington-cobra-melhorias-para-moradores-do-alto-do-turu-jardim-turu-parque-jair-e-adjacencias\/#primaryimage"},"image":{"@id":"https:\/\/www.blogsoestado.com\/danielmatos\/deputado-wellington-cobra-melhorias-para-moradores-do-alto-do-turu-jardim-turu-parque-jair-e-adjacencias\/#primaryimage"},"thumbnailUrl":"https:\/\/www.blogsoestado.com\/danielmatos\/files\/2019\/02\/w-altos-1024x794.jpg","datePublished":"2019-02-19T14:36:49+00:00","author":{"@id":""},"breadcrumb":{"@id":"https:\/\/www.blogsoestado.com\/danielmatos\/deputado-wellington-cobra-melhorias-para-moradores-do-alto-do-turu-jardim-turu-parque-jair-e-adjacencias\/#breadcrumb"},"inLanguage":"pt-BR","potentialAction":[{"@type":"ReadAction","target":["https:\/\/www.blogsoestado.com\/danielmatos\/deputado-wellington-cobra-melhorias-para-moradores-do-alto-do-turu-jardim-turu-parque-jair-e-adjacencias\/"]}]},{"@type":"ImageObject","inLanguage":"pt-BR","@id":"https:\/\/www.blogsoestado.com\/danielmatos\/deputado-wellington-cobra-melhorias-para-moradores-do-alto-do-turu-jardim-turu-parque-jair-e-adjacencias\/#primaryimage","url":"https:\/\/www.blogsoestado.com\/danielmatos\/files\/2019\/02\/w-altos-1024x794.jpg","contentUrl":"https:\/\/www.blogsoestado.com\/danielmatos\/files\/2019\/02\/w-altos-1024x794.jpg"},{"@type":"BreadcrumbList","@id":"https:\/\/www.blogsoestado.com\/danielmatos\/deputado-wellington-cobra-melhorias-para-moradores-do-alto-do-turu-jardim-turu-parque-jair-e-adjacencias\/#breadcrumb","itemListElement":[{"@type":"ListItem","position":1,"name":"In\u00edcio","item":"https:\/\/www.blogsoestado.com\/danielmatos\/"},{"@type":"ListItem","position":2,"name":"Deputado Wellington cobra melhorias para moradores do Alto do Turu, Jardim Turu, Parque Jair e adjac\u00eancias"}]},{"@type":"WebSite","@id":"https:\/\/www.blogsoestado.com\/danielmatos\/#website","url":"https:\/\/www.blogsoestado.com\/danielmatos\/","name":"Daniel Matos","description":"","potentialAction":[{"@type":"SearchAction","target":{"@type":"EntryPoint","urlTemplate":"https:\/\/www.blogsoestado.com\/danielmatos\/?s={search_term_string}"},"query-input":{"@type":"PropertyValueSpecification","valueRequired":true,"valueName":"search_term_string"}}],"inLanguage":"pt-BR"}]}},"jetpack_featured_media_url":"","_links":{"self":[{"href":"https:\/\/www.blogsoestado.com\/danielmatos\/wp-json\/wp\/v2\/posts\/60515","targetHints":{"allow":["GET"]}}],"collection":[{"href":"https:\/\/www.blogsoestado.com\/danielmatos\/wp-json\/wp\/v2\/posts"}],"about":[{"href":"https:\/\/www.blogsoestado.com\/danielmatos\/wp-json\/wp\/v2\/types\/post"}],"replies":[{"embeddable":true,"href":"https:\/\/www.blogsoestado.com\/danielmatos\/wp-json\/wp\/v2\/comments?post=60515"}],"version-history":[{"count":0,"href":"https:\/\/www.blogsoestado.com\/danielmatos\/wp-json\/wp\/v2\/posts\/60515\/revisions"}],"wp:attachment":[{"href":"https:\/\/www.blogsoestado.com\/danielmatos\/wp-json\/wp\/v2\/media?parent=60515"}],"wp:term":[{"taxonomy":"category","embeddable":true,"href":"https:\/\/www.blogsoestado.com\/danielmatos\/wp-json\/wp\/v2\/categories?post=60515"},{"taxonomy":"post_tag","embeddable":true,"href":"https:\/\/www.blogsoestado.com\/danielmatos\/wp-json\/wp\/v2\/tags?post=60515"}],"curies":[{"name":"wp","href":"https:\/\/api.w.org\/{rel}","templated":true}]}}