{"id":60523,"date":"2019-02-19T13:52:43","date_gmt":"2019-02-19T16:52:43","guid":{"rendered":"https:\/\/www.blogsoestado.com\/danielmatos\/?p=60523"},"modified":"2019-02-19T13:52:43","modified_gmt":"2019-02-19T16:52:43","slug":"cesar-pires-prega-uniao-de-deputados-em-prol-das-rodovias-estaduais-do-maranhao","status":"publish","type":"post","link":"https:\/\/www.blogsoestado.com\/danielmatos\/cesar-pires-prega-uniao-de-deputados-em-prol-das-rodovias-estaduais-do-maranhao\/","title":{"rendered":"C\u00e9sar Pires prega uni\u00e3o de deputados em prol das rodovias estaduais do Maranh\u00e3o"},"content":{"rendered":"\n<figure class=\"wp-block-image\"><img decoding=\"async\" src=\"https:\/\/www.blogsoestado.com\/danielmatos\/files\/2019\/02\/pires-rodovias-1024x678.jpg\" alt=\"\" class=\"wp-image-60524\"\/><figcaption>Deputado C\u00e9sar Pires condenou sil\u00eancio no plen\u00e1rio da  Assembleia Legislativa sobre precariedade de rodoviais estaduais<\/figcaption><\/figure>\n\n\n\n<p>O deputado C\u00e9sar Pires (PV) cobrou solu\u00e7\u00e3o para a prec\u00e1ria situa\u00e7\u00e3o das rodovias estaduais do Maranh\u00e3o ao enfatizar, na tribuna da Assembleia Legislativa, que os parlamentares estaduais est\u00e3o mais preocupados em cobrar a recupera\u00e7\u00e3o das estradas federais. \u201cA reclama\u00e7\u00e3o aqui \u00e9 constante com rela\u00e7\u00e3o \u00e0s BRs, mas n\u00e3o devemos esquecer que nossa obriga\u00e7\u00e3o \u00e9 fiscalizar o estado das MAs e defender a seguran\u00e7a dos maranhenses que circulam perigosamente por essas vias\u201d, enfatizou ele.<\/p>\n\n\n\n<p>\u201cN\u00e3o ouvi reclama\u00e7\u00f5es das MAs, que est\u00e3o t\u00e3o prec\u00e1rias quanto as BRs. Parece que s\u00f3 trafegamos por BR, quando direcionamos nossas cobran\u00e7as ao presidente Bolsonaro e ao ministro do Transporte. Sobre a situa\u00e7\u00e3o das nossas rodovias, h\u00e1 no plen\u00e1rio um sil\u00eancio franciscano como se estiv\u00e9ssemos num mosteiro\u201d, ironizou o deputado.<\/p>\n\n\n\n<p>C\u00e9sar Pires citou como exemplos a MA-201 (estrada de Ribamar), a MA-026, em Vargem Grande, e as rodovias que levam \u00e0 Baixada, passando pelos munic\u00edpios de S\u00e3o Bento, Cajapi\u00f3 e S\u00e3o Vicente de Ferrer. \u201cS\u00e3o estradas em p\u00e9ssimas condi\u00e7\u00f5es. N\u00f3s podemos silenciar, como deputados estaduais, ou a n\u00f3s compete fazermos os trabalhos dos deputados federais, tratando s\u00f3 das BRs?\u201d, questionou ele. <\/p>\n\n\n\n<p>O deputado ressaltou que todos os demais parlamentares estaduais, que costumam viajar de carro pelas v\u00e1rias regi\u00f5es do Maranh\u00e3o, sabem que h\u00e1 muitas rodovias estaduais t\u00e3o prec\u00e1rias quanto as BRs. \u201cSofremos preju\u00edzos com nossos carros e toda a popula\u00e7\u00e3o tem a sua seguran\u00e7a amea\u00e7ada ao trafegar por essas estradas. Ent\u00e3o, como deputados estaduais, n\u00e3o podemos silenciar diante da nossa responsabilidade de lutar pela recupera\u00e7\u00e3o das MAs\u201d, ressaltou C\u00e9sar Pires.<\/p>\n\n\n\n<p>Ele concluiu lembrando que foi um dos primeiros a cobrar a duplica\u00e7\u00e3o da BR-135, e que se recusou a participar da inaugura\u00e7\u00e3o \u00e0s pressas \u201cde uma obra mal feita\u201d, referindo-se \u00e0 entrega do primeiro trecho da duplica\u00e7\u00e3o da rodovia que d\u00e1 acesso a S\u00e3o Lu\u00eds. \u201cEssa situa\u00e7\u00e3o merece nossas cr\u00edticas e reivindica\u00e7\u00f5es, mas sem ficarmos m\u00edopes com rela\u00e7\u00e3o \u00e0s MAs. Devemos unir esfor\u00e7os, pois vivemos no mesmo Maranh\u00e3o e trafegamos nas mesmas estradas\u201d, finalizou.<\/p>\n","protected":false},"excerpt":{"rendered":"<p>O deputado C\u00e9sar Pires (PV) cobrou solu\u00e7\u00e3o para a prec\u00e1ria situa\u00e7\u00e3o das rodovias estaduais do Maranh\u00e3o ao enfatizar, na tribuna [&hellip;]<\/p>\n","protected":false},"author":0,"featured_media":0,"comment_status":"open","ping_status":"open","sticky":false,"template":"","format":"standard","meta":{"site-sidebar-layout":"default","site-content-layout":"","ast-site-content-layout":"default","site-content-style":"default","site-sidebar-style":"default","ast-global-header-display":"","ast-banner-title-visibility":"","ast-main-header-display":"","ast-hfb-above-header-display":"","ast-hfb-below-header-display":"","ast-hfb-mobile-header-display":"","site-post-title":"","ast-breadcrumbs-content":"","ast-featured-img":"","footer-sml-layout":"","ast-disable-related-posts":"","theme-transparent-header-meta":"","adv-header-id-meta":"","stick-header-meta":"","header-above-stick-meta":"","header-main-stick-meta":"","header-below-stick-meta":"","astra-migrate-meta-layouts":"default","ast-page-background-enabled":"default","ast-page-background-meta":{"desktop":{"background-color":"var(--ast-global-color-5)","background-image":"","background-repeat":"repeat","background-position":"center center","background-size":"auto","background-attachment":"scroll","background-type":"","background-media":"","overlay-type":"","overlay-color":"","overlay-opacity":"","overlay-gradient":""},"tablet":{"background-color":"","background-image":"","background-repeat":"repeat","background-position":"center center","background-size":"auto","background-attachment":"scroll","background-type":"","background-media":"","overlay-type":"","overlay-color":"","overlay-opacity":"","overlay-gradient":""},"mobile":{"background-color":"","background-image":"","background-repeat":"repeat","background-position":"center center","background-size":"auto","background-attachment":"scroll","background-type":"","background-media":"","overlay-type":"","overlay-color":"","overlay-opacity":"","overlay-gradient":""}},"ast-content-background-meta":{"desktop":{"background-color":"var(--ast-global-color-4)","background-image":"","background-repeat":"repeat","background-position":"center center","background-size":"auto","background-attachment":"scroll","background-type":"","background-media":"","overlay-type":"","overlay-color":"","overlay-opacity":"","overlay-gradient":""},"tablet":{"background-color":"var(--ast-global-color-4)","background-image":"","background-repeat":"repeat","background-position":"center center","background-size":"auto","background-attachment":"scroll","background-type":"","background-media":"","overlay-type":"","overlay-color":"","overlay-opacity":"","overlay-gradient":""},"mobile":{"background-color":"var(--ast-global-color-4)","background-image":"","background-repeat":"repeat","background-position":"center center","background-size":"auto","background-attachment":"scroll","background-type":"","background-media":"","overlay-type":"","overlay-color":"","overlay-opacity":"","overlay-gradient":""}},"footnotes":""},"categories":[1],"tags":[],"class_list":["post-60523","post","type-post","status-publish","format-standard","hentry","category-sem-categoria"],"yoast_head":"<!-- This site is optimized with the Yoast SEO plugin v26.6 - https:\/\/yoast.com\/wordpress\/plugins\/seo\/ -->\n<title>C\u00e9sar Pires prega uni\u00e3o de deputados em prol das rodovias estaduais do Maranh\u00e3o - Daniel Matos<\/title>\n<meta name=\"robots\" content=\"index, follow, max-snippet:-1, max-image-preview:large, max-video-preview:-1\" \/>\n<link rel=\"canonical\" href=\"https:\/\/www.blogsoestado.com\/danielmatos\/cesar-pires-prega-uniao-de-deputados-em-prol-das-rodovias-estaduais-do-maranhao\/\" \/>\n<meta property=\"og:locale\" content=\"pt_BR\" \/>\n<meta property=\"og:type\" content=\"article\" \/>\n<meta property=\"og:title\" content=\"C\u00e9sar Pires prega uni\u00e3o de deputados em prol das rodovias estaduais do Maranh\u00e3o - Daniel Matos\" \/>\n<meta property=\"og:description\" content=\"O deputado C\u00e9sar Pires (PV) cobrou solu\u00e7\u00e3o para a prec\u00e1ria situa\u00e7\u00e3o das rodovias estaduais do Maranh\u00e3o ao enfatizar, na tribuna [&hellip;]\" \/>\n<meta property=\"og:url\" content=\"https:\/\/www.blogsoestado.com\/danielmatos\/cesar-pires-prega-uniao-de-deputados-em-prol-das-rodovias-estaduais-do-maranhao\/\" \/>\n<meta property=\"og:site_name\" content=\"Daniel Matos\" \/>\n<meta property=\"article:published_time\" content=\"2019-02-19T16:52:43+00:00\" \/>\n<meta property=\"og:image\" content=\"https:\/\/www.blogsoestado.com\/danielmatos\/files\/2019\/02\/pires-rodovias-1024x678.jpg\" \/>\n<meta name=\"twitter:card\" content=\"summary_large_image\" \/>\n<meta name=\"twitter:label1\" content=\"Est. tempo de leitura\" \/>\n\t<meta name=\"twitter:data1\" content=\"2 minutos\" \/>\n<script type=\"application\/ld+json\" class=\"yoast-schema-graph\">{\"@context\":\"https:\/\/schema.org\",\"@graph\":[{\"@type\":\"WebPage\",\"@id\":\"https:\/\/www.blogsoestado.com\/danielmatos\/cesar-pires-prega-uniao-de-deputados-em-prol-das-rodovias-estaduais-do-maranhao\/\",\"url\":\"https:\/\/www.blogsoestado.com\/danielmatos\/cesar-pires-prega-uniao-de-deputados-em-prol-das-rodovias-estaduais-do-maranhao\/\",\"name\":\"C\u00e9sar Pires prega uni\u00e3o de deputados em prol das rodovias estaduais do Maranh\u00e3o - Daniel Matos\",\"isPartOf\":{\"@id\":\"https:\/\/www.blogsoestado.com\/danielmatos\/#website\"},\"primaryImageOfPage\":{\"@id\":\"https:\/\/www.blogsoestado.com\/danielmatos\/cesar-pires-prega-uniao-de-deputados-em-prol-das-rodovias-estaduais-do-maranhao\/#primaryimage\"},\"image\":{\"@id\":\"https:\/\/www.blogsoestado.com\/danielmatos\/cesar-pires-prega-uniao-de-deputados-em-prol-das-rodovias-estaduais-do-maranhao\/#primaryimage\"},\"thumbnailUrl\":\"https:\/\/www.blogsoestado.com\/danielmatos\/files\/2019\/02\/pires-rodovias-1024x678.jpg\",\"datePublished\":\"2019-02-19T16:52:43+00:00\",\"author\":{\"@id\":\"\"},\"breadcrumb\":{\"@id\":\"https:\/\/www.blogsoestado.com\/danielmatos\/cesar-pires-prega-uniao-de-deputados-em-prol-das-rodovias-estaduais-do-maranhao\/#breadcrumb\"},\"inLanguage\":\"pt-BR\",\"potentialAction\":[{\"@type\":\"ReadAction\",\"target\":[\"https:\/\/www.blogsoestado.com\/danielmatos\/cesar-pires-prega-uniao-de-deputados-em-prol-das-rodovias-estaduais-do-maranhao\/\"]}]},{\"@type\":\"ImageObject\",\"inLanguage\":\"pt-BR\",\"@id\":\"https:\/\/www.blogsoestado.com\/danielmatos\/cesar-pires-prega-uniao-de-deputados-em-prol-das-rodovias-estaduais-do-maranhao\/#primaryimage\",\"url\":\"https:\/\/www.blogsoestado.com\/danielmatos\/files\/2019\/02\/pires-rodovias-1024x678.jpg\",\"contentUrl\":\"https:\/\/www.blogsoestado.com\/danielmatos\/files\/2019\/02\/pires-rodovias-1024x678.jpg\"},{\"@type\":\"BreadcrumbList\",\"@id\":\"https:\/\/www.blogsoestado.com\/danielmatos\/cesar-pires-prega-uniao-de-deputados-em-prol-das-rodovias-estaduais-do-maranhao\/#breadcrumb\",\"itemListElement\":[{\"@type\":\"ListItem\",\"position\":1,\"name\":\"In\u00edcio\",\"item\":\"https:\/\/www.blogsoestado.com\/danielmatos\/\"},{\"@type\":\"ListItem\",\"position\":2,\"name\":\"C\u00e9sar Pires prega uni\u00e3o de deputados em prol das rodovias estaduais do Maranh\u00e3o\"}]},{\"@type\":\"WebSite\",\"@id\":\"https:\/\/www.blogsoestado.com\/danielmatos\/#website\",\"url\":\"https:\/\/www.blogsoestado.com\/danielmatos\/\",\"name\":\"Daniel Matos\",\"description\":\"\",\"potentialAction\":[{\"@type\":\"SearchAction\",\"target\":{\"@type\":\"EntryPoint\",\"urlTemplate\":\"https:\/\/www.blogsoestado.com\/danielmatos\/?s={search_term_string}\"},\"query-input\":{\"@type\":\"PropertyValueSpecification\",\"valueRequired\":true,\"valueName\":\"search_term_string\"}}],\"inLanguage\":\"pt-BR\"}]}<\/script>\n<!-- \/ Yoast SEO plugin. -->","yoast_head_json":{"title":"C\u00e9sar Pires prega uni\u00e3o de deputados em prol das rodovias estaduais do Maranh\u00e3o - Daniel Matos","robots":{"index":"index","follow":"follow","max-snippet":"max-snippet:-1","max-image-preview":"max-image-preview:large","max-video-preview":"max-video-preview:-1"},"canonical":"https:\/\/www.blogsoestado.com\/danielmatos\/cesar-pires-prega-uniao-de-deputados-em-prol-das-rodovias-estaduais-do-maranhao\/","og_locale":"pt_BR","og_type":"article","og_title":"C\u00e9sar Pires prega uni\u00e3o de deputados em prol das rodovias estaduais do Maranh\u00e3o - Daniel Matos","og_description":"O deputado C\u00e9sar Pires (PV) cobrou solu\u00e7\u00e3o para a prec\u00e1ria situa\u00e7\u00e3o das rodovias estaduais do Maranh\u00e3o ao enfatizar, na tribuna [&hellip;]","og_url":"https:\/\/www.blogsoestado.com\/danielmatos\/cesar-pires-prega-uniao-de-deputados-em-prol-das-rodovias-estaduais-do-maranhao\/","og_site_name":"Daniel Matos","article_published_time":"2019-02-19T16:52:43+00:00","og_image":[{"url":"https:\/\/www.blogsoestado.com\/danielmatos\/files\/2019\/02\/pires-rodovias-1024x678.jpg","type":"","width":"","height":""}],"twitter_card":"summary_large_image","twitter_misc":{"Est. tempo de leitura":"2 minutos"},"schema":{"@context":"https:\/\/schema.org","@graph":[{"@type":"WebPage","@id":"https:\/\/www.blogsoestado.com\/danielmatos\/cesar-pires-prega-uniao-de-deputados-em-prol-das-rodovias-estaduais-do-maranhao\/","url":"https:\/\/www.blogsoestado.com\/danielmatos\/cesar-pires-prega-uniao-de-deputados-em-prol-das-rodovias-estaduais-do-maranhao\/","name":"C\u00e9sar Pires prega uni\u00e3o de deputados em prol das rodovias estaduais do Maranh\u00e3o - Daniel Matos","isPartOf":{"@id":"https:\/\/www.blogsoestado.com\/danielmatos\/#website"},"primaryImageOfPage":{"@id":"https:\/\/www.blogsoestado.com\/danielmatos\/cesar-pires-prega-uniao-de-deputados-em-prol-das-rodovias-estaduais-do-maranhao\/#primaryimage"},"image":{"@id":"https:\/\/www.blogsoestado.com\/danielmatos\/cesar-pires-prega-uniao-de-deputados-em-prol-das-rodovias-estaduais-do-maranhao\/#primaryimage"},"thumbnailUrl":"https:\/\/www.blogsoestado.com\/danielmatos\/files\/2019\/02\/pires-rodovias-1024x678.jpg","datePublished":"2019-02-19T16:52:43+00:00","author":{"@id":""},"breadcrumb":{"@id":"https:\/\/www.blogsoestado.com\/danielmatos\/cesar-pires-prega-uniao-de-deputados-em-prol-das-rodovias-estaduais-do-maranhao\/#breadcrumb"},"inLanguage":"pt-BR","potentialAction":[{"@type":"ReadAction","target":["https:\/\/www.blogsoestado.com\/danielmatos\/cesar-pires-prega-uniao-de-deputados-em-prol-das-rodovias-estaduais-do-maranhao\/"]}]},{"@type":"ImageObject","inLanguage":"pt-BR","@id":"https:\/\/www.blogsoestado.com\/danielmatos\/cesar-pires-prega-uniao-de-deputados-em-prol-das-rodovias-estaduais-do-maranhao\/#primaryimage","url":"https:\/\/www.blogsoestado.com\/danielmatos\/files\/2019\/02\/pires-rodovias-1024x678.jpg","contentUrl":"https:\/\/www.blogsoestado.com\/danielmatos\/files\/2019\/02\/pires-rodovias-1024x678.jpg"},{"@type":"BreadcrumbList","@id":"https:\/\/www.blogsoestado.com\/danielmatos\/cesar-pires-prega-uniao-de-deputados-em-prol-das-rodovias-estaduais-do-maranhao\/#breadcrumb","itemListElement":[{"@type":"ListItem","position":1,"name":"In\u00edcio","item":"https:\/\/www.blogsoestado.com\/danielmatos\/"},{"@type":"ListItem","position":2,"name":"C\u00e9sar Pires prega uni\u00e3o de deputados em prol das rodovias estaduais do Maranh\u00e3o"}]},{"@type":"WebSite","@id":"https:\/\/www.blogsoestado.com\/danielmatos\/#website","url":"https:\/\/www.blogsoestado.com\/danielmatos\/","name":"Daniel Matos","description":"","potentialAction":[{"@type":"SearchAction","target":{"@type":"EntryPoint","urlTemplate":"https:\/\/www.blogsoestado.com\/danielmatos\/?s={search_term_string}"},"query-input":{"@type":"PropertyValueSpecification","valueRequired":true,"valueName":"search_term_string"}}],"inLanguage":"pt-BR"}]}},"jetpack_featured_media_url":"","_links":{"self":[{"href":"https:\/\/www.blogsoestado.com\/danielmatos\/wp-json\/wp\/v2\/posts\/60523","targetHints":{"allow":["GET"]}}],"collection":[{"href":"https:\/\/www.blogsoestado.com\/danielmatos\/wp-json\/wp\/v2\/posts"}],"about":[{"href":"https:\/\/www.blogsoestado.com\/danielmatos\/wp-json\/wp\/v2\/types\/post"}],"replies":[{"embeddable":true,"href":"https:\/\/www.blogsoestado.com\/danielmatos\/wp-json\/wp\/v2\/comments?post=60523"}],"version-history":[{"count":0,"href":"https:\/\/www.blogsoestado.com\/danielmatos\/wp-json\/wp\/v2\/posts\/60523\/revisions"}],"wp:attachment":[{"href":"https:\/\/www.blogsoestado.com\/danielmatos\/wp-json\/wp\/v2\/media?parent=60523"}],"wp:term":[{"taxonomy":"category","embeddable":true,"href":"https:\/\/www.blogsoestado.com\/danielmatos\/wp-json\/wp\/v2\/categories?post=60523"},{"taxonomy":"post_tag","embeddable":true,"href":"https:\/\/www.blogsoestado.com\/danielmatos\/wp-json\/wp\/v2\/tags?post=60523"}],"curies":[{"name":"wp","href":"https:\/\/api.w.org\/{rel}","templated":true}]}}