{"id":60526,"date":"2019-02-19T17:28:59","date_gmt":"2019-02-19T20:28:59","guid":{"rendered":"https:\/\/www.blogsoestado.com\/danielmatos\/?p=60526"},"modified":"2019-02-19T17:28:59","modified_gmt":"2019-02-19T20:28:59","slug":"deputado-wellington-recebe-vice-presidente-do-hospital-do-cancer-e-apresenta-destinacao-de-r-500-mil-em-emendas-parlamentares","status":"publish","type":"post","link":"https:\/\/www.blogsoestado.com\/danielmatos\/deputado-wellington-recebe-vice-presidente-do-hospital-do-cancer-e-apresenta-destinacao-de-r-500-mil-em-emendas-parlamentares\/","title":{"rendered":"Deputado Wellington recebe vice-presidente do Hospital do C\u00e2ncer e apresenta destina\u00e7\u00e3o de R$ 500 mil em emendas parlamentares"},"content":{"rendered":"\n<figure class=\"wp-block-image\"><img decoding=\"async\" src=\"https:\/\/www.blogsoestado.com\/danielmatos\/files\/2019\/02\/w-cancer-emenda-1024x768.jpg\" alt=\"\" class=\"wp-image-60537\"\/><figcaption>Wellington destinou a emenda \u00e0 Funda\u00e7\u00e3o Ant\u00f4nio Jorge Dino para que o atendimento \u00e0 popula\u00e7\u00e3o mantenha a qualidade <\/figcaption><\/figure>\n\n\n\n<p>O deputado estadual Wellington do Curso recebeu, em seu gabinete, a visita do vice-presidente da Funda\u00e7\u00e3o Ant\u00f4nio Jorge Dino, uma entidade filantr\u00f3pica que tem o trabalho voltado \u00e0 popula\u00e7\u00e3o com c\u00e2ncer, em especial, \u00e0 mais carente.<\/p>\n\n\n\n<p>Durante a visita, Wellington abordou alguns dos seus projetos em defesa das pessoas com c\u00e2ncer, al\u00e9m de destina\u00e7\u00e3o de suas emendas parlamentares em apoio \u00e0 Funda\u00e7\u00e3o Ant\u00f4nio Jorge Dino.<\/p>\n\n\n\n<p>\u201cFizemos a destina\u00e7\u00e3o de nossas emendas parlamentares no valor de R$500.000,00 para serem aplicados no apoio \u00e0 Funda\u00e7\u00e3o Ant\u00f4nio Jorge Dino, Hospital Aldenora Belo. Nosso objetivo \u00e9 incentivar que o atendimento \u00e0 popula\u00e7\u00e3o continue com qualidade. Nosso compromisso \u00e9 com a sa\u00fade dos maranhenses!\u201d, disse Wellington.<\/p>\n\n\n\n<p>Atualmente,  al\u00e9m do funcionamento do Hospital Aldenora Belo,  h\u00e1 tamb\u00e9m tr\u00eas casas de atendimento: uma funciona a sede administrativa e as outras duas s\u00e3o Casas de Apoio, que hospedam crian\u00e7as e senhoras, geralmente do interior, que n\u00e3o possuem lugar nem recursos para ficarem na cidade durante o tratamento. Essas casas s\u00e3o sustentadas pela Funda\u00e7\u00e3o Antonio Dino atrav\u00e9s de doa\u00e7\u00f5es da comunidade. Os pacientes t\u00eam inteiro apoio em alimenta\u00e7\u00e3o, rem\u00e9dios, vestu\u00e1rios, transporte e suporte psicopedag\u00f3gico para dar continuidade ao tratamento.<\/p>\n","protected":false},"excerpt":{"rendered":"<p>O deputado estadual Wellington do Curso recebeu, em seu gabinete, a visita do vice-presidente da Funda\u00e7\u00e3o Ant\u00f4nio Jorge Dino, uma [&hellip;]<\/p>\n","protected":false},"author":0,"featured_media":0,"comment_status":"open","ping_status":"open","sticky":false,"template":"","format":"standard","meta":{"site-sidebar-layout":"default","site-content-layout":"","ast-site-content-layout":"default","site-content-style":"default","site-sidebar-style":"default","ast-global-header-display":"","ast-banner-title-visibility":"","ast-main-header-display":"","ast-hfb-above-header-display":"","ast-hfb-below-header-display":"","ast-hfb-mobile-header-display":"","site-post-title":"","ast-breadcrumbs-content":"","ast-featured-img":"","footer-sml-layout":"","ast-disable-related-posts":"","theme-transparent-header-meta":"","adv-header-id-meta":"","stick-header-meta":"","header-above-stick-meta":"","header-main-stick-meta":"","header-below-stick-meta":"","astra-migrate-meta-layouts":"default","ast-page-background-enabled":"default","ast-page-background-meta":{"desktop":{"background-color":"var(--ast-global-color-5)","background-image":"","background-repeat":"repeat","background-position":"center center","background-size":"auto","background-attachment":"scroll","background-type":"","background-media":"","overlay-type":"","overlay-color":"","overlay-opacity":"","overlay-gradient":""},"tablet":{"background-color":"","background-image":"","background-repeat":"repeat","background-position":"center center","background-size":"auto","background-attachment":"scroll","background-type":"","background-media":"","overlay-type":"","overlay-color":"","overlay-opacity":"","overlay-gradient":""},"mobile":{"background-color":"","background-image":"","background-repeat":"repeat","background-position":"center center","background-size":"auto","background-attachment":"scroll","background-type":"","background-media":"","overlay-type":"","overlay-color":"","overlay-opacity":"","overlay-gradient":""}},"ast-content-background-meta":{"desktop":{"background-color":"var(--ast-global-color-4)","background-image":"","background-repeat":"repeat","background-position":"center center","background-size":"auto","background-attachment":"scroll","background-type":"","background-media":"","overlay-type":"","overlay-color":"","overlay-opacity":"","overlay-gradient":""},"tablet":{"background-color":"var(--ast-global-color-4)","background-image":"","background-repeat":"repeat","background-position":"center center","background-size":"auto","background-attachment":"scroll","background-type":"","background-media":"","overlay-type":"","overlay-color":"","overlay-opacity":"","overlay-gradient":""},"mobile":{"background-color":"var(--ast-global-color-4)","background-image":"","background-repeat":"repeat","background-position":"center center","background-size":"auto","background-attachment":"scroll","background-type":"","background-media":"","overlay-type":"","overlay-color":"","overlay-opacity":"","overlay-gradient":""}},"footnotes":""},"categories":[1],"tags":[],"class_list":["post-60526","post","type-post","status-publish","format-standard","hentry","category-sem-categoria"],"yoast_head":"<!-- This site is optimized with the Yoast SEO plugin v26.6 - https:\/\/yoast.com\/wordpress\/plugins\/seo\/ -->\n<title>Deputado Wellington recebe vice-presidente do Hospital do C\u00e2ncer e apresenta destina\u00e7\u00e3o de R$ 500 mil em emendas parlamentares - Daniel Matos<\/title>\n<meta name=\"robots\" content=\"index, follow, max-snippet:-1, max-image-preview:large, max-video-preview:-1\" \/>\n<link rel=\"canonical\" href=\"https:\/\/www.blogsoestado.com\/danielmatos\/deputado-wellington-recebe-vice-presidente-do-hospital-do-cancer-e-apresenta-destinacao-de-r-500-mil-em-emendas-parlamentares\/\" \/>\n<meta property=\"og:locale\" content=\"pt_BR\" \/>\n<meta property=\"og:type\" content=\"article\" \/>\n<meta property=\"og:title\" content=\"Deputado Wellington recebe vice-presidente do Hospital do C\u00e2ncer e apresenta destina\u00e7\u00e3o de R$ 500 mil em emendas parlamentares - Daniel Matos\" \/>\n<meta property=\"og:description\" content=\"O deputado estadual Wellington do Curso recebeu, em seu gabinete, a visita do vice-presidente da Funda\u00e7\u00e3o Ant\u00f4nio Jorge Dino, uma [&hellip;]\" \/>\n<meta property=\"og:url\" content=\"https:\/\/www.blogsoestado.com\/danielmatos\/deputado-wellington-recebe-vice-presidente-do-hospital-do-cancer-e-apresenta-destinacao-de-r-500-mil-em-emendas-parlamentares\/\" \/>\n<meta property=\"og:site_name\" content=\"Daniel Matos\" \/>\n<meta property=\"article:published_time\" content=\"2019-02-19T20:28:59+00:00\" \/>\n<meta property=\"og:image\" content=\"https:\/\/www.blogsoestado.com\/danielmatos\/files\/2019\/02\/w-cancer-emenda-1024x768.jpg\" \/>\n<meta name=\"twitter:card\" content=\"summary_large_image\" \/>\n<meta name=\"twitter:label1\" content=\"Est. tempo de leitura\" \/>\n\t<meta name=\"twitter:data1\" content=\"1 minuto\" \/>\n<script type=\"application\/ld+json\" class=\"yoast-schema-graph\">{\"@context\":\"https:\/\/schema.org\",\"@graph\":[{\"@type\":\"WebPage\",\"@id\":\"https:\/\/www.blogsoestado.com\/danielmatos\/deputado-wellington-recebe-vice-presidente-do-hospital-do-cancer-e-apresenta-destinacao-de-r-500-mil-em-emendas-parlamentares\/\",\"url\":\"https:\/\/www.blogsoestado.com\/danielmatos\/deputado-wellington-recebe-vice-presidente-do-hospital-do-cancer-e-apresenta-destinacao-de-r-500-mil-em-emendas-parlamentares\/\",\"name\":\"Deputado Wellington recebe vice-presidente do Hospital do C\u00e2ncer e apresenta destina\u00e7\u00e3o de R$ 500 mil em emendas parlamentares - Daniel Matos\",\"isPartOf\":{\"@id\":\"https:\/\/www.blogsoestado.com\/danielmatos\/#website\"},\"primaryImageOfPage\":{\"@id\":\"https:\/\/www.blogsoestado.com\/danielmatos\/deputado-wellington-recebe-vice-presidente-do-hospital-do-cancer-e-apresenta-destinacao-de-r-500-mil-em-emendas-parlamentares\/#primaryimage\"},\"image\":{\"@id\":\"https:\/\/www.blogsoestado.com\/danielmatos\/deputado-wellington-recebe-vice-presidente-do-hospital-do-cancer-e-apresenta-destinacao-de-r-500-mil-em-emendas-parlamentares\/#primaryimage\"},\"thumbnailUrl\":\"https:\/\/www.blogsoestado.com\/danielmatos\/files\/2019\/02\/w-cancer-emenda-1024x768.jpg\",\"datePublished\":\"2019-02-19T20:28:59+00:00\",\"author\":{\"@id\":\"\"},\"breadcrumb\":{\"@id\":\"https:\/\/www.blogsoestado.com\/danielmatos\/deputado-wellington-recebe-vice-presidente-do-hospital-do-cancer-e-apresenta-destinacao-de-r-500-mil-em-emendas-parlamentares\/#breadcrumb\"},\"inLanguage\":\"pt-BR\",\"potentialAction\":[{\"@type\":\"ReadAction\",\"target\":[\"https:\/\/www.blogsoestado.com\/danielmatos\/deputado-wellington-recebe-vice-presidente-do-hospital-do-cancer-e-apresenta-destinacao-de-r-500-mil-em-emendas-parlamentares\/\"]}]},{\"@type\":\"ImageObject\",\"inLanguage\":\"pt-BR\",\"@id\":\"https:\/\/www.blogsoestado.com\/danielmatos\/deputado-wellington-recebe-vice-presidente-do-hospital-do-cancer-e-apresenta-destinacao-de-r-500-mil-em-emendas-parlamentares\/#primaryimage\",\"url\":\"https:\/\/www.blogsoestado.com\/danielmatos\/files\/2019\/02\/w-cancer-emenda-1024x768.jpg\",\"contentUrl\":\"https:\/\/www.blogsoestado.com\/danielmatos\/files\/2019\/02\/w-cancer-emenda-1024x768.jpg\"},{\"@type\":\"BreadcrumbList\",\"@id\":\"https:\/\/www.blogsoestado.com\/danielmatos\/deputado-wellington-recebe-vice-presidente-do-hospital-do-cancer-e-apresenta-destinacao-de-r-500-mil-em-emendas-parlamentares\/#breadcrumb\",\"itemListElement\":[{\"@type\":\"ListItem\",\"position\":1,\"name\":\"In\u00edcio\",\"item\":\"https:\/\/www.blogsoestado.com\/danielmatos\/\"},{\"@type\":\"ListItem\",\"position\":2,\"name\":\"Deputado Wellington recebe vice-presidente do Hospital do C\u00e2ncer e apresenta destina\u00e7\u00e3o de R$ 500 mil em emendas parlamentares\"}]},{\"@type\":\"WebSite\",\"@id\":\"https:\/\/www.blogsoestado.com\/danielmatos\/#website\",\"url\":\"https:\/\/www.blogsoestado.com\/danielmatos\/\",\"name\":\"Daniel Matos\",\"description\":\"\",\"potentialAction\":[{\"@type\":\"SearchAction\",\"target\":{\"@type\":\"EntryPoint\",\"urlTemplate\":\"https:\/\/www.blogsoestado.com\/danielmatos\/?s={search_term_string}\"},\"query-input\":{\"@type\":\"PropertyValueSpecification\",\"valueRequired\":true,\"valueName\":\"search_term_string\"}}],\"inLanguage\":\"pt-BR\"}]}<\/script>\n<!-- \/ Yoast SEO plugin. -->","yoast_head_json":{"title":"Deputado Wellington recebe vice-presidente do Hospital do C\u00e2ncer e apresenta destina\u00e7\u00e3o de R$ 500 mil em emendas parlamentares - Daniel Matos","robots":{"index":"index","follow":"follow","max-snippet":"max-snippet:-1","max-image-preview":"max-image-preview:large","max-video-preview":"max-video-preview:-1"},"canonical":"https:\/\/www.blogsoestado.com\/danielmatos\/deputado-wellington-recebe-vice-presidente-do-hospital-do-cancer-e-apresenta-destinacao-de-r-500-mil-em-emendas-parlamentares\/","og_locale":"pt_BR","og_type":"article","og_title":"Deputado Wellington recebe vice-presidente do Hospital do C\u00e2ncer e apresenta destina\u00e7\u00e3o de R$ 500 mil em emendas parlamentares - Daniel Matos","og_description":"O deputado estadual Wellington do Curso recebeu, em seu gabinete, a visita do vice-presidente da Funda\u00e7\u00e3o Ant\u00f4nio Jorge Dino, uma [&hellip;]","og_url":"https:\/\/www.blogsoestado.com\/danielmatos\/deputado-wellington-recebe-vice-presidente-do-hospital-do-cancer-e-apresenta-destinacao-de-r-500-mil-em-emendas-parlamentares\/","og_site_name":"Daniel Matos","article_published_time":"2019-02-19T20:28:59+00:00","og_image":[{"url":"https:\/\/www.blogsoestado.com\/danielmatos\/files\/2019\/02\/w-cancer-emenda-1024x768.jpg","type":"","width":"","height":""}],"twitter_card":"summary_large_image","twitter_misc":{"Est. tempo de leitura":"1 minuto"},"schema":{"@context":"https:\/\/schema.org","@graph":[{"@type":"WebPage","@id":"https:\/\/www.blogsoestado.com\/danielmatos\/deputado-wellington-recebe-vice-presidente-do-hospital-do-cancer-e-apresenta-destinacao-de-r-500-mil-em-emendas-parlamentares\/","url":"https:\/\/www.blogsoestado.com\/danielmatos\/deputado-wellington-recebe-vice-presidente-do-hospital-do-cancer-e-apresenta-destinacao-de-r-500-mil-em-emendas-parlamentares\/","name":"Deputado Wellington recebe vice-presidente do Hospital do C\u00e2ncer e apresenta destina\u00e7\u00e3o de R$ 500 mil em emendas parlamentares - Daniel Matos","isPartOf":{"@id":"https:\/\/www.blogsoestado.com\/danielmatos\/#website"},"primaryImageOfPage":{"@id":"https:\/\/www.blogsoestado.com\/danielmatos\/deputado-wellington-recebe-vice-presidente-do-hospital-do-cancer-e-apresenta-destinacao-de-r-500-mil-em-emendas-parlamentares\/#primaryimage"},"image":{"@id":"https:\/\/www.blogsoestado.com\/danielmatos\/deputado-wellington-recebe-vice-presidente-do-hospital-do-cancer-e-apresenta-destinacao-de-r-500-mil-em-emendas-parlamentares\/#primaryimage"},"thumbnailUrl":"https:\/\/www.blogsoestado.com\/danielmatos\/files\/2019\/02\/w-cancer-emenda-1024x768.jpg","datePublished":"2019-02-19T20:28:59+00:00","author":{"@id":""},"breadcrumb":{"@id":"https:\/\/www.blogsoestado.com\/danielmatos\/deputado-wellington-recebe-vice-presidente-do-hospital-do-cancer-e-apresenta-destinacao-de-r-500-mil-em-emendas-parlamentares\/#breadcrumb"},"inLanguage":"pt-BR","potentialAction":[{"@type":"ReadAction","target":["https:\/\/www.blogsoestado.com\/danielmatos\/deputado-wellington-recebe-vice-presidente-do-hospital-do-cancer-e-apresenta-destinacao-de-r-500-mil-em-emendas-parlamentares\/"]}]},{"@type":"ImageObject","inLanguage":"pt-BR","@id":"https:\/\/www.blogsoestado.com\/danielmatos\/deputado-wellington-recebe-vice-presidente-do-hospital-do-cancer-e-apresenta-destinacao-de-r-500-mil-em-emendas-parlamentares\/#primaryimage","url":"https:\/\/www.blogsoestado.com\/danielmatos\/files\/2019\/02\/w-cancer-emenda-1024x768.jpg","contentUrl":"https:\/\/www.blogsoestado.com\/danielmatos\/files\/2019\/02\/w-cancer-emenda-1024x768.jpg"},{"@type":"BreadcrumbList","@id":"https:\/\/www.blogsoestado.com\/danielmatos\/deputado-wellington-recebe-vice-presidente-do-hospital-do-cancer-e-apresenta-destinacao-de-r-500-mil-em-emendas-parlamentares\/#breadcrumb","itemListElement":[{"@type":"ListItem","position":1,"name":"In\u00edcio","item":"https:\/\/www.blogsoestado.com\/danielmatos\/"},{"@type":"ListItem","position":2,"name":"Deputado Wellington recebe vice-presidente do Hospital do C\u00e2ncer e apresenta destina\u00e7\u00e3o de R$ 500 mil em emendas parlamentares"}]},{"@type":"WebSite","@id":"https:\/\/www.blogsoestado.com\/danielmatos\/#website","url":"https:\/\/www.blogsoestado.com\/danielmatos\/","name":"Daniel Matos","description":"","potentialAction":[{"@type":"SearchAction","target":{"@type":"EntryPoint","urlTemplate":"https:\/\/www.blogsoestado.com\/danielmatos\/?s={search_term_string}"},"query-input":{"@type":"PropertyValueSpecification","valueRequired":true,"valueName":"search_term_string"}}],"inLanguage":"pt-BR"}]}},"jetpack_featured_media_url":"","_links":{"self":[{"href":"https:\/\/www.blogsoestado.com\/danielmatos\/wp-json\/wp\/v2\/posts\/60526","targetHints":{"allow":["GET"]}}],"collection":[{"href":"https:\/\/www.blogsoestado.com\/danielmatos\/wp-json\/wp\/v2\/posts"}],"about":[{"href":"https:\/\/www.blogsoestado.com\/danielmatos\/wp-json\/wp\/v2\/types\/post"}],"replies":[{"embeddable":true,"href":"https:\/\/www.blogsoestado.com\/danielmatos\/wp-json\/wp\/v2\/comments?post=60526"}],"version-history":[{"count":0,"href":"https:\/\/www.blogsoestado.com\/danielmatos\/wp-json\/wp\/v2\/posts\/60526\/revisions"}],"wp:attachment":[{"href":"https:\/\/www.blogsoestado.com\/danielmatos\/wp-json\/wp\/v2\/media?parent=60526"}],"wp:term":[{"taxonomy":"category","embeddable":true,"href":"https:\/\/www.blogsoestado.com\/danielmatos\/wp-json\/wp\/v2\/categories?post=60526"},{"taxonomy":"post_tag","embeddable":true,"href":"https:\/\/www.blogsoestado.com\/danielmatos\/wp-json\/wp\/v2\/tags?post=60526"}],"curies":[{"name":"wp","href":"https:\/\/api.w.org\/{rel}","templated":true}]}}