{"id":60551,"date":"2019-02-20T16:14:29","date_gmt":"2019-02-20T19:14:29","guid":{"rendered":"https:\/\/www.blogsoestado.com\/danielmatos\/?p=60551"},"modified":"2019-02-20T16:14:29","modified_gmt":"2019-02-20T19:14:29","slug":"menina-dos-olhos-de-flavio-dino-iema-deixa-estudantes-a-pe-em-longo-trajeto-ate-a-escola-e-na-volta-para-casa","status":"publish","type":"post","link":"https:\/\/www.blogsoestado.com\/danielmatos\/menina-dos-olhos-de-flavio-dino-iema-deixa-estudantes-a-pe-em-longo-trajeto-ate-a-escola-e-na-volta-para-casa\/","title":{"rendered":"&#8220;Menina dos olhos&#8221; de Dino, IEMA deixa alunos a p\u00e9 em longo trajeto at\u00e9 a escola e na volta para casa"},"content":{"rendered":"\n<figure class=\"wp-block-image is-resized\"><img fetchpriority=\"high\" decoding=\"async\" src=\"https:\/\/www.blogsoestado.com\/danielmatos\/files\/2019\/02\/coroata-a-pe.jpg\" alt=\"\" class=\"wp-image-60560\" width=\"580\" height=\"323\"\/><figcaption>Grupo de alunos do Iema de Coroat\u00e1 volta para a casa a p\u00e9 porque o \u00f4nibus os esperou<\/figcaption><\/figure>\n\n\n\n<p>A unidade do Instituto de Educa\u00e7\u00e3o, Ci\u00eancia e Tecnologia do Maranh\u00e3o (IEMA) de Coroat\u00e1 vem obrigando seus estudantes a caminhar longas dist\u00e2ncias no trajeto at\u00e9 a escola e ap\u00f3s o fim das aulas, expondo-os a todos tipo de risco, como roubo e acidentes. Esp\u00e9cie de &#8220;Menina dos Olhos&#8221; do governador Fl\u00e1vio Dino (PCdoB), o IEMA \u00e9 apontado como pelo comunista, que tem inaugurado dezenas de unidades do instituto Maranh\u00e3o afora, pelo visto, sem a devida capacidade log\u00edstica de atender os estudantes.   <\/p>\n\n\n\n<p>Na tarde de ter\u00e7a-feira (19), alunas gravaram um v\u00eddeo e postaram nas redes sociais para mostrar a <em>via crucis<\/em> que s\u00e3o obrigadas a cumprir diariamente por causa da falta de sensibilidade da gest\u00e3o do IEMA e da Prefeitura de Coroat\u00e1, respons\u00e1vel pelo fornecimento do transporte. <\/p>\n\n\n\n<p>Segundo informa\u00e7\u00e3o repassada ao blog, os alunos que moram nos bairros Areal, Bairro Novo, Americano, Cohab, Moc\u00f3 e outros t\u00eam que percorrer longas dist\u00e2ncias at\u00e9 a pra\u00e7a Jos\u00e9 Sarney, ponto de embarque no \u00f4nibus que os leva at\u00e9 a escola, localizada na MA-332.    <\/p>\n\n\n\n<p>J\u00e1 os estudantes que residem nos bairros Trizidela, Dom Reinaldo e Mariol s\u00e3o largados, ao t\u00e9rmino de cada turno de aulas, no posto de combust\u00edvel do Z\u00e9 Lamar, na Avenida da Bandeira, e de l\u00e1 t\u00eam que seguir andando para as suas resid\u00eancias. Para piorar, dos quatro \u00f4nibus que deveriam servir aos estudantes do IEMA de Coroat\u00e1, apenas dois est\u00e3o fazendo as rotas.<\/p>\n\n\n\n<p>Inaugurado em fevereiro de 2017, o IEMA de Coroat\u00e1 oferece os cursos profissionalizantes de t\u00e9cnico em agricultura, t\u00e9cnico em inform\u00e1tica e t\u00e9cnico em zootecnia (avicultura), todos de n\u00edvel m\u00e9dio. A unidade funciona tempo integral, com aulas das 07h30 \u00e0s 17h. <\/p>\n\n\n\n<p>No v\u00eddeo abaixo, as alunas reclamam da frota reduzida do transporte escolar e denunciam que o \u00f4nibus no qual deveriam ter embarcado de volta para casa \u00e0s 17h, ap\u00f3s o turno de aulas, passou \u00e0s 16h30 e as deixou a p\u00e9: <\/p>\n\n\n\n<figure class=\"wp-block-embed-youtube wp-block-embed is-type-video is-provider-youtube wp-embed-aspect-16-9 wp-has-aspect-ratio\"><div class=\"wp-block-embed__wrapper\">\n<iframe title=\"Estudantes do Iema ficam a p\u00e9\" width=\"500\" height=\"281\" src=\"https:\/\/www.youtube.com\/embed\/3cdxy9rbD5o?feature=oembed\" frameborder=\"0\" allow=\"accelerometer; autoplay; clipboard-write; encrypted-media; gyroscope; picture-in-picture; web-share\" referrerpolicy=\"strict-origin-when-cross-origin\" allowfullscreen><\/iframe>\n<\/div><\/figure>\n\n\n\n<p>  <\/p>\n","protected":false},"excerpt":{"rendered":"<p>A unidade do Instituto de Educa\u00e7\u00e3o, Ci\u00eancia e Tecnologia do Maranh\u00e3o (IEMA) de Coroat\u00e1 vem obrigando seus estudantes a caminhar [&hellip;]<\/p>\n","protected":false},"author":0,"featured_media":0,"comment_status":"open","ping_status":"open","sticky":false,"template":"","format":"standard","meta":{"site-sidebar-layout":"default","site-content-layout":"","ast-site-content-layout":"default","site-content-style":"default","site-sidebar-style":"default","ast-global-header-display":"","ast-banner-title-visibility":"","ast-main-header-display":"","ast-hfb-above-header-display":"","ast-hfb-below-header-display":"","ast-hfb-mobile-header-display":"","site-post-title":"","ast-breadcrumbs-content":"","ast-featured-img":"","footer-sml-layout":"","ast-disable-related-posts":"","theme-transparent-header-meta":"","adv-header-id-meta":"","stick-header-meta":"","header-above-stick-meta":"","header-main-stick-meta":"","header-below-stick-meta":"","astra-migrate-meta-layouts":"default","ast-page-background-enabled":"default","ast-page-background-meta":{"desktop":{"background-color":"var(--ast-global-color-5)","background-image":"","background-repeat":"repeat","background-position":"center center","background-size":"auto","background-attachment":"scroll","background-type":"","background-media":"","overlay-type":"","overlay-color":"","overlay-opacity":"","overlay-gradient":""},"tablet":{"background-color":"","background-image":"","background-repeat":"repeat","background-position":"center center","background-size":"auto","background-attachment":"scroll","background-type":"","background-media":"","overlay-type":"","overlay-color":"","overlay-opacity":"","overlay-gradient":""},"mobile":{"background-color":"","background-image":"","background-repeat":"repeat","background-position":"center center","background-size":"auto","background-attachment":"scroll","background-type":"","background-media":"","overlay-type":"","overlay-color":"","overlay-opacity":"","overlay-gradient":""}},"ast-content-background-meta":{"desktop":{"background-color":"var(--ast-global-color-4)","background-image":"","background-repeat":"repeat","background-position":"center center","background-size":"auto","background-attachment":"scroll","background-type":"","background-media":"","overlay-type":"","overlay-color":"","overlay-opacity":"","overlay-gradient":""},"tablet":{"background-color":"var(--ast-global-color-4)","background-image":"","background-repeat":"repeat","background-position":"center center","background-size":"auto","background-attachment":"scroll","background-type":"","background-media":"","overlay-type":"","overlay-color":"","overlay-opacity":"","overlay-gradient":""},"mobile":{"background-color":"var(--ast-global-color-4)","background-image":"","background-repeat":"repeat","background-position":"center center","background-size":"auto","background-attachment":"scroll","background-type":"","background-media":"","overlay-type":"","overlay-color":"","overlay-opacity":"","overlay-gradient":""}},"footnotes":""},"categories":[1],"tags":[],"class_list":["post-60551","post","type-post","status-publish","format-standard","hentry","category-sem-categoria"],"yoast_head":"<!-- This site is optimized with the Yoast SEO plugin v26.6 - https:\/\/yoast.com\/wordpress\/plugins\/seo\/ -->\n<title>&quot;Menina dos olhos&quot; de Dino, IEMA deixa alunos a p\u00e9 em longo trajeto at\u00e9 a escola e na volta para casa - Daniel Matos<\/title>\n<meta name=\"robots\" content=\"index, follow, max-snippet:-1, max-image-preview:large, max-video-preview:-1\" \/>\n<link rel=\"canonical\" href=\"https:\/\/www.blogsoestado.com\/danielmatos\/menina-dos-olhos-de-flavio-dino-iema-deixa-estudantes-a-pe-em-longo-trajeto-ate-a-escola-e-na-volta-para-casa\/\" \/>\n<meta property=\"og:locale\" content=\"pt_BR\" \/>\n<meta property=\"og:type\" content=\"article\" \/>\n<meta property=\"og:title\" content=\"&quot;Menina dos olhos&quot; de Dino, IEMA deixa alunos a p\u00e9 em longo trajeto at\u00e9 a escola e na volta para casa - Daniel Matos\" \/>\n<meta property=\"og:description\" content=\"A unidade do Instituto de Educa\u00e7\u00e3o, Ci\u00eancia e Tecnologia do Maranh\u00e3o (IEMA) de Coroat\u00e1 vem obrigando seus estudantes a caminhar [&hellip;]\" \/>\n<meta property=\"og:url\" content=\"https:\/\/www.blogsoestado.com\/danielmatos\/menina-dos-olhos-de-flavio-dino-iema-deixa-estudantes-a-pe-em-longo-trajeto-ate-a-escola-e-na-volta-para-casa\/\" \/>\n<meta property=\"og:site_name\" content=\"Daniel Matos\" \/>\n<meta property=\"article:published_time\" content=\"2019-02-20T19:14:29+00:00\" \/>\n<meta property=\"og:image\" content=\"https:\/\/www.blogsoestado.com\/danielmatos\/files\/2019\/02\/coroata-a-pe.jpg\" \/>\n<meta name=\"twitter:card\" content=\"summary_large_image\" \/>\n<meta name=\"twitter:label1\" content=\"Est. tempo de leitura\" \/>\n\t<meta name=\"twitter:data1\" content=\"2 minutos\" \/>\n<script type=\"application\/ld+json\" class=\"yoast-schema-graph\">{\"@context\":\"https:\/\/schema.org\",\"@graph\":[{\"@type\":\"WebPage\",\"@id\":\"https:\/\/www.blogsoestado.com\/danielmatos\/menina-dos-olhos-de-flavio-dino-iema-deixa-estudantes-a-pe-em-longo-trajeto-ate-a-escola-e-na-volta-para-casa\/\",\"url\":\"https:\/\/www.blogsoestado.com\/danielmatos\/menina-dos-olhos-de-flavio-dino-iema-deixa-estudantes-a-pe-em-longo-trajeto-ate-a-escola-e-na-volta-para-casa\/\",\"name\":\"\\\"Menina dos olhos\\\" de Dino, IEMA deixa alunos a p\u00e9 em longo trajeto at\u00e9 a escola e na volta para casa - Daniel Matos\",\"isPartOf\":{\"@id\":\"https:\/\/www.blogsoestado.com\/danielmatos\/#website\"},\"primaryImageOfPage\":{\"@id\":\"https:\/\/www.blogsoestado.com\/danielmatos\/menina-dos-olhos-de-flavio-dino-iema-deixa-estudantes-a-pe-em-longo-trajeto-ate-a-escola-e-na-volta-para-casa\/#primaryimage\"},\"image\":{\"@id\":\"https:\/\/www.blogsoestado.com\/danielmatos\/menina-dos-olhos-de-flavio-dino-iema-deixa-estudantes-a-pe-em-longo-trajeto-ate-a-escola-e-na-volta-para-casa\/#primaryimage\"},\"thumbnailUrl\":\"https:\/\/www.blogsoestado.com\/danielmatos\/files\/2019\/02\/coroata-a-pe.jpg\",\"datePublished\":\"2019-02-20T19:14:29+00:00\",\"author\":{\"@id\":\"\"},\"breadcrumb\":{\"@id\":\"https:\/\/www.blogsoestado.com\/danielmatos\/menina-dos-olhos-de-flavio-dino-iema-deixa-estudantes-a-pe-em-longo-trajeto-ate-a-escola-e-na-volta-para-casa\/#breadcrumb\"},\"inLanguage\":\"pt-BR\",\"potentialAction\":[{\"@type\":\"ReadAction\",\"target\":[\"https:\/\/www.blogsoestado.com\/danielmatos\/menina-dos-olhos-de-flavio-dino-iema-deixa-estudantes-a-pe-em-longo-trajeto-ate-a-escola-e-na-volta-para-casa\/\"]}]},{\"@type\":\"ImageObject\",\"inLanguage\":\"pt-BR\",\"@id\":\"https:\/\/www.blogsoestado.com\/danielmatos\/menina-dos-olhos-de-flavio-dino-iema-deixa-estudantes-a-pe-em-longo-trajeto-ate-a-escola-e-na-volta-para-casa\/#primaryimage\",\"url\":\"https:\/\/www.blogsoestado.com\/danielmatos\/files\/2019\/02\/coroata-a-pe.jpg\",\"contentUrl\":\"https:\/\/www.blogsoestado.com\/danielmatos\/files\/2019\/02\/coroata-a-pe.jpg\"},{\"@type\":\"BreadcrumbList\",\"@id\":\"https:\/\/www.blogsoestado.com\/danielmatos\/menina-dos-olhos-de-flavio-dino-iema-deixa-estudantes-a-pe-em-longo-trajeto-ate-a-escola-e-na-volta-para-casa\/#breadcrumb\",\"itemListElement\":[{\"@type\":\"ListItem\",\"position\":1,\"name\":\"In\u00edcio\",\"item\":\"https:\/\/www.blogsoestado.com\/danielmatos\/\"},{\"@type\":\"ListItem\",\"position\":2,\"name\":\"&#8220;Menina dos olhos&#8221; de Dino, IEMA deixa alunos a p\u00e9 em longo trajeto at\u00e9 a escola e na volta para casa\"}]},{\"@type\":\"WebSite\",\"@id\":\"https:\/\/www.blogsoestado.com\/danielmatos\/#website\",\"url\":\"https:\/\/www.blogsoestado.com\/danielmatos\/\",\"name\":\"Daniel Matos\",\"description\":\"\",\"potentialAction\":[{\"@type\":\"SearchAction\",\"target\":{\"@type\":\"EntryPoint\",\"urlTemplate\":\"https:\/\/www.blogsoestado.com\/danielmatos\/?s={search_term_string}\"},\"query-input\":{\"@type\":\"PropertyValueSpecification\",\"valueRequired\":true,\"valueName\":\"search_term_string\"}}],\"inLanguage\":\"pt-BR\"}]}<\/script>\n<!-- \/ Yoast SEO plugin. -->","yoast_head_json":{"title":"\"Menina dos olhos\" de Dino, IEMA deixa alunos a p\u00e9 em longo trajeto at\u00e9 a escola e na volta para casa - Daniel Matos","robots":{"index":"index","follow":"follow","max-snippet":"max-snippet:-1","max-image-preview":"max-image-preview:large","max-video-preview":"max-video-preview:-1"},"canonical":"https:\/\/www.blogsoestado.com\/danielmatos\/menina-dos-olhos-de-flavio-dino-iema-deixa-estudantes-a-pe-em-longo-trajeto-ate-a-escola-e-na-volta-para-casa\/","og_locale":"pt_BR","og_type":"article","og_title":"\"Menina dos olhos\" de Dino, IEMA deixa alunos a p\u00e9 em longo trajeto at\u00e9 a escola e na volta para casa - Daniel Matos","og_description":"A unidade do Instituto de Educa\u00e7\u00e3o, Ci\u00eancia e Tecnologia do Maranh\u00e3o (IEMA) de Coroat\u00e1 vem obrigando seus estudantes a caminhar [&hellip;]","og_url":"https:\/\/www.blogsoestado.com\/danielmatos\/menina-dos-olhos-de-flavio-dino-iema-deixa-estudantes-a-pe-em-longo-trajeto-ate-a-escola-e-na-volta-para-casa\/","og_site_name":"Daniel Matos","article_published_time":"2019-02-20T19:14:29+00:00","og_image":[{"url":"https:\/\/www.blogsoestado.com\/danielmatos\/files\/2019\/02\/coroata-a-pe.jpg","type":"","width":"","height":""}],"twitter_card":"summary_large_image","twitter_misc":{"Est. tempo de leitura":"2 minutos"},"schema":{"@context":"https:\/\/schema.org","@graph":[{"@type":"WebPage","@id":"https:\/\/www.blogsoestado.com\/danielmatos\/menina-dos-olhos-de-flavio-dino-iema-deixa-estudantes-a-pe-em-longo-trajeto-ate-a-escola-e-na-volta-para-casa\/","url":"https:\/\/www.blogsoestado.com\/danielmatos\/menina-dos-olhos-de-flavio-dino-iema-deixa-estudantes-a-pe-em-longo-trajeto-ate-a-escola-e-na-volta-para-casa\/","name":"\"Menina dos olhos\" de Dino, IEMA deixa alunos a p\u00e9 em longo trajeto at\u00e9 a escola e na volta para casa - Daniel Matos","isPartOf":{"@id":"https:\/\/www.blogsoestado.com\/danielmatos\/#website"},"primaryImageOfPage":{"@id":"https:\/\/www.blogsoestado.com\/danielmatos\/menina-dos-olhos-de-flavio-dino-iema-deixa-estudantes-a-pe-em-longo-trajeto-ate-a-escola-e-na-volta-para-casa\/#primaryimage"},"image":{"@id":"https:\/\/www.blogsoestado.com\/danielmatos\/menina-dos-olhos-de-flavio-dino-iema-deixa-estudantes-a-pe-em-longo-trajeto-ate-a-escola-e-na-volta-para-casa\/#primaryimage"},"thumbnailUrl":"https:\/\/www.blogsoestado.com\/danielmatos\/files\/2019\/02\/coroata-a-pe.jpg","datePublished":"2019-02-20T19:14:29+00:00","author":{"@id":""},"breadcrumb":{"@id":"https:\/\/www.blogsoestado.com\/danielmatos\/menina-dos-olhos-de-flavio-dino-iema-deixa-estudantes-a-pe-em-longo-trajeto-ate-a-escola-e-na-volta-para-casa\/#breadcrumb"},"inLanguage":"pt-BR","potentialAction":[{"@type":"ReadAction","target":["https:\/\/www.blogsoestado.com\/danielmatos\/menina-dos-olhos-de-flavio-dino-iema-deixa-estudantes-a-pe-em-longo-trajeto-ate-a-escola-e-na-volta-para-casa\/"]}]},{"@type":"ImageObject","inLanguage":"pt-BR","@id":"https:\/\/www.blogsoestado.com\/danielmatos\/menina-dos-olhos-de-flavio-dino-iema-deixa-estudantes-a-pe-em-longo-trajeto-ate-a-escola-e-na-volta-para-casa\/#primaryimage","url":"https:\/\/www.blogsoestado.com\/danielmatos\/files\/2019\/02\/coroata-a-pe.jpg","contentUrl":"https:\/\/www.blogsoestado.com\/danielmatos\/files\/2019\/02\/coroata-a-pe.jpg"},{"@type":"BreadcrumbList","@id":"https:\/\/www.blogsoestado.com\/danielmatos\/menina-dos-olhos-de-flavio-dino-iema-deixa-estudantes-a-pe-em-longo-trajeto-ate-a-escola-e-na-volta-para-casa\/#breadcrumb","itemListElement":[{"@type":"ListItem","position":1,"name":"In\u00edcio","item":"https:\/\/www.blogsoestado.com\/danielmatos\/"},{"@type":"ListItem","position":2,"name":"&#8220;Menina dos olhos&#8221; de Dino, IEMA deixa alunos a p\u00e9 em longo trajeto at\u00e9 a escola e na volta para casa"}]},{"@type":"WebSite","@id":"https:\/\/www.blogsoestado.com\/danielmatos\/#website","url":"https:\/\/www.blogsoestado.com\/danielmatos\/","name":"Daniel Matos","description":"","potentialAction":[{"@type":"SearchAction","target":{"@type":"EntryPoint","urlTemplate":"https:\/\/www.blogsoestado.com\/danielmatos\/?s={search_term_string}"},"query-input":{"@type":"PropertyValueSpecification","valueRequired":true,"valueName":"search_term_string"}}],"inLanguage":"pt-BR"}]}},"jetpack_featured_media_url":"","_links":{"self":[{"href":"https:\/\/www.blogsoestado.com\/danielmatos\/wp-json\/wp\/v2\/posts\/60551","targetHints":{"allow":["GET"]}}],"collection":[{"href":"https:\/\/www.blogsoestado.com\/danielmatos\/wp-json\/wp\/v2\/posts"}],"about":[{"href":"https:\/\/www.blogsoestado.com\/danielmatos\/wp-json\/wp\/v2\/types\/post"}],"replies":[{"embeddable":true,"href":"https:\/\/www.blogsoestado.com\/danielmatos\/wp-json\/wp\/v2\/comments?post=60551"}],"version-history":[{"count":0,"href":"https:\/\/www.blogsoestado.com\/danielmatos\/wp-json\/wp\/v2\/posts\/60551\/revisions"}],"wp:attachment":[{"href":"https:\/\/www.blogsoestado.com\/danielmatos\/wp-json\/wp\/v2\/media?parent=60551"}],"wp:term":[{"taxonomy":"category","embeddable":true,"href":"https:\/\/www.blogsoestado.com\/danielmatos\/wp-json\/wp\/v2\/categories?post=60551"},{"taxonomy":"post_tag","embeddable":true,"href":"https:\/\/www.blogsoestado.com\/danielmatos\/wp-json\/wp\/v2\/tags?post=60551"}],"curies":[{"name":"wp","href":"https:\/\/api.w.org\/{rel}","templated":true}]}}