{"id":60552,"date":"2019-02-20T11:39:06","date_gmt":"2019-02-20T14:39:06","guid":{"rendered":"https:\/\/www.blogsoestado.com\/danielmatos\/?p=60552"},"modified":"2019-02-20T11:39:06","modified_gmt":"2019-02-20T14:39:06","slug":"deputado-ze-gentil-denuncia-precariedade-em-rodovias-federais","status":"publish","type":"post","link":"https:\/\/www.blogsoestado.com\/danielmatos\/deputado-ze-gentil-denuncia-precariedade-em-rodovias-federais\/","title":{"rendered":"Deputado Z\u00e9 Gentil denuncia precariedade em rodovias federais"},"content":{"rendered":"\n<figure class=\"wp-block-image\"><img decoding=\"async\" src=\"https:\/\/www.blogsoestado.com\/danielmatos\/files\/2019\/02\/gentil-rodovias-1024x678.jpg\" alt=\"\" class=\"wp-image-60553\"\/><figcaption> Deputado Z\u00e9 Gentil alertou para condi\u00e7\u00f5es prec\u00e1rias de rodovias j\u00e1 causaram v\u00e1rios acidentes com mortos <\/figcaption><\/figure>\n\n\n\n<p>O deputado Z\u00e9 Gentil (PRB) denunciou, na sess\u00e3o plen\u00e1ria desta segunda-feira (18), as precariedades das BRs 135 e 316.  O parlamentar tamb\u00e9m pediu a aprova\u00e7\u00e3o do projeto de lei de sua autoria, que determina a inclus\u00e3o do tipo sangu\u00edneo do cidad\u00e3o nas carteiras de identidades, para fins de reconhecimento em casos de acidentes nas estradas.<\/p>\n\n\n\n<p>No discurso, o deputado destacou a situa\u00e7\u00e3o preocupante das estradas no Maranh\u00e3o, cujas condi\u00e7\u00f5es prec\u00e1rias j\u00e1 ocasionaram v\u00e1rios acidentes com mortos. Z\u00e9 Gentil cobrou responsabilidade do Departamento Nacional de Infraestrutura de Transportes (DNIT).<\/p>\n\n\n\n<p>\u201cSolicito ao DNIT uma explica\u00e7\u00e3o, a raz\u00e3o pela qual aquelas estradas est\u00e3o da maneira que est\u00e3o. A BR-135 n\u00e3o tem mais condi\u00e7\u00e3o de tr\u00e1fego. N\u00f3s queremos uma explica\u00e7\u00e3o para que seja recuperado aquele trecho da estrada, onde vem acontecendo muitos acidentes,\u201d, disse.<\/p>\n\n\n\n<p><strong>PROJETO<\/strong><\/p>\n\n\n\n<p>Ainda em seu discurso, o deputado Z\u00e9 Gentil tamb\u00e9m pediu \u00e0 Casa Legislativa a aprova\u00e7\u00e3o do seu projeto de lei, que inclui os tipos sangu\u00edneos dos cidad\u00e3os nas carteiras de identidade. Para ele, a identifica\u00e7\u00e3o de todos os passageiros poder\u00e1 facilitar o processo de reconhecimento de v\u00edtimas de acidentes nas rodovias federais e estaduais.<\/p>\n\n\n\n<p>\u201cN\u00e3o existe meio melhor do que a carteira de identidade para que sejam disponibilizados os tipos sangu\u00edneos das pessoas para identifica\u00e7\u00e3o em casos de acidentes\u201d, finalizou.<\/p>\n","protected":false},"excerpt":{"rendered":"<p>O deputado Z\u00e9 Gentil (PRB) denunciou, na sess\u00e3o plen\u00e1ria desta segunda-feira (18), as precariedades das BRs 135 e 316. O [&hellip;]<\/p>\n","protected":false},"author":0,"featured_media":0,"comment_status":"open","ping_status":"open","sticky":false,"template":"","format":"standard","meta":{"site-sidebar-layout":"default","site-content-layout":"","ast-site-content-layout":"default","site-content-style":"default","site-sidebar-style":"default","ast-global-header-display":"","ast-banner-title-visibility":"","ast-main-header-display":"","ast-hfb-above-header-display":"","ast-hfb-below-header-display":"","ast-hfb-mobile-header-display":"","site-post-title":"","ast-breadcrumbs-content":"","ast-featured-img":"","footer-sml-layout":"","ast-disable-related-posts":"","theme-transparent-header-meta":"","adv-header-id-meta":"","stick-header-meta":"","header-above-stick-meta":"","header-main-stick-meta":"","header-below-stick-meta":"","astra-migrate-meta-layouts":"default","ast-page-background-enabled":"default","ast-page-background-meta":{"desktop":{"background-color":"var(--ast-global-color-5)","background-image":"","background-repeat":"repeat","background-position":"center center","background-size":"auto","background-attachment":"scroll","background-type":"","background-media":"","overlay-type":"","overlay-color":"","overlay-opacity":"","overlay-gradient":""},"tablet":{"background-color":"","background-image":"","background-repeat":"repeat","background-position":"center center","background-size":"auto","background-attachment":"scroll","background-type":"","background-media":"","overlay-type":"","overlay-color":"","overlay-opacity":"","overlay-gradient":""},"mobile":{"background-color":"","background-image":"","background-repeat":"repeat","background-position":"center center","background-size":"auto","background-attachment":"scroll","background-type":"","background-media":"","overlay-type":"","overlay-color":"","overlay-opacity":"","overlay-gradient":""}},"ast-content-background-meta":{"desktop":{"background-color":"var(--ast-global-color-4)","background-image":"","background-repeat":"repeat","background-position":"center center","background-size":"auto","background-attachment":"scroll","background-type":"","background-media":"","overlay-type":"","overlay-color":"","overlay-opacity":"","overlay-gradient":""},"tablet":{"background-color":"var(--ast-global-color-4)","background-image":"","background-repeat":"repeat","background-position":"center center","background-size":"auto","background-attachment":"scroll","background-type":"","background-media":"","overlay-type":"","overlay-color":"","overlay-opacity":"","overlay-gradient":""},"mobile":{"background-color":"var(--ast-global-color-4)","background-image":"","background-repeat":"repeat","background-position":"center center","background-size":"auto","background-attachment":"scroll","background-type":"","background-media":"","overlay-type":"","overlay-color":"","overlay-opacity":"","overlay-gradient":""}},"footnotes":""},"categories":[1],"tags":[],"class_list":["post-60552","post","type-post","status-publish","format-standard","hentry","category-sem-categoria"],"yoast_head":"<!-- This site is optimized with the Yoast SEO plugin v26.6 - https:\/\/yoast.com\/wordpress\/plugins\/seo\/ -->\n<title>Deputado Z\u00e9 Gentil denuncia precariedade em rodovias federais - Daniel Matos<\/title>\n<meta name=\"robots\" content=\"index, follow, max-snippet:-1, max-image-preview:large, max-video-preview:-1\" \/>\n<link rel=\"canonical\" href=\"https:\/\/www.blogsoestado.com\/danielmatos\/deputado-ze-gentil-denuncia-precariedade-em-rodovias-federais\/\" \/>\n<meta property=\"og:locale\" content=\"pt_BR\" \/>\n<meta property=\"og:type\" content=\"article\" \/>\n<meta property=\"og:title\" content=\"Deputado Z\u00e9 Gentil denuncia precariedade em rodovias federais - Daniel Matos\" \/>\n<meta property=\"og:description\" content=\"O deputado Z\u00e9 Gentil (PRB) denunciou, na sess\u00e3o plen\u00e1ria desta segunda-feira (18), as precariedades das BRs 135 e 316. O [&hellip;]\" \/>\n<meta property=\"og:url\" content=\"https:\/\/www.blogsoestado.com\/danielmatos\/deputado-ze-gentil-denuncia-precariedade-em-rodovias-federais\/\" \/>\n<meta property=\"og:site_name\" content=\"Daniel Matos\" \/>\n<meta property=\"article:published_time\" content=\"2019-02-20T14:39:06+00:00\" \/>\n<meta property=\"og:image\" content=\"https:\/\/www.blogsoestado.com\/danielmatos\/files\/2019\/02\/gentil-rodovias-1024x678.jpg\" \/>\n<meta name=\"twitter:card\" content=\"summary_large_image\" \/>\n<meta name=\"twitter:label1\" content=\"Est. tempo de leitura\" \/>\n\t<meta name=\"twitter:data1\" content=\"1 minuto\" \/>\n<script type=\"application\/ld+json\" class=\"yoast-schema-graph\">{\"@context\":\"https:\/\/schema.org\",\"@graph\":[{\"@type\":\"WebPage\",\"@id\":\"https:\/\/www.blogsoestado.com\/danielmatos\/deputado-ze-gentil-denuncia-precariedade-em-rodovias-federais\/\",\"url\":\"https:\/\/www.blogsoestado.com\/danielmatos\/deputado-ze-gentil-denuncia-precariedade-em-rodovias-federais\/\",\"name\":\"Deputado Z\u00e9 Gentil denuncia precariedade em rodovias federais - Daniel Matos\",\"isPartOf\":{\"@id\":\"https:\/\/www.blogsoestado.com\/danielmatos\/#website\"},\"primaryImageOfPage\":{\"@id\":\"https:\/\/www.blogsoestado.com\/danielmatos\/deputado-ze-gentil-denuncia-precariedade-em-rodovias-federais\/#primaryimage\"},\"image\":{\"@id\":\"https:\/\/www.blogsoestado.com\/danielmatos\/deputado-ze-gentil-denuncia-precariedade-em-rodovias-federais\/#primaryimage\"},\"thumbnailUrl\":\"https:\/\/www.blogsoestado.com\/danielmatos\/files\/2019\/02\/gentil-rodovias-1024x678.jpg\",\"datePublished\":\"2019-02-20T14:39:06+00:00\",\"author\":{\"@id\":\"\"},\"breadcrumb\":{\"@id\":\"https:\/\/www.blogsoestado.com\/danielmatos\/deputado-ze-gentil-denuncia-precariedade-em-rodovias-federais\/#breadcrumb\"},\"inLanguage\":\"pt-BR\",\"potentialAction\":[{\"@type\":\"ReadAction\",\"target\":[\"https:\/\/www.blogsoestado.com\/danielmatos\/deputado-ze-gentil-denuncia-precariedade-em-rodovias-federais\/\"]}]},{\"@type\":\"ImageObject\",\"inLanguage\":\"pt-BR\",\"@id\":\"https:\/\/www.blogsoestado.com\/danielmatos\/deputado-ze-gentil-denuncia-precariedade-em-rodovias-federais\/#primaryimage\",\"url\":\"https:\/\/www.blogsoestado.com\/danielmatos\/files\/2019\/02\/gentil-rodovias-1024x678.jpg\",\"contentUrl\":\"https:\/\/www.blogsoestado.com\/danielmatos\/files\/2019\/02\/gentil-rodovias-1024x678.jpg\"},{\"@type\":\"BreadcrumbList\",\"@id\":\"https:\/\/www.blogsoestado.com\/danielmatos\/deputado-ze-gentil-denuncia-precariedade-em-rodovias-federais\/#breadcrumb\",\"itemListElement\":[{\"@type\":\"ListItem\",\"position\":1,\"name\":\"In\u00edcio\",\"item\":\"https:\/\/www.blogsoestado.com\/danielmatos\/\"},{\"@type\":\"ListItem\",\"position\":2,\"name\":\"Deputado Z\u00e9 Gentil denuncia precariedade em rodovias federais\"}]},{\"@type\":\"WebSite\",\"@id\":\"https:\/\/www.blogsoestado.com\/danielmatos\/#website\",\"url\":\"https:\/\/www.blogsoestado.com\/danielmatos\/\",\"name\":\"Daniel Matos\",\"description\":\"\",\"potentialAction\":[{\"@type\":\"SearchAction\",\"target\":{\"@type\":\"EntryPoint\",\"urlTemplate\":\"https:\/\/www.blogsoestado.com\/danielmatos\/?s={search_term_string}\"},\"query-input\":{\"@type\":\"PropertyValueSpecification\",\"valueRequired\":true,\"valueName\":\"search_term_string\"}}],\"inLanguage\":\"pt-BR\"}]}<\/script>\n<!-- \/ Yoast SEO plugin. -->","yoast_head_json":{"title":"Deputado Z\u00e9 Gentil denuncia precariedade em rodovias federais - Daniel Matos","robots":{"index":"index","follow":"follow","max-snippet":"max-snippet:-1","max-image-preview":"max-image-preview:large","max-video-preview":"max-video-preview:-1"},"canonical":"https:\/\/www.blogsoestado.com\/danielmatos\/deputado-ze-gentil-denuncia-precariedade-em-rodovias-federais\/","og_locale":"pt_BR","og_type":"article","og_title":"Deputado Z\u00e9 Gentil denuncia precariedade em rodovias federais - Daniel Matos","og_description":"O deputado Z\u00e9 Gentil (PRB) denunciou, na sess\u00e3o plen\u00e1ria desta segunda-feira (18), as precariedades das BRs 135 e 316. O [&hellip;]","og_url":"https:\/\/www.blogsoestado.com\/danielmatos\/deputado-ze-gentil-denuncia-precariedade-em-rodovias-federais\/","og_site_name":"Daniel Matos","article_published_time":"2019-02-20T14:39:06+00:00","og_image":[{"url":"https:\/\/www.blogsoestado.com\/danielmatos\/files\/2019\/02\/gentil-rodovias-1024x678.jpg","type":"","width":"","height":""}],"twitter_card":"summary_large_image","twitter_misc":{"Est. tempo de leitura":"1 minuto"},"schema":{"@context":"https:\/\/schema.org","@graph":[{"@type":"WebPage","@id":"https:\/\/www.blogsoestado.com\/danielmatos\/deputado-ze-gentil-denuncia-precariedade-em-rodovias-federais\/","url":"https:\/\/www.blogsoestado.com\/danielmatos\/deputado-ze-gentil-denuncia-precariedade-em-rodovias-federais\/","name":"Deputado Z\u00e9 Gentil denuncia precariedade em rodovias federais - Daniel Matos","isPartOf":{"@id":"https:\/\/www.blogsoestado.com\/danielmatos\/#website"},"primaryImageOfPage":{"@id":"https:\/\/www.blogsoestado.com\/danielmatos\/deputado-ze-gentil-denuncia-precariedade-em-rodovias-federais\/#primaryimage"},"image":{"@id":"https:\/\/www.blogsoestado.com\/danielmatos\/deputado-ze-gentil-denuncia-precariedade-em-rodovias-federais\/#primaryimage"},"thumbnailUrl":"https:\/\/www.blogsoestado.com\/danielmatos\/files\/2019\/02\/gentil-rodovias-1024x678.jpg","datePublished":"2019-02-20T14:39:06+00:00","author":{"@id":""},"breadcrumb":{"@id":"https:\/\/www.blogsoestado.com\/danielmatos\/deputado-ze-gentil-denuncia-precariedade-em-rodovias-federais\/#breadcrumb"},"inLanguage":"pt-BR","potentialAction":[{"@type":"ReadAction","target":["https:\/\/www.blogsoestado.com\/danielmatos\/deputado-ze-gentil-denuncia-precariedade-em-rodovias-federais\/"]}]},{"@type":"ImageObject","inLanguage":"pt-BR","@id":"https:\/\/www.blogsoestado.com\/danielmatos\/deputado-ze-gentil-denuncia-precariedade-em-rodovias-federais\/#primaryimage","url":"https:\/\/www.blogsoestado.com\/danielmatos\/files\/2019\/02\/gentil-rodovias-1024x678.jpg","contentUrl":"https:\/\/www.blogsoestado.com\/danielmatos\/files\/2019\/02\/gentil-rodovias-1024x678.jpg"},{"@type":"BreadcrumbList","@id":"https:\/\/www.blogsoestado.com\/danielmatos\/deputado-ze-gentil-denuncia-precariedade-em-rodovias-federais\/#breadcrumb","itemListElement":[{"@type":"ListItem","position":1,"name":"In\u00edcio","item":"https:\/\/www.blogsoestado.com\/danielmatos\/"},{"@type":"ListItem","position":2,"name":"Deputado Z\u00e9 Gentil denuncia precariedade em rodovias federais"}]},{"@type":"WebSite","@id":"https:\/\/www.blogsoestado.com\/danielmatos\/#website","url":"https:\/\/www.blogsoestado.com\/danielmatos\/","name":"Daniel Matos","description":"","potentialAction":[{"@type":"SearchAction","target":{"@type":"EntryPoint","urlTemplate":"https:\/\/www.blogsoestado.com\/danielmatos\/?s={search_term_string}"},"query-input":{"@type":"PropertyValueSpecification","valueRequired":true,"valueName":"search_term_string"}}],"inLanguage":"pt-BR"}]}},"jetpack_featured_media_url":"","_links":{"self":[{"href":"https:\/\/www.blogsoestado.com\/danielmatos\/wp-json\/wp\/v2\/posts\/60552","targetHints":{"allow":["GET"]}}],"collection":[{"href":"https:\/\/www.blogsoestado.com\/danielmatos\/wp-json\/wp\/v2\/posts"}],"about":[{"href":"https:\/\/www.blogsoestado.com\/danielmatos\/wp-json\/wp\/v2\/types\/post"}],"replies":[{"embeddable":true,"href":"https:\/\/www.blogsoestado.com\/danielmatos\/wp-json\/wp\/v2\/comments?post=60552"}],"version-history":[{"count":0,"href":"https:\/\/www.blogsoestado.com\/danielmatos\/wp-json\/wp\/v2\/posts\/60552\/revisions"}],"wp:attachment":[{"href":"https:\/\/www.blogsoestado.com\/danielmatos\/wp-json\/wp\/v2\/media?parent=60552"}],"wp:term":[{"taxonomy":"category","embeddable":true,"href":"https:\/\/www.blogsoestado.com\/danielmatos\/wp-json\/wp\/v2\/categories?post=60552"},{"taxonomy":"post_tag","embeddable":true,"href":"https:\/\/www.blogsoestado.com\/danielmatos\/wp-json\/wp\/v2\/tags?post=60552"}],"curies":[{"name":"wp","href":"https:\/\/api.w.org\/{rel}","templated":true}]}}