{"id":60563,"date":"2019-02-20T16:50:29","date_gmt":"2019-02-20T19:50:29","guid":{"rendered":"https:\/\/www.blogsoestado.com\/danielmatos\/?p=60563"},"modified":"2019-02-20T16:50:29","modified_gmt":"2019-02-20T19:50:29","slug":"camara-de-sao-luis-vai-apresentar-pauta-municipalista-para-deputados-e-senadores","status":"publish","type":"post","link":"https:\/\/www.blogsoestado.com\/danielmatos\/camara-de-sao-luis-vai-apresentar-pauta-municipalista-para-deputados-e-senadores\/","title":{"rendered":"C\u00e2mara de S\u00e3o Lu\u00eds vai apresentar pauta municipalista para deputados e senadores"},"content":{"rendered":"\n<figure class=\"wp-block-image\"><img decoding=\"async\" src=\"https:\/\/www.blogsoestado.com\/danielmatos\/files\/2019\/02\/osmar-pautas-1024x627.jpg\" alt=\"\" class=\"wp-image-60564\"\/><figcaption> <br>Osmar informa que a C\u00e2mara vai se reunir para discutir uma pauta propositiva que ser\u00e1 apresentada \u00e0 nossa Bancada em Bras\u00edlia <\/figcaption><\/figure>\n\n\n\n<p>O presidente da C\u00e2mara Municipal de S\u00e3o Lu\u00eds, Osmar Filho (PDT), afirmou, nesta quarta-feira (20), que a Casa apresentar\u00e1, em breve, aos deputados federais e senadores do Maranh\u00e3o uma pauta municipalista de interesse dos moradores da capital.<\/p>\n\n\n\n<p>De acordo com o pedetista, os assuntos que compor\u00e3o a pauta ser\u00e3o definidos em um encontro que ocorrer\u00e1 entre os parlamentares municipais.<\/p>\n\n\n\n<p>Dentre os temas, destaque para a modifica\u00e7\u00e3o do pacto federativo injusto imposto pela Uni\u00e3o aos estados e munic\u00edpios; destina\u00e7\u00e3o de emendas, cujos recursos devem ser aplicados em projetos de desenvolvimento urbano de S\u00e3o Lu\u00eds; estabelecimento de um canal de interlocu\u00e7\u00e3o entre o Poder Legislativo da capital e o governo federal; dentre outros.  <\/p>\n\n\n\n<p>\u201cVamos nos reunir para discutir uma pauta propositiva que ser\u00e1 apresentada \u00e0 nossa Bancada em Bras\u00edlia. Nosso objetivo, enquanto vereadores, \u00e9 trabalhar em parceria com os deputados federais e senadores para que possamos viabilizar mais investimentos para a nossa querida S\u00e3o Lu\u00eds\u201d, disse.<\/p>\n\n\n\n<p>Na semana passada, Osmar Filho, acompanhado dos vereadores Estev\u00e3o Arag\u00e3o (PSDB) e Marquinhos (DEM), esteve em Bras\u00edlia, onde cumpriu extensa agenda de trabalho.<\/p>\n\n\n\n<p>O presidente reuniu-se com deputados federais e senadores \u2013 dentre eles Pedro Lucas Fernandes (PTB), Weverton Rocha (PDT) e Eliziane Gama (PPS) \u2013 e participou de encontros de trabalho no Minist\u00e9rio do Turismo, Instituto do Patrim\u00f4nio Hist\u00f3rico e Art\u00edstico Nacional (IPHAN), Minist\u00e9rio do Desenvolvimento Regional, Banco do Brasil e Ag\u00eancia Nacional de Energia El\u00e9trica (ANEEL).<\/p>\n\n\n\n<p>No MT, por exemplo, foram debatidos projetos infraestruturais para alavancar o setor na capital maranhense. Tamb\u00e9m foi proposta a cria\u00e7\u00e3o de uma frente de trabalho que envolva a participa\u00e7\u00e3o dos munic\u00edpios, estado e governo federal objetivando estabelecer uma agenda permanente capaz de alavancar investimentos que estimulem atividades culturais e tur\u00edsticas no Maranh\u00e3o.<\/p>\n\n\n\n<p>Com K\u00e1tia Bog\u00e9a, presidente do Instituto, os parlamentares solicitaram novos investimentos para S\u00e3o Lu\u00eds, oportunidade na qual foram informados oficialmente que o \u00f3rg\u00e3o federal, este ano, injetar\u00e1 cerca de R$ 80 milh\u00f5es na execu\u00e7\u00e3o de a\u00e7\u00f5es de revitaliza\u00e7\u00e3o do Centro Hist\u00f3rico.<\/p>\n\n\n\n<p>Vale destacar que os vereadores, na pr\u00f3xima segunda-feira (25), estar\u00e3o reunidos com a presidente do IPHAN e com o superintendente regional do \u00f3rg\u00e3o, Maur\u00edcio Itapary.<\/p>\n","protected":false},"excerpt":{"rendered":"<p>O presidente da C\u00e2mara Municipal de S\u00e3o Lu\u00eds, Osmar Filho (PDT), afirmou, nesta quarta-feira (20), que a Casa apresentar\u00e1, em [&hellip;]<\/p>\n","protected":false},"author":0,"featured_media":0,"comment_status":"open","ping_status":"open","sticky":false,"template":"","format":"standard","meta":{"site-sidebar-layout":"default","site-content-layout":"","ast-site-content-layout":"default","site-content-style":"default","site-sidebar-style":"default","ast-global-header-display":"","ast-banner-title-visibility":"","ast-main-header-display":"","ast-hfb-above-header-display":"","ast-hfb-below-header-display":"","ast-hfb-mobile-header-display":"","site-post-title":"","ast-breadcrumbs-content":"","ast-featured-img":"","footer-sml-layout":"","ast-disable-related-posts":"","theme-transparent-header-meta":"","adv-header-id-meta":"","stick-header-meta":"","header-above-stick-meta":"","header-main-stick-meta":"","header-below-stick-meta":"","astra-migrate-meta-layouts":"default","ast-page-background-enabled":"default","ast-page-background-meta":{"desktop":{"background-color":"var(--ast-global-color-5)","background-image":"","background-repeat":"repeat","background-position":"center center","background-size":"auto","background-attachment":"scroll","background-type":"","background-media":"","overlay-type":"","overlay-color":"","overlay-opacity":"","overlay-gradient":""},"tablet":{"background-color":"","background-image":"","background-repeat":"repeat","background-position":"center center","background-size":"auto","background-attachment":"scroll","background-type":"","background-media":"","overlay-type":"","overlay-color":"","overlay-opacity":"","overlay-gradient":""},"mobile":{"background-color":"","background-image":"","background-repeat":"repeat","background-position":"center center","background-size":"auto","background-attachment":"scroll","background-type":"","background-media":"","overlay-type":"","overlay-color":"","overlay-opacity":"","overlay-gradient":""}},"ast-content-background-meta":{"desktop":{"background-color":"var(--ast-global-color-4)","background-image":"","background-repeat":"repeat","background-position":"center center","background-size":"auto","background-attachment":"scroll","background-type":"","background-media":"","overlay-type":"","overlay-color":"","overlay-opacity":"","overlay-gradient":""},"tablet":{"background-color":"var(--ast-global-color-4)","background-image":"","background-repeat":"repeat","background-position":"center center","background-size":"auto","background-attachment":"scroll","background-type":"","background-media":"","overlay-type":"","overlay-color":"","overlay-opacity":"","overlay-gradient":""},"mobile":{"background-color":"var(--ast-global-color-4)","background-image":"","background-repeat":"repeat","background-position":"center center","background-size":"auto","background-attachment":"scroll","background-type":"","background-media":"","overlay-type":"","overlay-color":"","overlay-opacity":"","overlay-gradient":""}},"footnotes":""},"categories":[1],"tags":[],"class_list":["post-60563","post","type-post","status-publish","format-standard","hentry","category-sem-categoria"],"yoast_head":"<!-- This site is optimized with the Yoast SEO plugin v26.6 - https:\/\/yoast.com\/wordpress\/plugins\/seo\/ -->\n<title>C\u00e2mara de S\u00e3o Lu\u00eds vai apresentar pauta municipalista para deputados e senadores - Daniel Matos<\/title>\n<meta name=\"robots\" content=\"index, follow, max-snippet:-1, max-image-preview:large, max-video-preview:-1\" \/>\n<link rel=\"canonical\" href=\"https:\/\/www.blogsoestado.com\/danielmatos\/camara-de-sao-luis-vai-apresentar-pauta-municipalista-para-deputados-e-senadores\/\" \/>\n<meta property=\"og:locale\" content=\"pt_BR\" \/>\n<meta property=\"og:type\" content=\"article\" \/>\n<meta property=\"og:title\" content=\"C\u00e2mara de S\u00e3o Lu\u00eds vai apresentar pauta municipalista para deputados e senadores - Daniel Matos\" \/>\n<meta property=\"og:description\" content=\"O presidente da C\u00e2mara Municipal de S\u00e3o Lu\u00eds, Osmar Filho (PDT), afirmou, nesta quarta-feira (20), que a Casa apresentar\u00e1, em [&hellip;]\" \/>\n<meta property=\"og:url\" content=\"https:\/\/www.blogsoestado.com\/danielmatos\/camara-de-sao-luis-vai-apresentar-pauta-municipalista-para-deputados-e-senadores\/\" \/>\n<meta property=\"og:site_name\" content=\"Daniel Matos\" \/>\n<meta property=\"article:published_time\" content=\"2019-02-20T19:50:29+00:00\" \/>\n<meta property=\"og:image\" content=\"https:\/\/www.blogsoestado.com\/danielmatos\/files\/2019\/02\/osmar-pautas-1024x627.jpg\" \/>\n<meta name=\"twitter:card\" content=\"summary_large_image\" \/>\n<meta name=\"twitter:label1\" content=\"Est. tempo de leitura\" \/>\n\t<meta name=\"twitter:data1\" content=\"2 minutos\" \/>\n<script type=\"application\/ld+json\" class=\"yoast-schema-graph\">{\"@context\":\"https:\/\/schema.org\",\"@graph\":[{\"@type\":\"WebPage\",\"@id\":\"https:\/\/www.blogsoestado.com\/danielmatos\/camara-de-sao-luis-vai-apresentar-pauta-municipalista-para-deputados-e-senadores\/\",\"url\":\"https:\/\/www.blogsoestado.com\/danielmatos\/camara-de-sao-luis-vai-apresentar-pauta-municipalista-para-deputados-e-senadores\/\",\"name\":\"C\u00e2mara de S\u00e3o Lu\u00eds vai apresentar pauta municipalista para deputados e senadores - Daniel Matos\",\"isPartOf\":{\"@id\":\"https:\/\/www.blogsoestado.com\/danielmatos\/#website\"},\"primaryImageOfPage\":{\"@id\":\"https:\/\/www.blogsoestado.com\/danielmatos\/camara-de-sao-luis-vai-apresentar-pauta-municipalista-para-deputados-e-senadores\/#primaryimage\"},\"image\":{\"@id\":\"https:\/\/www.blogsoestado.com\/danielmatos\/camara-de-sao-luis-vai-apresentar-pauta-municipalista-para-deputados-e-senadores\/#primaryimage\"},\"thumbnailUrl\":\"https:\/\/www.blogsoestado.com\/danielmatos\/files\/2019\/02\/osmar-pautas-1024x627.jpg\",\"datePublished\":\"2019-02-20T19:50:29+00:00\",\"author\":{\"@id\":\"\"},\"breadcrumb\":{\"@id\":\"https:\/\/www.blogsoestado.com\/danielmatos\/camara-de-sao-luis-vai-apresentar-pauta-municipalista-para-deputados-e-senadores\/#breadcrumb\"},\"inLanguage\":\"pt-BR\",\"potentialAction\":[{\"@type\":\"ReadAction\",\"target\":[\"https:\/\/www.blogsoestado.com\/danielmatos\/camara-de-sao-luis-vai-apresentar-pauta-municipalista-para-deputados-e-senadores\/\"]}]},{\"@type\":\"ImageObject\",\"inLanguage\":\"pt-BR\",\"@id\":\"https:\/\/www.blogsoestado.com\/danielmatos\/camara-de-sao-luis-vai-apresentar-pauta-municipalista-para-deputados-e-senadores\/#primaryimage\",\"url\":\"https:\/\/www.blogsoestado.com\/danielmatos\/files\/2019\/02\/osmar-pautas-1024x627.jpg\",\"contentUrl\":\"https:\/\/www.blogsoestado.com\/danielmatos\/files\/2019\/02\/osmar-pautas-1024x627.jpg\"},{\"@type\":\"BreadcrumbList\",\"@id\":\"https:\/\/www.blogsoestado.com\/danielmatos\/camara-de-sao-luis-vai-apresentar-pauta-municipalista-para-deputados-e-senadores\/#breadcrumb\",\"itemListElement\":[{\"@type\":\"ListItem\",\"position\":1,\"name\":\"In\u00edcio\",\"item\":\"https:\/\/www.blogsoestado.com\/danielmatos\/\"},{\"@type\":\"ListItem\",\"position\":2,\"name\":\"C\u00e2mara de S\u00e3o Lu\u00eds vai apresentar pauta municipalista para deputados e senadores\"}]},{\"@type\":\"WebSite\",\"@id\":\"https:\/\/www.blogsoestado.com\/danielmatos\/#website\",\"url\":\"https:\/\/www.blogsoestado.com\/danielmatos\/\",\"name\":\"Daniel Matos\",\"description\":\"\",\"potentialAction\":[{\"@type\":\"SearchAction\",\"target\":{\"@type\":\"EntryPoint\",\"urlTemplate\":\"https:\/\/www.blogsoestado.com\/danielmatos\/?s={search_term_string}\"},\"query-input\":{\"@type\":\"PropertyValueSpecification\",\"valueRequired\":true,\"valueName\":\"search_term_string\"}}],\"inLanguage\":\"pt-BR\"}]}<\/script>\n<!-- \/ Yoast SEO plugin. -->","yoast_head_json":{"title":"C\u00e2mara de S\u00e3o Lu\u00eds vai apresentar pauta municipalista para deputados e senadores - Daniel Matos","robots":{"index":"index","follow":"follow","max-snippet":"max-snippet:-1","max-image-preview":"max-image-preview:large","max-video-preview":"max-video-preview:-1"},"canonical":"https:\/\/www.blogsoestado.com\/danielmatos\/camara-de-sao-luis-vai-apresentar-pauta-municipalista-para-deputados-e-senadores\/","og_locale":"pt_BR","og_type":"article","og_title":"C\u00e2mara de S\u00e3o Lu\u00eds vai apresentar pauta municipalista para deputados e senadores - Daniel Matos","og_description":"O presidente da C\u00e2mara Municipal de S\u00e3o Lu\u00eds, Osmar Filho (PDT), afirmou, nesta quarta-feira (20), que a Casa apresentar\u00e1, em [&hellip;]","og_url":"https:\/\/www.blogsoestado.com\/danielmatos\/camara-de-sao-luis-vai-apresentar-pauta-municipalista-para-deputados-e-senadores\/","og_site_name":"Daniel Matos","article_published_time":"2019-02-20T19:50:29+00:00","og_image":[{"url":"https:\/\/www.blogsoestado.com\/danielmatos\/files\/2019\/02\/osmar-pautas-1024x627.jpg","type":"","width":"","height":""}],"twitter_card":"summary_large_image","twitter_misc":{"Est. tempo de leitura":"2 minutos"},"schema":{"@context":"https:\/\/schema.org","@graph":[{"@type":"WebPage","@id":"https:\/\/www.blogsoestado.com\/danielmatos\/camara-de-sao-luis-vai-apresentar-pauta-municipalista-para-deputados-e-senadores\/","url":"https:\/\/www.blogsoestado.com\/danielmatos\/camara-de-sao-luis-vai-apresentar-pauta-municipalista-para-deputados-e-senadores\/","name":"C\u00e2mara de S\u00e3o Lu\u00eds vai apresentar pauta municipalista para deputados e senadores - Daniel Matos","isPartOf":{"@id":"https:\/\/www.blogsoestado.com\/danielmatos\/#website"},"primaryImageOfPage":{"@id":"https:\/\/www.blogsoestado.com\/danielmatos\/camara-de-sao-luis-vai-apresentar-pauta-municipalista-para-deputados-e-senadores\/#primaryimage"},"image":{"@id":"https:\/\/www.blogsoestado.com\/danielmatos\/camara-de-sao-luis-vai-apresentar-pauta-municipalista-para-deputados-e-senadores\/#primaryimage"},"thumbnailUrl":"https:\/\/www.blogsoestado.com\/danielmatos\/files\/2019\/02\/osmar-pautas-1024x627.jpg","datePublished":"2019-02-20T19:50:29+00:00","author":{"@id":""},"breadcrumb":{"@id":"https:\/\/www.blogsoestado.com\/danielmatos\/camara-de-sao-luis-vai-apresentar-pauta-municipalista-para-deputados-e-senadores\/#breadcrumb"},"inLanguage":"pt-BR","potentialAction":[{"@type":"ReadAction","target":["https:\/\/www.blogsoestado.com\/danielmatos\/camara-de-sao-luis-vai-apresentar-pauta-municipalista-para-deputados-e-senadores\/"]}]},{"@type":"ImageObject","inLanguage":"pt-BR","@id":"https:\/\/www.blogsoestado.com\/danielmatos\/camara-de-sao-luis-vai-apresentar-pauta-municipalista-para-deputados-e-senadores\/#primaryimage","url":"https:\/\/www.blogsoestado.com\/danielmatos\/files\/2019\/02\/osmar-pautas-1024x627.jpg","contentUrl":"https:\/\/www.blogsoestado.com\/danielmatos\/files\/2019\/02\/osmar-pautas-1024x627.jpg"},{"@type":"BreadcrumbList","@id":"https:\/\/www.blogsoestado.com\/danielmatos\/camara-de-sao-luis-vai-apresentar-pauta-municipalista-para-deputados-e-senadores\/#breadcrumb","itemListElement":[{"@type":"ListItem","position":1,"name":"In\u00edcio","item":"https:\/\/www.blogsoestado.com\/danielmatos\/"},{"@type":"ListItem","position":2,"name":"C\u00e2mara de S\u00e3o Lu\u00eds vai apresentar pauta municipalista para deputados e senadores"}]},{"@type":"WebSite","@id":"https:\/\/www.blogsoestado.com\/danielmatos\/#website","url":"https:\/\/www.blogsoestado.com\/danielmatos\/","name":"Daniel Matos","description":"","potentialAction":[{"@type":"SearchAction","target":{"@type":"EntryPoint","urlTemplate":"https:\/\/www.blogsoestado.com\/danielmatos\/?s={search_term_string}"},"query-input":{"@type":"PropertyValueSpecification","valueRequired":true,"valueName":"search_term_string"}}],"inLanguage":"pt-BR"}]}},"jetpack_featured_media_url":"","_links":{"self":[{"href":"https:\/\/www.blogsoestado.com\/danielmatos\/wp-json\/wp\/v2\/posts\/60563","targetHints":{"allow":["GET"]}}],"collection":[{"href":"https:\/\/www.blogsoestado.com\/danielmatos\/wp-json\/wp\/v2\/posts"}],"about":[{"href":"https:\/\/www.blogsoestado.com\/danielmatos\/wp-json\/wp\/v2\/types\/post"}],"replies":[{"embeddable":true,"href":"https:\/\/www.blogsoestado.com\/danielmatos\/wp-json\/wp\/v2\/comments?post=60563"}],"version-history":[{"count":0,"href":"https:\/\/www.blogsoestado.com\/danielmatos\/wp-json\/wp\/v2\/posts\/60563\/revisions"}],"wp:attachment":[{"href":"https:\/\/www.blogsoestado.com\/danielmatos\/wp-json\/wp\/v2\/media?parent=60563"}],"wp:term":[{"taxonomy":"category","embeddable":true,"href":"https:\/\/www.blogsoestado.com\/danielmatos\/wp-json\/wp\/v2\/categories?post=60563"},{"taxonomy":"post_tag","embeddable":true,"href":"https:\/\/www.blogsoestado.com\/danielmatos\/wp-json\/wp\/v2\/tags?post=60563"}],"curies":[{"name":"wp","href":"https:\/\/api.w.org\/{rel}","templated":true}]}}