{"id":60602,"date":"2019-02-21T19:30:50","date_gmt":"2019-02-21T22:30:50","guid":{"rendered":"https:\/\/www.blogsoestado.com\/danielmatos\/?p=60602"},"modified":"2019-02-21T19:30:50","modified_gmt":"2019-02-21T22:30:50","slug":"jammil-e-uma-noites-em-clima-de-carnaval-neste-domingo-24","status":"publish","type":"post","link":"https:\/\/www.blogsoestado.com\/danielmatos\/jammil-e-uma-noites-em-clima-de-carnaval-neste-domingo-24\/","title":{"rendered":"Jammil e Uma Noites em clima de Carnaval neste domingo (24)"},"content":{"rendered":"\n<p class=\"has-text-color has-large-font-size has-vivid-red-color\"><strong>Grupo baiano faz show no Bosque do Blue Tree S\u00e3o Lu\u00eds<\/strong><\/p>\n\n\n\n<figure class=\"wp-block-image\"><img decoding=\"async\" src=\"https:\/\/www.blogsoestado.com\/danielmatos\/files\/2019\/02\/jamil-slz.jpg\" alt=\"\" class=\"wp-image-60603\"\/><figcaption>O grupo baiano Jammil e Uma Noites arrebata o p\u00fablico em todos os palcos onde de apresenta <\/figcaption><\/figure>\n\n\n\n<p>Se \u00e9 Carnaval, vamos festejar em grande estilo. O grupo baiano, Jammil e Uma Noites faz show na tarde deste domingo (24), a partir das 16h, no Bosque do Blue Tree S\u00e3o Lu\u00eds, antigo Hotel Pestana. A festa faz parte da programa\u00e7\u00e3o do \u201cBloquinho do Blue Tree\u201d, com realiza\u00e7\u00e3o da produtora 4M\u00e3os Entretenimento em parceria com o hotel.<\/p>\n\n\n\n<p>Al\u00e9m do Jammil, quem tamb\u00e9m faz show \u00e9 o cantor Pep\u00ea J\u00fanior, Herton R\u00e1 e o DJ The Paul, levando ao palco, grandes cl\u00e1ssicos da ax\u00e9 music, m\u00fasicas que representam a hist\u00f3ria da Bahia e das micaretas espalhadas em todo Brasil, inclusive o pr\u00f3prio Marafolia que foi realizado durante 18 anos, considerado uma das maiores e melhores micaretas do Pa\u00eds.<\/p>\n\n\n\n<p><strong>Sobre a Banda<\/strong><\/p>\n\n\n\n<p>A banda Jammil e Uma Noites celebra o DVD e CD Jammil de Todas as Praias, um marco nos 18 anos de hist\u00f3ria desse grupo baiano. Primeiro DVD ao vivo sob comando do vocalista Levi Lima, esse \u00e1lbum traz duas partes que revelam toda a versatilidade do Jammil, que transita pela praia \u201cel\u00e9trica\u201d e pela ac\u00fastica, gravadas numa festa n\u00e1utica na praia de Ponta Verde, em Macei\u00f3 (AL) e na Ponta do Humait\u00e1, em Salvador (BA), respectivamente.<\/p>\n\n\n\n<p>E nos palcos de festivais, no trio el\u00e9trico ou em luau em uma das belas praias do litoral brasileiro,  o repert\u00f3rio do Jammil \u00e9 trilha para alegria e contempla\u00e7\u00e3o da natureza. Can\u00e7\u00f5es da banda, Colorir Papel, Celebrar, Mil Poemas e Voc\u00ea \u00e9 Tudo, s\u00e3o exemplos de hits, que al\u00e9m do sucesso com o p\u00fablico, foram trilha sonora das novelas da TV Globo, Fina Estampa, Salve Jorge, Alto Astral e I Love Parais\u00f3polis.<\/p>\n\n\n\n<p>O repert\u00f3rio desse grupo conta ainda com cl\u00e1ssicos que agitam carnavais h\u00e1 mais de uma d\u00e9cada, como Praieiro, \u00c9 Ver\u00e3o, Minha Estrela, Tchau, I Have To Go Now, Milla, De Bandeja, \u00ca Saudade, Pra Te Ter Aqui, entre outras. Can\u00e7\u00f5es in\u00e9ditas desse novo DVD tamb\u00e9m ter\u00e3o momento especial nos shows. Atualmente, Brindar \u00e0 Vida \u00e9 a m\u00fasica de trabalho do Jammil, embalando festas no litoral neste ver\u00e3o.<\/p>\n\n\n\n<p>O Jammil tem celebrado nos \u00faltimos anos uma s\u00e9rie de conquistas. Al\u00e9m de pr\u00eamios como o \u201cJovem Brasileiro\u201d em 2013, na categoria Melhor M\u00fasica, o grupo foi indicado ao Grammy Latino no ano anterior pelo DVD s\u00f3 de clipes, \u201cJammil Na Real\u201d. Atualmente, o grupo enfrenta uma maratona de shows, ensaios, participa\u00e7\u00f5es em programas de TV e eventos de divulga\u00e7\u00e3o do novo DVD.<\/p>\n\n\n\n<p><strong>Projetos<\/strong><\/p>\n\n\n\n<figure class=\"wp-block-image\"><img decoding=\"async\" src=\"https:\/\/www.blogsoestado.com\/danielmatos\/files\/2019\/02\/jamil-slz2.jpg\" alt=\"\" class=\"wp-image-60604\"\/><figcaption>Jammil e Umma NOite em mais um show em grande estilo para del\u00edrio do p\u00fablico<\/figcaption><\/figure>\n\n\n\n<p>\u201cVamos ver o p\u00f4r do sol\u201d \u00e9 trecho de um dos maiores sucessos recentes do Jammil e tamb\u00e9m do projeto que a banda realizou em Salvador entre os meses de setembro de 2015 e janeiro de 2016. Com a\u00e7\u00f5es socioambientais e shows gratuitos no final de tarde, o Jammil quer retribuir \u00e0 comunidade da Ponta do Humait\u00e1 e ao p\u00fablico baiano todo o carinho e mostrar para todo o pa\u00eds as belezas desse cen\u00e1rio com o mais belo p\u00f4r do sol da cidade. E a segunda temporada do projeto j\u00e1 est\u00e1 marcada para o segundo semestre desse ano.<\/p>\n\n\n\n<p>O Jammil levanta uma bandeira em outras capitais do pa\u00eds: a da preserva\u00e7\u00e3o do meio ambiente. O projeto Praieiro Cidad\u00e3o ir\u00e1 percorrer praias do nosso litoral, com oficinas de arte e esporte, distribui\u00e7\u00e3o de cartilhas informativas, v\u00eddeos, parceria com cooperativas de reciclagem, al\u00e9m dos shows gratuitos ao fim da tarde. O objetivo da banda \u00e9 contribuir para a preserva\u00e7\u00e3o do meio ambiente, a partir do descarte correto do lixo, formando assim uma legi\u00e3o de \u201cpraieiros\u201d conscientes do seu papel socioambiental.<\/p>\n\n\n\n<figure class=\"wp-block-embed-youtube wp-block-embed is-type-video is-provider-youtube wp-embed-aspect-16-9 wp-has-aspect-ratio\"><div class=\"wp-block-embed__wrapper\">\n<iframe title=\"Praieiro | DVD Jammil De Todas As Praias\" width=\"500\" height=\"281\" src=\"https:\/\/www.youtube.com\/embed\/u_qdaqosDB0?feature=oembed\" frameborder=\"0\" allow=\"accelerometer; autoplay; clipboard-write; encrypted-media; gyroscope; picture-in-picture; web-share\" referrerpolicy=\"strict-origin-when-cross-origin\" allowfullscreen><\/iframe>\n<\/div><\/figure>\n\n\n\n<p>E a a\u00e7\u00e3o tamb\u00e9m se estende ao Carnaval. O cantor do Jammil, Levi Lima, foi eleito pela Prefeitura Municipal de Salvador como padrinho da 3\u00aa edi\u00e7\u00e3o da campanha \u201cEu Promovo Carnaval Sustent\u00e1vel\u201d. A escolha pelo artista n\u00e3o foi \u00e0 toa. Al\u00e9m do seu interesse pelas quest\u00f5es ambientais como cidad\u00e3o que ama Salvador, projetos sociais e de conscientiza\u00e7\u00e3o para preserva\u00e7\u00e3o do meio ambiente junto a comunidades da Cidade Baixa lhe credenciaram para merecer o t\u00edtulo.<\/p>\n\n\n\n<p>Para o cantor, a participa\u00e7\u00e3o de artistas, blocos e camarotes nessa campanha ajuda a sensibilizar um n\u00famero maior de foli\u00f5es nas ruas. \u201cCom essa grande massa presente durante a festa, \u00e9 muito importante existirem mobiliza\u00e7\u00f5es e iniciativas para levar informa\u00e7\u00f5es ao p\u00fablico; de criar uma consci\u00eancia coletiva e provocar um engajamento maior das pessoas a cada ano\u201d, destaca Levi.<\/p>\n\n\n\n<p><strong>Servi\u00e7os<\/strong><\/p>\n\n\n\n<p>Bloquinho Blue Tree no Bosque<\/p>\n\n\n\n<p>Domingo, 24 de fevereiro, a partir das 16h  <\/p>\n\n\n\n<p><strong>Local: <\/strong>Bosque do Blue Tree S\u00e3o Lu\u00eds, antigo Hotel Pestana<\/p>\n\n\n\n<p><strong>Atra\u00e7\u00f5es:<\/strong> Jammil e Uma Noites, The Paul, Herton R\u00e1 e Pep\u00ea J\u00fanior<\/p>\n\n\n\n<p><strong>Vendas:<\/strong> Os ingressos est\u00e3o \u00e0 venda na Bilheteria Digital e 4M\u00e3os Store. A inteira custa R$ 100. Mas doando uma lata de leite ou, um abad\u00e1, voc\u00ea tem 50% de desconto no seu ingresso.<\/p>\n","protected":false},"excerpt":{"rendered":"<p>Grupo baiano faz show no Bosque do Blue Tree S\u00e3o Lu\u00eds Se \u00e9 Carnaval, vamos festejar em grande estilo. O [&hellip;]<\/p>\n","protected":false},"author":0,"featured_media":0,"comment_status":"open","ping_status":"open","sticky":false,"template":"","format":"standard","meta":{"site-sidebar-layout":"default","site-content-layout":"","ast-site-content-layout":"default","site-content-style":"default","site-sidebar-style":"default","ast-global-header-display":"","ast-banner-title-visibility":"","ast-main-header-display":"","ast-hfb-above-header-display":"","ast-hfb-below-header-display":"","ast-hfb-mobile-header-display":"","site-post-title":"","ast-breadcrumbs-content":"","ast-featured-img":"","footer-sml-layout":"","ast-disable-related-posts":"","theme-transparent-header-meta":"","adv-header-id-meta":"","stick-header-meta":"","header-above-stick-meta":"","header-main-stick-meta":"","header-below-stick-meta":"","astra-migrate-meta-layouts":"default","ast-page-background-enabled":"default","ast-page-background-meta":{"desktop":{"background-color":"var(--ast-global-color-5)","background-image":"","background-repeat":"repeat","background-position":"center center","background-size":"auto","background-attachment":"scroll","background-type":"","background-media":"","overlay-type":"","overlay-color":"","overlay-opacity":"","overlay-gradient":""},"tablet":{"background-color":"","background-image":"","background-repeat":"repeat","background-position":"center center","background-size":"auto","background-attachment":"scroll","background-type":"","background-media":"","overlay-type":"","overlay-color":"","overlay-opacity":"","overlay-gradient":""},"mobile":{"background-color":"","background-image":"","background-repeat":"repeat","background-position":"center center","background-size":"auto","background-attachment":"scroll","background-type":"","background-media":"","overlay-type":"","overlay-color":"","overlay-opacity":"","overlay-gradient":""}},"ast-content-background-meta":{"desktop":{"background-color":"var(--ast-global-color-4)","background-image":"","background-repeat":"repeat","background-position":"center center","background-size":"auto","background-attachment":"scroll","background-type":"","background-media":"","overlay-type":"","overlay-color":"","overlay-opacity":"","overlay-gradient":""},"tablet":{"background-color":"var(--ast-global-color-4)","background-image":"","background-repeat":"repeat","background-position":"center center","background-size":"auto","background-attachment":"scroll","background-type":"","background-media":"","overlay-type":"","overlay-color":"","overlay-opacity":"","overlay-gradient":""},"mobile":{"background-color":"var(--ast-global-color-4)","background-image":"","background-repeat":"repeat","background-position":"center center","background-size":"auto","background-attachment":"scroll","background-type":"","background-media":"","overlay-type":"","overlay-color":"","overlay-opacity":"","overlay-gradient":""}},"footnotes":""},"categories":[1],"tags":[],"class_list":["post-60602","post","type-post","status-publish","format-standard","hentry","category-sem-categoria"],"yoast_head":"<!-- This site is optimized with the Yoast SEO plugin v26.6 - https:\/\/yoast.com\/wordpress\/plugins\/seo\/ -->\n<title>Jammil e Uma Noites em clima de Carnaval neste domingo (24) - Daniel Matos<\/title>\n<meta name=\"robots\" content=\"index, follow, max-snippet:-1, max-image-preview:large, max-video-preview:-1\" \/>\n<link rel=\"canonical\" href=\"https:\/\/www.blogsoestado.com\/danielmatos\/jammil-e-uma-noites-em-clima-de-carnaval-neste-domingo-24\/\" \/>\n<meta property=\"og:locale\" content=\"pt_BR\" \/>\n<meta property=\"og:type\" content=\"article\" \/>\n<meta property=\"og:title\" content=\"Jammil e Uma Noites em clima de Carnaval neste domingo (24) - Daniel Matos\" \/>\n<meta property=\"og:description\" content=\"Grupo baiano faz show no Bosque do Blue Tree S\u00e3o Lu\u00eds Se \u00e9 Carnaval, vamos festejar em grande estilo. O [&hellip;]\" \/>\n<meta property=\"og:url\" content=\"https:\/\/www.blogsoestado.com\/danielmatos\/jammil-e-uma-noites-em-clima-de-carnaval-neste-domingo-24\/\" \/>\n<meta property=\"og:site_name\" content=\"Daniel Matos\" \/>\n<meta property=\"article:published_time\" content=\"2019-02-21T22:30:50+00:00\" \/>\n<meta property=\"og:image\" content=\"https:\/\/www.blogsoestado.com\/danielmatos\/files\/2019\/02\/jamil-slz.jpg\" \/>\n<meta name=\"twitter:card\" content=\"summary_large_image\" \/>\n<meta name=\"twitter:label1\" content=\"Est. tempo de leitura\" \/>\n\t<meta name=\"twitter:data1\" content=\"4 minutos\" \/>\n<script type=\"application\/ld+json\" class=\"yoast-schema-graph\">{\"@context\":\"https:\/\/schema.org\",\"@graph\":[{\"@type\":\"WebPage\",\"@id\":\"https:\/\/www.blogsoestado.com\/danielmatos\/jammil-e-uma-noites-em-clima-de-carnaval-neste-domingo-24\/\",\"url\":\"https:\/\/www.blogsoestado.com\/danielmatos\/jammil-e-uma-noites-em-clima-de-carnaval-neste-domingo-24\/\",\"name\":\"Jammil e Uma Noites em clima de Carnaval neste domingo (24) - Daniel Matos\",\"isPartOf\":{\"@id\":\"https:\/\/www.blogsoestado.com\/danielmatos\/#website\"},\"primaryImageOfPage\":{\"@id\":\"https:\/\/www.blogsoestado.com\/danielmatos\/jammil-e-uma-noites-em-clima-de-carnaval-neste-domingo-24\/#primaryimage\"},\"image\":{\"@id\":\"https:\/\/www.blogsoestado.com\/danielmatos\/jammil-e-uma-noites-em-clima-de-carnaval-neste-domingo-24\/#primaryimage\"},\"thumbnailUrl\":\"https:\/\/www.blogsoestado.com\/danielmatos\/files\/2019\/02\/jamil-slz.jpg\",\"datePublished\":\"2019-02-21T22:30:50+00:00\",\"author\":{\"@id\":\"\"},\"breadcrumb\":{\"@id\":\"https:\/\/www.blogsoestado.com\/danielmatos\/jammil-e-uma-noites-em-clima-de-carnaval-neste-domingo-24\/#breadcrumb\"},\"inLanguage\":\"pt-BR\",\"potentialAction\":[{\"@type\":\"ReadAction\",\"target\":[\"https:\/\/www.blogsoestado.com\/danielmatos\/jammil-e-uma-noites-em-clima-de-carnaval-neste-domingo-24\/\"]}]},{\"@type\":\"ImageObject\",\"inLanguage\":\"pt-BR\",\"@id\":\"https:\/\/www.blogsoestado.com\/danielmatos\/jammil-e-uma-noites-em-clima-de-carnaval-neste-domingo-24\/#primaryimage\",\"url\":\"https:\/\/www.blogsoestado.com\/danielmatos\/files\/2019\/02\/jamil-slz.jpg\",\"contentUrl\":\"https:\/\/www.blogsoestado.com\/danielmatos\/files\/2019\/02\/jamil-slz.jpg\"},{\"@type\":\"BreadcrumbList\",\"@id\":\"https:\/\/www.blogsoestado.com\/danielmatos\/jammil-e-uma-noites-em-clima-de-carnaval-neste-domingo-24\/#breadcrumb\",\"itemListElement\":[{\"@type\":\"ListItem\",\"position\":1,\"name\":\"In\u00edcio\",\"item\":\"https:\/\/www.blogsoestado.com\/danielmatos\/\"},{\"@type\":\"ListItem\",\"position\":2,\"name\":\"Jammil e Uma Noites em clima de Carnaval neste domingo (24)\"}]},{\"@type\":\"WebSite\",\"@id\":\"https:\/\/www.blogsoestado.com\/danielmatos\/#website\",\"url\":\"https:\/\/www.blogsoestado.com\/danielmatos\/\",\"name\":\"Daniel Matos\",\"description\":\"\",\"potentialAction\":[{\"@type\":\"SearchAction\",\"target\":{\"@type\":\"EntryPoint\",\"urlTemplate\":\"https:\/\/www.blogsoestado.com\/danielmatos\/?s={search_term_string}\"},\"query-input\":{\"@type\":\"PropertyValueSpecification\",\"valueRequired\":true,\"valueName\":\"search_term_string\"}}],\"inLanguage\":\"pt-BR\"}]}<\/script>\n<!-- \/ Yoast SEO plugin. -->","yoast_head_json":{"title":"Jammil e Uma Noites em clima de Carnaval neste domingo (24) - Daniel Matos","robots":{"index":"index","follow":"follow","max-snippet":"max-snippet:-1","max-image-preview":"max-image-preview:large","max-video-preview":"max-video-preview:-1"},"canonical":"https:\/\/www.blogsoestado.com\/danielmatos\/jammil-e-uma-noites-em-clima-de-carnaval-neste-domingo-24\/","og_locale":"pt_BR","og_type":"article","og_title":"Jammil e Uma Noites em clima de Carnaval neste domingo (24) - Daniel Matos","og_description":"Grupo baiano faz show no Bosque do Blue Tree S\u00e3o Lu\u00eds Se \u00e9 Carnaval, vamos festejar em grande estilo. O [&hellip;]","og_url":"https:\/\/www.blogsoestado.com\/danielmatos\/jammil-e-uma-noites-em-clima-de-carnaval-neste-domingo-24\/","og_site_name":"Daniel Matos","article_published_time":"2019-02-21T22:30:50+00:00","og_image":[{"url":"https:\/\/www.blogsoestado.com\/danielmatos\/files\/2019\/02\/jamil-slz.jpg","type":"","width":"","height":""}],"twitter_card":"summary_large_image","twitter_misc":{"Est. tempo de leitura":"4 minutos"},"schema":{"@context":"https:\/\/schema.org","@graph":[{"@type":"WebPage","@id":"https:\/\/www.blogsoestado.com\/danielmatos\/jammil-e-uma-noites-em-clima-de-carnaval-neste-domingo-24\/","url":"https:\/\/www.blogsoestado.com\/danielmatos\/jammil-e-uma-noites-em-clima-de-carnaval-neste-domingo-24\/","name":"Jammil e Uma Noites em clima de Carnaval neste domingo (24) - Daniel Matos","isPartOf":{"@id":"https:\/\/www.blogsoestado.com\/danielmatos\/#website"},"primaryImageOfPage":{"@id":"https:\/\/www.blogsoestado.com\/danielmatos\/jammil-e-uma-noites-em-clima-de-carnaval-neste-domingo-24\/#primaryimage"},"image":{"@id":"https:\/\/www.blogsoestado.com\/danielmatos\/jammil-e-uma-noites-em-clima-de-carnaval-neste-domingo-24\/#primaryimage"},"thumbnailUrl":"https:\/\/www.blogsoestado.com\/danielmatos\/files\/2019\/02\/jamil-slz.jpg","datePublished":"2019-02-21T22:30:50+00:00","author":{"@id":""},"breadcrumb":{"@id":"https:\/\/www.blogsoestado.com\/danielmatos\/jammil-e-uma-noites-em-clima-de-carnaval-neste-domingo-24\/#breadcrumb"},"inLanguage":"pt-BR","potentialAction":[{"@type":"ReadAction","target":["https:\/\/www.blogsoestado.com\/danielmatos\/jammil-e-uma-noites-em-clima-de-carnaval-neste-domingo-24\/"]}]},{"@type":"ImageObject","inLanguage":"pt-BR","@id":"https:\/\/www.blogsoestado.com\/danielmatos\/jammil-e-uma-noites-em-clima-de-carnaval-neste-domingo-24\/#primaryimage","url":"https:\/\/www.blogsoestado.com\/danielmatos\/files\/2019\/02\/jamil-slz.jpg","contentUrl":"https:\/\/www.blogsoestado.com\/danielmatos\/files\/2019\/02\/jamil-slz.jpg"},{"@type":"BreadcrumbList","@id":"https:\/\/www.blogsoestado.com\/danielmatos\/jammil-e-uma-noites-em-clima-de-carnaval-neste-domingo-24\/#breadcrumb","itemListElement":[{"@type":"ListItem","position":1,"name":"In\u00edcio","item":"https:\/\/www.blogsoestado.com\/danielmatos\/"},{"@type":"ListItem","position":2,"name":"Jammil e Uma Noites em clima de Carnaval neste domingo (24)"}]},{"@type":"WebSite","@id":"https:\/\/www.blogsoestado.com\/danielmatos\/#website","url":"https:\/\/www.blogsoestado.com\/danielmatos\/","name":"Daniel Matos","description":"","potentialAction":[{"@type":"SearchAction","target":{"@type":"EntryPoint","urlTemplate":"https:\/\/www.blogsoestado.com\/danielmatos\/?s={search_term_string}"},"query-input":{"@type":"PropertyValueSpecification","valueRequired":true,"valueName":"search_term_string"}}],"inLanguage":"pt-BR"}]}},"jetpack_featured_media_url":"","_links":{"self":[{"href":"https:\/\/www.blogsoestado.com\/danielmatos\/wp-json\/wp\/v2\/posts\/60602","targetHints":{"allow":["GET"]}}],"collection":[{"href":"https:\/\/www.blogsoestado.com\/danielmatos\/wp-json\/wp\/v2\/posts"}],"about":[{"href":"https:\/\/www.blogsoestado.com\/danielmatos\/wp-json\/wp\/v2\/types\/post"}],"replies":[{"embeddable":true,"href":"https:\/\/www.blogsoestado.com\/danielmatos\/wp-json\/wp\/v2\/comments?post=60602"}],"version-history":[{"count":0,"href":"https:\/\/www.blogsoestado.com\/danielmatos\/wp-json\/wp\/v2\/posts\/60602\/revisions"}],"wp:attachment":[{"href":"https:\/\/www.blogsoestado.com\/danielmatos\/wp-json\/wp\/v2\/media?parent=60602"}],"wp:term":[{"taxonomy":"category","embeddable":true,"href":"https:\/\/www.blogsoestado.com\/danielmatos\/wp-json\/wp\/v2\/categories?post=60602"},{"taxonomy":"post_tag","embeddable":true,"href":"https:\/\/www.blogsoestado.com\/danielmatos\/wp-json\/wp\/v2\/tags?post=60602"}],"curies":[{"name":"wp","href":"https:\/\/api.w.org\/{rel}","templated":true}]}}