{"id":60607,"date":"2019-02-21T18:22:25","date_gmt":"2019-02-21T21:22:25","guid":{"rendered":"https:\/\/www.blogsoestado.com\/danielmatos\/?p=60607"},"modified":"2019-02-21T18:22:25","modified_gmt":"2019-02-21T21:22:25","slug":"governo-flavio-dino-assina-mais-um-contrato-de-emprestimo-e-divida-do-estado-supera-r-1-bilhao-na-gestao-comunista","status":"publish","type":"post","link":"https:\/\/www.blogsoestado.com\/danielmatos\/governo-flavio-dino-assina-mais-um-contrato-de-emprestimo-e-divida-do-estado-supera-r-1-bilhao-na-gestao-comunista\/","title":{"rendered":"Governo Fl\u00e1vio Dino assina mais um contrato de empr\u00e9stimo e d\u00edvida do Estado supera R$ 1 bilh\u00e3o na gest\u00e3o comunista"},"content":{"rendered":"\n<figure class=\"wp-block-image\"><img decoding=\"async\" src=\"https:\/\/www.blogsoestado.com\/danielmatos\/files\/2019\/02\/emprestimo-1-bi-1024x561.jpg\" alt=\"\" class=\"wp-image-60608\"\/><figcaption>Secret\u00e1rio de Fazenda, Marcellus Ribeiro Alves, e representantes do BID no ato da assinatura do empr\u00e9stimo de U$ 35 milh\u00f5es<\/figcaption><\/figure>\n\n\n\n<p>O Governo Fl\u00e1vio Dino (PCdoB) assinou, nesta quinta-feira (21), em Bras\u00edlia, um contrato de financiamento com o Banco Interamericano de Desenvolvimento (BID) que resultar\u00e1 em mais endividamento para os cofres p\u00fablicos do Maranh\u00e3o. O novo empr\u00e9stimo \u00e9 de U$ 35 milh\u00f5es, cerca de R$ 131,6 milh\u00f5es, segundo a cota\u00e7\u00e3o de hoje da moeda americana.<\/p>\n\n\n\n<p>Somado aos empr\u00e9stimos anteriores contra\u00eddos pela gest\u00e3o comunista, <a href=\"https:\/\/www.blogsoestado.com\/danielmatos\/2018\/12\/20\/senado-autoriza-e-flavio-dino-vai-endividar-o-maranhao-em-mais-us-35-milhoes\/\">o novo financiamento<\/a> gera uma d\u00edvida acumulada de mais de R$ 1 bilh\u00e3o  <br> desde que Fl\u00e1vio Dino assumiu o governo, em 2015.<\/p>\n\n\n\n<p>O contrato de empr\u00e9stimo foi assinado, na capital federal, pelo secret\u00e1rio de Estado da Fazenda, Marcellus Ribeiro Alves. <\/p>\n\n\n\n<p>Segundo informa o Governo do Estado, o recurso oriundo do financiamento contra\u00eddo junto ao BID ser\u00e1 usado na execu\u00e7\u00e3o do Programa de Moderniza\u00e7\u00e3o Fiscal (PROFISCO II), linha de cr\u00e9dito disponibilizada aos estados brasileiros, que visa contribuir para a sustentabilidade fiscal por meio de investimentos na moderniza\u00e7\u00e3o da gest\u00e3o fiscal. <\/p>\n\n\n\n<p>A linha foi aprovada em 2018 e financia capacita\u00e7\u00e3o, servi\u00e7os de consultoria, reforma e moderniza\u00e7\u00e3o de unidades operacionais e de atendimento ao contribuinte, al\u00e9m de aquisi\u00e7\u00e3o de equipamentos de inform\u00e1tica, sistemas e materiais.  <\/p>\n\n\n\n<p><strong>Saiba mais <a href=\"https:\/\/www.iadb.org\/pt\/noticias\/maranhao-vai-aumentar-arrecadacao-e-melhorar-competitividade-com-financiamento-do-bid\">aqui<\/a>.<\/strong>       <\/p>\n","protected":false},"excerpt":{"rendered":"<p>O Governo Fl\u00e1vio Dino (PCdoB) assinou, nesta quinta-feira (21), em Bras\u00edlia, um contrato de financiamento com o Banco Interamericano de [&hellip;]<\/p>\n","protected":false},"author":0,"featured_media":0,"comment_status":"open","ping_status":"open","sticky":false,"template":"","format":"standard","meta":{"site-sidebar-layout":"default","site-content-layout":"","ast-site-content-layout":"default","site-content-style":"default","site-sidebar-style":"default","ast-global-header-display":"","ast-banner-title-visibility":"","ast-main-header-display":"","ast-hfb-above-header-display":"","ast-hfb-below-header-display":"","ast-hfb-mobile-header-display":"","site-post-title":"","ast-breadcrumbs-content":"","ast-featured-img":"","footer-sml-layout":"","ast-disable-related-posts":"","theme-transparent-header-meta":"","adv-header-id-meta":"","stick-header-meta":"","header-above-stick-meta":"","header-main-stick-meta":"","header-below-stick-meta":"","astra-migrate-meta-layouts":"default","ast-page-background-enabled":"default","ast-page-background-meta":{"desktop":{"background-color":"var(--ast-global-color-5)","background-image":"","background-repeat":"repeat","background-position":"center center","background-size":"auto","background-attachment":"scroll","background-type":"","background-media":"","overlay-type":"","overlay-color":"","overlay-opacity":"","overlay-gradient":""},"tablet":{"background-color":"","background-image":"","background-repeat":"repeat","background-position":"center center","background-size":"auto","background-attachment":"scroll","background-type":"","background-media":"","overlay-type":"","overlay-color":"","overlay-opacity":"","overlay-gradient":""},"mobile":{"background-color":"","background-image":"","background-repeat":"repeat","background-position":"center center","background-size":"auto","background-attachment":"scroll","background-type":"","background-media":"","overlay-type":"","overlay-color":"","overlay-opacity":"","overlay-gradient":""}},"ast-content-background-meta":{"desktop":{"background-color":"var(--ast-global-color-4)","background-image":"","background-repeat":"repeat","background-position":"center center","background-size":"auto","background-attachment":"scroll","background-type":"","background-media":"","overlay-type":"","overlay-color":"","overlay-opacity":"","overlay-gradient":""},"tablet":{"background-color":"var(--ast-global-color-4)","background-image":"","background-repeat":"repeat","background-position":"center center","background-size":"auto","background-attachment":"scroll","background-type":"","background-media":"","overlay-type":"","overlay-color":"","overlay-opacity":"","overlay-gradient":""},"mobile":{"background-color":"var(--ast-global-color-4)","background-image":"","background-repeat":"repeat","background-position":"center center","background-size":"auto","background-attachment":"scroll","background-type":"","background-media":"","overlay-type":"","overlay-color":"","overlay-opacity":"","overlay-gradient":""}},"footnotes":""},"categories":[1],"tags":[],"class_list":["post-60607","post","type-post","status-publish","format-standard","hentry","category-sem-categoria"],"yoast_head":"<!-- This site is optimized with the Yoast SEO plugin v26.6 - https:\/\/yoast.com\/wordpress\/plugins\/seo\/ -->\n<title>Governo Fl\u00e1vio Dino assina mais um contrato de empr\u00e9stimo e d\u00edvida do Estado supera R$ 1 bilh\u00e3o na gest\u00e3o comunista - Daniel Matos<\/title>\n<meta name=\"robots\" content=\"index, follow, max-snippet:-1, max-image-preview:large, max-video-preview:-1\" \/>\n<link rel=\"canonical\" href=\"https:\/\/www.blogsoestado.com\/danielmatos\/governo-flavio-dino-assina-mais-um-contrato-de-emprestimo-e-divida-do-estado-supera-r-1-bilhao-na-gestao-comunista\/\" \/>\n<meta property=\"og:locale\" content=\"pt_BR\" \/>\n<meta property=\"og:type\" content=\"article\" \/>\n<meta property=\"og:title\" content=\"Governo Fl\u00e1vio Dino assina mais um contrato de empr\u00e9stimo e d\u00edvida do Estado supera R$ 1 bilh\u00e3o na gest\u00e3o comunista - Daniel Matos\" \/>\n<meta property=\"og:description\" content=\"O Governo Fl\u00e1vio Dino (PCdoB) assinou, nesta quinta-feira (21), em Bras\u00edlia, um contrato de financiamento com o Banco Interamericano de [&hellip;]\" \/>\n<meta property=\"og:url\" content=\"https:\/\/www.blogsoestado.com\/danielmatos\/governo-flavio-dino-assina-mais-um-contrato-de-emprestimo-e-divida-do-estado-supera-r-1-bilhao-na-gestao-comunista\/\" \/>\n<meta property=\"og:site_name\" content=\"Daniel Matos\" \/>\n<meta property=\"article:published_time\" content=\"2019-02-21T21:22:25+00:00\" \/>\n<meta property=\"og:image\" content=\"https:\/\/www.blogsoestado.com\/danielmatos\/files\/2019\/02\/emprestimo-1-bi-1024x561.jpg\" \/>\n<meta name=\"twitter:card\" content=\"summary_large_image\" \/>\n<meta name=\"twitter:label1\" content=\"Est. tempo de leitura\" \/>\n\t<meta name=\"twitter:data1\" content=\"1 minuto\" \/>\n<script type=\"application\/ld+json\" class=\"yoast-schema-graph\">{\"@context\":\"https:\/\/schema.org\",\"@graph\":[{\"@type\":\"WebPage\",\"@id\":\"https:\/\/www.blogsoestado.com\/danielmatos\/governo-flavio-dino-assina-mais-um-contrato-de-emprestimo-e-divida-do-estado-supera-r-1-bilhao-na-gestao-comunista\/\",\"url\":\"https:\/\/www.blogsoestado.com\/danielmatos\/governo-flavio-dino-assina-mais-um-contrato-de-emprestimo-e-divida-do-estado-supera-r-1-bilhao-na-gestao-comunista\/\",\"name\":\"Governo Fl\u00e1vio Dino assina mais um contrato de empr\u00e9stimo e d\u00edvida do Estado supera R$ 1 bilh\u00e3o na gest\u00e3o comunista - Daniel Matos\",\"isPartOf\":{\"@id\":\"https:\/\/www.blogsoestado.com\/danielmatos\/#website\"},\"primaryImageOfPage\":{\"@id\":\"https:\/\/www.blogsoestado.com\/danielmatos\/governo-flavio-dino-assina-mais-um-contrato-de-emprestimo-e-divida-do-estado-supera-r-1-bilhao-na-gestao-comunista\/#primaryimage\"},\"image\":{\"@id\":\"https:\/\/www.blogsoestado.com\/danielmatos\/governo-flavio-dino-assina-mais-um-contrato-de-emprestimo-e-divida-do-estado-supera-r-1-bilhao-na-gestao-comunista\/#primaryimage\"},\"thumbnailUrl\":\"https:\/\/www.blogsoestado.com\/danielmatos\/files\/2019\/02\/emprestimo-1-bi-1024x561.jpg\",\"datePublished\":\"2019-02-21T21:22:25+00:00\",\"author\":{\"@id\":\"\"},\"breadcrumb\":{\"@id\":\"https:\/\/www.blogsoestado.com\/danielmatos\/governo-flavio-dino-assina-mais-um-contrato-de-emprestimo-e-divida-do-estado-supera-r-1-bilhao-na-gestao-comunista\/#breadcrumb\"},\"inLanguage\":\"pt-BR\",\"potentialAction\":[{\"@type\":\"ReadAction\",\"target\":[\"https:\/\/www.blogsoestado.com\/danielmatos\/governo-flavio-dino-assina-mais-um-contrato-de-emprestimo-e-divida-do-estado-supera-r-1-bilhao-na-gestao-comunista\/\"]}]},{\"@type\":\"ImageObject\",\"inLanguage\":\"pt-BR\",\"@id\":\"https:\/\/www.blogsoestado.com\/danielmatos\/governo-flavio-dino-assina-mais-um-contrato-de-emprestimo-e-divida-do-estado-supera-r-1-bilhao-na-gestao-comunista\/#primaryimage\",\"url\":\"https:\/\/www.blogsoestado.com\/danielmatos\/files\/2019\/02\/emprestimo-1-bi-1024x561.jpg\",\"contentUrl\":\"https:\/\/www.blogsoestado.com\/danielmatos\/files\/2019\/02\/emprestimo-1-bi-1024x561.jpg\"},{\"@type\":\"BreadcrumbList\",\"@id\":\"https:\/\/www.blogsoestado.com\/danielmatos\/governo-flavio-dino-assina-mais-um-contrato-de-emprestimo-e-divida-do-estado-supera-r-1-bilhao-na-gestao-comunista\/#breadcrumb\",\"itemListElement\":[{\"@type\":\"ListItem\",\"position\":1,\"name\":\"In\u00edcio\",\"item\":\"https:\/\/www.blogsoestado.com\/danielmatos\/\"},{\"@type\":\"ListItem\",\"position\":2,\"name\":\"Governo Fl\u00e1vio Dino assina mais um contrato de empr\u00e9stimo e d\u00edvida do Estado supera R$ 1 bilh\u00e3o na gest\u00e3o comunista\"}]},{\"@type\":\"WebSite\",\"@id\":\"https:\/\/www.blogsoestado.com\/danielmatos\/#website\",\"url\":\"https:\/\/www.blogsoestado.com\/danielmatos\/\",\"name\":\"Daniel Matos\",\"description\":\"\",\"potentialAction\":[{\"@type\":\"SearchAction\",\"target\":{\"@type\":\"EntryPoint\",\"urlTemplate\":\"https:\/\/www.blogsoestado.com\/danielmatos\/?s={search_term_string}\"},\"query-input\":{\"@type\":\"PropertyValueSpecification\",\"valueRequired\":true,\"valueName\":\"search_term_string\"}}],\"inLanguage\":\"pt-BR\"}]}<\/script>\n<!-- \/ Yoast SEO plugin. -->","yoast_head_json":{"title":"Governo Fl\u00e1vio Dino assina mais um contrato de empr\u00e9stimo e d\u00edvida do Estado supera R$ 1 bilh\u00e3o na gest\u00e3o comunista - Daniel Matos","robots":{"index":"index","follow":"follow","max-snippet":"max-snippet:-1","max-image-preview":"max-image-preview:large","max-video-preview":"max-video-preview:-1"},"canonical":"https:\/\/www.blogsoestado.com\/danielmatos\/governo-flavio-dino-assina-mais-um-contrato-de-emprestimo-e-divida-do-estado-supera-r-1-bilhao-na-gestao-comunista\/","og_locale":"pt_BR","og_type":"article","og_title":"Governo Fl\u00e1vio Dino assina mais um contrato de empr\u00e9stimo e d\u00edvida do Estado supera R$ 1 bilh\u00e3o na gest\u00e3o comunista - Daniel Matos","og_description":"O Governo Fl\u00e1vio Dino (PCdoB) assinou, nesta quinta-feira (21), em Bras\u00edlia, um contrato de financiamento com o Banco Interamericano de [&hellip;]","og_url":"https:\/\/www.blogsoestado.com\/danielmatos\/governo-flavio-dino-assina-mais-um-contrato-de-emprestimo-e-divida-do-estado-supera-r-1-bilhao-na-gestao-comunista\/","og_site_name":"Daniel Matos","article_published_time":"2019-02-21T21:22:25+00:00","og_image":[{"url":"https:\/\/www.blogsoestado.com\/danielmatos\/files\/2019\/02\/emprestimo-1-bi-1024x561.jpg","type":"","width":"","height":""}],"twitter_card":"summary_large_image","twitter_misc":{"Est. tempo de leitura":"1 minuto"},"schema":{"@context":"https:\/\/schema.org","@graph":[{"@type":"WebPage","@id":"https:\/\/www.blogsoestado.com\/danielmatos\/governo-flavio-dino-assina-mais-um-contrato-de-emprestimo-e-divida-do-estado-supera-r-1-bilhao-na-gestao-comunista\/","url":"https:\/\/www.blogsoestado.com\/danielmatos\/governo-flavio-dino-assina-mais-um-contrato-de-emprestimo-e-divida-do-estado-supera-r-1-bilhao-na-gestao-comunista\/","name":"Governo Fl\u00e1vio Dino assina mais um contrato de empr\u00e9stimo e d\u00edvida do Estado supera R$ 1 bilh\u00e3o na gest\u00e3o comunista - Daniel Matos","isPartOf":{"@id":"https:\/\/www.blogsoestado.com\/danielmatos\/#website"},"primaryImageOfPage":{"@id":"https:\/\/www.blogsoestado.com\/danielmatos\/governo-flavio-dino-assina-mais-um-contrato-de-emprestimo-e-divida-do-estado-supera-r-1-bilhao-na-gestao-comunista\/#primaryimage"},"image":{"@id":"https:\/\/www.blogsoestado.com\/danielmatos\/governo-flavio-dino-assina-mais-um-contrato-de-emprestimo-e-divida-do-estado-supera-r-1-bilhao-na-gestao-comunista\/#primaryimage"},"thumbnailUrl":"https:\/\/www.blogsoestado.com\/danielmatos\/files\/2019\/02\/emprestimo-1-bi-1024x561.jpg","datePublished":"2019-02-21T21:22:25+00:00","author":{"@id":""},"breadcrumb":{"@id":"https:\/\/www.blogsoestado.com\/danielmatos\/governo-flavio-dino-assina-mais-um-contrato-de-emprestimo-e-divida-do-estado-supera-r-1-bilhao-na-gestao-comunista\/#breadcrumb"},"inLanguage":"pt-BR","potentialAction":[{"@type":"ReadAction","target":["https:\/\/www.blogsoestado.com\/danielmatos\/governo-flavio-dino-assina-mais-um-contrato-de-emprestimo-e-divida-do-estado-supera-r-1-bilhao-na-gestao-comunista\/"]}]},{"@type":"ImageObject","inLanguage":"pt-BR","@id":"https:\/\/www.blogsoestado.com\/danielmatos\/governo-flavio-dino-assina-mais-um-contrato-de-emprestimo-e-divida-do-estado-supera-r-1-bilhao-na-gestao-comunista\/#primaryimage","url":"https:\/\/www.blogsoestado.com\/danielmatos\/files\/2019\/02\/emprestimo-1-bi-1024x561.jpg","contentUrl":"https:\/\/www.blogsoestado.com\/danielmatos\/files\/2019\/02\/emprestimo-1-bi-1024x561.jpg"},{"@type":"BreadcrumbList","@id":"https:\/\/www.blogsoestado.com\/danielmatos\/governo-flavio-dino-assina-mais-um-contrato-de-emprestimo-e-divida-do-estado-supera-r-1-bilhao-na-gestao-comunista\/#breadcrumb","itemListElement":[{"@type":"ListItem","position":1,"name":"In\u00edcio","item":"https:\/\/www.blogsoestado.com\/danielmatos\/"},{"@type":"ListItem","position":2,"name":"Governo Fl\u00e1vio Dino assina mais um contrato de empr\u00e9stimo e d\u00edvida do Estado supera R$ 1 bilh\u00e3o na gest\u00e3o comunista"}]},{"@type":"WebSite","@id":"https:\/\/www.blogsoestado.com\/danielmatos\/#website","url":"https:\/\/www.blogsoestado.com\/danielmatos\/","name":"Daniel Matos","description":"","potentialAction":[{"@type":"SearchAction","target":{"@type":"EntryPoint","urlTemplate":"https:\/\/www.blogsoestado.com\/danielmatos\/?s={search_term_string}"},"query-input":{"@type":"PropertyValueSpecification","valueRequired":true,"valueName":"search_term_string"}}],"inLanguage":"pt-BR"}]}},"jetpack_featured_media_url":"","_links":{"self":[{"href":"https:\/\/www.blogsoestado.com\/danielmatos\/wp-json\/wp\/v2\/posts\/60607","targetHints":{"allow":["GET"]}}],"collection":[{"href":"https:\/\/www.blogsoestado.com\/danielmatos\/wp-json\/wp\/v2\/posts"}],"about":[{"href":"https:\/\/www.blogsoestado.com\/danielmatos\/wp-json\/wp\/v2\/types\/post"}],"replies":[{"embeddable":true,"href":"https:\/\/www.blogsoestado.com\/danielmatos\/wp-json\/wp\/v2\/comments?post=60607"}],"version-history":[{"count":0,"href":"https:\/\/www.blogsoestado.com\/danielmatos\/wp-json\/wp\/v2\/posts\/60607\/revisions"}],"wp:attachment":[{"href":"https:\/\/www.blogsoestado.com\/danielmatos\/wp-json\/wp\/v2\/media?parent=60607"}],"wp:term":[{"taxonomy":"category","embeddable":true,"href":"https:\/\/www.blogsoestado.com\/danielmatos\/wp-json\/wp\/v2\/categories?post=60607"},{"taxonomy":"post_tag","embeddable":true,"href":"https:\/\/www.blogsoestado.com\/danielmatos\/wp-json\/wp\/v2\/tags?post=60607"}],"curies":[{"name":"wp","href":"https:\/\/api.w.org\/{rel}","templated":true}]}}