{"id":60613,"date":"2019-02-21T21:57:06","date_gmt":"2019-02-22T00:57:06","guid":{"rendered":"https:\/\/www.blogsoestado.com\/danielmatos\/?p=60613"},"modified":"2019-02-21T21:57:06","modified_gmt":"2019-02-22T00:57:06","slug":"legado-comunista-sera-perder-a-concessao-do-itaqui-alerta-adriano","status":"publish","type":"post","link":"https:\/\/www.blogsoestado.com\/danielmatos\/legado-comunista-sera-perder-a-concessao-do-itaqui-alerta-adriano\/","title":{"rendered":"\u201cLegado comunista ser\u00e1 perder a concess\u00e3o do Itaqui\u201d, alerta Adriano"},"content":{"rendered":"\n<figure class=\"wp-block-image\"><img decoding=\"async\" src=\"https:\/\/www.blogsoestado.com\/danielmatos\/files\/2019\/02\/adriano-emap.jpg\" alt=\"\" class=\"wp-image-60614\"\/><figcaption> <br>Para Adriano, projeto de  Fl\u00e1vio Dino \u00e9 uma esp\u00e9cie de confiss\u00e3o de culpa do governo comunista, admitindo o risco iminente de perder a concess\u00e3o do porto<\/figcaption><\/figure>\n\n\n\n<p>O deputado Adriano Sarney (PV) fez um alerta, na tribuna da Assembleia, nesta quinta-feira (21), a respeito da tramita\u00e7\u00e3o de um projeto de lei que pode esconder uma manobra do governo Fl\u00e1vio Dino (PCdoB) para salvar a Empresa Maranhense de Administra\u00e7\u00e3o Portu\u00e1ria (EMAP), que corre o risco de perder a concess\u00e3o do Itaqui. O porto, que ap\u00f3s d\u00e9cadas sob controle do Estado, agora poder\u00e1 de ser retomado pelo Governo Federal, que investiga den\u00fancias de irregularidades na EMAP. \u201cO legado comunista ser\u00e1 perder a concess\u00e3o do Itaqui. N\u00e3o vamos fechar os olhos para um dos maiores bens do Maranh\u00e3o, o Porto do Itaqui, que foi formulado, planejado e articulado por Jos\u00e9 Sarney\u201d, declarou.<\/p>\n\n\n\n<p>Adriano informou que o governo comunista enviou \u00e0 Assembleia, no final do ano passado, o Projeto de Lei de n\u00ba 257\/2018, que trata do Complexo Industrial e Portu\u00e1rio do Maranh\u00e3o e autoriza a modifica\u00e7\u00e3o do objeto social da EMAP, ampliando a sua \u00e1rea de atua\u00e7\u00e3o no setor portu\u00e1rio. Com a mudan\u00e7a, caso seja aprovada e sancionada, a empresa estatal passar\u00e1 a administrar, operar, explorar e desenvolver o cais de S\u00e3o Jos\u00e9 de Ribamar, os terminais de ferryboat da Ponta da Espera e do Cujupe, o Porto Grande em S\u00e3o Lu\u00eds e o Complexo Industrial e Portu\u00e1rio do Maranh\u00e3o.<\/p>\n\n\n\n<p>\u201cCausa estranheza um projeto desta natureza ser enviado \u00e0 Assembleia justamente em um momento em que o governador Fl\u00e1vio Dino est\u00e1 em vias de perder a concess\u00e3o do Porto do Itaqui. Isto, de fato, \u00e9 uma esp\u00e9cie de confiss\u00e3o do governo comunista, admitindo o risco iminente de perder a concess\u00e3o e, como se antevisse o inevit\u00e1vel, manobrasse para que a EMAP possa continuar em opera\u00e7\u00e3o. Eis a prova cabal de que o governo admite ter cometido irresponsabilidades administrativas, burlando o conv\u00eanio com o Governo Federal\u201d, declarou o deputado.<\/p>\n\n\n\n<p>Vale lembrar que a Ag\u00eancia Nacional de Transportes Aquavi\u00e1rios (ANTAQ), \u00f3rg\u00e3o federal, considerou irregulares os saques que o governo Fl\u00e1vio Dino promoveu nas contas EMAP no ano passado. S\u00e3o movimenta\u00e7\u00f5es que, somadas, ultrapassam R$ 140 milh\u00f5es, todas realizadas poucos meses antes das elei\u00e7\u00f5es de outubro de 2018.<\/p>\n\n\n\n<p>Assista ao pronunciamento do deputado Adriano:<\/p>\n\n\n\n<figure class=\"wp-block-embed-youtube wp-block-embed is-type-video is-provider-youtube wp-embed-aspect-16-9 wp-has-aspect-ratio\"><div class=\"wp-block-embed__wrapper\">\n<iframe title=\"Legado comunista ser\u00e1 perder a concess\u00e3o do Itaqui, alerta Adriano\" width=\"500\" height=\"281\" src=\"https:\/\/www.youtube.com\/embed\/uCxQ41APNb0?feature=oembed\" frameborder=\"0\" allow=\"accelerometer; autoplay; clipboard-write; encrypted-media; gyroscope; picture-in-picture; web-share\" referrerpolicy=\"strict-origin-when-cross-origin\" allowfullscreen><\/iframe>\n<\/div><\/figure>\n\n\n\n<p><strong>Confira <a href=\"file:\/\/\/C:\/Users\/Daniel\/Downloads\/Projeto%20de%20Lei%20257%202018%20modifica%20objeto%20social%20da%20EMAP.pdf\">aqui<\/a> o projeto de lei enviado por Fl\u00e1vio Dino \u00e0 Assembleia, que modifica o objeto social da Emap.<\/strong><\/p>\n","protected":false},"excerpt":{"rendered":"<p>O deputado Adriano Sarney (PV) fez um alerta, na tribuna da Assembleia, nesta quinta-feira (21), a respeito da tramita\u00e7\u00e3o de [&hellip;]<\/p>\n","protected":false},"author":0,"featured_media":0,"comment_status":"open","ping_status":"open","sticky":false,"template":"","format":"standard","meta":{"site-sidebar-layout":"default","site-content-layout":"","ast-site-content-layout":"default","site-content-style":"default","site-sidebar-style":"default","ast-global-header-display":"","ast-banner-title-visibility":"","ast-main-header-display":"","ast-hfb-above-header-display":"","ast-hfb-below-header-display":"","ast-hfb-mobile-header-display":"","site-post-title":"","ast-breadcrumbs-content":"","ast-featured-img":"","footer-sml-layout":"","ast-disable-related-posts":"","theme-transparent-header-meta":"","adv-header-id-meta":"","stick-header-meta":"","header-above-stick-meta":"","header-main-stick-meta":"","header-below-stick-meta":"","astra-migrate-meta-layouts":"default","ast-page-background-enabled":"default","ast-page-background-meta":{"desktop":{"background-color":"var(--ast-global-color-5)","background-image":"","background-repeat":"repeat","background-position":"center center","background-size":"auto","background-attachment":"scroll","background-type":"","background-media":"","overlay-type":"","overlay-color":"","overlay-opacity":"","overlay-gradient":""},"tablet":{"background-color":"","background-image":"","background-repeat":"repeat","background-position":"center center","background-size":"auto","background-attachment":"scroll","background-type":"","background-media":"","overlay-type":"","overlay-color":"","overlay-opacity":"","overlay-gradient":""},"mobile":{"background-color":"","background-image":"","background-repeat":"repeat","background-position":"center center","background-size":"auto","background-attachment":"scroll","background-type":"","background-media":"","overlay-type":"","overlay-color":"","overlay-opacity":"","overlay-gradient":""}},"ast-content-background-meta":{"desktop":{"background-color":"var(--ast-global-color-4)","background-image":"","background-repeat":"repeat","background-position":"center center","background-size":"auto","background-attachment":"scroll","background-type":"","background-media":"","overlay-type":"","overlay-color":"","overlay-opacity":"","overlay-gradient":""},"tablet":{"background-color":"var(--ast-global-color-4)","background-image":"","background-repeat":"repeat","background-position":"center center","background-size":"auto","background-attachment":"scroll","background-type":"","background-media":"","overlay-type":"","overlay-color":"","overlay-opacity":"","overlay-gradient":""},"mobile":{"background-color":"var(--ast-global-color-4)","background-image":"","background-repeat":"repeat","background-position":"center center","background-size":"auto","background-attachment":"scroll","background-type":"","background-media":"","overlay-type":"","overlay-color":"","overlay-opacity":"","overlay-gradient":""}},"footnotes":""},"categories":[1],"tags":[],"class_list":["post-60613","post","type-post","status-publish","format-standard","hentry","category-sem-categoria"],"yoast_head":"<!-- This site is optimized with the Yoast SEO plugin v26.6 - https:\/\/yoast.com\/wordpress\/plugins\/seo\/ -->\n<title>\u201cLegado comunista ser\u00e1 perder a concess\u00e3o do Itaqui\u201d, alerta Adriano - Daniel Matos<\/title>\n<meta name=\"robots\" content=\"index, follow, max-snippet:-1, max-image-preview:large, max-video-preview:-1\" \/>\n<link rel=\"canonical\" href=\"https:\/\/www.blogsoestado.com\/danielmatos\/legado-comunista-sera-perder-a-concessao-do-itaqui-alerta-adriano\/\" \/>\n<meta property=\"og:locale\" content=\"pt_BR\" \/>\n<meta property=\"og:type\" content=\"article\" \/>\n<meta property=\"og:title\" content=\"\u201cLegado comunista ser\u00e1 perder a concess\u00e3o do Itaqui\u201d, alerta Adriano - Daniel Matos\" \/>\n<meta property=\"og:description\" content=\"O deputado Adriano Sarney (PV) fez um alerta, na tribuna da Assembleia, nesta quinta-feira (21), a respeito da tramita\u00e7\u00e3o de [&hellip;]\" \/>\n<meta property=\"og:url\" content=\"https:\/\/www.blogsoestado.com\/danielmatos\/legado-comunista-sera-perder-a-concessao-do-itaqui-alerta-adriano\/\" \/>\n<meta property=\"og:site_name\" content=\"Daniel Matos\" \/>\n<meta property=\"article:published_time\" content=\"2019-02-22T00:57:06+00:00\" \/>\n<meta property=\"og:image\" content=\"https:\/\/www.blogsoestado.com\/danielmatos\/files\/2019\/02\/adriano-emap.jpg\" \/>\n<meta name=\"twitter:card\" content=\"summary_large_image\" \/>\n<meta name=\"twitter:label1\" content=\"Est. tempo de leitura\" \/>\n\t<meta name=\"twitter:data1\" content=\"2 minutos\" \/>\n<script type=\"application\/ld+json\" class=\"yoast-schema-graph\">{\"@context\":\"https:\/\/schema.org\",\"@graph\":[{\"@type\":\"WebPage\",\"@id\":\"https:\/\/www.blogsoestado.com\/danielmatos\/legado-comunista-sera-perder-a-concessao-do-itaqui-alerta-adriano\/\",\"url\":\"https:\/\/www.blogsoestado.com\/danielmatos\/legado-comunista-sera-perder-a-concessao-do-itaqui-alerta-adriano\/\",\"name\":\"\u201cLegado comunista ser\u00e1 perder a concess\u00e3o do Itaqui\u201d, alerta Adriano - Daniel Matos\",\"isPartOf\":{\"@id\":\"https:\/\/www.blogsoestado.com\/danielmatos\/#website\"},\"primaryImageOfPage\":{\"@id\":\"https:\/\/www.blogsoestado.com\/danielmatos\/legado-comunista-sera-perder-a-concessao-do-itaqui-alerta-adriano\/#primaryimage\"},\"image\":{\"@id\":\"https:\/\/www.blogsoestado.com\/danielmatos\/legado-comunista-sera-perder-a-concessao-do-itaqui-alerta-adriano\/#primaryimage\"},\"thumbnailUrl\":\"https:\/\/www.blogsoestado.com\/danielmatos\/files\/2019\/02\/adriano-emap.jpg\",\"datePublished\":\"2019-02-22T00:57:06+00:00\",\"author\":{\"@id\":\"\"},\"breadcrumb\":{\"@id\":\"https:\/\/www.blogsoestado.com\/danielmatos\/legado-comunista-sera-perder-a-concessao-do-itaqui-alerta-adriano\/#breadcrumb\"},\"inLanguage\":\"pt-BR\",\"potentialAction\":[{\"@type\":\"ReadAction\",\"target\":[\"https:\/\/www.blogsoestado.com\/danielmatos\/legado-comunista-sera-perder-a-concessao-do-itaqui-alerta-adriano\/\"]}]},{\"@type\":\"ImageObject\",\"inLanguage\":\"pt-BR\",\"@id\":\"https:\/\/www.blogsoestado.com\/danielmatos\/legado-comunista-sera-perder-a-concessao-do-itaqui-alerta-adriano\/#primaryimage\",\"url\":\"https:\/\/www.blogsoestado.com\/danielmatos\/files\/2019\/02\/adriano-emap.jpg\",\"contentUrl\":\"https:\/\/www.blogsoestado.com\/danielmatos\/files\/2019\/02\/adriano-emap.jpg\"},{\"@type\":\"BreadcrumbList\",\"@id\":\"https:\/\/www.blogsoestado.com\/danielmatos\/legado-comunista-sera-perder-a-concessao-do-itaqui-alerta-adriano\/#breadcrumb\",\"itemListElement\":[{\"@type\":\"ListItem\",\"position\":1,\"name\":\"In\u00edcio\",\"item\":\"https:\/\/www.blogsoestado.com\/danielmatos\/\"},{\"@type\":\"ListItem\",\"position\":2,\"name\":\"\u201cLegado comunista ser\u00e1 perder a concess\u00e3o do Itaqui\u201d, alerta Adriano\"}]},{\"@type\":\"WebSite\",\"@id\":\"https:\/\/www.blogsoestado.com\/danielmatos\/#website\",\"url\":\"https:\/\/www.blogsoestado.com\/danielmatos\/\",\"name\":\"Daniel Matos\",\"description\":\"\",\"potentialAction\":[{\"@type\":\"SearchAction\",\"target\":{\"@type\":\"EntryPoint\",\"urlTemplate\":\"https:\/\/www.blogsoestado.com\/danielmatos\/?s={search_term_string}\"},\"query-input\":{\"@type\":\"PropertyValueSpecification\",\"valueRequired\":true,\"valueName\":\"search_term_string\"}}],\"inLanguage\":\"pt-BR\"}]}<\/script>\n<!-- \/ Yoast SEO plugin. -->","yoast_head_json":{"title":"\u201cLegado comunista ser\u00e1 perder a concess\u00e3o do Itaqui\u201d, alerta Adriano - Daniel Matos","robots":{"index":"index","follow":"follow","max-snippet":"max-snippet:-1","max-image-preview":"max-image-preview:large","max-video-preview":"max-video-preview:-1"},"canonical":"https:\/\/www.blogsoestado.com\/danielmatos\/legado-comunista-sera-perder-a-concessao-do-itaqui-alerta-adriano\/","og_locale":"pt_BR","og_type":"article","og_title":"\u201cLegado comunista ser\u00e1 perder a concess\u00e3o do Itaqui\u201d, alerta Adriano - Daniel Matos","og_description":"O deputado Adriano Sarney (PV) fez um alerta, na tribuna da Assembleia, nesta quinta-feira (21), a respeito da tramita\u00e7\u00e3o de [&hellip;]","og_url":"https:\/\/www.blogsoestado.com\/danielmatos\/legado-comunista-sera-perder-a-concessao-do-itaqui-alerta-adriano\/","og_site_name":"Daniel Matos","article_published_time":"2019-02-22T00:57:06+00:00","og_image":[{"url":"https:\/\/www.blogsoestado.com\/danielmatos\/files\/2019\/02\/adriano-emap.jpg","type":"","width":"","height":""}],"twitter_card":"summary_large_image","twitter_misc":{"Est. tempo de leitura":"2 minutos"},"schema":{"@context":"https:\/\/schema.org","@graph":[{"@type":"WebPage","@id":"https:\/\/www.blogsoestado.com\/danielmatos\/legado-comunista-sera-perder-a-concessao-do-itaqui-alerta-adriano\/","url":"https:\/\/www.blogsoestado.com\/danielmatos\/legado-comunista-sera-perder-a-concessao-do-itaqui-alerta-adriano\/","name":"\u201cLegado comunista ser\u00e1 perder a concess\u00e3o do Itaqui\u201d, alerta Adriano - Daniel Matos","isPartOf":{"@id":"https:\/\/www.blogsoestado.com\/danielmatos\/#website"},"primaryImageOfPage":{"@id":"https:\/\/www.blogsoestado.com\/danielmatos\/legado-comunista-sera-perder-a-concessao-do-itaqui-alerta-adriano\/#primaryimage"},"image":{"@id":"https:\/\/www.blogsoestado.com\/danielmatos\/legado-comunista-sera-perder-a-concessao-do-itaqui-alerta-adriano\/#primaryimage"},"thumbnailUrl":"https:\/\/www.blogsoestado.com\/danielmatos\/files\/2019\/02\/adriano-emap.jpg","datePublished":"2019-02-22T00:57:06+00:00","author":{"@id":""},"breadcrumb":{"@id":"https:\/\/www.blogsoestado.com\/danielmatos\/legado-comunista-sera-perder-a-concessao-do-itaqui-alerta-adriano\/#breadcrumb"},"inLanguage":"pt-BR","potentialAction":[{"@type":"ReadAction","target":["https:\/\/www.blogsoestado.com\/danielmatos\/legado-comunista-sera-perder-a-concessao-do-itaqui-alerta-adriano\/"]}]},{"@type":"ImageObject","inLanguage":"pt-BR","@id":"https:\/\/www.blogsoestado.com\/danielmatos\/legado-comunista-sera-perder-a-concessao-do-itaqui-alerta-adriano\/#primaryimage","url":"https:\/\/www.blogsoestado.com\/danielmatos\/files\/2019\/02\/adriano-emap.jpg","contentUrl":"https:\/\/www.blogsoestado.com\/danielmatos\/files\/2019\/02\/adriano-emap.jpg"},{"@type":"BreadcrumbList","@id":"https:\/\/www.blogsoestado.com\/danielmatos\/legado-comunista-sera-perder-a-concessao-do-itaqui-alerta-adriano\/#breadcrumb","itemListElement":[{"@type":"ListItem","position":1,"name":"In\u00edcio","item":"https:\/\/www.blogsoestado.com\/danielmatos\/"},{"@type":"ListItem","position":2,"name":"\u201cLegado comunista ser\u00e1 perder a concess\u00e3o do Itaqui\u201d, alerta Adriano"}]},{"@type":"WebSite","@id":"https:\/\/www.blogsoestado.com\/danielmatos\/#website","url":"https:\/\/www.blogsoestado.com\/danielmatos\/","name":"Daniel Matos","description":"","potentialAction":[{"@type":"SearchAction","target":{"@type":"EntryPoint","urlTemplate":"https:\/\/www.blogsoestado.com\/danielmatos\/?s={search_term_string}"},"query-input":{"@type":"PropertyValueSpecification","valueRequired":true,"valueName":"search_term_string"}}],"inLanguage":"pt-BR"}]}},"jetpack_featured_media_url":"","_links":{"self":[{"href":"https:\/\/www.blogsoestado.com\/danielmatos\/wp-json\/wp\/v2\/posts\/60613","targetHints":{"allow":["GET"]}}],"collection":[{"href":"https:\/\/www.blogsoestado.com\/danielmatos\/wp-json\/wp\/v2\/posts"}],"about":[{"href":"https:\/\/www.blogsoestado.com\/danielmatos\/wp-json\/wp\/v2\/types\/post"}],"replies":[{"embeddable":true,"href":"https:\/\/www.blogsoestado.com\/danielmatos\/wp-json\/wp\/v2\/comments?post=60613"}],"version-history":[{"count":0,"href":"https:\/\/www.blogsoestado.com\/danielmatos\/wp-json\/wp\/v2\/posts\/60613\/revisions"}],"wp:attachment":[{"href":"https:\/\/www.blogsoestado.com\/danielmatos\/wp-json\/wp\/v2\/media?parent=60613"}],"wp:term":[{"taxonomy":"category","embeddable":true,"href":"https:\/\/www.blogsoestado.com\/danielmatos\/wp-json\/wp\/v2\/categories?post=60613"},{"taxonomy":"post_tag","embeddable":true,"href":"https:\/\/www.blogsoestado.com\/danielmatos\/wp-json\/wp\/v2\/tags?post=60613"}],"curies":[{"name":"wp","href":"https:\/\/api.w.org\/{rel}","templated":true}]}}