{"id":60622,"date":"2019-02-22T12:02:14","date_gmt":"2019-02-22T15:02:14","guid":{"rendered":"https:\/\/www.blogsoestado.com\/danielmatos\/?p=60622"},"modified":"2019-02-22T12:02:14","modified_gmt":"2019-02-22T15:02:14","slug":"preferido-de-flavio-dino-para-disputar-prefeitura-de-sao-luis-tem-pai-ficha-suja-e-ja-foi-acionado-por-caixa-2","status":"publish","type":"post","link":"https:\/\/www.blogsoestado.com\/danielmatos\/preferido-de-flavio-dino-para-disputar-prefeitura-de-sao-luis-tem-pai-ficha-suja-e-ja-foi-acionado-por-caixa-2\/","title":{"rendered":"Preferido de Fl\u00e1vio Dino para disputar Prefeitura de S\u00e3o Lu\u00eds tem pai ficha suja e j\u00e1 foi acionado por caixa 2"},"content":{"rendered":"\n<div class=\"wp-block-image\"><figure class=\"alignleft\"><img decoding=\"async\" src=\"https:\/\/www.blogsoestado.com\/danielmatos\/files\/2019\/02\/dino-rubens.jpg\" alt=\"\" class=\"wp-image-60624\"\/><figcaption>Fl\u00e1vio Dino em campanha com Rubens Jr. e Rubens pai, que ap\u00f3s tornar-se ficha suja  lan\u00e7ou o filho na pol\u00edtica<\/figcaption><\/figure><\/div>\n\n\n\n<p>Apontado como nome predileto de Fl\u00e1vio Dino (PCdoB) para concorrer \u00e0 Prefeitura de S\u00e3o Lu\u00eds, em 2020, o deputado federal Rubens Pereira J\u00fanior, recentemente anunciado pelo governados como novo secret\u00e1rio de Estado das Cidades e Desenvolvimento Urbano, tem um hist\u00f3rico pol\u00edtico familiar nada favor\u00e1vel para quem pretende ingressar em uma disputa eleitoral acirrada como a que envolve o comando do Poder Executivo da capital maranhense. <\/p>\n\n\n\n<p>Rubens Jr. \u00e9 filho do ex-deputado estadual Rubens Pereira, ficha suja desde 2014 por ter tido as contas da sua gest\u00e3o como prefeito de Mat\u00f5es (1996-1998) reprovadas pelo Tribunal de Contas da Uni\u00e3o (TCU).<\/p>\n\n\n\n<div class=\"wp-block-image\"><figure class=\"alignright is-resized\"><img fetchpriority=\"high\" decoding=\"async\" src=\"https:\/\/www.blogsoestado.com\/danielmatos\/files\/2019\/02\/dino-rubens2.jpg\" alt=\"\" class=\"wp-image-60633\" width=\"350\" height=\"436\"\/><figcaption>RubensJr. seria o nome ungido por Fl\u00e1vio Dino para disputar a Prefeitura de S\u00e3o Lu\u00eds<\/figcaption><\/figure><\/div>\n\n\n\n<p>Rubens Pereira, o pai, teve a inelegibilidade decretada por oito anos e s\u00f3 estar\u00e1 habilitado a retornar \u00e0 pol\u00edtica em 2022. Em 2006, quando tentava voltar \u00e0 Assembleia Legislativa, ele j\u00e1 havia sido punido com a anula\u00e7\u00e3o dos seus votos devido a um esquema de corrup\u00e7\u00e3o na Prefeitura de Mat\u00f5es e foi substitu\u00eddo justamente pelo filho, ent\u00e3o um rec\u00e9m-formado advogado.<\/p>\n\n\n\n<p>A estreia de Rubens Jr. na pol\u00edtica foi traum\u00e1tica, mas bem sucedida. De in\u00edcio, ligado ao grupo liderado pela ex-governadora e ent\u00e3o senadora Roseana Sarney, ele migrou para o PDT do falecido Jackson Lago t\u00e3o logo este confirmou sua vit\u00f3ria na elei\u00e7\u00e3o para o governo naquele ano. <\/p>\n\n\n\n<p>Com a cassa\u00e7\u00e3o de Jackson, em 2009, abra\u00e7ou o projeto de poder de Fl\u00e1vio Dino, aderiu ao comunismo, tornando-se um destacado membro do PCdoB do governador, que agora reafirma sua afei\u00e7\u00e3o ao pupilo indicando-o para a sucess\u00e3o municipal em S\u00e3o Lu\u00eds.<\/p>\n\n\n\n<p>Presente em m\u00faltiplos palanques em 12 anos de mandatos consecutivos, Rubens Jr. tamb\u00e9m j\u00e1 fez jus ao DNA da sua fam\u00edlia e foi acusado de cometer atos de improbidade. Em 2010, o Minist\u00e9rio P\u00fablico Eleitoral chegou a represent\u00e1-lo duas vezes pela pr\u00e1tica de caixa 2, ocasi\u00e3o em que pediu a cassa\u00e7\u00e3o do seu mandato.<\/p>\n\n\n\n<p>\u00c9 esse o nome ungido por Fl\u00e1vio Dino para disputar a prefeitura da capital. Levando em conta a falta de empatia com a popula\u00e7\u00e3o ludovicense, a genealogia pol\u00edtica de Rubens Jr. e as suspeitas de corrup\u00e7\u00e3o que o pr\u00f3prio deputado j\u00e1 protagonizou, n\u00e3o \u00e9 exagero afirmar que a prefer\u00eancia do governador \u00e9 um tanto descabida e que a pr\u00e9-candidatura acalentada pelo comunista j\u00e1 nasceu morta.                <\/p>\n","protected":false},"excerpt":{"rendered":"<p>Apontado como nome predileto de Fl\u00e1vio Dino (PCdoB) para concorrer \u00e0 Prefeitura de S\u00e3o Lu\u00eds, em 2020, o deputado federal [&hellip;]<\/p>\n","protected":false},"author":0,"featured_media":0,"comment_status":"open","ping_status":"open","sticky":false,"template":"","format":"standard","meta":{"site-sidebar-layout":"default","site-content-layout":"","ast-site-content-layout":"default","site-content-style":"default","site-sidebar-style":"default","ast-global-header-display":"","ast-banner-title-visibility":"","ast-main-header-display":"","ast-hfb-above-header-display":"","ast-hfb-below-header-display":"","ast-hfb-mobile-header-display":"","site-post-title":"","ast-breadcrumbs-content":"","ast-featured-img":"","footer-sml-layout":"","ast-disable-related-posts":"","theme-transparent-header-meta":"","adv-header-id-meta":"","stick-header-meta":"","header-above-stick-meta":"","header-main-stick-meta":"","header-below-stick-meta":"","astra-migrate-meta-layouts":"default","ast-page-background-enabled":"default","ast-page-background-meta":{"desktop":{"background-color":"var(--ast-global-color-5)","background-image":"","background-repeat":"repeat","background-position":"center center","background-size":"auto","background-attachment":"scroll","background-type":"","background-media":"","overlay-type":"","overlay-color":"","overlay-opacity":"","overlay-gradient":""},"tablet":{"background-color":"","background-image":"","background-repeat":"repeat","background-position":"center center","background-size":"auto","background-attachment":"scroll","background-type":"","background-media":"","overlay-type":"","overlay-color":"","overlay-opacity":"","overlay-gradient":""},"mobile":{"background-color":"","background-image":"","background-repeat":"repeat","background-position":"center center","background-size":"auto","background-attachment":"scroll","background-type":"","background-media":"","overlay-type":"","overlay-color":"","overlay-opacity":"","overlay-gradient":""}},"ast-content-background-meta":{"desktop":{"background-color":"var(--ast-global-color-4)","background-image":"","background-repeat":"repeat","background-position":"center center","background-size":"auto","background-attachment":"scroll","background-type":"","background-media":"","overlay-type":"","overlay-color":"","overlay-opacity":"","overlay-gradient":""},"tablet":{"background-color":"var(--ast-global-color-4)","background-image":"","background-repeat":"repeat","background-position":"center center","background-size":"auto","background-attachment":"scroll","background-type":"","background-media":"","overlay-type":"","overlay-color":"","overlay-opacity":"","overlay-gradient":""},"mobile":{"background-color":"var(--ast-global-color-4)","background-image":"","background-repeat":"repeat","background-position":"center center","background-size":"auto","background-attachment":"scroll","background-type":"","background-media":"","overlay-type":"","overlay-color":"","overlay-opacity":"","overlay-gradient":""}},"footnotes":""},"categories":[1],"tags":[],"class_list":["post-60622","post","type-post","status-publish","format-standard","hentry","category-sem-categoria"],"yoast_head":"<!-- This site is optimized with the Yoast SEO plugin v26.6 - https:\/\/yoast.com\/wordpress\/plugins\/seo\/ -->\n<title>Preferido de Fl\u00e1vio Dino para disputar Prefeitura de S\u00e3o Lu\u00eds tem pai ficha suja e j\u00e1 foi acionado por caixa 2 - Daniel Matos<\/title>\n<meta name=\"robots\" content=\"index, follow, max-snippet:-1, max-image-preview:large, max-video-preview:-1\" \/>\n<link rel=\"canonical\" href=\"https:\/\/www.blogsoestado.com\/danielmatos\/preferido-de-flavio-dino-para-disputar-prefeitura-de-sao-luis-tem-pai-ficha-suja-e-ja-foi-acionado-por-caixa-2\/\" \/>\n<meta property=\"og:locale\" content=\"pt_BR\" \/>\n<meta property=\"og:type\" content=\"article\" \/>\n<meta property=\"og:title\" content=\"Preferido de Fl\u00e1vio Dino para disputar Prefeitura de S\u00e3o Lu\u00eds tem pai ficha suja e j\u00e1 foi acionado por caixa 2 - Daniel Matos\" \/>\n<meta property=\"og:description\" content=\"Apontado como nome predileto de Fl\u00e1vio Dino (PCdoB) para concorrer \u00e0 Prefeitura de S\u00e3o Lu\u00eds, em 2020, o deputado federal [&hellip;]\" \/>\n<meta property=\"og:url\" content=\"https:\/\/www.blogsoestado.com\/danielmatos\/preferido-de-flavio-dino-para-disputar-prefeitura-de-sao-luis-tem-pai-ficha-suja-e-ja-foi-acionado-por-caixa-2\/\" \/>\n<meta property=\"og:site_name\" content=\"Daniel Matos\" \/>\n<meta property=\"article:published_time\" content=\"2019-02-22T15:02:14+00:00\" \/>\n<meta property=\"og:image\" content=\"https:\/\/www.blogsoestado.com\/danielmatos\/files\/2019\/02\/dino-rubens.jpg\" \/>\n<meta name=\"twitter:card\" content=\"summary_large_image\" \/>\n<meta name=\"twitter:label1\" content=\"Est. tempo de leitura\" \/>\n\t<meta name=\"twitter:data1\" content=\"2 minutos\" \/>\n<script type=\"application\/ld+json\" class=\"yoast-schema-graph\">{\"@context\":\"https:\/\/schema.org\",\"@graph\":[{\"@type\":\"WebPage\",\"@id\":\"https:\/\/www.blogsoestado.com\/danielmatos\/preferido-de-flavio-dino-para-disputar-prefeitura-de-sao-luis-tem-pai-ficha-suja-e-ja-foi-acionado-por-caixa-2\/\",\"url\":\"https:\/\/www.blogsoestado.com\/danielmatos\/preferido-de-flavio-dino-para-disputar-prefeitura-de-sao-luis-tem-pai-ficha-suja-e-ja-foi-acionado-por-caixa-2\/\",\"name\":\"Preferido de Fl\u00e1vio Dino para disputar Prefeitura de S\u00e3o Lu\u00eds tem pai ficha suja e j\u00e1 foi acionado por caixa 2 - Daniel Matos\",\"isPartOf\":{\"@id\":\"https:\/\/www.blogsoestado.com\/danielmatos\/#website\"},\"primaryImageOfPage\":{\"@id\":\"https:\/\/www.blogsoestado.com\/danielmatos\/preferido-de-flavio-dino-para-disputar-prefeitura-de-sao-luis-tem-pai-ficha-suja-e-ja-foi-acionado-por-caixa-2\/#primaryimage\"},\"image\":{\"@id\":\"https:\/\/www.blogsoestado.com\/danielmatos\/preferido-de-flavio-dino-para-disputar-prefeitura-de-sao-luis-tem-pai-ficha-suja-e-ja-foi-acionado-por-caixa-2\/#primaryimage\"},\"thumbnailUrl\":\"https:\/\/www.blogsoestado.com\/danielmatos\/files\/2019\/02\/dino-rubens.jpg\",\"datePublished\":\"2019-02-22T15:02:14+00:00\",\"author\":{\"@id\":\"\"},\"breadcrumb\":{\"@id\":\"https:\/\/www.blogsoestado.com\/danielmatos\/preferido-de-flavio-dino-para-disputar-prefeitura-de-sao-luis-tem-pai-ficha-suja-e-ja-foi-acionado-por-caixa-2\/#breadcrumb\"},\"inLanguage\":\"pt-BR\",\"potentialAction\":[{\"@type\":\"ReadAction\",\"target\":[\"https:\/\/www.blogsoestado.com\/danielmatos\/preferido-de-flavio-dino-para-disputar-prefeitura-de-sao-luis-tem-pai-ficha-suja-e-ja-foi-acionado-por-caixa-2\/\"]}]},{\"@type\":\"ImageObject\",\"inLanguage\":\"pt-BR\",\"@id\":\"https:\/\/www.blogsoestado.com\/danielmatos\/preferido-de-flavio-dino-para-disputar-prefeitura-de-sao-luis-tem-pai-ficha-suja-e-ja-foi-acionado-por-caixa-2\/#primaryimage\",\"url\":\"https:\/\/www.blogsoestado.com\/danielmatos\/files\/2019\/02\/dino-rubens.jpg\",\"contentUrl\":\"https:\/\/www.blogsoestado.com\/danielmatos\/files\/2019\/02\/dino-rubens.jpg\"},{\"@type\":\"BreadcrumbList\",\"@id\":\"https:\/\/www.blogsoestado.com\/danielmatos\/preferido-de-flavio-dino-para-disputar-prefeitura-de-sao-luis-tem-pai-ficha-suja-e-ja-foi-acionado-por-caixa-2\/#breadcrumb\",\"itemListElement\":[{\"@type\":\"ListItem\",\"position\":1,\"name\":\"In\u00edcio\",\"item\":\"https:\/\/www.blogsoestado.com\/danielmatos\/\"},{\"@type\":\"ListItem\",\"position\":2,\"name\":\"Preferido de Fl\u00e1vio Dino para disputar Prefeitura de S\u00e3o Lu\u00eds tem pai ficha suja e j\u00e1 foi acionado por caixa 2\"}]},{\"@type\":\"WebSite\",\"@id\":\"https:\/\/www.blogsoestado.com\/danielmatos\/#website\",\"url\":\"https:\/\/www.blogsoestado.com\/danielmatos\/\",\"name\":\"Daniel Matos\",\"description\":\"\",\"potentialAction\":[{\"@type\":\"SearchAction\",\"target\":{\"@type\":\"EntryPoint\",\"urlTemplate\":\"https:\/\/www.blogsoestado.com\/danielmatos\/?s={search_term_string}\"},\"query-input\":{\"@type\":\"PropertyValueSpecification\",\"valueRequired\":true,\"valueName\":\"search_term_string\"}}],\"inLanguage\":\"pt-BR\"}]}<\/script>\n<!-- \/ Yoast SEO plugin. -->","yoast_head_json":{"title":"Preferido de Fl\u00e1vio Dino para disputar Prefeitura de S\u00e3o Lu\u00eds tem pai ficha suja e j\u00e1 foi acionado por caixa 2 - Daniel Matos","robots":{"index":"index","follow":"follow","max-snippet":"max-snippet:-1","max-image-preview":"max-image-preview:large","max-video-preview":"max-video-preview:-1"},"canonical":"https:\/\/www.blogsoestado.com\/danielmatos\/preferido-de-flavio-dino-para-disputar-prefeitura-de-sao-luis-tem-pai-ficha-suja-e-ja-foi-acionado-por-caixa-2\/","og_locale":"pt_BR","og_type":"article","og_title":"Preferido de Fl\u00e1vio Dino para disputar Prefeitura de S\u00e3o Lu\u00eds tem pai ficha suja e j\u00e1 foi acionado por caixa 2 - Daniel Matos","og_description":"Apontado como nome predileto de Fl\u00e1vio Dino (PCdoB) para concorrer \u00e0 Prefeitura de S\u00e3o Lu\u00eds, em 2020, o deputado federal [&hellip;]","og_url":"https:\/\/www.blogsoestado.com\/danielmatos\/preferido-de-flavio-dino-para-disputar-prefeitura-de-sao-luis-tem-pai-ficha-suja-e-ja-foi-acionado-por-caixa-2\/","og_site_name":"Daniel Matos","article_published_time":"2019-02-22T15:02:14+00:00","og_image":[{"url":"https:\/\/www.blogsoestado.com\/danielmatos\/files\/2019\/02\/dino-rubens.jpg","type":"","width":"","height":""}],"twitter_card":"summary_large_image","twitter_misc":{"Est. tempo de leitura":"2 minutos"},"schema":{"@context":"https:\/\/schema.org","@graph":[{"@type":"WebPage","@id":"https:\/\/www.blogsoestado.com\/danielmatos\/preferido-de-flavio-dino-para-disputar-prefeitura-de-sao-luis-tem-pai-ficha-suja-e-ja-foi-acionado-por-caixa-2\/","url":"https:\/\/www.blogsoestado.com\/danielmatos\/preferido-de-flavio-dino-para-disputar-prefeitura-de-sao-luis-tem-pai-ficha-suja-e-ja-foi-acionado-por-caixa-2\/","name":"Preferido de Fl\u00e1vio Dino para disputar Prefeitura de S\u00e3o Lu\u00eds tem pai ficha suja e j\u00e1 foi acionado por caixa 2 - Daniel Matos","isPartOf":{"@id":"https:\/\/www.blogsoestado.com\/danielmatos\/#website"},"primaryImageOfPage":{"@id":"https:\/\/www.blogsoestado.com\/danielmatos\/preferido-de-flavio-dino-para-disputar-prefeitura-de-sao-luis-tem-pai-ficha-suja-e-ja-foi-acionado-por-caixa-2\/#primaryimage"},"image":{"@id":"https:\/\/www.blogsoestado.com\/danielmatos\/preferido-de-flavio-dino-para-disputar-prefeitura-de-sao-luis-tem-pai-ficha-suja-e-ja-foi-acionado-por-caixa-2\/#primaryimage"},"thumbnailUrl":"https:\/\/www.blogsoestado.com\/danielmatos\/files\/2019\/02\/dino-rubens.jpg","datePublished":"2019-02-22T15:02:14+00:00","author":{"@id":""},"breadcrumb":{"@id":"https:\/\/www.blogsoestado.com\/danielmatos\/preferido-de-flavio-dino-para-disputar-prefeitura-de-sao-luis-tem-pai-ficha-suja-e-ja-foi-acionado-por-caixa-2\/#breadcrumb"},"inLanguage":"pt-BR","potentialAction":[{"@type":"ReadAction","target":["https:\/\/www.blogsoestado.com\/danielmatos\/preferido-de-flavio-dino-para-disputar-prefeitura-de-sao-luis-tem-pai-ficha-suja-e-ja-foi-acionado-por-caixa-2\/"]}]},{"@type":"ImageObject","inLanguage":"pt-BR","@id":"https:\/\/www.blogsoestado.com\/danielmatos\/preferido-de-flavio-dino-para-disputar-prefeitura-de-sao-luis-tem-pai-ficha-suja-e-ja-foi-acionado-por-caixa-2\/#primaryimage","url":"https:\/\/www.blogsoestado.com\/danielmatos\/files\/2019\/02\/dino-rubens.jpg","contentUrl":"https:\/\/www.blogsoestado.com\/danielmatos\/files\/2019\/02\/dino-rubens.jpg"},{"@type":"BreadcrumbList","@id":"https:\/\/www.blogsoestado.com\/danielmatos\/preferido-de-flavio-dino-para-disputar-prefeitura-de-sao-luis-tem-pai-ficha-suja-e-ja-foi-acionado-por-caixa-2\/#breadcrumb","itemListElement":[{"@type":"ListItem","position":1,"name":"In\u00edcio","item":"https:\/\/www.blogsoestado.com\/danielmatos\/"},{"@type":"ListItem","position":2,"name":"Preferido de Fl\u00e1vio Dino para disputar Prefeitura de S\u00e3o Lu\u00eds tem pai ficha suja e j\u00e1 foi acionado por caixa 2"}]},{"@type":"WebSite","@id":"https:\/\/www.blogsoestado.com\/danielmatos\/#website","url":"https:\/\/www.blogsoestado.com\/danielmatos\/","name":"Daniel Matos","description":"","potentialAction":[{"@type":"SearchAction","target":{"@type":"EntryPoint","urlTemplate":"https:\/\/www.blogsoestado.com\/danielmatos\/?s={search_term_string}"},"query-input":{"@type":"PropertyValueSpecification","valueRequired":true,"valueName":"search_term_string"}}],"inLanguage":"pt-BR"}]}},"jetpack_featured_media_url":"","_links":{"self":[{"href":"https:\/\/www.blogsoestado.com\/danielmatos\/wp-json\/wp\/v2\/posts\/60622","targetHints":{"allow":["GET"]}}],"collection":[{"href":"https:\/\/www.blogsoestado.com\/danielmatos\/wp-json\/wp\/v2\/posts"}],"about":[{"href":"https:\/\/www.blogsoestado.com\/danielmatos\/wp-json\/wp\/v2\/types\/post"}],"replies":[{"embeddable":true,"href":"https:\/\/www.blogsoestado.com\/danielmatos\/wp-json\/wp\/v2\/comments?post=60622"}],"version-history":[{"count":0,"href":"https:\/\/www.blogsoestado.com\/danielmatos\/wp-json\/wp\/v2\/posts\/60622\/revisions"}],"wp:attachment":[{"href":"https:\/\/www.blogsoestado.com\/danielmatos\/wp-json\/wp\/v2\/media?parent=60622"}],"wp:term":[{"taxonomy":"category","embeddable":true,"href":"https:\/\/www.blogsoestado.com\/danielmatos\/wp-json\/wp\/v2\/categories?post=60622"},{"taxonomy":"post_tag","embeddable":true,"href":"https:\/\/www.blogsoestado.com\/danielmatos\/wp-json\/wp\/v2\/tags?post=60622"}],"curies":[{"name":"wp","href":"https:\/\/api.w.org\/{rel}","templated":true}]}}