{"id":60638,"date":"2019-02-22T15:10:11","date_gmt":"2019-02-22T18:10:11","guid":{"rendered":"https:\/\/www.blogsoestado.com\/danielmatos\/?p=60638"},"modified":"2019-02-22T15:10:11","modified_gmt":"2019-02-22T18:10:11","slug":"em-coroata-prefeito-julgado-inelegivel-com-flavio-dino-e-suspeito-de-superfaturar-caches-de-bandas-que-tocarao-no-carnaval","status":"publish","type":"post","link":"https:\/\/www.blogsoestado.com\/danielmatos\/em-coroata-prefeito-julgado-inelegivel-com-flavio-dino-e-suspeito-de-superfaturar-caches-de-bandas-que-tocarao-no-carnaval\/","title":{"rendered":"Em Coroat\u00e1, prefeito julgado ineleg\u00edvel com Fl\u00e1vio Dino \u00e9 suspeito de superfaturar cach\u00eas do Carnaval"},"content":{"rendered":"\n<div class=\"wp-block-image\"><figure class=\"aligncenter\"><img decoding=\"async\" src=\"https:\/\/www.blogsoestado.com\/danielmatos\/files\/2018\/08\/dino-inelegivel.jpeg\" alt=\"\" class=\"wp-image-54095\"\/><figcaption>Luizinho da Amover com Fl\u00e1vio Dino em palanque, em ato pol\u00edtico da campanha eleitoral de 2016<\/figcaption><\/figure><\/div>\n\n\n\n<p>A Prefeitura de Coroat\u00e1 gastar\u00e1 R$ 383 mil com a programa\u00e7\u00e3o de Carnaval, este ano, que se estender\u00e1 por quatro dias, entre  2 e 5 de mar\u00e7o. Em meio \u00e0s despesas discriminadas no edital de licita\u00e7\u00e3o, um item chama aten\u00e7\u00e3o: o cach\u00ea pago a algumas bandas locais, que para aluns profissionais do ramo de entretenimento e setores da imprensa do munic\u00edpio est\u00e1 superfaturado.<\/p>\n\n\n\n<p>Fonte do blog em Coroat\u00e1 compara o valor dos cach\u00eas cobrados por bandas contratadas pela gest\u00e3o do prefeito Luizinho da Amovelar (PT) para se apresentar na folia e os valores que os mesmos grupos musicais costumam receber para tocar em outros eventos. A suspeita \u00e9 de que os cach\u00eas acertados para o Carnaval coroataense est\u00e3o superfaturados. <\/p>\n\n\n\n<p>Luizinho da Amovelar \u00e9 o mesmo prefeito que foi julgado ineleg\u00edvel por oito anos por abuso de poder pol\u00edtico e administrativo pela ju\u00edza Anelise Reginato, da 8\u00aa Zona Eleitoral de Coroat\u00e1, em processo no qual tamb\u00e9m figura como r\u00e9u o governador Fl\u00e1vio Dino (PCdoB), condenado \u00e0 mesma pena. Atualmente, a a\u00e7\u00e3o tramita na Justi\u00e7a  Eleitoral, que determinou seu seguimento, contrariando pedido feito pelo comunista para que fosse arquivada.<\/p>\n\n\n\n<p><strong>Bandas<\/strong>       <\/p>\n\n\n\n<p>Conforme apurou o blog, as bandas contratadas para tocar por R$ 3 mil no Carnaval costumam se apresentar por R$ 800,00 em festas no munic\u00edpio. Ainda mais absurdo \u00e9 o caso de bandas com cach\u00ea fixado em R$ 15 mil que, de acordo com informantes locais, costumam j\u00e1 chegaram subir ao palco por m\u00f3dicos R$ 1 mil em evento festivo realizado em Cod\u00f3.<\/p>\n\n\n\n<p>Um exemplo seria que refor\u00e7a a suspeita de superfaturamento de cach\u00eas \u00e9 a banda Fruta Nativa, que costuma ser contratada para tocar por R$ 5 mil no dia a dia e receber\u00e1 R$ 15 mil para se apresentar na programa\u00e7\u00e3o oficial da folia coroataense. Rony Lima e banda j\u00e1 chegaram a tocar por R$ 1 mil, mas em Coroat\u00e1 tamb\u00e9m ganhar\u00e3o R$ 15 mil.   <\/p>\n\n\n\n<p>H\u00e1 tamb\u00e9m o caso da banda Loira da Mariol, cuja exist\u00eancia ningu\u00e9m confirma em Coroat\u00e1.<\/p>\n\n\n\n<p>Abaixo, o termo de refer\u00eancia da licita\u00e7\u00e3o realizada para a execu\u00e7\u00e3o dos gastos do Carnaval:<\/p>\n\n\n\n<figure class=\"wp-block-image\"><img decoding=\"async\" src=\"https:\/\/www.blogsoestado.com\/danielmatos\/files\/2019\/02\/coroata-carnaval-723x1024.jpg\" alt=\"\" class=\"wp-image-60639\"\/><\/figure>\n\n\n\n<figure class=\"wp-block-image\"><img decoding=\"async\" src=\"https:\/\/www.blogsoestado.com\/danielmatos\/files\/2019\/02\/coroata-carnaval2-723x1024.jpg\" alt=\"\" class=\"wp-image-60640\"\/><\/figure>\n\n\n\n<figure class=\"wp-block-image\"><img decoding=\"async\" src=\"https:\/\/www.blogsoestado.com\/danielmatos\/files\/2019\/02\/coroata-carnaval3-723x1024.jpg\" alt=\"\" class=\"wp-image-60641\"\/><\/figure>\n","protected":false},"excerpt":{"rendered":"<p>A Prefeitura de Coroat\u00e1 gastar\u00e1 R$ 383 mil com a programa\u00e7\u00e3o de Carnaval, este ano, que se estender\u00e1 por quatro [&hellip;]<\/p>\n","protected":false},"author":0,"featured_media":0,"comment_status":"open","ping_status":"open","sticky":false,"template":"","format":"standard","meta":{"site-sidebar-layout":"default","site-content-layout":"","ast-site-content-layout":"default","site-content-style":"default","site-sidebar-style":"default","ast-global-header-display":"","ast-banner-title-visibility":"","ast-main-header-display":"","ast-hfb-above-header-display":"","ast-hfb-below-header-display":"","ast-hfb-mobile-header-display":"","site-post-title":"","ast-breadcrumbs-content":"","ast-featured-img":"","footer-sml-layout":"","ast-disable-related-posts":"","theme-transparent-header-meta":"","adv-header-id-meta":"","stick-header-meta":"","header-above-stick-meta":"","header-main-stick-meta":"","header-below-stick-meta":"","astra-migrate-meta-layouts":"default","ast-page-background-enabled":"default","ast-page-background-meta":{"desktop":{"background-color":"var(--ast-global-color-5)","background-image":"","background-repeat":"repeat","background-position":"center center","background-size":"auto","background-attachment":"scroll","background-type":"","background-media":"","overlay-type":"","overlay-color":"","overlay-opacity":"","overlay-gradient":""},"tablet":{"background-color":"","background-image":"","background-repeat":"repeat","background-position":"center center","background-size":"auto","background-attachment":"scroll","background-type":"","background-media":"","overlay-type":"","overlay-color":"","overlay-opacity":"","overlay-gradient":""},"mobile":{"background-color":"","background-image":"","background-repeat":"repeat","background-position":"center center","background-size":"auto","background-attachment":"scroll","background-type":"","background-media":"","overlay-type":"","overlay-color":"","overlay-opacity":"","overlay-gradient":""}},"ast-content-background-meta":{"desktop":{"background-color":"var(--ast-global-color-4)","background-image":"","background-repeat":"repeat","background-position":"center center","background-size":"auto","background-attachment":"scroll","background-type":"","background-media":"","overlay-type":"","overlay-color":"","overlay-opacity":"","overlay-gradient":""},"tablet":{"background-color":"var(--ast-global-color-4)","background-image":"","background-repeat":"repeat","background-position":"center center","background-size":"auto","background-attachment":"scroll","background-type":"","background-media":"","overlay-type":"","overlay-color":"","overlay-opacity":"","overlay-gradient":""},"mobile":{"background-color":"var(--ast-global-color-4)","background-image":"","background-repeat":"repeat","background-position":"center center","background-size":"auto","background-attachment":"scroll","background-type":"","background-media":"","overlay-type":"","overlay-color":"","overlay-opacity":"","overlay-gradient":""}},"footnotes":""},"categories":[1],"tags":[],"class_list":["post-60638","post","type-post","status-publish","format-standard","hentry","category-sem-categoria"],"yoast_head":"<!-- This site is optimized with the Yoast SEO plugin v26.6 - https:\/\/yoast.com\/wordpress\/plugins\/seo\/ -->\n<title>Em Coroat\u00e1, prefeito julgado ineleg\u00edvel com Fl\u00e1vio Dino \u00e9 suspeito de superfaturar cach\u00eas do Carnaval - Daniel Matos<\/title>\n<meta name=\"robots\" content=\"index, follow, max-snippet:-1, max-image-preview:large, max-video-preview:-1\" \/>\n<link rel=\"canonical\" href=\"https:\/\/www.blogsoestado.com\/danielmatos\/em-coroata-prefeito-julgado-inelegivel-com-flavio-dino-e-suspeito-de-superfaturar-caches-de-bandas-que-tocarao-no-carnaval\/\" \/>\n<meta property=\"og:locale\" content=\"pt_BR\" \/>\n<meta property=\"og:type\" content=\"article\" \/>\n<meta property=\"og:title\" content=\"Em Coroat\u00e1, prefeito julgado ineleg\u00edvel com Fl\u00e1vio Dino \u00e9 suspeito de superfaturar cach\u00eas do Carnaval - Daniel Matos\" \/>\n<meta property=\"og:description\" content=\"A Prefeitura de Coroat\u00e1 gastar\u00e1 R$ 383 mil com a programa\u00e7\u00e3o de Carnaval, este ano, que se estender\u00e1 por quatro [&hellip;]\" \/>\n<meta property=\"og:url\" content=\"https:\/\/www.blogsoestado.com\/danielmatos\/em-coroata-prefeito-julgado-inelegivel-com-flavio-dino-e-suspeito-de-superfaturar-caches-de-bandas-que-tocarao-no-carnaval\/\" \/>\n<meta property=\"og:site_name\" content=\"Daniel Matos\" \/>\n<meta property=\"article:published_time\" content=\"2019-02-22T18:10:11+00:00\" \/>\n<meta property=\"og:image\" content=\"https:\/\/www.blogsoestado.com\/danielmatos\/files\/2018\/08\/dino-inelegivel.jpeg\" \/>\n<meta name=\"twitter:card\" content=\"summary_large_image\" \/>\n<meta name=\"twitter:label1\" content=\"Est. tempo de leitura\" \/>\n\t<meta name=\"twitter:data1\" content=\"2 minutos\" \/>\n<script type=\"application\/ld+json\" class=\"yoast-schema-graph\">{\"@context\":\"https:\/\/schema.org\",\"@graph\":[{\"@type\":\"WebPage\",\"@id\":\"https:\/\/www.blogsoestado.com\/danielmatos\/em-coroata-prefeito-julgado-inelegivel-com-flavio-dino-e-suspeito-de-superfaturar-caches-de-bandas-que-tocarao-no-carnaval\/\",\"url\":\"https:\/\/www.blogsoestado.com\/danielmatos\/em-coroata-prefeito-julgado-inelegivel-com-flavio-dino-e-suspeito-de-superfaturar-caches-de-bandas-que-tocarao-no-carnaval\/\",\"name\":\"Em Coroat\u00e1, prefeito julgado ineleg\u00edvel com Fl\u00e1vio Dino \u00e9 suspeito de superfaturar cach\u00eas do Carnaval - Daniel Matos\",\"isPartOf\":{\"@id\":\"https:\/\/www.blogsoestado.com\/danielmatos\/#website\"},\"primaryImageOfPage\":{\"@id\":\"https:\/\/www.blogsoestado.com\/danielmatos\/em-coroata-prefeito-julgado-inelegivel-com-flavio-dino-e-suspeito-de-superfaturar-caches-de-bandas-que-tocarao-no-carnaval\/#primaryimage\"},\"image\":{\"@id\":\"https:\/\/www.blogsoestado.com\/danielmatos\/em-coroata-prefeito-julgado-inelegivel-com-flavio-dino-e-suspeito-de-superfaturar-caches-de-bandas-que-tocarao-no-carnaval\/#primaryimage\"},\"thumbnailUrl\":\"https:\/\/www.blogsoestado.com\/danielmatos\/files\/2018\/08\/dino-inelegivel.jpeg\",\"datePublished\":\"2019-02-22T18:10:11+00:00\",\"author\":{\"@id\":\"\"},\"breadcrumb\":{\"@id\":\"https:\/\/www.blogsoestado.com\/danielmatos\/em-coroata-prefeito-julgado-inelegivel-com-flavio-dino-e-suspeito-de-superfaturar-caches-de-bandas-que-tocarao-no-carnaval\/#breadcrumb\"},\"inLanguage\":\"pt-BR\",\"potentialAction\":[{\"@type\":\"ReadAction\",\"target\":[\"https:\/\/www.blogsoestado.com\/danielmatos\/em-coroata-prefeito-julgado-inelegivel-com-flavio-dino-e-suspeito-de-superfaturar-caches-de-bandas-que-tocarao-no-carnaval\/\"]}]},{\"@type\":\"ImageObject\",\"inLanguage\":\"pt-BR\",\"@id\":\"https:\/\/www.blogsoestado.com\/danielmatos\/em-coroata-prefeito-julgado-inelegivel-com-flavio-dino-e-suspeito-de-superfaturar-caches-de-bandas-que-tocarao-no-carnaval\/#primaryimage\",\"url\":\"https:\/\/www.blogsoestado.com\/danielmatos\/files\/2018\/08\/dino-inelegivel.jpeg\",\"contentUrl\":\"https:\/\/www.blogsoestado.com\/danielmatos\/files\/2018\/08\/dino-inelegivel.jpeg\"},{\"@type\":\"BreadcrumbList\",\"@id\":\"https:\/\/www.blogsoestado.com\/danielmatos\/em-coroata-prefeito-julgado-inelegivel-com-flavio-dino-e-suspeito-de-superfaturar-caches-de-bandas-que-tocarao-no-carnaval\/#breadcrumb\",\"itemListElement\":[{\"@type\":\"ListItem\",\"position\":1,\"name\":\"In\u00edcio\",\"item\":\"https:\/\/www.blogsoestado.com\/danielmatos\/\"},{\"@type\":\"ListItem\",\"position\":2,\"name\":\"Em Coroat\u00e1, prefeito julgado ineleg\u00edvel com Fl\u00e1vio Dino \u00e9 suspeito de superfaturar cach\u00eas do Carnaval\"}]},{\"@type\":\"WebSite\",\"@id\":\"https:\/\/www.blogsoestado.com\/danielmatos\/#website\",\"url\":\"https:\/\/www.blogsoestado.com\/danielmatos\/\",\"name\":\"Daniel Matos\",\"description\":\"\",\"potentialAction\":[{\"@type\":\"SearchAction\",\"target\":{\"@type\":\"EntryPoint\",\"urlTemplate\":\"https:\/\/www.blogsoestado.com\/danielmatos\/?s={search_term_string}\"},\"query-input\":{\"@type\":\"PropertyValueSpecification\",\"valueRequired\":true,\"valueName\":\"search_term_string\"}}],\"inLanguage\":\"pt-BR\"}]}<\/script>\n<!-- \/ Yoast SEO plugin. -->","yoast_head_json":{"title":"Em Coroat\u00e1, prefeito julgado ineleg\u00edvel com Fl\u00e1vio Dino \u00e9 suspeito de superfaturar cach\u00eas do Carnaval - Daniel Matos","robots":{"index":"index","follow":"follow","max-snippet":"max-snippet:-1","max-image-preview":"max-image-preview:large","max-video-preview":"max-video-preview:-1"},"canonical":"https:\/\/www.blogsoestado.com\/danielmatos\/em-coroata-prefeito-julgado-inelegivel-com-flavio-dino-e-suspeito-de-superfaturar-caches-de-bandas-que-tocarao-no-carnaval\/","og_locale":"pt_BR","og_type":"article","og_title":"Em Coroat\u00e1, prefeito julgado ineleg\u00edvel com Fl\u00e1vio Dino \u00e9 suspeito de superfaturar cach\u00eas do Carnaval - Daniel Matos","og_description":"A Prefeitura de Coroat\u00e1 gastar\u00e1 R$ 383 mil com a programa\u00e7\u00e3o de Carnaval, este ano, que se estender\u00e1 por quatro [&hellip;]","og_url":"https:\/\/www.blogsoestado.com\/danielmatos\/em-coroata-prefeito-julgado-inelegivel-com-flavio-dino-e-suspeito-de-superfaturar-caches-de-bandas-que-tocarao-no-carnaval\/","og_site_name":"Daniel Matos","article_published_time":"2019-02-22T18:10:11+00:00","og_image":[{"url":"https:\/\/www.blogsoestado.com\/danielmatos\/files\/2018\/08\/dino-inelegivel.jpeg","type":"","width":"","height":""}],"twitter_card":"summary_large_image","twitter_misc":{"Est. tempo de leitura":"2 minutos"},"schema":{"@context":"https:\/\/schema.org","@graph":[{"@type":"WebPage","@id":"https:\/\/www.blogsoestado.com\/danielmatos\/em-coroata-prefeito-julgado-inelegivel-com-flavio-dino-e-suspeito-de-superfaturar-caches-de-bandas-que-tocarao-no-carnaval\/","url":"https:\/\/www.blogsoestado.com\/danielmatos\/em-coroata-prefeito-julgado-inelegivel-com-flavio-dino-e-suspeito-de-superfaturar-caches-de-bandas-que-tocarao-no-carnaval\/","name":"Em Coroat\u00e1, prefeito julgado ineleg\u00edvel com Fl\u00e1vio Dino \u00e9 suspeito de superfaturar cach\u00eas do Carnaval - Daniel Matos","isPartOf":{"@id":"https:\/\/www.blogsoestado.com\/danielmatos\/#website"},"primaryImageOfPage":{"@id":"https:\/\/www.blogsoestado.com\/danielmatos\/em-coroata-prefeito-julgado-inelegivel-com-flavio-dino-e-suspeito-de-superfaturar-caches-de-bandas-que-tocarao-no-carnaval\/#primaryimage"},"image":{"@id":"https:\/\/www.blogsoestado.com\/danielmatos\/em-coroata-prefeito-julgado-inelegivel-com-flavio-dino-e-suspeito-de-superfaturar-caches-de-bandas-que-tocarao-no-carnaval\/#primaryimage"},"thumbnailUrl":"https:\/\/www.blogsoestado.com\/danielmatos\/files\/2018\/08\/dino-inelegivel.jpeg","datePublished":"2019-02-22T18:10:11+00:00","author":{"@id":""},"breadcrumb":{"@id":"https:\/\/www.blogsoestado.com\/danielmatos\/em-coroata-prefeito-julgado-inelegivel-com-flavio-dino-e-suspeito-de-superfaturar-caches-de-bandas-que-tocarao-no-carnaval\/#breadcrumb"},"inLanguage":"pt-BR","potentialAction":[{"@type":"ReadAction","target":["https:\/\/www.blogsoestado.com\/danielmatos\/em-coroata-prefeito-julgado-inelegivel-com-flavio-dino-e-suspeito-de-superfaturar-caches-de-bandas-que-tocarao-no-carnaval\/"]}]},{"@type":"ImageObject","inLanguage":"pt-BR","@id":"https:\/\/www.blogsoestado.com\/danielmatos\/em-coroata-prefeito-julgado-inelegivel-com-flavio-dino-e-suspeito-de-superfaturar-caches-de-bandas-que-tocarao-no-carnaval\/#primaryimage","url":"https:\/\/www.blogsoestado.com\/danielmatos\/files\/2018\/08\/dino-inelegivel.jpeg","contentUrl":"https:\/\/www.blogsoestado.com\/danielmatos\/files\/2018\/08\/dino-inelegivel.jpeg"},{"@type":"BreadcrumbList","@id":"https:\/\/www.blogsoestado.com\/danielmatos\/em-coroata-prefeito-julgado-inelegivel-com-flavio-dino-e-suspeito-de-superfaturar-caches-de-bandas-que-tocarao-no-carnaval\/#breadcrumb","itemListElement":[{"@type":"ListItem","position":1,"name":"In\u00edcio","item":"https:\/\/www.blogsoestado.com\/danielmatos\/"},{"@type":"ListItem","position":2,"name":"Em Coroat\u00e1, prefeito julgado ineleg\u00edvel com Fl\u00e1vio Dino \u00e9 suspeito de superfaturar cach\u00eas do Carnaval"}]},{"@type":"WebSite","@id":"https:\/\/www.blogsoestado.com\/danielmatos\/#website","url":"https:\/\/www.blogsoestado.com\/danielmatos\/","name":"Daniel Matos","description":"","potentialAction":[{"@type":"SearchAction","target":{"@type":"EntryPoint","urlTemplate":"https:\/\/www.blogsoestado.com\/danielmatos\/?s={search_term_string}"},"query-input":{"@type":"PropertyValueSpecification","valueRequired":true,"valueName":"search_term_string"}}],"inLanguage":"pt-BR"}]}},"jetpack_featured_media_url":"","_links":{"self":[{"href":"https:\/\/www.blogsoestado.com\/danielmatos\/wp-json\/wp\/v2\/posts\/60638","targetHints":{"allow":["GET"]}}],"collection":[{"href":"https:\/\/www.blogsoestado.com\/danielmatos\/wp-json\/wp\/v2\/posts"}],"about":[{"href":"https:\/\/www.blogsoestado.com\/danielmatos\/wp-json\/wp\/v2\/types\/post"}],"replies":[{"embeddable":true,"href":"https:\/\/www.blogsoestado.com\/danielmatos\/wp-json\/wp\/v2\/comments?post=60638"}],"version-history":[{"count":0,"href":"https:\/\/www.blogsoestado.com\/danielmatos\/wp-json\/wp\/v2\/posts\/60638\/revisions"}],"wp:attachment":[{"href":"https:\/\/www.blogsoestado.com\/danielmatos\/wp-json\/wp\/v2\/media?parent=60638"}],"wp:term":[{"taxonomy":"category","embeddable":true,"href":"https:\/\/www.blogsoestado.com\/danielmatos\/wp-json\/wp\/v2\/categories?post=60638"},{"taxonomy":"post_tag","embeddable":true,"href":"https:\/\/www.blogsoestado.com\/danielmatos\/wp-json\/wp\/v2\/tags?post=60638"}],"curies":[{"name":"wp","href":"https:\/\/api.w.org\/{rel}","templated":true}]}}