{"id":60646,"date":"2019-02-22T16:10:39","date_gmt":"2019-02-22T19:10:39","guid":{"rendered":"https:\/\/www.blogsoestado.com\/danielmatos\/?p=60646"},"modified":"2019-02-22T16:10:39","modified_gmt":"2019-02-22T19:10:39","slug":"feira-internacional-de-artesanato-e-decoracao-nacoes-artes-acontece-no-rio-anil-shopping","status":"publish","type":"post","link":"https:\/\/www.blogsoestado.com\/danielmatos\/feira-internacional-de-artesanato-e-decoracao-nacoes-artes-acontece-no-rio-anil-shopping\/","title":{"rendered":"Feira Internacional de Artesanato e Decora\u00e7\u00e3o Na\u00e7\u00f5es &#038; Artes acontece no Rio Anil Shopping"},"content":{"rendered":"\n<figure class=\"wp-block-image\"><img decoding=\"async\" src=\"https:\/\/www.blogsoestado.com\/danielmatos\/files\/2019\/02\/feira-artesansto-1024x576.jpg\" alt=\"\" class=\"wp-image-60647\"\/><figcaption>Feira Internacional de Artesanato e Decora\u00e7\u00e3o tem registrado excelente frequ\u00eancia de p\u00fablico<\/figcaption><\/figure>\n\n\n\n<p>A Feira Internacional de Artesanato e Decora\u00e7\u00e3o Na\u00e7\u00f5es &amp; Artes chegou a S\u00e3o Lu\u00eds, ap\u00f3s passar por mais de 30 cidades brasileiras. Com entrada gratuita, a feira est\u00e1 localizada na Pra\u00e7a de Eventos do Rio Anil Shopping.<\/p>\n\n\n\n<p>Ao todo, s\u00e3o cerca de mil produtos diferentes oriundos de 12 pa\u00edses, como o Chile com suas belas flores em madeira de reflorestamento. J\u00e1 no estande da \u00cdndia, destaque para a riqueza de detalhes nos m\u00f3veis em madeira Teca e tape\u00e7aria com tecidos finos. O Marrocos chega com almofadas elegantes e delicadas e tecidos nobres e o estande do Brasil apresenta acess\u00f3rios diferenciados, produtos org\u00e2nicos, al\u00e9m da riqueza da gastronomia nacional.<\/p>\n\n\n\n<figure class=\"wp-block-image\"><img decoding=\"async\" src=\"https:\/\/www.blogsoestado.com\/danielmatos\/files\/2019\/02\/feira-artesanato-1024x631.jpg\" alt=\"\" class=\"wp-image-60648\"\/><figcaption>Artigos comercializados na feira t\u00eam registrado boa aceita\u00e7\u00e3o do p\u00fablico<\/figcaption><\/figure>\n\n\n\n<p>Segundo o promotor do evento, Juliano Michei, a feira foi pensada para promover uma experi\u00eancia \u00fanica aos participantes. \u201cCriamos um ambiente que re\u00fane requinte, beleza, produtos de qualidade e entretenimento, promovendo uma viagem cultural e art\u00edstica pelos pa\u00edses representados\u201d, contou.<\/p>\n\n\n\n<p>A exibi\u00e7\u00e3o da Feira Internacional de Artesanato e Decora\u00e7\u00e3o Na\u00e7\u00f5es &amp; Artes continua at\u00e9 o dia 17 de mar\u00e7o, domingo, no Rio Anil Shopping. A feira est\u00e1 aberta de segunda a s\u00e1bado das 10h \u00e0s 22h e aos domingos, das 12h \u00e0s 22h.<\/p>\n\n\n\n<p><strong>SERVI\u00c7O<\/strong><\/p>\n\n\n\n<p>O qu\u00ea: Feira Internacional de Artesanato e Decora\u00e7\u00e3o Na\u00e7\u00f5es &amp; Artes.<\/p>\n\n\n\n<p>Local: Pra\u00e7a de Eventos do Rio Anil Shopping, na Avenida S\u00e3o Lu\u00eds Rei de Fran\u00e7a, Turu, <\/p>\n\n\n\n<p>Data: Em exposi\u00e7\u00e3o at\u00e9 17 de mar\u00e7o, com estrada gratuita.<\/p>\n\n\n\n<p>Hor\u00e1rio: De segunda a s\u00e1bado das 10h \u00e0s 22h e das 12h \u00e0s 22h aos domingos.<\/p>\n","protected":false},"excerpt":{"rendered":"<p>A Feira Internacional de Artesanato e Decora\u00e7\u00e3o Na\u00e7\u00f5es &amp; Artes chegou a S\u00e3o Lu\u00eds, ap\u00f3s passar por mais de 30 [&hellip;]<\/p>\n","protected":false},"author":0,"featured_media":0,"comment_status":"open","ping_status":"open","sticky":false,"template":"","format":"standard","meta":{"site-sidebar-layout":"default","site-content-layout":"","ast-site-content-layout":"default","site-content-style":"default","site-sidebar-style":"default","ast-global-header-display":"","ast-banner-title-visibility":"","ast-main-header-display":"","ast-hfb-above-header-display":"","ast-hfb-below-header-display":"","ast-hfb-mobile-header-display":"","site-post-title":"","ast-breadcrumbs-content":"","ast-featured-img":"","footer-sml-layout":"","ast-disable-related-posts":"","theme-transparent-header-meta":"","adv-header-id-meta":"","stick-header-meta":"","header-above-stick-meta":"","header-main-stick-meta":"","header-below-stick-meta":"","astra-migrate-meta-layouts":"default","ast-page-background-enabled":"default","ast-page-background-meta":{"desktop":{"background-color":"var(--ast-global-color-5)","background-image":"","background-repeat":"repeat","background-position":"center center","background-size":"auto","background-attachment":"scroll","background-type":"","background-media":"","overlay-type":"","overlay-color":"","overlay-opacity":"","overlay-gradient":""},"tablet":{"background-color":"","background-image":"","background-repeat":"repeat","background-position":"center center","background-size":"auto","background-attachment":"scroll","background-type":"","background-media":"","overlay-type":"","overlay-color":"","overlay-opacity":"","overlay-gradient":""},"mobile":{"background-color":"","background-image":"","background-repeat":"repeat","background-position":"center center","background-size":"auto","background-attachment":"scroll","background-type":"","background-media":"","overlay-type":"","overlay-color":"","overlay-opacity":"","overlay-gradient":""}},"ast-content-background-meta":{"desktop":{"background-color":"var(--ast-global-color-4)","background-image":"","background-repeat":"repeat","background-position":"center center","background-size":"auto","background-attachment":"scroll","background-type":"","background-media":"","overlay-type":"","overlay-color":"","overlay-opacity":"","overlay-gradient":""},"tablet":{"background-color":"var(--ast-global-color-4)","background-image":"","background-repeat":"repeat","background-position":"center center","background-size":"auto","background-attachment":"scroll","background-type":"","background-media":"","overlay-type":"","overlay-color":"","overlay-opacity":"","overlay-gradient":""},"mobile":{"background-color":"var(--ast-global-color-4)","background-image":"","background-repeat":"repeat","background-position":"center center","background-size":"auto","background-attachment":"scroll","background-type":"","background-media":"","overlay-type":"","overlay-color":"","overlay-opacity":"","overlay-gradient":""}},"footnotes":""},"categories":[1],"tags":[],"class_list":["post-60646","post","type-post","status-publish","format-standard","hentry","category-sem-categoria"],"yoast_head":"<!-- This site is optimized with the Yoast SEO plugin v26.6 - https:\/\/yoast.com\/wordpress\/plugins\/seo\/ -->\n<title>Feira Internacional de Artesanato e Decora\u00e7\u00e3o Na\u00e7\u00f5es &amp; Artes acontece no Rio Anil Shopping - Daniel Matos<\/title>\n<meta name=\"robots\" content=\"index, follow, max-snippet:-1, max-image-preview:large, max-video-preview:-1\" \/>\n<link rel=\"canonical\" href=\"https:\/\/www.blogsoestado.com\/danielmatos\/feira-internacional-de-artesanato-e-decoracao-nacoes-artes-acontece-no-rio-anil-shopping\/\" \/>\n<meta property=\"og:locale\" content=\"pt_BR\" \/>\n<meta property=\"og:type\" content=\"article\" \/>\n<meta property=\"og:title\" content=\"Feira Internacional de Artesanato e Decora\u00e7\u00e3o Na\u00e7\u00f5es &amp; Artes acontece no Rio Anil Shopping - Daniel Matos\" \/>\n<meta property=\"og:description\" content=\"A Feira Internacional de Artesanato e Decora\u00e7\u00e3o Na\u00e7\u00f5es &amp; Artes chegou a S\u00e3o Lu\u00eds, ap\u00f3s passar por mais de 30 [&hellip;]\" \/>\n<meta property=\"og:url\" content=\"https:\/\/www.blogsoestado.com\/danielmatos\/feira-internacional-de-artesanato-e-decoracao-nacoes-artes-acontece-no-rio-anil-shopping\/\" \/>\n<meta property=\"og:site_name\" content=\"Daniel Matos\" \/>\n<meta property=\"article:published_time\" content=\"2019-02-22T19:10:39+00:00\" \/>\n<meta property=\"og:image\" content=\"https:\/\/www.blogsoestado.com\/danielmatos\/files\/2019\/02\/feira-artesansto-1024x576.jpg\" \/>\n<meta name=\"twitter:card\" content=\"summary_large_image\" \/>\n<meta name=\"twitter:label1\" content=\"Est. tempo de leitura\" \/>\n\t<meta name=\"twitter:data1\" content=\"2 minutos\" \/>\n<script type=\"application\/ld+json\" class=\"yoast-schema-graph\">{\"@context\":\"https:\/\/schema.org\",\"@graph\":[{\"@type\":\"WebPage\",\"@id\":\"https:\/\/www.blogsoestado.com\/danielmatos\/feira-internacional-de-artesanato-e-decoracao-nacoes-artes-acontece-no-rio-anil-shopping\/\",\"url\":\"https:\/\/www.blogsoestado.com\/danielmatos\/feira-internacional-de-artesanato-e-decoracao-nacoes-artes-acontece-no-rio-anil-shopping\/\",\"name\":\"Feira Internacional de Artesanato e Decora\u00e7\u00e3o Na\u00e7\u00f5es & Artes acontece no Rio Anil Shopping - Daniel Matos\",\"isPartOf\":{\"@id\":\"https:\/\/www.blogsoestado.com\/danielmatos\/#website\"},\"primaryImageOfPage\":{\"@id\":\"https:\/\/www.blogsoestado.com\/danielmatos\/feira-internacional-de-artesanato-e-decoracao-nacoes-artes-acontece-no-rio-anil-shopping\/#primaryimage\"},\"image\":{\"@id\":\"https:\/\/www.blogsoestado.com\/danielmatos\/feira-internacional-de-artesanato-e-decoracao-nacoes-artes-acontece-no-rio-anil-shopping\/#primaryimage\"},\"thumbnailUrl\":\"https:\/\/www.blogsoestado.com\/danielmatos\/files\/2019\/02\/feira-artesansto-1024x576.jpg\",\"datePublished\":\"2019-02-22T19:10:39+00:00\",\"author\":{\"@id\":\"\"},\"breadcrumb\":{\"@id\":\"https:\/\/www.blogsoestado.com\/danielmatos\/feira-internacional-de-artesanato-e-decoracao-nacoes-artes-acontece-no-rio-anil-shopping\/#breadcrumb\"},\"inLanguage\":\"pt-BR\",\"potentialAction\":[{\"@type\":\"ReadAction\",\"target\":[\"https:\/\/www.blogsoestado.com\/danielmatos\/feira-internacional-de-artesanato-e-decoracao-nacoes-artes-acontece-no-rio-anil-shopping\/\"]}]},{\"@type\":\"ImageObject\",\"inLanguage\":\"pt-BR\",\"@id\":\"https:\/\/www.blogsoestado.com\/danielmatos\/feira-internacional-de-artesanato-e-decoracao-nacoes-artes-acontece-no-rio-anil-shopping\/#primaryimage\",\"url\":\"https:\/\/www.blogsoestado.com\/danielmatos\/files\/2019\/02\/feira-artesansto-1024x576.jpg\",\"contentUrl\":\"https:\/\/www.blogsoestado.com\/danielmatos\/files\/2019\/02\/feira-artesansto-1024x576.jpg\"},{\"@type\":\"BreadcrumbList\",\"@id\":\"https:\/\/www.blogsoestado.com\/danielmatos\/feira-internacional-de-artesanato-e-decoracao-nacoes-artes-acontece-no-rio-anil-shopping\/#breadcrumb\",\"itemListElement\":[{\"@type\":\"ListItem\",\"position\":1,\"name\":\"In\u00edcio\",\"item\":\"https:\/\/www.blogsoestado.com\/danielmatos\/\"},{\"@type\":\"ListItem\",\"position\":2,\"name\":\"Feira Internacional de Artesanato e Decora\u00e7\u00e3o Na\u00e7\u00f5es &#038; Artes acontece no Rio Anil Shopping\"}]},{\"@type\":\"WebSite\",\"@id\":\"https:\/\/www.blogsoestado.com\/danielmatos\/#website\",\"url\":\"https:\/\/www.blogsoestado.com\/danielmatos\/\",\"name\":\"Daniel Matos\",\"description\":\"\",\"potentialAction\":[{\"@type\":\"SearchAction\",\"target\":{\"@type\":\"EntryPoint\",\"urlTemplate\":\"https:\/\/www.blogsoestado.com\/danielmatos\/?s={search_term_string}\"},\"query-input\":{\"@type\":\"PropertyValueSpecification\",\"valueRequired\":true,\"valueName\":\"search_term_string\"}}],\"inLanguage\":\"pt-BR\"}]}<\/script>\n<!-- \/ Yoast SEO plugin. -->","yoast_head_json":{"title":"Feira Internacional de Artesanato e Decora\u00e7\u00e3o Na\u00e7\u00f5es & Artes acontece no Rio Anil Shopping - Daniel Matos","robots":{"index":"index","follow":"follow","max-snippet":"max-snippet:-1","max-image-preview":"max-image-preview:large","max-video-preview":"max-video-preview:-1"},"canonical":"https:\/\/www.blogsoestado.com\/danielmatos\/feira-internacional-de-artesanato-e-decoracao-nacoes-artes-acontece-no-rio-anil-shopping\/","og_locale":"pt_BR","og_type":"article","og_title":"Feira Internacional de Artesanato e Decora\u00e7\u00e3o Na\u00e7\u00f5es & Artes acontece no Rio Anil Shopping - Daniel Matos","og_description":"A Feira Internacional de Artesanato e Decora\u00e7\u00e3o Na\u00e7\u00f5es &amp; Artes chegou a S\u00e3o Lu\u00eds, ap\u00f3s passar por mais de 30 [&hellip;]","og_url":"https:\/\/www.blogsoestado.com\/danielmatos\/feira-internacional-de-artesanato-e-decoracao-nacoes-artes-acontece-no-rio-anil-shopping\/","og_site_name":"Daniel Matos","article_published_time":"2019-02-22T19:10:39+00:00","og_image":[{"url":"https:\/\/www.blogsoestado.com\/danielmatos\/files\/2019\/02\/feira-artesansto-1024x576.jpg","type":"","width":"","height":""}],"twitter_card":"summary_large_image","twitter_misc":{"Est. tempo de leitura":"2 minutos"},"schema":{"@context":"https:\/\/schema.org","@graph":[{"@type":"WebPage","@id":"https:\/\/www.blogsoestado.com\/danielmatos\/feira-internacional-de-artesanato-e-decoracao-nacoes-artes-acontece-no-rio-anil-shopping\/","url":"https:\/\/www.blogsoestado.com\/danielmatos\/feira-internacional-de-artesanato-e-decoracao-nacoes-artes-acontece-no-rio-anil-shopping\/","name":"Feira Internacional de Artesanato e Decora\u00e7\u00e3o Na\u00e7\u00f5es & Artes acontece no Rio Anil Shopping - Daniel Matos","isPartOf":{"@id":"https:\/\/www.blogsoestado.com\/danielmatos\/#website"},"primaryImageOfPage":{"@id":"https:\/\/www.blogsoestado.com\/danielmatos\/feira-internacional-de-artesanato-e-decoracao-nacoes-artes-acontece-no-rio-anil-shopping\/#primaryimage"},"image":{"@id":"https:\/\/www.blogsoestado.com\/danielmatos\/feira-internacional-de-artesanato-e-decoracao-nacoes-artes-acontece-no-rio-anil-shopping\/#primaryimage"},"thumbnailUrl":"https:\/\/www.blogsoestado.com\/danielmatos\/files\/2019\/02\/feira-artesansto-1024x576.jpg","datePublished":"2019-02-22T19:10:39+00:00","author":{"@id":""},"breadcrumb":{"@id":"https:\/\/www.blogsoestado.com\/danielmatos\/feira-internacional-de-artesanato-e-decoracao-nacoes-artes-acontece-no-rio-anil-shopping\/#breadcrumb"},"inLanguage":"pt-BR","potentialAction":[{"@type":"ReadAction","target":["https:\/\/www.blogsoestado.com\/danielmatos\/feira-internacional-de-artesanato-e-decoracao-nacoes-artes-acontece-no-rio-anil-shopping\/"]}]},{"@type":"ImageObject","inLanguage":"pt-BR","@id":"https:\/\/www.blogsoestado.com\/danielmatos\/feira-internacional-de-artesanato-e-decoracao-nacoes-artes-acontece-no-rio-anil-shopping\/#primaryimage","url":"https:\/\/www.blogsoestado.com\/danielmatos\/files\/2019\/02\/feira-artesansto-1024x576.jpg","contentUrl":"https:\/\/www.blogsoestado.com\/danielmatos\/files\/2019\/02\/feira-artesansto-1024x576.jpg"},{"@type":"BreadcrumbList","@id":"https:\/\/www.blogsoestado.com\/danielmatos\/feira-internacional-de-artesanato-e-decoracao-nacoes-artes-acontece-no-rio-anil-shopping\/#breadcrumb","itemListElement":[{"@type":"ListItem","position":1,"name":"In\u00edcio","item":"https:\/\/www.blogsoestado.com\/danielmatos\/"},{"@type":"ListItem","position":2,"name":"Feira Internacional de Artesanato e Decora\u00e7\u00e3o Na\u00e7\u00f5es &#038; Artes acontece no Rio Anil Shopping"}]},{"@type":"WebSite","@id":"https:\/\/www.blogsoestado.com\/danielmatos\/#website","url":"https:\/\/www.blogsoestado.com\/danielmatos\/","name":"Daniel Matos","description":"","potentialAction":[{"@type":"SearchAction","target":{"@type":"EntryPoint","urlTemplate":"https:\/\/www.blogsoestado.com\/danielmatos\/?s={search_term_string}"},"query-input":{"@type":"PropertyValueSpecification","valueRequired":true,"valueName":"search_term_string"}}],"inLanguage":"pt-BR"}]}},"jetpack_featured_media_url":"","_links":{"self":[{"href":"https:\/\/www.blogsoestado.com\/danielmatos\/wp-json\/wp\/v2\/posts\/60646","targetHints":{"allow":["GET"]}}],"collection":[{"href":"https:\/\/www.blogsoestado.com\/danielmatos\/wp-json\/wp\/v2\/posts"}],"about":[{"href":"https:\/\/www.blogsoestado.com\/danielmatos\/wp-json\/wp\/v2\/types\/post"}],"replies":[{"embeddable":true,"href":"https:\/\/www.blogsoestado.com\/danielmatos\/wp-json\/wp\/v2\/comments?post=60646"}],"version-history":[{"count":0,"href":"https:\/\/www.blogsoestado.com\/danielmatos\/wp-json\/wp\/v2\/posts\/60646\/revisions"}],"wp:attachment":[{"href":"https:\/\/www.blogsoestado.com\/danielmatos\/wp-json\/wp\/v2\/media?parent=60646"}],"wp:term":[{"taxonomy":"category","embeddable":true,"href":"https:\/\/www.blogsoestado.com\/danielmatos\/wp-json\/wp\/v2\/categories?post=60646"},{"taxonomy":"post_tag","embeddable":true,"href":"https:\/\/www.blogsoestado.com\/danielmatos\/wp-json\/wp\/v2\/tags?post=60646"}],"curies":[{"name":"wp","href":"https:\/\/api.w.org\/{rel}","templated":true}]}}