{"id":60650,"date":"2019-02-22T17:34:21","date_gmt":"2019-02-22T20:34:21","guid":{"rendered":"https:\/\/www.blogsoestado.com\/danielmatos\/?p=60650"},"modified":"2019-02-22T17:34:21","modified_gmt":"2019-02-22T20:34:21","slug":"zito-rolim-assume-mandato-de-deputado-na-proxima-terca-feira","status":"publish","type":"post","link":"https:\/\/www.blogsoestado.com\/danielmatos\/zito-rolim-assume-mandato-de-deputado-na-proxima-terca-feira\/","title":{"rendered":"Zito Rolim assume mandato de deputado na pr\u00f3xima ter\u00e7a-feira"},"content":{"rendered":"\n<figure class=\"wp-block-image\"><img decoding=\"async\" src=\"https:\/\/www.blogsoestado.com\/danielmatos\/files\/2019\/02\/zito-posse-1024x856.jpg\" alt=\"\" class=\"wp-image-60651\"\/><figcaption>Zito Rolim exibe diploma entre o prefeito de Cod\u00f3, Francisco Nagib, e o presidente do TRE-MA, desembargador Ricardo Duailibe<\/figcaption><\/figure>\n\n\n\n<p>A decis\u00e3o foi tomada no \u00faltimo final de semana, ap\u00f3s reuni\u00e3o entre o prefeito Francisco Nagib, Zito Rolim, o deputado federal M\u00e1rcio Jerry e os l\u00edderes do PDT maranhense, deputado estadual M\u00e1rcio Honaiser e o presidente da FAMEM, prefeito Erl\u00e2nio Xavier, de Igarap\u00e9 Grande.<\/p>\n\n\n\n<p>A reuni\u00e3o contou com o aval e orienta\u00e7\u00e3o do senador Weverton Rocha e do Governador Fl\u00e1vio Dino, para que dela sa\u00edsse uma defini\u00e7\u00e3o quanto a qual posto que Zito Rolim passaria a ocupar. Ao final da reuni\u00e3o, que contou com a participa\u00e7\u00e3o decisiva do prefeito Francisco Nagib, ficou decidido que Zito assumir\u00e1 uma cadeira de deputado estadual e o deputado Honaiser assumir\u00e1 a Secretaria Estadual de Assist\u00eancia Social do Governo Fl\u00e1vio Dino.<\/p>\n\n\n\n<p>\u201cEstou muito feliz com o desfecho dessa reuni\u00e3o. Estamos aqui fazendo jus a nossa parceria com Zito e em respeito aos votos que obtivemos em Cod\u00f3 nas \u00faltimas elei\u00e7\u00f5es. Zito \u00e9 nosso parceiro. Somos gratos a ele pelo apoio que sempre nos deu e chegou a hora de devolver o gesto\u201d, enfatizou o prefeito Nagib.<\/p>\n\n\n\n<figure class=\"wp-block-image\"><img decoding=\"async\" src=\"https:\/\/www.blogsoestado.com\/danielmatos\/files\/2019\/02\/zito-posse2-1024x768.jpg\" alt=\"\" class=\"wp-image-60652\"\/><figcaption>Zito Rolim em visita \u00e0 Famem com o presidente da entidade, Erl\u00e2nio Xavier, o prefeito de Cod\u00f3, Francisco Nagib, e o deputado M\u00e1rcio Honaiser<\/figcaption><\/figure>\n\n\n\n<p>Zito Rolim, por sua vez, agradeceu a Nagib pelo apoio e perseveran\u00e7a nessa luta, ao tempo em que refor\u00e7ou o agradecimento ao governador Fl\u00e1vio Dino, ao senador Weverton Rocha, ao deputado federal M\u00e1rcio Jerry e a todos os l\u00edderes do PDT que o apoiaram.<\/p>\n\n\n\n<p>\u201cAgora \u00e9 arrega\u00e7ar as mangas e continuar nosso trabalho por Cod\u00f3, ajudando Nagib a fazer uma gest\u00e3o ainda mais vitoriosa\u201d, disse Zito Rolim.<\/p>\n\n\n\n<p>Zito assume o mandato de deputado estadual na ter\u00e7a-feira da pr\u00f3xima semana.<\/p>\n\n\n\n<p>Reproduzido do Blog do John Cutrim.<\/p>\n","protected":false},"excerpt":{"rendered":"<p>A decis\u00e3o foi tomada no \u00faltimo final de semana, ap\u00f3s reuni\u00e3o entre o prefeito Francisco Nagib, Zito Rolim, o deputado [&hellip;]<\/p>\n","protected":false},"author":0,"featured_media":0,"comment_status":"open","ping_status":"open","sticky":false,"template":"","format":"standard","meta":{"site-sidebar-layout":"default","site-content-layout":"","ast-site-content-layout":"default","site-content-style":"default","site-sidebar-style":"default","ast-global-header-display":"","ast-banner-title-visibility":"","ast-main-header-display":"","ast-hfb-above-header-display":"","ast-hfb-below-header-display":"","ast-hfb-mobile-header-display":"","site-post-title":"","ast-breadcrumbs-content":"","ast-featured-img":"","footer-sml-layout":"","ast-disable-related-posts":"","theme-transparent-header-meta":"","adv-header-id-meta":"","stick-header-meta":"","header-above-stick-meta":"","header-main-stick-meta":"","header-below-stick-meta":"","astra-migrate-meta-layouts":"default","ast-page-background-enabled":"default","ast-page-background-meta":{"desktop":{"background-color":"var(--ast-global-color-5)","background-image":"","background-repeat":"repeat","background-position":"center center","background-size":"auto","background-attachment":"scroll","background-type":"","background-media":"","overlay-type":"","overlay-color":"","overlay-opacity":"","overlay-gradient":""},"tablet":{"background-color":"","background-image":"","background-repeat":"repeat","background-position":"center center","background-size":"auto","background-attachment":"scroll","background-type":"","background-media":"","overlay-type":"","overlay-color":"","overlay-opacity":"","overlay-gradient":""},"mobile":{"background-color":"","background-image":"","background-repeat":"repeat","background-position":"center center","background-size":"auto","background-attachment":"scroll","background-type":"","background-media":"","overlay-type":"","overlay-color":"","overlay-opacity":"","overlay-gradient":""}},"ast-content-background-meta":{"desktop":{"background-color":"var(--ast-global-color-4)","background-image":"","background-repeat":"repeat","background-position":"center center","background-size":"auto","background-attachment":"scroll","background-type":"","background-media":"","overlay-type":"","overlay-color":"","overlay-opacity":"","overlay-gradient":""},"tablet":{"background-color":"var(--ast-global-color-4)","background-image":"","background-repeat":"repeat","background-position":"center center","background-size":"auto","background-attachment":"scroll","background-type":"","background-media":"","overlay-type":"","overlay-color":"","overlay-opacity":"","overlay-gradient":""},"mobile":{"background-color":"var(--ast-global-color-4)","background-image":"","background-repeat":"repeat","background-position":"center center","background-size":"auto","background-attachment":"scroll","background-type":"","background-media":"","overlay-type":"","overlay-color":"","overlay-opacity":"","overlay-gradient":""}},"footnotes":""},"categories":[1],"tags":[],"class_list":["post-60650","post","type-post","status-publish","format-standard","hentry","category-sem-categoria"],"yoast_head":"<!-- This site is optimized with the Yoast SEO plugin v26.6 - https:\/\/yoast.com\/wordpress\/plugins\/seo\/ -->\n<title>Zito Rolim assume mandato de deputado na pr\u00f3xima ter\u00e7a-feira - Daniel Matos<\/title>\n<meta name=\"robots\" content=\"index, follow, max-snippet:-1, max-image-preview:large, max-video-preview:-1\" \/>\n<link rel=\"canonical\" href=\"https:\/\/www.blogsoestado.com\/danielmatos\/zito-rolim-assume-mandato-de-deputado-na-proxima-terca-feira\/\" \/>\n<meta property=\"og:locale\" content=\"pt_BR\" \/>\n<meta property=\"og:type\" content=\"article\" \/>\n<meta property=\"og:title\" content=\"Zito Rolim assume mandato de deputado na pr\u00f3xima ter\u00e7a-feira - Daniel Matos\" \/>\n<meta property=\"og:description\" content=\"A decis\u00e3o foi tomada no \u00faltimo final de semana, ap\u00f3s reuni\u00e3o entre o prefeito Francisco Nagib, Zito Rolim, o deputado [&hellip;]\" \/>\n<meta property=\"og:url\" content=\"https:\/\/www.blogsoestado.com\/danielmatos\/zito-rolim-assume-mandato-de-deputado-na-proxima-terca-feira\/\" \/>\n<meta property=\"og:site_name\" content=\"Daniel Matos\" \/>\n<meta property=\"article:published_time\" content=\"2019-02-22T20:34:21+00:00\" \/>\n<meta property=\"og:image\" content=\"https:\/\/www.blogsoestado.com\/danielmatos\/files\/2019\/02\/zito-posse-1024x856.jpg\" \/>\n<meta name=\"twitter:card\" content=\"summary_large_image\" \/>\n<meta name=\"twitter:label1\" content=\"Est. tempo de leitura\" \/>\n\t<meta name=\"twitter:data1\" content=\"2 minutos\" \/>\n<script type=\"application\/ld+json\" class=\"yoast-schema-graph\">{\"@context\":\"https:\/\/schema.org\",\"@graph\":[{\"@type\":\"WebPage\",\"@id\":\"https:\/\/www.blogsoestado.com\/danielmatos\/zito-rolim-assume-mandato-de-deputado-na-proxima-terca-feira\/\",\"url\":\"https:\/\/www.blogsoestado.com\/danielmatos\/zito-rolim-assume-mandato-de-deputado-na-proxima-terca-feira\/\",\"name\":\"Zito Rolim assume mandato de deputado na pr\u00f3xima ter\u00e7a-feira - Daniel Matos\",\"isPartOf\":{\"@id\":\"https:\/\/www.blogsoestado.com\/danielmatos\/#website\"},\"primaryImageOfPage\":{\"@id\":\"https:\/\/www.blogsoestado.com\/danielmatos\/zito-rolim-assume-mandato-de-deputado-na-proxima-terca-feira\/#primaryimage\"},\"image\":{\"@id\":\"https:\/\/www.blogsoestado.com\/danielmatos\/zito-rolim-assume-mandato-de-deputado-na-proxima-terca-feira\/#primaryimage\"},\"thumbnailUrl\":\"https:\/\/www.blogsoestado.com\/danielmatos\/files\/2019\/02\/zito-posse-1024x856.jpg\",\"datePublished\":\"2019-02-22T20:34:21+00:00\",\"author\":{\"@id\":\"\"},\"breadcrumb\":{\"@id\":\"https:\/\/www.blogsoestado.com\/danielmatos\/zito-rolim-assume-mandato-de-deputado-na-proxima-terca-feira\/#breadcrumb\"},\"inLanguage\":\"pt-BR\",\"potentialAction\":[{\"@type\":\"ReadAction\",\"target\":[\"https:\/\/www.blogsoestado.com\/danielmatos\/zito-rolim-assume-mandato-de-deputado-na-proxima-terca-feira\/\"]}]},{\"@type\":\"ImageObject\",\"inLanguage\":\"pt-BR\",\"@id\":\"https:\/\/www.blogsoestado.com\/danielmatos\/zito-rolim-assume-mandato-de-deputado-na-proxima-terca-feira\/#primaryimage\",\"url\":\"https:\/\/www.blogsoestado.com\/danielmatos\/files\/2019\/02\/zito-posse-1024x856.jpg\",\"contentUrl\":\"https:\/\/www.blogsoestado.com\/danielmatos\/files\/2019\/02\/zito-posse-1024x856.jpg\"},{\"@type\":\"BreadcrumbList\",\"@id\":\"https:\/\/www.blogsoestado.com\/danielmatos\/zito-rolim-assume-mandato-de-deputado-na-proxima-terca-feira\/#breadcrumb\",\"itemListElement\":[{\"@type\":\"ListItem\",\"position\":1,\"name\":\"In\u00edcio\",\"item\":\"https:\/\/www.blogsoestado.com\/danielmatos\/\"},{\"@type\":\"ListItem\",\"position\":2,\"name\":\"Zito Rolim assume mandato de deputado na pr\u00f3xima ter\u00e7a-feira\"}]},{\"@type\":\"WebSite\",\"@id\":\"https:\/\/www.blogsoestado.com\/danielmatos\/#website\",\"url\":\"https:\/\/www.blogsoestado.com\/danielmatos\/\",\"name\":\"Daniel Matos\",\"description\":\"\",\"potentialAction\":[{\"@type\":\"SearchAction\",\"target\":{\"@type\":\"EntryPoint\",\"urlTemplate\":\"https:\/\/www.blogsoestado.com\/danielmatos\/?s={search_term_string}\"},\"query-input\":{\"@type\":\"PropertyValueSpecification\",\"valueRequired\":true,\"valueName\":\"search_term_string\"}}],\"inLanguage\":\"pt-BR\"}]}<\/script>\n<!-- \/ Yoast SEO plugin. -->","yoast_head_json":{"title":"Zito Rolim assume mandato de deputado na pr\u00f3xima ter\u00e7a-feira - Daniel Matos","robots":{"index":"index","follow":"follow","max-snippet":"max-snippet:-1","max-image-preview":"max-image-preview:large","max-video-preview":"max-video-preview:-1"},"canonical":"https:\/\/www.blogsoestado.com\/danielmatos\/zito-rolim-assume-mandato-de-deputado-na-proxima-terca-feira\/","og_locale":"pt_BR","og_type":"article","og_title":"Zito Rolim assume mandato de deputado na pr\u00f3xima ter\u00e7a-feira - Daniel Matos","og_description":"A decis\u00e3o foi tomada no \u00faltimo final de semana, ap\u00f3s reuni\u00e3o entre o prefeito Francisco Nagib, Zito Rolim, o deputado [&hellip;]","og_url":"https:\/\/www.blogsoestado.com\/danielmatos\/zito-rolim-assume-mandato-de-deputado-na-proxima-terca-feira\/","og_site_name":"Daniel Matos","article_published_time":"2019-02-22T20:34:21+00:00","og_image":[{"url":"https:\/\/www.blogsoestado.com\/danielmatos\/files\/2019\/02\/zito-posse-1024x856.jpg","type":"","width":"","height":""}],"twitter_card":"summary_large_image","twitter_misc":{"Est. tempo de leitura":"2 minutos"},"schema":{"@context":"https:\/\/schema.org","@graph":[{"@type":"WebPage","@id":"https:\/\/www.blogsoestado.com\/danielmatos\/zito-rolim-assume-mandato-de-deputado-na-proxima-terca-feira\/","url":"https:\/\/www.blogsoestado.com\/danielmatos\/zito-rolim-assume-mandato-de-deputado-na-proxima-terca-feira\/","name":"Zito Rolim assume mandato de deputado na pr\u00f3xima ter\u00e7a-feira - Daniel Matos","isPartOf":{"@id":"https:\/\/www.blogsoestado.com\/danielmatos\/#website"},"primaryImageOfPage":{"@id":"https:\/\/www.blogsoestado.com\/danielmatos\/zito-rolim-assume-mandato-de-deputado-na-proxima-terca-feira\/#primaryimage"},"image":{"@id":"https:\/\/www.blogsoestado.com\/danielmatos\/zito-rolim-assume-mandato-de-deputado-na-proxima-terca-feira\/#primaryimage"},"thumbnailUrl":"https:\/\/www.blogsoestado.com\/danielmatos\/files\/2019\/02\/zito-posse-1024x856.jpg","datePublished":"2019-02-22T20:34:21+00:00","author":{"@id":""},"breadcrumb":{"@id":"https:\/\/www.blogsoestado.com\/danielmatos\/zito-rolim-assume-mandato-de-deputado-na-proxima-terca-feira\/#breadcrumb"},"inLanguage":"pt-BR","potentialAction":[{"@type":"ReadAction","target":["https:\/\/www.blogsoestado.com\/danielmatos\/zito-rolim-assume-mandato-de-deputado-na-proxima-terca-feira\/"]}]},{"@type":"ImageObject","inLanguage":"pt-BR","@id":"https:\/\/www.blogsoestado.com\/danielmatos\/zito-rolim-assume-mandato-de-deputado-na-proxima-terca-feira\/#primaryimage","url":"https:\/\/www.blogsoestado.com\/danielmatos\/files\/2019\/02\/zito-posse-1024x856.jpg","contentUrl":"https:\/\/www.blogsoestado.com\/danielmatos\/files\/2019\/02\/zito-posse-1024x856.jpg"},{"@type":"BreadcrumbList","@id":"https:\/\/www.blogsoestado.com\/danielmatos\/zito-rolim-assume-mandato-de-deputado-na-proxima-terca-feira\/#breadcrumb","itemListElement":[{"@type":"ListItem","position":1,"name":"In\u00edcio","item":"https:\/\/www.blogsoestado.com\/danielmatos\/"},{"@type":"ListItem","position":2,"name":"Zito Rolim assume mandato de deputado na pr\u00f3xima ter\u00e7a-feira"}]},{"@type":"WebSite","@id":"https:\/\/www.blogsoestado.com\/danielmatos\/#website","url":"https:\/\/www.blogsoestado.com\/danielmatos\/","name":"Daniel Matos","description":"","potentialAction":[{"@type":"SearchAction","target":{"@type":"EntryPoint","urlTemplate":"https:\/\/www.blogsoestado.com\/danielmatos\/?s={search_term_string}"},"query-input":{"@type":"PropertyValueSpecification","valueRequired":true,"valueName":"search_term_string"}}],"inLanguage":"pt-BR"}]}},"jetpack_featured_media_url":"","_links":{"self":[{"href":"https:\/\/www.blogsoestado.com\/danielmatos\/wp-json\/wp\/v2\/posts\/60650","targetHints":{"allow":["GET"]}}],"collection":[{"href":"https:\/\/www.blogsoestado.com\/danielmatos\/wp-json\/wp\/v2\/posts"}],"about":[{"href":"https:\/\/www.blogsoestado.com\/danielmatos\/wp-json\/wp\/v2\/types\/post"}],"replies":[{"embeddable":true,"href":"https:\/\/www.blogsoestado.com\/danielmatos\/wp-json\/wp\/v2\/comments?post=60650"}],"version-history":[{"count":0,"href":"https:\/\/www.blogsoestado.com\/danielmatos\/wp-json\/wp\/v2\/posts\/60650\/revisions"}],"wp:attachment":[{"href":"https:\/\/www.blogsoestado.com\/danielmatos\/wp-json\/wp\/v2\/media?parent=60650"}],"wp:term":[{"taxonomy":"category","embeddable":true,"href":"https:\/\/www.blogsoestado.com\/danielmatos\/wp-json\/wp\/v2\/categories?post=60650"},{"taxonomy":"post_tag","embeddable":true,"href":"https:\/\/www.blogsoestado.com\/danielmatos\/wp-json\/wp\/v2\/tags?post=60650"}],"curies":[{"name":"wp","href":"https:\/\/api.w.org\/{rel}","templated":true}]}}