{"id":60654,"date":"2019-02-22T18:10:37","date_gmt":"2019-02-22T21:10:37","guid":{"rendered":"https:\/\/www.blogsoestado.com\/danielmatos\/?p=60654"},"modified":"2019-02-22T18:10:37","modified_gmt":"2019-02-22T21:10:37","slug":"adriano-denuncia-caos-na-educacao-em-acailandia","status":"publish","type":"post","link":"https:\/\/www.blogsoestado.com\/danielmatos\/adriano-denuncia-caos-na-educacao-em-acailandia\/","title":{"rendered":"Adriano denuncia caos na Educa\u00e7\u00e3o em A\u00e7ail\u00e2ndia"},"content":{"rendered":"\n<figure class=\"wp-block-image\"><img decoding=\"async\" src=\"https:\/\/www.blogsoestado.com\/danielmatos\/files\/2019\/02\/adriano-pronuncia-1024x678.jpg\" alt=\"\" class=\"wp-image-60655\"\/><figcaption> <br>Adriano relatou ainda que h\u00e1 uma s\u00e9rie de den\u00fancias dos servidores que precisam ser apuradas, como pagamento de f\u00e9rias com atrasos de at\u00e9 seis meses <\/figcaption><\/figure>\n\n\n\n<p>O deputado estadual Adriano Sarney (PV) denunciou, na tribuna da Assembleia, nesta quinta-feira (21), uma s\u00e9rie de irregularidades que estariam acontecendo na \u00e1rea da Educa\u00e7\u00e3o no munic\u00edpio de A\u00e7ail\u00e2ndia, na Regi\u00e3o Tocantina do Maranh\u00e3o. Adriano informou que pretende realizar uma audi\u00eancia p\u00fablica no munic\u00edpio para apurar os fatos relatados por professores e lideran\u00e7as tocantinas. O parlamentar disse ainda que vai ingressar com requerimento de informa\u00e7\u00f5es \u00e0 Assembleia para que a Prefeitura de A\u00e7ail\u00e2ndia possa explicar as den\u00fancias.<\/p>\n\n\n\n<p>\u201cA\u00e7ail\u00e2ndia virou um caos sob a administra\u00e7\u00e3o do prefeito comunista Juscelino Oliveira e Silva, aliado do governador Fl\u00e1vio Dino. Os professores est\u00e3o reclamando, sobretudo, do aumento de carga de trabalho, da retirada da gratifica\u00e7\u00e3o sobre a jornada extra de um ter\u00e7o, garantia confirmada por lei federal para cada um desses professores que est\u00e1 sendo desrespeitada, al\u00e9m da n\u00e3o reformula\u00e7\u00e3o do plano de cargos, carreiras e sal\u00e1rios da educa\u00e7\u00e3o, a readequa\u00e7\u00e3o da legisla\u00e7\u00e3o municipal vigente \u00e0 nova realidade f\u00e1tica e jur\u00eddica do munic\u00edpio nacional, um ter\u00e7o de f\u00e9rias\u201d, informou Adriano.<\/p>\n\n\n\n<p>O deputado relatou ainda que h\u00e1 uma s\u00e9rie de den\u00fancias dos servidores que precisam ser apuradas, como pagamento de f\u00e9rias com atrasos de at\u00e9 seis meses; irregularidades na elei\u00e7\u00e3o para escolha dos diretores das escolas, descumprindo uma das metas do plano municipal de educa\u00e7\u00e3o; e o n\u00e3o repasse do aux\u00edlio-transporte e o reajuste salarial defasado, entre outras den\u00fancias.<\/p>\n\n\n\n<p>\u201cComo se n\u00e3o bastasse o caos na Educa\u00e7\u00e3o em A\u00e7ail\u00e2ndia, o prefeito ainda est\u00e1 sendo acusado de desvio de recursos do Instituto de Previd\u00eancia, um rombo que pode chegar a R$ 20 milh\u00f5es. Postos de sa\u00fade abandonados e o caos no \u00fanico hospital da cidade. Irregularidades nas licita\u00e7\u00f5es p\u00fablicas, enfim, muitas irregularidades. Curiosamente, o munic\u00edpio com tantos problemas recebeu em 2017\/2018 mais de R$ 300 milh\u00f5es de transfer\u00eancias federais\u201d, ressaltou Adriano.<\/p>\n\n\n\n<p>Assista ao pronunciamento:<\/p>\n\n\n\n<figure class=\"wp-block-embed-youtube wp-block-embed is-type-video is-provider-youtube wp-embed-aspect-16-9 wp-has-aspect-ratio\"><div class=\"wp-block-embed__wrapper\">\n<iframe title=\"Adriano denuncia caos na Educa\u00e7\u00e3o em A\u00e7ail\u00e2ndia\" width=\"500\" height=\"281\" src=\"https:\/\/www.youtube.com\/embed\/mFs8bv9PedE?feature=oembed\" frameborder=\"0\" allow=\"accelerometer; autoplay; clipboard-write; encrypted-media; gyroscope; picture-in-picture; web-share\" referrerpolicy=\"strict-origin-when-cross-origin\" allowfullscreen><\/iframe>\n<\/div><\/figure>\n","protected":false},"excerpt":{"rendered":"<p>O deputado estadual Adriano Sarney (PV) denunciou, na tribuna da Assembleia, nesta quinta-feira (21), uma s\u00e9rie de irregularidades que estariam [&hellip;]<\/p>\n","protected":false},"author":0,"featured_media":0,"comment_status":"open","ping_status":"open","sticky":false,"template":"","format":"standard","meta":{"site-sidebar-layout":"default","site-content-layout":"","ast-site-content-layout":"default","site-content-style":"default","site-sidebar-style":"default","ast-global-header-display":"","ast-banner-title-visibility":"","ast-main-header-display":"","ast-hfb-above-header-display":"","ast-hfb-below-header-display":"","ast-hfb-mobile-header-display":"","site-post-title":"","ast-breadcrumbs-content":"","ast-featured-img":"","footer-sml-layout":"","ast-disable-related-posts":"","theme-transparent-header-meta":"","adv-header-id-meta":"","stick-header-meta":"","header-above-stick-meta":"","header-main-stick-meta":"","header-below-stick-meta":"","astra-migrate-meta-layouts":"default","ast-page-background-enabled":"default","ast-page-background-meta":{"desktop":{"background-color":"var(--ast-global-color-5)","background-image":"","background-repeat":"repeat","background-position":"center center","background-size":"auto","background-attachment":"scroll","background-type":"","background-media":"","overlay-type":"","overlay-color":"","overlay-opacity":"","overlay-gradient":""},"tablet":{"background-color":"","background-image":"","background-repeat":"repeat","background-position":"center center","background-size":"auto","background-attachment":"scroll","background-type":"","background-media":"","overlay-type":"","overlay-color":"","overlay-opacity":"","overlay-gradient":""},"mobile":{"background-color":"","background-image":"","background-repeat":"repeat","background-position":"center center","background-size":"auto","background-attachment":"scroll","background-type":"","background-media":"","overlay-type":"","overlay-color":"","overlay-opacity":"","overlay-gradient":""}},"ast-content-background-meta":{"desktop":{"background-color":"var(--ast-global-color-4)","background-image":"","background-repeat":"repeat","background-position":"center center","background-size":"auto","background-attachment":"scroll","background-type":"","background-media":"","overlay-type":"","overlay-color":"","overlay-opacity":"","overlay-gradient":""},"tablet":{"background-color":"var(--ast-global-color-4)","background-image":"","background-repeat":"repeat","background-position":"center center","background-size":"auto","background-attachment":"scroll","background-type":"","background-media":"","overlay-type":"","overlay-color":"","overlay-opacity":"","overlay-gradient":""},"mobile":{"background-color":"var(--ast-global-color-4)","background-image":"","background-repeat":"repeat","background-position":"center center","background-size":"auto","background-attachment":"scroll","background-type":"","background-media":"","overlay-type":"","overlay-color":"","overlay-opacity":"","overlay-gradient":""}},"footnotes":""},"categories":[1],"tags":[],"class_list":["post-60654","post","type-post","status-publish","format-standard","hentry","category-sem-categoria"],"yoast_head":"<!-- This site is optimized with the Yoast SEO plugin v26.6 - https:\/\/yoast.com\/wordpress\/plugins\/seo\/ -->\n<title>Adriano denuncia caos na Educa\u00e7\u00e3o em A\u00e7ail\u00e2ndia - Daniel Matos<\/title>\n<meta name=\"robots\" content=\"index, follow, max-snippet:-1, max-image-preview:large, max-video-preview:-1\" \/>\n<link rel=\"canonical\" href=\"https:\/\/www.blogsoestado.com\/danielmatos\/adriano-denuncia-caos-na-educacao-em-acailandia\/\" \/>\n<meta property=\"og:locale\" content=\"pt_BR\" \/>\n<meta property=\"og:type\" content=\"article\" \/>\n<meta property=\"og:title\" content=\"Adriano denuncia caos na Educa\u00e7\u00e3o em A\u00e7ail\u00e2ndia - Daniel Matos\" \/>\n<meta property=\"og:description\" content=\"O deputado estadual Adriano Sarney (PV) denunciou, na tribuna da Assembleia, nesta quinta-feira (21), uma s\u00e9rie de irregularidades que estariam [&hellip;]\" \/>\n<meta property=\"og:url\" content=\"https:\/\/www.blogsoestado.com\/danielmatos\/adriano-denuncia-caos-na-educacao-em-acailandia\/\" \/>\n<meta property=\"og:site_name\" content=\"Daniel Matos\" \/>\n<meta property=\"article:published_time\" content=\"2019-02-22T21:10:37+00:00\" \/>\n<meta property=\"og:image\" content=\"https:\/\/www.blogsoestado.com\/danielmatos\/files\/2019\/02\/adriano-pronuncia-1024x678.jpg\" \/>\n<meta name=\"twitter:card\" content=\"summary_large_image\" \/>\n<meta name=\"twitter:label1\" content=\"Est. tempo de leitura\" \/>\n\t<meta name=\"twitter:data1\" content=\"2 minutos\" \/>\n<script type=\"application\/ld+json\" class=\"yoast-schema-graph\">{\"@context\":\"https:\/\/schema.org\",\"@graph\":[{\"@type\":\"WebPage\",\"@id\":\"https:\/\/www.blogsoestado.com\/danielmatos\/adriano-denuncia-caos-na-educacao-em-acailandia\/\",\"url\":\"https:\/\/www.blogsoestado.com\/danielmatos\/adriano-denuncia-caos-na-educacao-em-acailandia\/\",\"name\":\"Adriano denuncia caos na Educa\u00e7\u00e3o em A\u00e7ail\u00e2ndia - Daniel Matos\",\"isPartOf\":{\"@id\":\"https:\/\/www.blogsoestado.com\/danielmatos\/#website\"},\"primaryImageOfPage\":{\"@id\":\"https:\/\/www.blogsoestado.com\/danielmatos\/adriano-denuncia-caos-na-educacao-em-acailandia\/#primaryimage\"},\"image\":{\"@id\":\"https:\/\/www.blogsoestado.com\/danielmatos\/adriano-denuncia-caos-na-educacao-em-acailandia\/#primaryimage\"},\"thumbnailUrl\":\"https:\/\/www.blogsoestado.com\/danielmatos\/files\/2019\/02\/adriano-pronuncia-1024x678.jpg\",\"datePublished\":\"2019-02-22T21:10:37+00:00\",\"author\":{\"@id\":\"\"},\"breadcrumb\":{\"@id\":\"https:\/\/www.blogsoestado.com\/danielmatos\/adriano-denuncia-caos-na-educacao-em-acailandia\/#breadcrumb\"},\"inLanguage\":\"pt-BR\",\"potentialAction\":[{\"@type\":\"ReadAction\",\"target\":[\"https:\/\/www.blogsoestado.com\/danielmatos\/adriano-denuncia-caos-na-educacao-em-acailandia\/\"]}]},{\"@type\":\"ImageObject\",\"inLanguage\":\"pt-BR\",\"@id\":\"https:\/\/www.blogsoestado.com\/danielmatos\/adriano-denuncia-caos-na-educacao-em-acailandia\/#primaryimage\",\"url\":\"https:\/\/www.blogsoestado.com\/danielmatos\/files\/2019\/02\/adriano-pronuncia-1024x678.jpg\",\"contentUrl\":\"https:\/\/www.blogsoestado.com\/danielmatos\/files\/2019\/02\/adriano-pronuncia-1024x678.jpg\"},{\"@type\":\"BreadcrumbList\",\"@id\":\"https:\/\/www.blogsoestado.com\/danielmatos\/adriano-denuncia-caos-na-educacao-em-acailandia\/#breadcrumb\",\"itemListElement\":[{\"@type\":\"ListItem\",\"position\":1,\"name\":\"In\u00edcio\",\"item\":\"https:\/\/www.blogsoestado.com\/danielmatos\/\"},{\"@type\":\"ListItem\",\"position\":2,\"name\":\"Adriano denuncia caos na Educa\u00e7\u00e3o em A\u00e7ail\u00e2ndia\"}]},{\"@type\":\"WebSite\",\"@id\":\"https:\/\/www.blogsoestado.com\/danielmatos\/#website\",\"url\":\"https:\/\/www.blogsoestado.com\/danielmatos\/\",\"name\":\"Daniel Matos\",\"description\":\"\",\"potentialAction\":[{\"@type\":\"SearchAction\",\"target\":{\"@type\":\"EntryPoint\",\"urlTemplate\":\"https:\/\/www.blogsoestado.com\/danielmatos\/?s={search_term_string}\"},\"query-input\":{\"@type\":\"PropertyValueSpecification\",\"valueRequired\":true,\"valueName\":\"search_term_string\"}}],\"inLanguage\":\"pt-BR\"}]}<\/script>\n<!-- \/ Yoast SEO plugin. -->","yoast_head_json":{"title":"Adriano denuncia caos na Educa\u00e7\u00e3o em A\u00e7ail\u00e2ndia - Daniel Matos","robots":{"index":"index","follow":"follow","max-snippet":"max-snippet:-1","max-image-preview":"max-image-preview:large","max-video-preview":"max-video-preview:-1"},"canonical":"https:\/\/www.blogsoestado.com\/danielmatos\/adriano-denuncia-caos-na-educacao-em-acailandia\/","og_locale":"pt_BR","og_type":"article","og_title":"Adriano denuncia caos na Educa\u00e7\u00e3o em A\u00e7ail\u00e2ndia - Daniel Matos","og_description":"O deputado estadual Adriano Sarney (PV) denunciou, na tribuna da Assembleia, nesta quinta-feira (21), uma s\u00e9rie de irregularidades que estariam [&hellip;]","og_url":"https:\/\/www.blogsoestado.com\/danielmatos\/adriano-denuncia-caos-na-educacao-em-acailandia\/","og_site_name":"Daniel Matos","article_published_time":"2019-02-22T21:10:37+00:00","og_image":[{"url":"https:\/\/www.blogsoestado.com\/danielmatos\/files\/2019\/02\/adriano-pronuncia-1024x678.jpg","type":"","width":"","height":""}],"twitter_card":"summary_large_image","twitter_misc":{"Est. tempo de leitura":"2 minutos"},"schema":{"@context":"https:\/\/schema.org","@graph":[{"@type":"WebPage","@id":"https:\/\/www.blogsoestado.com\/danielmatos\/adriano-denuncia-caos-na-educacao-em-acailandia\/","url":"https:\/\/www.blogsoestado.com\/danielmatos\/adriano-denuncia-caos-na-educacao-em-acailandia\/","name":"Adriano denuncia caos na Educa\u00e7\u00e3o em A\u00e7ail\u00e2ndia - Daniel Matos","isPartOf":{"@id":"https:\/\/www.blogsoestado.com\/danielmatos\/#website"},"primaryImageOfPage":{"@id":"https:\/\/www.blogsoestado.com\/danielmatos\/adriano-denuncia-caos-na-educacao-em-acailandia\/#primaryimage"},"image":{"@id":"https:\/\/www.blogsoestado.com\/danielmatos\/adriano-denuncia-caos-na-educacao-em-acailandia\/#primaryimage"},"thumbnailUrl":"https:\/\/www.blogsoestado.com\/danielmatos\/files\/2019\/02\/adriano-pronuncia-1024x678.jpg","datePublished":"2019-02-22T21:10:37+00:00","author":{"@id":""},"breadcrumb":{"@id":"https:\/\/www.blogsoestado.com\/danielmatos\/adriano-denuncia-caos-na-educacao-em-acailandia\/#breadcrumb"},"inLanguage":"pt-BR","potentialAction":[{"@type":"ReadAction","target":["https:\/\/www.blogsoestado.com\/danielmatos\/adriano-denuncia-caos-na-educacao-em-acailandia\/"]}]},{"@type":"ImageObject","inLanguage":"pt-BR","@id":"https:\/\/www.blogsoestado.com\/danielmatos\/adriano-denuncia-caos-na-educacao-em-acailandia\/#primaryimage","url":"https:\/\/www.blogsoestado.com\/danielmatos\/files\/2019\/02\/adriano-pronuncia-1024x678.jpg","contentUrl":"https:\/\/www.blogsoestado.com\/danielmatos\/files\/2019\/02\/adriano-pronuncia-1024x678.jpg"},{"@type":"BreadcrumbList","@id":"https:\/\/www.blogsoestado.com\/danielmatos\/adriano-denuncia-caos-na-educacao-em-acailandia\/#breadcrumb","itemListElement":[{"@type":"ListItem","position":1,"name":"In\u00edcio","item":"https:\/\/www.blogsoestado.com\/danielmatos\/"},{"@type":"ListItem","position":2,"name":"Adriano denuncia caos na Educa\u00e7\u00e3o em A\u00e7ail\u00e2ndia"}]},{"@type":"WebSite","@id":"https:\/\/www.blogsoestado.com\/danielmatos\/#website","url":"https:\/\/www.blogsoestado.com\/danielmatos\/","name":"Daniel Matos","description":"","potentialAction":[{"@type":"SearchAction","target":{"@type":"EntryPoint","urlTemplate":"https:\/\/www.blogsoestado.com\/danielmatos\/?s={search_term_string}"},"query-input":{"@type":"PropertyValueSpecification","valueRequired":true,"valueName":"search_term_string"}}],"inLanguage":"pt-BR"}]}},"jetpack_featured_media_url":"","_links":{"self":[{"href":"https:\/\/www.blogsoestado.com\/danielmatos\/wp-json\/wp\/v2\/posts\/60654","targetHints":{"allow":["GET"]}}],"collection":[{"href":"https:\/\/www.blogsoestado.com\/danielmatos\/wp-json\/wp\/v2\/posts"}],"about":[{"href":"https:\/\/www.blogsoestado.com\/danielmatos\/wp-json\/wp\/v2\/types\/post"}],"replies":[{"embeddable":true,"href":"https:\/\/www.blogsoestado.com\/danielmatos\/wp-json\/wp\/v2\/comments?post=60654"}],"version-history":[{"count":0,"href":"https:\/\/www.blogsoestado.com\/danielmatos\/wp-json\/wp\/v2\/posts\/60654\/revisions"}],"wp:attachment":[{"href":"https:\/\/www.blogsoestado.com\/danielmatos\/wp-json\/wp\/v2\/media?parent=60654"}],"wp:term":[{"taxonomy":"category","embeddable":true,"href":"https:\/\/www.blogsoestado.com\/danielmatos\/wp-json\/wp\/v2\/categories?post=60654"},{"taxonomy":"post_tag","embeddable":true,"href":"https:\/\/www.blogsoestado.com\/danielmatos\/wp-json\/wp\/v2\/tags?post=60654"}],"curies":[{"name":"wp","href":"https:\/\/api.w.org\/{rel}","templated":true}]}}