{"id":60658,"date":"2019-02-22T18:30:38","date_gmt":"2019-02-22T21:30:38","guid":{"rendered":"https:\/\/www.blogsoestado.com\/danielmatos\/?p=60658"},"modified":"2019-02-22T18:30:38","modified_gmt":"2019-02-22T21:30:38","slug":"osmar-filho-promulga-lei-que-altera-regime-trabalhista-de-acs-e-ace","status":"publish","type":"post","link":"https:\/\/www.blogsoestado.com\/danielmatos\/osmar-filho-promulga-lei-que-altera-regime-trabalhista-de-acs-e-ace\/","title":{"rendered":"Osmar Filho promulga lei que altera regime trabalhista de ACS e ACE"},"content":{"rendered":"\n<figure class=\"wp-block-image\"><img decoding=\"async\" src=\"https:\/\/www.blogsoestado.com\/danielmatos\/files\/2019\/02\/osmar-lei-1024x680.jpg\" alt=\"\" class=\"wp-image-60659\"\/><figcaption> <br>Pav\u00e3o Filho comemorou a promulga\u00e7\u00e3o da mat\u00e9ria e elogiou a iniciativa do presidente da C\u00e2mara <\/figcaption><\/figure>\n\n\n\n<p>O presidente da C\u00e2mara Municipal de S\u00e3o Lu\u00eds, vereador Osmar Filho (PDT) promulgou, durante solenidade realizada nesta sexta-feira (22), a lei municipal n\u00ba 6.543\/19, que altera o regime trabalhista dos Agentes Comunit\u00e1rios de Sa\u00fade e Agentes de Combate a Endemias da capital.<\/p>\n\n\n\n<p>O dispositivo \u00e9 fruto de projeto de lei apresentado pelo vereador Pav\u00e3o Filho, tamb\u00e9m do PDT, que vinha, desde 2013, empreendendo esfor\u00e7os ao lado das entidades representativas de classe para obter o benef\u00edcio para os profissionais.<\/p>\n\n\n\n<p>A nova lei modifica de celetista para estatut\u00e1rio o regime trabalhista dos ACS e ACE.<\/p>\n\n\n\n<p>Corrige, \u00e9 importante destacar, um equivoco que ocorreu em 2001, no edital do seletivo para a contrata\u00e7\u00e3o dos profissionais, que classificou o certame de Seletivo Simplificado ao inv\u00e9s de Seletivo P\u00fablico, como seria o apropriado para que a categoria possa migrar para cargo p\u00fablico.<\/p>\n\n\n\n<p>\u201cTrata-se de uma reivindica\u00e7\u00e3o antiga da categoria, respons\u00e1vel pela sa\u00fade preventiva dos moradores de S\u00e3o Lu\u00eds. Hoje, o que era sonho, tornou-se realidade\u201d, afirmou Osmar Filho.<\/p>\n\n\n\n<p>Pav\u00e3o Filho comemorou a promulga\u00e7\u00e3o da mat\u00e9ria. Ele elogiou a iniciativa do presidente da C\u00e2mara. O parlamentar disse n\u00e3o ter d\u00favidas de que, a partir de agora, o governo municipal providenciar\u00e1 a altera\u00e7\u00e3o prevista na lei.<\/p>\n\n\n\n<p>\u201cN\u00e3o tenho d\u00favida de que o prefeito Edivaldo Holanda J\u00fanior, comprometido que \u00e9 com os interesses da popula\u00e7\u00e3o, far\u00e1 esta altera\u00e7\u00e3o\u201d.<\/p>\n\n\n\n<figure class=\"wp-block-image\"><img decoding=\"async\" src=\"https:\/\/www.blogsoestado.com\/danielmatos\/files\/2019\/02\/osmar-lei2-1024x680.jpg\" alt=\"\" class=\"wp-image-60660\"\/><figcaption>Osmar Filho assina lei que  altera o regime trabalhista dos Agentes Comunit\u00e1rios de Sa\u00fade e Agentes de Combate a Endemias da capital <\/figcaption><\/figure>\n\n\n\n<p>A presidente do Sindicato dos Agentes Comunit\u00e1rios de Sa\u00fade, Flor de Lis Penha, comemorou a promulga\u00e7\u00e3o da lei. \u201c\u00c9 o nosso desejo desde quando fizemos o seletivo, em 2001, e esta \u00e9 uma grande conquista para alcan\u00e7armos o nosso objetivo\u201d, comentou ressaltando que a modifica\u00e7\u00e3o beneficiar\u00e1 796 Agentes Comunit\u00e1rios de Sa\u00fade e 561 Agentes de Combate a Endemias. .  <\/p>\n\n\n\n<p>O referido projeto de lei foi aprovado pela C\u00e2mara Municipal na \u00faltima pess\u00e3o ordin\u00e1ria de 2018, autorizando a Prefeitura de S\u00e3o Lu\u00eds a proceder a altera\u00e7\u00e3o do regime, desde que preencham os requisitos da legisla\u00e7\u00e3o vigente e de acordo com parecer do Tribunal de Contas do Estado (TCE). <\/p>\n\n\n\n<p>O texto reconhece o edital n\u00ba 001\/ 2001, publicado no Di\u00e1rio Oficial do Munic\u00edpio n\u00ba 193, de 8 de outubro de 2001, como seletivo p\u00fablico, considerando o estabelecido pela Lei Federal n\u00ba 11.350\/06, que define as atribui\u00e7\u00f5es dos agentes comunit\u00e1rios de sa\u00fade e de combate \u00e0s endemias, bem como pela Emenda Constitucional n\u00ba 51\/06, que trata sobre forma de contrata\u00e7\u00e3o destes profissionais pelos Estados, pelo Distrito Federal ou pelos Munic\u00edpios.<\/p>\n\n\n\n<p>Tamb\u00e9m participaram da cerim\u00f4nia os vereadores C\u00e9sar Bombeiro (PSD) , Honorato Fernandes (PT), Genival Alves (PRTB).<\/p>\n","protected":false},"excerpt":{"rendered":"<p>O presidente da C\u00e2mara Municipal de S\u00e3o Lu\u00eds, vereador Osmar Filho (PDT) promulgou, durante solenidade realizada nesta sexta-feira (22), a [&hellip;]<\/p>\n","protected":false},"author":0,"featured_media":0,"comment_status":"open","ping_status":"open","sticky":false,"template":"","format":"standard","meta":{"site-sidebar-layout":"default","site-content-layout":"","ast-site-content-layout":"default","site-content-style":"default","site-sidebar-style":"default","ast-global-header-display":"","ast-banner-title-visibility":"","ast-main-header-display":"","ast-hfb-above-header-display":"","ast-hfb-below-header-display":"","ast-hfb-mobile-header-display":"","site-post-title":"","ast-breadcrumbs-content":"","ast-featured-img":"","footer-sml-layout":"","ast-disable-related-posts":"","theme-transparent-header-meta":"","adv-header-id-meta":"","stick-header-meta":"","header-above-stick-meta":"","header-main-stick-meta":"","header-below-stick-meta":"","astra-migrate-meta-layouts":"default","ast-page-background-enabled":"default","ast-page-background-meta":{"desktop":{"background-color":"var(--ast-global-color-5)","background-image":"","background-repeat":"repeat","background-position":"center center","background-size":"auto","background-attachment":"scroll","background-type":"","background-media":"","overlay-type":"","overlay-color":"","overlay-opacity":"","overlay-gradient":""},"tablet":{"background-color":"","background-image":"","background-repeat":"repeat","background-position":"center center","background-size":"auto","background-attachment":"scroll","background-type":"","background-media":"","overlay-type":"","overlay-color":"","overlay-opacity":"","overlay-gradient":""},"mobile":{"background-color":"","background-image":"","background-repeat":"repeat","background-position":"center center","background-size":"auto","background-attachment":"scroll","background-type":"","background-media":"","overlay-type":"","overlay-color":"","overlay-opacity":"","overlay-gradient":""}},"ast-content-background-meta":{"desktop":{"background-color":"var(--ast-global-color-4)","background-image":"","background-repeat":"repeat","background-position":"center center","background-size":"auto","background-attachment":"scroll","background-type":"","background-media":"","overlay-type":"","overlay-color":"","overlay-opacity":"","overlay-gradient":""},"tablet":{"background-color":"var(--ast-global-color-4)","background-image":"","background-repeat":"repeat","background-position":"center center","background-size":"auto","background-attachment":"scroll","background-type":"","background-media":"","overlay-type":"","overlay-color":"","overlay-opacity":"","overlay-gradient":""},"mobile":{"background-color":"var(--ast-global-color-4)","background-image":"","background-repeat":"repeat","background-position":"center center","background-size":"auto","background-attachment":"scroll","background-type":"","background-media":"","overlay-type":"","overlay-color":"","overlay-opacity":"","overlay-gradient":""}},"footnotes":""},"categories":[1],"tags":[],"class_list":["post-60658","post","type-post","status-publish","format-standard","hentry","category-sem-categoria"],"yoast_head":"<!-- This site is optimized with the Yoast SEO plugin v26.6 - https:\/\/yoast.com\/wordpress\/plugins\/seo\/ -->\n<title>Osmar Filho promulga lei que altera regime trabalhista de ACS e ACE - Daniel Matos<\/title>\n<meta name=\"robots\" content=\"index, follow, max-snippet:-1, max-image-preview:large, max-video-preview:-1\" \/>\n<link rel=\"canonical\" href=\"https:\/\/www.blogsoestado.com\/danielmatos\/osmar-filho-promulga-lei-que-altera-regime-trabalhista-de-acs-e-ace\/\" \/>\n<meta property=\"og:locale\" content=\"pt_BR\" \/>\n<meta property=\"og:type\" content=\"article\" \/>\n<meta property=\"og:title\" content=\"Osmar Filho promulga lei que altera regime trabalhista de ACS e ACE - Daniel Matos\" \/>\n<meta property=\"og:description\" content=\"O presidente da C\u00e2mara Municipal de S\u00e3o Lu\u00eds, vereador Osmar Filho (PDT) promulgou, durante solenidade realizada nesta sexta-feira (22), a [&hellip;]\" \/>\n<meta property=\"og:url\" content=\"https:\/\/www.blogsoestado.com\/danielmatos\/osmar-filho-promulga-lei-que-altera-regime-trabalhista-de-acs-e-ace\/\" \/>\n<meta property=\"og:site_name\" content=\"Daniel Matos\" \/>\n<meta property=\"article:published_time\" content=\"2019-02-22T21:30:38+00:00\" \/>\n<meta property=\"og:image\" content=\"https:\/\/www.blogsoestado.com\/danielmatos\/files\/2019\/02\/osmar-lei-1024x680.jpg\" \/>\n<meta name=\"twitter:card\" content=\"summary_large_image\" \/>\n<meta name=\"twitter:label1\" content=\"Est. tempo de leitura\" \/>\n\t<meta name=\"twitter:data1\" content=\"2 minutos\" \/>\n<script type=\"application\/ld+json\" class=\"yoast-schema-graph\">{\"@context\":\"https:\/\/schema.org\",\"@graph\":[{\"@type\":\"WebPage\",\"@id\":\"https:\/\/www.blogsoestado.com\/danielmatos\/osmar-filho-promulga-lei-que-altera-regime-trabalhista-de-acs-e-ace\/\",\"url\":\"https:\/\/www.blogsoestado.com\/danielmatos\/osmar-filho-promulga-lei-que-altera-regime-trabalhista-de-acs-e-ace\/\",\"name\":\"Osmar Filho promulga lei que altera regime trabalhista de ACS e ACE - Daniel Matos\",\"isPartOf\":{\"@id\":\"https:\/\/www.blogsoestado.com\/danielmatos\/#website\"},\"primaryImageOfPage\":{\"@id\":\"https:\/\/www.blogsoestado.com\/danielmatos\/osmar-filho-promulga-lei-que-altera-regime-trabalhista-de-acs-e-ace\/#primaryimage\"},\"image\":{\"@id\":\"https:\/\/www.blogsoestado.com\/danielmatos\/osmar-filho-promulga-lei-que-altera-regime-trabalhista-de-acs-e-ace\/#primaryimage\"},\"thumbnailUrl\":\"https:\/\/www.blogsoestado.com\/danielmatos\/files\/2019\/02\/osmar-lei-1024x680.jpg\",\"datePublished\":\"2019-02-22T21:30:38+00:00\",\"author\":{\"@id\":\"\"},\"breadcrumb\":{\"@id\":\"https:\/\/www.blogsoestado.com\/danielmatos\/osmar-filho-promulga-lei-que-altera-regime-trabalhista-de-acs-e-ace\/#breadcrumb\"},\"inLanguage\":\"pt-BR\",\"potentialAction\":[{\"@type\":\"ReadAction\",\"target\":[\"https:\/\/www.blogsoestado.com\/danielmatos\/osmar-filho-promulga-lei-que-altera-regime-trabalhista-de-acs-e-ace\/\"]}]},{\"@type\":\"ImageObject\",\"inLanguage\":\"pt-BR\",\"@id\":\"https:\/\/www.blogsoestado.com\/danielmatos\/osmar-filho-promulga-lei-que-altera-regime-trabalhista-de-acs-e-ace\/#primaryimage\",\"url\":\"https:\/\/www.blogsoestado.com\/danielmatos\/files\/2019\/02\/osmar-lei-1024x680.jpg\",\"contentUrl\":\"https:\/\/www.blogsoestado.com\/danielmatos\/files\/2019\/02\/osmar-lei-1024x680.jpg\"},{\"@type\":\"BreadcrumbList\",\"@id\":\"https:\/\/www.blogsoestado.com\/danielmatos\/osmar-filho-promulga-lei-que-altera-regime-trabalhista-de-acs-e-ace\/#breadcrumb\",\"itemListElement\":[{\"@type\":\"ListItem\",\"position\":1,\"name\":\"In\u00edcio\",\"item\":\"https:\/\/www.blogsoestado.com\/danielmatos\/\"},{\"@type\":\"ListItem\",\"position\":2,\"name\":\"Osmar Filho promulga lei que altera regime trabalhista de ACS e ACE\"}]},{\"@type\":\"WebSite\",\"@id\":\"https:\/\/www.blogsoestado.com\/danielmatos\/#website\",\"url\":\"https:\/\/www.blogsoestado.com\/danielmatos\/\",\"name\":\"Daniel Matos\",\"description\":\"\",\"potentialAction\":[{\"@type\":\"SearchAction\",\"target\":{\"@type\":\"EntryPoint\",\"urlTemplate\":\"https:\/\/www.blogsoestado.com\/danielmatos\/?s={search_term_string}\"},\"query-input\":{\"@type\":\"PropertyValueSpecification\",\"valueRequired\":true,\"valueName\":\"search_term_string\"}}],\"inLanguage\":\"pt-BR\"}]}<\/script>\n<!-- \/ Yoast SEO plugin. -->","yoast_head_json":{"title":"Osmar Filho promulga lei que altera regime trabalhista de ACS e ACE - Daniel Matos","robots":{"index":"index","follow":"follow","max-snippet":"max-snippet:-1","max-image-preview":"max-image-preview:large","max-video-preview":"max-video-preview:-1"},"canonical":"https:\/\/www.blogsoestado.com\/danielmatos\/osmar-filho-promulga-lei-que-altera-regime-trabalhista-de-acs-e-ace\/","og_locale":"pt_BR","og_type":"article","og_title":"Osmar Filho promulga lei que altera regime trabalhista de ACS e ACE - Daniel Matos","og_description":"O presidente da C\u00e2mara Municipal de S\u00e3o Lu\u00eds, vereador Osmar Filho (PDT) promulgou, durante solenidade realizada nesta sexta-feira (22), a [&hellip;]","og_url":"https:\/\/www.blogsoestado.com\/danielmatos\/osmar-filho-promulga-lei-que-altera-regime-trabalhista-de-acs-e-ace\/","og_site_name":"Daniel Matos","article_published_time":"2019-02-22T21:30:38+00:00","og_image":[{"url":"https:\/\/www.blogsoestado.com\/danielmatos\/files\/2019\/02\/osmar-lei-1024x680.jpg","type":"","width":"","height":""}],"twitter_card":"summary_large_image","twitter_misc":{"Est. tempo de leitura":"2 minutos"},"schema":{"@context":"https:\/\/schema.org","@graph":[{"@type":"WebPage","@id":"https:\/\/www.blogsoestado.com\/danielmatos\/osmar-filho-promulga-lei-que-altera-regime-trabalhista-de-acs-e-ace\/","url":"https:\/\/www.blogsoestado.com\/danielmatos\/osmar-filho-promulga-lei-que-altera-regime-trabalhista-de-acs-e-ace\/","name":"Osmar Filho promulga lei que altera regime trabalhista de ACS e ACE - Daniel Matos","isPartOf":{"@id":"https:\/\/www.blogsoestado.com\/danielmatos\/#website"},"primaryImageOfPage":{"@id":"https:\/\/www.blogsoestado.com\/danielmatos\/osmar-filho-promulga-lei-que-altera-regime-trabalhista-de-acs-e-ace\/#primaryimage"},"image":{"@id":"https:\/\/www.blogsoestado.com\/danielmatos\/osmar-filho-promulga-lei-que-altera-regime-trabalhista-de-acs-e-ace\/#primaryimage"},"thumbnailUrl":"https:\/\/www.blogsoestado.com\/danielmatos\/files\/2019\/02\/osmar-lei-1024x680.jpg","datePublished":"2019-02-22T21:30:38+00:00","author":{"@id":""},"breadcrumb":{"@id":"https:\/\/www.blogsoestado.com\/danielmatos\/osmar-filho-promulga-lei-que-altera-regime-trabalhista-de-acs-e-ace\/#breadcrumb"},"inLanguage":"pt-BR","potentialAction":[{"@type":"ReadAction","target":["https:\/\/www.blogsoestado.com\/danielmatos\/osmar-filho-promulga-lei-que-altera-regime-trabalhista-de-acs-e-ace\/"]}]},{"@type":"ImageObject","inLanguage":"pt-BR","@id":"https:\/\/www.blogsoestado.com\/danielmatos\/osmar-filho-promulga-lei-que-altera-regime-trabalhista-de-acs-e-ace\/#primaryimage","url":"https:\/\/www.blogsoestado.com\/danielmatos\/files\/2019\/02\/osmar-lei-1024x680.jpg","contentUrl":"https:\/\/www.blogsoestado.com\/danielmatos\/files\/2019\/02\/osmar-lei-1024x680.jpg"},{"@type":"BreadcrumbList","@id":"https:\/\/www.blogsoestado.com\/danielmatos\/osmar-filho-promulga-lei-que-altera-regime-trabalhista-de-acs-e-ace\/#breadcrumb","itemListElement":[{"@type":"ListItem","position":1,"name":"In\u00edcio","item":"https:\/\/www.blogsoestado.com\/danielmatos\/"},{"@type":"ListItem","position":2,"name":"Osmar Filho promulga lei que altera regime trabalhista de ACS e ACE"}]},{"@type":"WebSite","@id":"https:\/\/www.blogsoestado.com\/danielmatos\/#website","url":"https:\/\/www.blogsoestado.com\/danielmatos\/","name":"Daniel Matos","description":"","potentialAction":[{"@type":"SearchAction","target":{"@type":"EntryPoint","urlTemplate":"https:\/\/www.blogsoestado.com\/danielmatos\/?s={search_term_string}"},"query-input":{"@type":"PropertyValueSpecification","valueRequired":true,"valueName":"search_term_string"}}],"inLanguage":"pt-BR"}]}},"jetpack_featured_media_url":"","_links":{"self":[{"href":"https:\/\/www.blogsoestado.com\/danielmatos\/wp-json\/wp\/v2\/posts\/60658","targetHints":{"allow":["GET"]}}],"collection":[{"href":"https:\/\/www.blogsoestado.com\/danielmatos\/wp-json\/wp\/v2\/posts"}],"about":[{"href":"https:\/\/www.blogsoestado.com\/danielmatos\/wp-json\/wp\/v2\/types\/post"}],"replies":[{"embeddable":true,"href":"https:\/\/www.blogsoestado.com\/danielmatos\/wp-json\/wp\/v2\/comments?post=60658"}],"version-history":[{"count":0,"href":"https:\/\/www.blogsoestado.com\/danielmatos\/wp-json\/wp\/v2\/posts\/60658\/revisions"}],"wp:attachment":[{"href":"https:\/\/www.blogsoestado.com\/danielmatos\/wp-json\/wp\/v2\/media?parent=60658"}],"wp:term":[{"taxonomy":"category","embeddable":true,"href":"https:\/\/www.blogsoestado.com\/danielmatos\/wp-json\/wp\/v2\/categories?post=60658"},{"taxonomy":"post_tag","embeddable":true,"href":"https:\/\/www.blogsoestado.com\/danielmatos\/wp-json\/wp\/v2\/tags?post=60658"}],"curies":[{"name":"wp","href":"https:\/\/api.w.org\/{rel}","templated":true}]}}