{"id":60672,"date":"2019-02-23T06:18:02","date_gmt":"2019-02-23T09:18:02","guid":{"rendered":"https:\/\/www.blogsoestado.com\/danielmatos\/?p=60672"},"modified":"2019-02-23T06:18:02","modified_gmt":"2019-02-23T09:18:02","slug":"bailinho-infantil-e-pet-folia-vao-animar-sabado-de-pre-carnaval-no-rio-anil-shopping","status":"publish","type":"post","link":"https:\/\/www.blogsoestado.com\/danielmatos\/bailinho-infantil-e-pet-folia-vao-animar-sabado-de-pre-carnaval-no-rio-anil-shopping\/","title":{"rendered":"Bailinho Infantil e Pet Folia v\u00e3o animar s\u00e1bado de pr\u00e9-carnaval no Rio Anil Shopping"},"content":{"rendered":"\n<div class=\"wp-block-image\"><figure class=\"alignright\"><img decoding=\"async\" src=\"https:\/\/www.blogsoestado.com\/danielmatos\/files\/2019\/02\/bailinho.jpeg\" alt=\"\" class=\"wp-image-60673\"\/><\/figure><\/div>\n\n\n\n<p>A pr\u00e9-temporada carnavalesca est\u00e1 chegando ao fim e abrindo espa\u00e7o para o Carnaval. A folia tamb\u00e9m pede passagem no Rio Anil Shopping, que preparou uma programa\u00e7\u00e3o para a fam\u00edlia inteira se divertir unida &#8211; incluindo os cachorrinhos de estima\u00e7\u00e3o &#8211; no pr\u00f3ximo s\u00e1bado (23).<\/p>\n\n\n\n<p>Para as crian\u00e7as, a festa vai ser a partir das 16h no Bloquinho do Juba, que ser\u00e1 animado pela banda Curumim Peralta at\u00e9 as 20h, no parque fixo Floresta Encantada (Piso 2). Por l\u00e1, vai rolar muita divers\u00e3o com pinturinha facial, brincadeiras e aventuras totalmente gratuitas, al\u00e9m de um encontro especial com o Rei da Floresta, o Le\u00e3o Juba. A dica \u00e9 levar os pequeninos devidamente fantasiados, para que a festa tenha ainda mais brilho e alegria.<\/p>\n\n\n\n<p><strong>Pet Folia<\/strong><\/p>\n\n\n\n<p>J\u00e1 para as fam\u00edlias de &#8220;au au&#8221;, a festa vai ser no Pet Folia, a partir das 15h, exatamente no mall em frente \u00e0 Terra Zoo. A proposta \u00e9 que as fam\u00edlias e os animais de estima\u00e7\u00e3o brinquem juntos e fantasiados. A entrada ser\u00e1 gratuita.<\/p>\n\n\n\n<p>Na programa\u00e7\u00e3o, vai ter: Pet Park, com piscina de bolinhas, escorregadores e muita divers\u00e3o; \u201cC\u00e3ocurso\u201d, para eleger o Rei Momo e a Princesa Carnavalesca de quatro patas, com direito \u00e0 premia\u00e7\u00e3o; bloquinhos caninos; al\u00e9m de oficinas e venda de lanches para arrecada\u00e7\u00e3o de recursos, que ser\u00e3o destinados a ONG\u2019s parceiras.<\/p>\n\n\n\n<p>Al\u00e9m disso, a Terra Zoo tamb\u00e9m vai promover uma feirinha de ado\u00e7\u00e3o de gatinhos. Para quem j\u00e1 \u00e9 \u201cpai\u201d ou \u201cm\u00e3e\u201d de um bichano, a organiza\u00e7\u00e3o do Pet Folia organizou um concurso fotogr\u00e1fico pelas redes sociais para os tutores postarem fotos de seus gatinhos fantasiados; a foto mais legal e criativa vai ser premiada. A organiza\u00e7\u00e3o recomenda que os gatinhos n\u00e3o participem de eventos, dada a natureza felina dos bichanos.<\/p>\n\n\n\n<p><strong>SERVI\u00c7O<\/strong><\/p>\n\n\n\n<p>O QUE: Bailinho infantil e pet folia<\/p>\n\n\n\n<p>QUEM: Rio Anil Shopping e Terra Zoo<\/p>\n\n\n\n<p>QUANDO: S\u00e1bado (23), das 15h \u00e0s 20h<\/p>\n\n\n\n<p>ONDE: Bailinho Infantil (Floresta Encantada, piso 2) e Pet Folia (Subsolo, em frente \u00e0 Terra Zoo)<\/p>\n","protected":false},"excerpt":{"rendered":"<p>A pr\u00e9-temporada carnavalesca est\u00e1 chegando ao fim e abrindo espa\u00e7o para o Carnaval. A folia tamb\u00e9m pede passagem no Rio [&hellip;]<\/p>\n","protected":false},"author":0,"featured_media":0,"comment_status":"open","ping_status":"open","sticky":false,"template":"","format":"standard","meta":{"site-sidebar-layout":"default","site-content-layout":"","ast-site-content-layout":"default","site-content-style":"default","site-sidebar-style":"default","ast-global-header-display":"","ast-banner-title-visibility":"","ast-main-header-display":"","ast-hfb-above-header-display":"","ast-hfb-below-header-display":"","ast-hfb-mobile-header-display":"","site-post-title":"","ast-breadcrumbs-content":"","ast-featured-img":"","footer-sml-layout":"","ast-disable-related-posts":"","theme-transparent-header-meta":"","adv-header-id-meta":"","stick-header-meta":"","header-above-stick-meta":"","header-main-stick-meta":"","header-below-stick-meta":"","astra-migrate-meta-layouts":"default","ast-page-background-enabled":"default","ast-page-background-meta":{"desktop":{"background-color":"var(--ast-global-color-5)","background-image":"","background-repeat":"repeat","background-position":"center center","background-size":"auto","background-attachment":"scroll","background-type":"","background-media":"","overlay-type":"","overlay-color":"","overlay-opacity":"","overlay-gradient":""},"tablet":{"background-color":"","background-image":"","background-repeat":"repeat","background-position":"center center","background-size":"auto","background-attachment":"scroll","background-type":"","background-media":"","overlay-type":"","overlay-color":"","overlay-opacity":"","overlay-gradient":""},"mobile":{"background-color":"","background-image":"","background-repeat":"repeat","background-position":"center center","background-size":"auto","background-attachment":"scroll","background-type":"","background-media":"","overlay-type":"","overlay-color":"","overlay-opacity":"","overlay-gradient":""}},"ast-content-background-meta":{"desktop":{"background-color":"var(--ast-global-color-4)","background-image":"","background-repeat":"repeat","background-position":"center center","background-size":"auto","background-attachment":"scroll","background-type":"","background-media":"","overlay-type":"","overlay-color":"","overlay-opacity":"","overlay-gradient":""},"tablet":{"background-color":"var(--ast-global-color-4)","background-image":"","background-repeat":"repeat","background-position":"center center","background-size":"auto","background-attachment":"scroll","background-type":"","background-media":"","overlay-type":"","overlay-color":"","overlay-opacity":"","overlay-gradient":""},"mobile":{"background-color":"var(--ast-global-color-4)","background-image":"","background-repeat":"repeat","background-position":"center center","background-size":"auto","background-attachment":"scroll","background-type":"","background-media":"","overlay-type":"","overlay-color":"","overlay-opacity":"","overlay-gradient":""}},"footnotes":""},"categories":[1],"tags":[],"class_list":["post-60672","post","type-post","status-publish","format-standard","hentry","category-sem-categoria"],"yoast_head":"<!-- This site is optimized with the Yoast SEO plugin v26.6 - https:\/\/yoast.com\/wordpress\/plugins\/seo\/ -->\n<title>Bailinho Infantil e Pet Folia v\u00e3o animar s\u00e1bado de pr\u00e9-carnaval no Rio Anil Shopping - Daniel Matos<\/title>\n<meta name=\"robots\" content=\"index, follow, max-snippet:-1, max-image-preview:large, max-video-preview:-1\" \/>\n<link rel=\"canonical\" href=\"https:\/\/www.blogsoestado.com\/danielmatos\/bailinho-infantil-e-pet-folia-vao-animar-sabado-de-pre-carnaval-no-rio-anil-shopping\/\" \/>\n<meta property=\"og:locale\" content=\"pt_BR\" \/>\n<meta property=\"og:type\" content=\"article\" \/>\n<meta property=\"og:title\" content=\"Bailinho Infantil e Pet Folia v\u00e3o animar s\u00e1bado de pr\u00e9-carnaval no Rio Anil Shopping - Daniel Matos\" \/>\n<meta property=\"og:description\" content=\"A pr\u00e9-temporada carnavalesca est\u00e1 chegando ao fim e abrindo espa\u00e7o para o Carnaval. A folia tamb\u00e9m pede passagem no Rio [&hellip;]\" \/>\n<meta property=\"og:url\" content=\"https:\/\/www.blogsoestado.com\/danielmatos\/bailinho-infantil-e-pet-folia-vao-animar-sabado-de-pre-carnaval-no-rio-anil-shopping\/\" \/>\n<meta property=\"og:site_name\" content=\"Daniel Matos\" \/>\n<meta property=\"article:published_time\" content=\"2019-02-23T09:18:02+00:00\" \/>\n<meta property=\"og:image\" content=\"https:\/\/www.blogsoestado.com\/danielmatos\/files\/2019\/02\/bailinho.jpeg\" \/>\n<meta name=\"twitter:card\" content=\"summary_large_image\" \/>\n<meta name=\"twitter:label1\" content=\"Est. tempo de leitura\" \/>\n\t<meta name=\"twitter:data1\" content=\"2 minutos\" \/>\n<script type=\"application\/ld+json\" class=\"yoast-schema-graph\">{\"@context\":\"https:\/\/schema.org\",\"@graph\":[{\"@type\":\"WebPage\",\"@id\":\"https:\/\/www.blogsoestado.com\/danielmatos\/bailinho-infantil-e-pet-folia-vao-animar-sabado-de-pre-carnaval-no-rio-anil-shopping\/\",\"url\":\"https:\/\/www.blogsoestado.com\/danielmatos\/bailinho-infantil-e-pet-folia-vao-animar-sabado-de-pre-carnaval-no-rio-anil-shopping\/\",\"name\":\"Bailinho Infantil e Pet Folia v\u00e3o animar s\u00e1bado de pr\u00e9-carnaval no Rio Anil Shopping - Daniel Matos\",\"isPartOf\":{\"@id\":\"https:\/\/www.blogsoestado.com\/danielmatos\/#website\"},\"primaryImageOfPage\":{\"@id\":\"https:\/\/www.blogsoestado.com\/danielmatos\/bailinho-infantil-e-pet-folia-vao-animar-sabado-de-pre-carnaval-no-rio-anil-shopping\/#primaryimage\"},\"image\":{\"@id\":\"https:\/\/www.blogsoestado.com\/danielmatos\/bailinho-infantil-e-pet-folia-vao-animar-sabado-de-pre-carnaval-no-rio-anil-shopping\/#primaryimage\"},\"thumbnailUrl\":\"https:\/\/www.blogsoestado.com\/danielmatos\/files\/2019\/02\/bailinho.jpeg\",\"datePublished\":\"2019-02-23T09:18:02+00:00\",\"author\":{\"@id\":\"\"},\"breadcrumb\":{\"@id\":\"https:\/\/www.blogsoestado.com\/danielmatos\/bailinho-infantil-e-pet-folia-vao-animar-sabado-de-pre-carnaval-no-rio-anil-shopping\/#breadcrumb\"},\"inLanguage\":\"pt-BR\",\"potentialAction\":[{\"@type\":\"ReadAction\",\"target\":[\"https:\/\/www.blogsoestado.com\/danielmatos\/bailinho-infantil-e-pet-folia-vao-animar-sabado-de-pre-carnaval-no-rio-anil-shopping\/\"]}]},{\"@type\":\"ImageObject\",\"inLanguage\":\"pt-BR\",\"@id\":\"https:\/\/www.blogsoestado.com\/danielmatos\/bailinho-infantil-e-pet-folia-vao-animar-sabado-de-pre-carnaval-no-rio-anil-shopping\/#primaryimage\",\"url\":\"https:\/\/www.blogsoestado.com\/danielmatos\/files\/2019\/02\/bailinho.jpeg\",\"contentUrl\":\"https:\/\/www.blogsoestado.com\/danielmatos\/files\/2019\/02\/bailinho.jpeg\"},{\"@type\":\"BreadcrumbList\",\"@id\":\"https:\/\/www.blogsoestado.com\/danielmatos\/bailinho-infantil-e-pet-folia-vao-animar-sabado-de-pre-carnaval-no-rio-anil-shopping\/#breadcrumb\",\"itemListElement\":[{\"@type\":\"ListItem\",\"position\":1,\"name\":\"In\u00edcio\",\"item\":\"https:\/\/www.blogsoestado.com\/danielmatos\/\"},{\"@type\":\"ListItem\",\"position\":2,\"name\":\"Bailinho Infantil e Pet Folia v\u00e3o animar s\u00e1bado de pr\u00e9-carnaval no Rio Anil Shopping\"}]},{\"@type\":\"WebSite\",\"@id\":\"https:\/\/www.blogsoestado.com\/danielmatos\/#website\",\"url\":\"https:\/\/www.blogsoestado.com\/danielmatos\/\",\"name\":\"Daniel Matos\",\"description\":\"\",\"potentialAction\":[{\"@type\":\"SearchAction\",\"target\":{\"@type\":\"EntryPoint\",\"urlTemplate\":\"https:\/\/www.blogsoestado.com\/danielmatos\/?s={search_term_string}\"},\"query-input\":{\"@type\":\"PropertyValueSpecification\",\"valueRequired\":true,\"valueName\":\"search_term_string\"}}],\"inLanguage\":\"pt-BR\"}]}<\/script>\n<!-- \/ Yoast SEO plugin. -->","yoast_head_json":{"title":"Bailinho Infantil e Pet Folia v\u00e3o animar s\u00e1bado de pr\u00e9-carnaval no Rio Anil Shopping - Daniel Matos","robots":{"index":"index","follow":"follow","max-snippet":"max-snippet:-1","max-image-preview":"max-image-preview:large","max-video-preview":"max-video-preview:-1"},"canonical":"https:\/\/www.blogsoestado.com\/danielmatos\/bailinho-infantil-e-pet-folia-vao-animar-sabado-de-pre-carnaval-no-rio-anil-shopping\/","og_locale":"pt_BR","og_type":"article","og_title":"Bailinho Infantil e Pet Folia v\u00e3o animar s\u00e1bado de pr\u00e9-carnaval no Rio Anil Shopping - Daniel Matos","og_description":"A pr\u00e9-temporada carnavalesca est\u00e1 chegando ao fim e abrindo espa\u00e7o para o Carnaval. A folia tamb\u00e9m pede passagem no Rio [&hellip;]","og_url":"https:\/\/www.blogsoestado.com\/danielmatos\/bailinho-infantil-e-pet-folia-vao-animar-sabado-de-pre-carnaval-no-rio-anil-shopping\/","og_site_name":"Daniel Matos","article_published_time":"2019-02-23T09:18:02+00:00","og_image":[{"url":"https:\/\/www.blogsoestado.com\/danielmatos\/files\/2019\/02\/bailinho.jpeg","type":"","width":"","height":""}],"twitter_card":"summary_large_image","twitter_misc":{"Est. tempo de leitura":"2 minutos"},"schema":{"@context":"https:\/\/schema.org","@graph":[{"@type":"WebPage","@id":"https:\/\/www.blogsoestado.com\/danielmatos\/bailinho-infantil-e-pet-folia-vao-animar-sabado-de-pre-carnaval-no-rio-anil-shopping\/","url":"https:\/\/www.blogsoestado.com\/danielmatos\/bailinho-infantil-e-pet-folia-vao-animar-sabado-de-pre-carnaval-no-rio-anil-shopping\/","name":"Bailinho Infantil e Pet Folia v\u00e3o animar s\u00e1bado de pr\u00e9-carnaval no Rio Anil Shopping - Daniel Matos","isPartOf":{"@id":"https:\/\/www.blogsoestado.com\/danielmatos\/#website"},"primaryImageOfPage":{"@id":"https:\/\/www.blogsoestado.com\/danielmatos\/bailinho-infantil-e-pet-folia-vao-animar-sabado-de-pre-carnaval-no-rio-anil-shopping\/#primaryimage"},"image":{"@id":"https:\/\/www.blogsoestado.com\/danielmatos\/bailinho-infantil-e-pet-folia-vao-animar-sabado-de-pre-carnaval-no-rio-anil-shopping\/#primaryimage"},"thumbnailUrl":"https:\/\/www.blogsoestado.com\/danielmatos\/files\/2019\/02\/bailinho.jpeg","datePublished":"2019-02-23T09:18:02+00:00","author":{"@id":""},"breadcrumb":{"@id":"https:\/\/www.blogsoestado.com\/danielmatos\/bailinho-infantil-e-pet-folia-vao-animar-sabado-de-pre-carnaval-no-rio-anil-shopping\/#breadcrumb"},"inLanguage":"pt-BR","potentialAction":[{"@type":"ReadAction","target":["https:\/\/www.blogsoestado.com\/danielmatos\/bailinho-infantil-e-pet-folia-vao-animar-sabado-de-pre-carnaval-no-rio-anil-shopping\/"]}]},{"@type":"ImageObject","inLanguage":"pt-BR","@id":"https:\/\/www.blogsoestado.com\/danielmatos\/bailinho-infantil-e-pet-folia-vao-animar-sabado-de-pre-carnaval-no-rio-anil-shopping\/#primaryimage","url":"https:\/\/www.blogsoestado.com\/danielmatos\/files\/2019\/02\/bailinho.jpeg","contentUrl":"https:\/\/www.blogsoestado.com\/danielmatos\/files\/2019\/02\/bailinho.jpeg"},{"@type":"BreadcrumbList","@id":"https:\/\/www.blogsoestado.com\/danielmatos\/bailinho-infantil-e-pet-folia-vao-animar-sabado-de-pre-carnaval-no-rio-anil-shopping\/#breadcrumb","itemListElement":[{"@type":"ListItem","position":1,"name":"In\u00edcio","item":"https:\/\/www.blogsoestado.com\/danielmatos\/"},{"@type":"ListItem","position":2,"name":"Bailinho Infantil e Pet Folia v\u00e3o animar s\u00e1bado de pr\u00e9-carnaval no Rio Anil Shopping"}]},{"@type":"WebSite","@id":"https:\/\/www.blogsoestado.com\/danielmatos\/#website","url":"https:\/\/www.blogsoestado.com\/danielmatos\/","name":"Daniel Matos","description":"","potentialAction":[{"@type":"SearchAction","target":{"@type":"EntryPoint","urlTemplate":"https:\/\/www.blogsoestado.com\/danielmatos\/?s={search_term_string}"},"query-input":{"@type":"PropertyValueSpecification","valueRequired":true,"valueName":"search_term_string"}}],"inLanguage":"pt-BR"}]}},"jetpack_featured_media_url":"","_links":{"self":[{"href":"https:\/\/www.blogsoestado.com\/danielmatos\/wp-json\/wp\/v2\/posts\/60672","targetHints":{"allow":["GET"]}}],"collection":[{"href":"https:\/\/www.blogsoestado.com\/danielmatos\/wp-json\/wp\/v2\/posts"}],"about":[{"href":"https:\/\/www.blogsoestado.com\/danielmatos\/wp-json\/wp\/v2\/types\/post"}],"replies":[{"embeddable":true,"href":"https:\/\/www.blogsoestado.com\/danielmatos\/wp-json\/wp\/v2\/comments?post=60672"}],"version-history":[{"count":0,"href":"https:\/\/www.blogsoestado.com\/danielmatos\/wp-json\/wp\/v2\/posts\/60672\/revisions"}],"wp:attachment":[{"href":"https:\/\/www.blogsoestado.com\/danielmatos\/wp-json\/wp\/v2\/media?parent=60672"}],"wp:term":[{"taxonomy":"category","embeddable":true,"href":"https:\/\/www.blogsoestado.com\/danielmatos\/wp-json\/wp\/v2\/categories?post=60672"},{"taxonomy":"post_tag","embeddable":true,"href":"https:\/\/www.blogsoestado.com\/danielmatos\/wp-json\/wp\/v2\/tags?post=60672"}],"curies":[{"name":"wp","href":"https:\/\/api.w.org\/{rel}","templated":true}]}}