{"id":60677,"date":"2019-02-23T17:08:46","date_gmt":"2019-02-23T20:08:46","guid":{"rendered":"https:\/\/www.blogsoestado.com\/danielmatos\/?p=60677"},"modified":"2019-02-23T17:08:46","modified_gmt":"2019-02-23T20:08:46","slug":"sem-ter-o-que-comemorar-flavio-dino-samba-na-cara-do-povo-no-bloco-os-comunas","status":"publish","type":"post","link":"https:\/\/www.blogsoestado.com\/danielmatos\/sem-ter-o-que-comemorar-flavio-dino-samba-na-cara-do-povo-no-bloco-os-comunas\/","title":{"rendered":"Sem ter o que comemorar, Fl\u00e1vio Dino samba na cara do povo no Bloco Os Comunas"},"content":{"rendered":"\n<figure class=\"wp-block-image\"><img decoding=\"async\" src=\"https:\/\/www.blogsoestado.com\/danielmatos\/files\/2019\/02\/FB_IMG_15509462329868013.jpg\" alt=\"\" class=\"wp-image-60685\"\/><\/figure>\n\n\n\n<p>O que teria Fl\u00e1vio Dino (PCdoB) a comemorar ao bancar o bloco pr\u00e9-carnavalesco Os Comunas, batizado em alus\u00e3o ao seu partido pol\u00edtico e ao seu grupo pol\u00edtico, com concentra\u00e7\u00e3o marcada para a tarde\/noite deste s\u00e1bado, 23, no Centro Hist\u00f3rico de S\u00e3o Lu\u00eds? \u00c9 a pergunta que muitos fazem nestes tempos em que o governador amarga uma crise desencadeada por m\u00faltiplos fatores e enfrenta desgaste popular crescente.<\/p>\n\n\n\n<p>A folia governista \u00e9, no m\u00ednimo, despropositada, tamanha a sucess\u00e3o de problemas que minam este in\u00edcio de segundo mandato comunista. Um dos percal\u00e7os adv\u00e9m do corte do percentual de 21,7% que milhares de servidores p\u00fablicos estaduais recebiam at\u00e9 janeiro, antes de o governo barrar o benef\u00edcio com um recurso no  Tribunal de Justica, deferido semana passada. Indignado com a perda, o funcionalismo encara como deboche a brincadeira palaciana.<\/p>\n\n\n\n<p>A amea\u00e7a de perda da concess\u00e3o do Porto do Itaqui \u00e9 outro fator que torna sem sentido a folia patrocinada por Fl\u00e1vio Dino. A cassa\u00e7\u00e3o da licen\u00e7a \u00e9 cogitada por causa da acusa\u00e7\u00e3o de que a gest\u00e3o comunista fez movimenta\u00e7\u00f5es financeiras n\u00e3o previstas no contrato de delega\u00e7\u00e3o firmado h\u00e1 18 anos entre o Governo do Maranh\u00e3o e o Governo Federal. Trata-se de um risco real, apontado pelo deputado estadual Adriano Sarney, em recente discurso na tribuna da Assembleia Legislativa, como \u00fanico legado do comunismo aos maranhenses.<\/p>\n\n\n\n<p>At\u00e9 a conjuntura internacional n\u00e3o favorece, neste momento, qualquer manifesta\u00e7\u00e3o de j\u00fabilo governista. Como pode o grupo liderado por Fl\u00e1vio Dino extravasar a alegria t\u00edpica do Carnaval em meio ao clima de hostilidade entre Brasil e Venezuela, cujo ditador, Nicolas Maduro, respons\u00e1vel pela mis\u00e9ria extrema que assola o povo daquele pa\u00eds, \u00e9 defendido e exaltado pelos comunas, enquanto os pr\u00f3prios conterr\u00e2neos o repudiam?<\/p>\n\n\n\n<figure class=\"wp-block-image\"><img decoding=\"async\" src=\"https:\/\/www.blogsoestado.com\/danielmatos\/files\/2019\/02\/Fl\u00e1vio-nos-Comunas.jpg\" alt=\"\" class=\"wp-image-60686\"\/><figcaption>Fl\u00e1vio Dino extravasa alegria em edi\u00e7\u00e3o passada do Bloco Os Comunas<\/figcaption><\/figure>\n\n\n\n<p>At\u00e9 aliados do governo veem com reserva a reedi\u00e7\u00e3o do bloco em momento t\u00e3o delicado e v\u00eaem a brincadeira como algo inapropriado. Muitos, certamente, n\u00e3o comparecer\u00e3o por receio da reprova\u00e7\u00e3o popular.<\/p>\n\n\n\n<p>Com tantos dissabores, resta saber qual sentimento prevalecer\u00e1 entre os brincates do bloco. Se o clima de anima\u00e7\u00e3o, estaremos diante de uma demonstra\u00e7\u00e3o rara e inconteste de cinismo. A n\u00e3o ser que a folia palaciana seja uma esp\u00e9cie de comemora\u00e7\u00e3o antecipada do aumento de impostos aprovado ano passado, o terceiro da era comunista, que entrar\u00e1 em vigor em 1\u00b0 de mar\u00e7o.<\/p>\n","protected":false},"excerpt":{"rendered":"<p>O que teria Fl\u00e1vio Dino (PCdoB) a comemorar ao bancar o bloco pr\u00e9-carnavalesco Os Comunas, batizado em alus\u00e3o ao seu [&hellip;]<\/p>\n","protected":false},"author":0,"featured_media":0,"comment_status":"open","ping_status":"open","sticky":false,"template":"","format":"standard","meta":{"site-sidebar-layout":"default","site-content-layout":"","ast-site-content-layout":"default","site-content-style":"default","site-sidebar-style":"default","ast-global-header-display":"","ast-banner-title-visibility":"","ast-main-header-display":"","ast-hfb-above-header-display":"","ast-hfb-below-header-display":"","ast-hfb-mobile-header-display":"","site-post-title":"","ast-breadcrumbs-content":"","ast-featured-img":"","footer-sml-layout":"","ast-disable-related-posts":"","theme-transparent-header-meta":"","adv-header-id-meta":"","stick-header-meta":"","header-above-stick-meta":"","header-main-stick-meta":"","header-below-stick-meta":"","astra-migrate-meta-layouts":"default","ast-page-background-enabled":"default","ast-page-background-meta":{"desktop":{"background-color":"var(--ast-global-color-5)","background-image":"","background-repeat":"repeat","background-position":"center center","background-size":"auto","background-attachment":"scroll","background-type":"","background-media":"","overlay-type":"","overlay-color":"","overlay-opacity":"","overlay-gradient":""},"tablet":{"background-color":"","background-image":"","background-repeat":"repeat","background-position":"center center","background-size":"auto","background-attachment":"scroll","background-type":"","background-media":"","overlay-type":"","overlay-color":"","overlay-opacity":"","overlay-gradient":""},"mobile":{"background-color":"","background-image":"","background-repeat":"repeat","background-position":"center center","background-size":"auto","background-attachment":"scroll","background-type":"","background-media":"","overlay-type":"","overlay-color":"","overlay-opacity":"","overlay-gradient":""}},"ast-content-background-meta":{"desktop":{"background-color":"var(--ast-global-color-4)","background-image":"","background-repeat":"repeat","background-position":"center center","background-size":"auto","background-attachment":"scroll","background-type":"","background-media":"","overlay-type":"","overlay-color":"","overlay-opacity":"","overlay-gradient":""},"tablet":{"background-color":"var(--ast-global-color-4)","background-image":"","background-repeat":"repeat","background-position":"center center","background-size":"auto","background-attachment":"scroll","background-type":"","background-media":"","overlay-type":"","overlay-color":"","overlay-opacity":"","overlay-gradient":""},"mobile":{"background-color":"var(--ast-global-color-4)","background-image":"","background-repeat":"repeat","background-position":"center center","background-size":"auto","background-attachment":"scroll","background-type":"","background-media":"","overlay-type":"","overlay-color":"","overlay-opacity":"","overlay-gradient":""}},"footnotes":""},"categories":[1],"tags":[],"class_list":["post-60677","post","type-post","status-publish","format-standard","hentry","category-sem-categoria"],"yoast_head":"<!-- This site is optimized with the Yoast SEO plugin v26.6 - https:\/\/yoast.com\/wordpress\/plugins\/seo\/ -->\n<title>Sem ter o que comemorar, Fl\u00e1vio Dino samba na cara do povo no Bloco Os Comunas - Daniel Matos<\/title>\n<meta name=\"robots\" content=\"index, follow, max-snippet:-1, max-image-preview:large, max-video-preview:-1\" \/>\n<link rel=\"canonical\" href=\"https:\/\/www.blogsoestado.com\/danielmatos\/sem-ter-o-que-comemorar-flavio-dino-samba-na-cara-do-povo-no-bloco-os-comunas\/\" \/>\n<meta property=\"og:locale\" content=\"pt_BR\" \/>\n<meta property=\"og:type\" content=\"article\" \/>\n<meta property=\"og:title\" content=\"Sem ter o que comemorar, Fl\u00e1vio Dino samba na cara do povo no Bloco Os Comunas - Daniel Matos\" \/>\n<meta property=\"og:description\" content=\"O que teria Fl\u00e1vio Dino (PCdoB) a comemorar ao bancar o bloco pr\u00e9-carnavalesco Os Comunas, batizado em alus\u00e3o ao seu [&hellip;]\" \/>\n<meta property=\"og:url\" content=\"https:\/\/www.blogsoestado.com\/danielmatos\/sem-ter-o-que-comemorar-flavio-dino-samba-na-cara-do-povo-no-bloco-os-comunas\/\" \/>\n<meta property=\"og:site_name\" content=\"Daniel Matos\" \/>\n<meta property=\"article:published_time\" content=\"2019-02-23T20:08:46+00:00\" \/>\n<meta property=\"og:image\" content=\"https:\/\/www.blogsoestado.com\/danielmatos\/files\/2019\/02\/FB_IMG_15509462329868013.jpg\" \/>\n<meta name=\"twitter:card\" content=\"summary_large_image\" \/>\n<meta name=\"twitter:label1\" content=\"Est. tempo de leitura\" \/>\n\t<meta name=\"twitter:data1\" content=\"2 minutos\" \/>\n<script type=\"application\/ld+json\" class=\"yoast-schema-graph\">{\"@context\":\"https:\/\/schema.org\",\"@graph\":[{\"@type\":\"WebPage\",\"@id\":\"https:\/\/www.blogsoestado.com\/danielmatos\/sem-ter-o-que-comemorar-flavio-dino-samba-na-cara-do-povo-no-bloco-os-comunas\/\",\"url\":\"https:\/\/www.blogsoestado.com\/danielmatos\/sem-ter-o-que-comemorar-flavio-dino-samba-na-cara-do-povo-no-bloco-os-comunas\/\",\"name\":\"Sem ter o que comemorar, Fl\u00e1vio Dino samba na cara do povo no Bloco Os Comunas - Daniel Matos\",\"isPartOf\":{\"@id\":\"https:\/\/www.blogsoestado.com\/danielmatos\/#website\"},\"primaryImageOfPage\":{\"@id\":\"https:\/\/www.blogsoestado.com\/danielmatos\/sem-ter-o-que-comemorar-flavio-dino-samba-na-cara-do-povo-no-bloco-os-comunas\/#primaryimage\"},\"image\":{\"@id\":\"https:\/\/www.blogsoestado.com\/danielmatos\/sem-ter-o-que-comemorar-flavio-dino-samba-na-cara-do-povo-no-bloco-os-comunas\/#primaryimage\"},\"thumbnailUrl\":\"https:\/\/www.blogsoestado.com\/danielmatos\/files\/2019\/02\/FB_IMG_15509462329868013.jpg\",\"datePublished\":\"2019-02-23T20:08:46+00:00\",\"author\":{\"@id\":\"\"},\"breadcrumb\":{\"@id\":\"https:\/\/www.blogsoestado.com\/danielmatos\/sem-ter-o-que-comemorar-flavio-dino-samba-na-cara-do-povo-no-bloco-os-comunas\/#breadcrumb\"},\"inLanguage\":\"pt-BR\",\"potentialAction\":[{\"@type\":\"ReadAction\",\"target\":[\"https:\/\/www.blogsoestado.com\/danielmatos\/sem-ter-o-que-comemorar-flavio-dino-samba-na-cara-do-povo-no-bloco-os-comunas\/\"]}]},{\"@type\":\"ImageObject\",\"inLanguage\":\"pt-BR\",\"@id\":\"https:\/\/www.blogsoestado.com\/danielmatos\/sem-ter-o-que-comemorar-flavio-dino-samba-na-cara-do-povo-no-bloco-os-comunas\/#primaryimage\",\"url\":\"https:\/\/www.blogsoestado.com\/danielmatos\/files\/2019\/02\/FB_IMG_15509462329868013.jpg\",\"contentUrl\":\"https:\/\/www.blogsoestado.com\/danielmatos\/files\/2019\/02\/FB_IMG_15509462329868013.jpg\"},{\"@type\":\"BreadcrumbList\",\"@id\":\"https:\/\/www.blogsoestado.com\/danielmatos\/sem-ter-o-que-comemorar-flavio-dino-samba-na-cara-do-povo-no-bloco-os-comunas\/#breadcrumb\",\"itemListElement\":[{\"@type\":\"ListItem\",\"position\":1,\"name\":\"In\u00edcio\",\"item\":\"https:\/\/www.blogsoestado.com\/danielmatos\/\"},{\"@type\":\"ListItem\",\"position\":2,\"name\":\"Sem ter o que comemorar, Fl\u00e1vio Dino samba na cara do povo no Bloco Os Comunas\"}]},{\"@type\":\"WebSite\",\"@id\":\"https:\/\/www.blogsoestado.com\/danielmatos\/#website\",\"url\":\"https:\/\/www.blogsoestado.com\/danielmatos\/\",\"name\":\"Daniel Matos\",\"description\":\"\",\"potentialAction\":[{\"@type\":\"SearchAction\",\"target\":{\"@type\":\"EntryPoint\",\"urlTemplate\":\"https:\/\/www.blogsoestado.com\/danielmatos\/?s={search_term_string}\"},\"query-input\":{\"@type\":\"PropertyValueSpecification\",\"valueRequired\":true,\"valueName\":\"search_term_string\"}}],\"inLanguage\":\"pt-BR\"}]}<\/script>\n<!-- \/ Yoast SEO plugin. -->","yoast_head_json":{"title":"Sem ter o que comemorar, Fl\u00e1vio Dino samba na cara do povo no Bloco Os Comunas - Daniel Matos","robots":{"index":"index","follow":"follow","max-snippet":"max-snippet:-1","max-image-preview":"max-image-preview:large","max-video-preview":"max-video-preview:-1"},"canonical":"https:\/\/www.blogsoestado.com\/danielmatos\/sem-ter-o-que-comemorar-flavio-dino-samba-na-cara-do-povo-no-bloco-os-comunas\/","og_locale":"pt_BR","og_type":"article","og_title":"Sem ter o que comemorar, Fl\u00e1vio Dino samba na cara do povo no Bloco Os Comunas - Daniel Matos","og_description":"O que teria Fl\u00e1vio Dino (PCdoB) a comemorar ao bancar o bloco pr\u00e9-carnavalesco Os Comunas, batizado em alus\u00e3o ao seu [&hellip;]","og_url":"https:\/\/www.blogsoestado.com\/danielmatos\/sem-ter-o-que-comemorar-flavio-dino-samba-na-cara-do-povo-no-bloco-os-comunas\/","og_site_name":"Daniel Matos","article_published_time":"2019-02-23T20:08:46+00:00","og_image":[{"url":"https:\/\/www.blogsoestado.com\/danielmatos\/files\/2019\/02\/FB_IMG_15509462329868013.jpg","type":"","width":"","height":""}],"twitter_card":"summary_large_image","twitter_misc":{"Est. tempo de leitura":"2 minutos"},"schema":{"@context":"https:\/\/schema.org","@graph":[{"@type":"WebPage","@id":"https:\/\/www.blogsoestado.com\/danielmatos\/sem-ter-o-que-comemorar-flavio-dino-samba-na-cara-do-povo-no-bloco-os-comunas\/","url":"https:\/\/www.blogsoestado.com\/danielmatos\/sem-ter-o-que-comemorar-flavio-dino-samba-na-cara-do-povo-no-bloco-os-comunas\/","name":"Sem ter o que comemorar, Fl\u00e1vio Dino samba na cara do povo no Bloco Os Comunas - Daniel Matos","isPartOf":{"@id":"https:\/\/www.blogsoestado.com\/danielmatos\/#website"},"primaryImageOfPage":{"@id":"https:\/\/www.blogsoestado.com\/danielmatos\/sem-ter-o-que-comemorar-flavio-dino-samba-na-cara-do-povo-no-bloco-os-comunas\/#primaryimage"},"image":{"@id":"https:\/\/www.blogsoestado.com\/danielmatos\/sem-ter-o-que-comemorar-flavio-dino-samba-na-cara-do-povo-no-bloco-os-comunas\/#primaryimage"},"thumbnailUrl":"https:\/\/www.blogsoestado.com\/danielmatos\/files\/2019\/02\/FB_IMG_15509462329868013.jpg","datePublished":"2019-02-23T20:08:46+00:00","author":{"@id":""},"breadcrumb":{"@id":"https:\/\/www.blogsoestado.com\/danielmatos\/sem-ter-o-que-comemorar-flavio-dino-samba-na-cara-do-povo-no-bloco-os-comunas\/#breadcrumb"},"inLanguage":"pt-BR","potentialAction":[{"@type":"ReadAction","target":["https:\/\/www.blogsoestado.com\/danielmatos\/sem-ter-o-que-comemorar-flavio-dino-samba-na-cara-do-povo-no-bloco-os-comunas\/"]}]},{"@type":"ImageObject","inLanguage":"pt-BR","@id":"https:\/\/www.blogsoestado.com\/danielmatos\/sem-ter-o-que-comemorar-flavio-dino-samba-na-cara-do-povo-no-bloco-os-comunas\/#primaryimage","url":"https:\/\/www.blogsoestado.com\/danielmatos\/files\/2019\/02\/FB_IMG_15509462329868013.jpg","contentUrl":"https:\/\/www.blogsoestado.com\/danielmatos\/files\/2019\/02\/FB_IMG_15509462329868013.jpg"},{"@type":"BreadcrumbList","@id":"https:\/\/www.blogsoestado.com\/danielmatos\/sem-ter-o-que-comemorar-flavio-dino-samba-na-cara-do-povo-no-bloco-os-comunas\/#breadcrumb","itemListElement":[{"@type":"ListItem","position":1,"name":"In\u00edcio","item":"https:\/\/www.blogsoestado.com\/danielmatos\/"},{"@type":"ListItem","position":2,"name":"Sem ter o que comemorar, Fl\u00e1vio Dino samba na cara do povo no Bloco Os Comunas"}]},{"@type":"WebSite","@id":"https:\/\/www.blogsoestado.com\/danielmatos\/#website","url":"https:\/\/www.blogsoestado.com\/danielmatos\/","name":"Daniel Matos","description":"","potentialAction":[{"@type":"SearchAction","target":{"@type":"EntryPoint","urlTemplate":"https:\/\/www.blogsoestado.com\/danielmatos\/?s={search_term_string}"},"query-input":{"@type":"PropertyValueSpecification","valueRequired":true,"valueName":"search_term_string"}}],"inLanguage":"pt-BR"}]}},"jetpack_featured_media_url":"","_links":{"self":[{"href":"https:\/\/www.blogsoestado.com\/danielmatos\/wp-json\/wp\/v2\/posts\/60677","targetHints":{"allow":["GET"]}}],"collection":[{"href":"https:\/\/www.blogsoestado.com\/danielmatos\/wp-json\/wp\/v2\/posts"}],"about":[{"href":"https:\/\/www.blogsoestado.com\/danielmatos\/wp-json\/wp\/v2\/types\/post"}],"replies":[{"embeddable":true,"href":"https:\/\/www.blogsoestado.com\/danielmatos\/wp-json\/wp\/v2\/comments?post=60677"}],"version-history":[{"count":0,"href":"https:\/\/www.blogsoestado.com\/danielmatos\/wp-json\/wp\/v2\/posts\/60677\/revisions"}],"wp:attachment":[{"href":"https:\/\/www.blogsoestado.com\/danielmatos\/wp-json\/wp\/v2\/media?parent=60677"}],"wp:term":[{"taxonomy":"category","embeddable":true,"href":"https:\/\/www.blogsoestado.com\/danielmatos\/wp-json\/wp\/v2\/categories?post=60677"},{"taxonomy":"post_tag","embeddable":true,"href":"https:\/\/www.blogsoestado.com\/danielmatos\/wp-json\/wp\/v2\/tags?post=60677"}],"curies":[{"name":"wp","href":"https:\/\/api.w.org\/{rel}","templated":true}]}}