{"id":60706,"date":"2019-02-24T20:36:50","date_gmt":"2019-02-24T23:36:50","guid":{"rendered":"https:\/\/www.blogsoestado.com\/danielmatos\/?p=60706"},"modified":"2019-02-24T20:36:50","modified_gmt":"2019-02-24T23:36:50","slug":"astro-de-ogum-e-aclamado-presidente-da-federacao-de-umbanda-do-maranhao","status":"publish","type":"post","link":"https:\/\/www.blogsoestado.com\/danielmatos\/astro-de-ogum-e-aclamado-presidente-da-federacao-de-umbanda-do-maranhao\/","title":{"rendered":"Astro de Ogum \u00e9 aclamado presidente da Federa\u00e7\u00e3o de Umbanda do Maranh\u00e3o"},"content":{"rendered":"\n<figure class=\"wp-block-image\"><img decoding=\"async\" src=\"https:\/\/www.blogsoestado.com\/danielmatos\/files\/2019\/02\/astro-aclamado2-1024x768.jpg\" alt=\"\" class=\"wp-image-60707\"\/><figcaption>Astro de Ogum e demais membros da diretoria eleita por aclama\u00e7\u00e3o parda conduzir os rumos da entidade<\/figcaption><\/figure>\n\n\n\n<p>Por acalma\u00e7\u00e3o, encabe\u00e7ando a chapa Avante Filhos de F\u00e9, o vereador Astro de Ogum foi eleito para comandar pelos pr\u00f3ximos quatro anos, a <em>Federa\u00e7\u00e3o de Umbanda e Cultos Afros Brasileiros do Maranh\u00e3o &#8211; FUCABMA<\/em>. Com 55 anos de funda\u00e7\u00e3o e mais de 3.000 filiados em todo o Estado, a entidade tem como objetivo representar e defender os interesses dos adeptos da religi\u00e3o de matriz africana. <\/p>\n\n\n\n<p>A diretoria da Federa\u00e7\u00e3o ficou representada da seguinte forma:<br><\/p>\n\n\n\n<p><em>Presidente<\/em>: Generval Martiniano Moreira Leite- Astro de Ogum<br> <em>Vice Presidente<\/em>: Benedito Bas\u00edlio Gomes Filho (Bine Gomes)<br> <em>1\u00ba Tesoureira: Socorro Mendes Pinheiro<\/em><br> <em>2\u00aa Tesoureira<\/em>: Maria do Carmo Santos(Santinha)<br> <em>Conselho de Ritual<\/em>: Maria Jos\u00e9 Diniz Costa( M\u00e3e Duca) (presidente), Antonia de Jesus Abreu Fonseca- (M\u00e3e Dayse), Maria Madalena Fonseca Carvalho e Washington Lu\u00eds Rocha Coelho.<br> 1\u00aa Secret\u00e1ria *: Wilmara Aparecida Silva Figueiredo <br> <em>2\u00aa Secret\u00e1ria<\/em>: Nastie<br> <em>Conselho Fiscal Titular<\/em>: Claudionor Calvet Pinto, Terezinha Forte e George.<br> <em>Conselho Fiscal Suplente<\/em>:Jonathan Valter Gaspar Pinheiro, Maria Helvecia Rodrigues Alves e Leandro Crispim Diniz Fonseca.<br> <em>Assessoria Juridica<\/em>: Itamary Correa Lima e Itamargarethe Correa Lima, que tamb\u00e9m ir\u00e1 acumular a Assessoria de Imprensa <br> <em>Embaixada para a representa\u00e7\u00e3o do Maranh\u00e3o em Eventos Externos<\/em>: Paulo S\u00e9rgio Pinto (Paulo de Aruanda)<br> <em>Conselho Especial<\/em>: Jo\u00e3ozinho da Vila Nova. <\/p>\n\n\n\n<figure class=\"wp-block-image\"><img decoding=\"async\" src=\"https:\/\/www.blogsoestado.com\/danielmatos\/files\/2019\/02\/astro-aclamado-1024x768.jpg\" alt=\"\" class=\"wp-image-60708\"\/><figcaption>Adeptos da religi\u00e3o afro aplaudem escolha de Astro de Ogum para presidir novamente a federa\u00e7\u00e3o<\/figcaption><\/figure>\n\n\n\n<p>Logo ap\u00f3s o resultado, a nova diretoria tomou posse. Em seguida, o presidente pediu afastamento para resolver alguns problemas, passando o comando da entidade ao vice presidente Bine Gomes.<\/p>\n\n\n\n<p>Assista:<\/p>\n\n\n\n<figure class=\"wp-block-embed-youtube wp-block-embed is-type-video is-provider-youtube wp-embed-aspect-16-9 wp-has-aspect-ratio\"><div class=\"wp-block-embed__wrapper\">\n<iframe title=\"Astro aclamado na Federa\u00e7\u00e3o de Umbanda\" width=\"500\" height=\"281\" src=\"https:\/\/www.youtube.com\/embed\/0gb1GV-OFqA?feature=oembed\" frameborder=\"0\" allow=\"accelerometer; autoplay; clipboard-write; encrypted-media; gyroscope; picture-in-picture; web-share\" referrerpolicy=\"strict-origin-when-cross-origin\" allowfullscreen><\/iframe>\n<\/div><\/figure>\n","protected":false},"excerpt":{"rendered":"<p>Por acalma\u00e7\u00e3o, encabe\u00e7ando a chapa Avante Filhos de F\u00e9, o vereador Astro de Ogum foi eleito para comandar pelos pr\u00f3ximos [&hellip;]<\/p>\n","protected":false},"author":0,"featured_media":0,"comment_status":"open","ping_status":"open","sticky":false,"template":"","format":"standard","meta":{"site-sidebar-layout":"default","site-content-layout":"","ast-site-content-layout":"default","site-content-style":"default","site-sidebar-style":"default","ast-global-header-display":"","ast-banner-title-visibility":"","ast-main-header-display":"","ast-hfb-above-header-display":"","ast-hfb-below-header-display":"","ast-hfb-mobile-header-display":"","site-post-title":"","ast-breadcrumbs-content":"","ast-featured-img":"","footer-sml-layout":"","ast-disable-related-posts":"","theme-transparent-header-meta":"","adv-header-id-meta":"","stick-header-meta":"","header-above-stick-meta":"","header-main-stick-meta":"","header-below-stick-meta":"","astra-migrate-meta-layouts":"default","ast-page-background-enabled":"default","ast-page-background-meta":{"desktop":{"background-color":"var(--ast-global-color-5)","background-image":"","background-repeat":"repeat","background-position":"center center","background-size":"auto","background-attachment":"scroll","background-type":"","background-media":"","overlay-type":"","overlay-color":"","overlay-opacity":"","overlay-gradient":""},"tablet":{"background-color":"","background-image":"","background-repeat":"repeat","background-position":"center center","background-size":"auto","background-attachment":"scroll","background-type":"","background-media":"","overlay-type":"","overlay-color":"","overlay-opacity":"","overlay-gradient":""},"mobile":{"background-color":"","background-image":"","background-repeat":"repeat","background-position":"center center","background-size":"auto","background-attachment":"scroll","background-type":"","background-media":"","overlay-type":"","overlay-color":"","overlay-opacity":"","overlay-gradient":""}},"ast-content-background-meta":{"desktop":{"background-color":"var(--ast-global-color-4)","background-image":"","background-repeat":"repeat","background-position":"center center","background-size":"auto","background-attachment":"scroll","background-type":"","background-media":"","overlay-type":"","overlay-color":"","overlay-opacity":"","overlay-gradient":""},"tablet":{"background-color":"var(--ast-global-color-4)","background-image":"","background-repeat":"repeat","background-position":"center center","background-size":"auto","background-attachment":"scroll","background-type":"","background-media":"","overlay-type":"","overlay-color":"","overlay-opacity":"","overlay-gradient":""},"mobile":{"background-color":"var(--ast-global-color-4)","background-image":"","background-repeat":"repeat","background-position":"center center","background-size":"auto","background-attachment":"scroll","background-type":"","background-media":"","overlay-type":"","overlay-color":"","overlay-opacity":"","overlay-gradient":""}},"footnotes":""},"categories":[1],"tags":[],"class_list":["post-60706","post","type-post","status-publish","format-standard","hentry","category-sem-categoria"],"yoast_head":"<!-- This site is optimized with the Yoast SEO plugin v26.6 - https:\/\/yoast.com\/wordpress\/plugins\/seo\/ -->\n<title>Astro de Ogum \u00e9 aclamado presidente da Federa\u00e7\u00e3o de Umbanda do Maranh\u00e3o - Daniel Matos<\/title>\n<meta name=\"robots\" content=\"index, follow, max-snippet:-1, max-image-preview:large, max-video-preview:-1\" \/>\n<link rel=\"canonical\" href=\"https:\/\/www.blogsoestado.com\/danielmatos\/astro-de-ogum-e-aclamado-presidente-da-federacao-de-umbanda-do-maranhao\/\" \/>\n<meta property=\"og:locale\" content=\"pt_BR\" \/>\n<meta property=\"og:type\" content=\"article\" \/>\n<meta property=\"og:title\" content=\"Astro de Ogum \u00e9 aclamado presidente da Federa\u00e7\u00e3o de Umbanda do Maranh\u00e3o - Daniel Matos\" \/>\n<meta property=\"og:description\" content=\"Por acalma\u00e7\u00e3o, encabe\u00e7ando a chapa Avante Filhos de F\u00e9, o vereador Astro de Ogum foi eleito para comandar pelos pr\u00f3ximos [&hellip;]\" \/>\n<meta property=\"og:url\" content=\"https:\/\/www.blogsoestado.com\/danielmatos\/astro-de-ogum-e-aclamado-presidente-da-federacao-de-umbanda-do-maranhao\/\" \/>\n<meta property=\"og:site_name\" content=\"Daniel Matos\" \/>\n<meta property=\"article:published_time\" content=\"2019-02-24T23:36:50+00:00\" \/>\n<meta property=\"og:image\" content=\"https:\/\/www.blogsoestado.com\/danielmatos\/files\/2019\/02\/astro-aclamado2-1024x768.jpg\" \/>\n<meta name=\"twitter:card\" content=\"summary_large_image\" \/>\n<meta name=\"twitter:label1\" content=\"Est. tempo de leitura\" \/>\n\t<meta name=\"twitter:data1\" content=\"1 minuto\" \/>\n<script type=\"application\/ld+json\" class=\"yoast-schema-graph\">{\"@context\":\"https:\/\/schema.org\",\"@graph\":[{\"@type\":\"WebPage\",\"@id\":\"https:\/\/www.blogsoestado.com\/danielmatos\/astro-de-ogum-e-aclamado-presidente-da-federacao-de-umbanda-do-maranhao\/\",\"url\":\"https:\/\/www.blogsoestado.com\/danielmatos\/astro-de-ogum-e-aclamado-presidente-da-federacao-de-umbanda-do-maranhao\/\",\"name\":\"Astro de Ogum \u00e9 aclamado presidente da Federa\u00e7\u00e3o de Umbanda do Maranh\u00e3o - Daniel Matos\",\"isPartOf\":{\"@id\":\"https:\/\/www.blogsoestado.com\/danielmatos\/#website\"},\"primaryImageOfPage\":{\"@id\":\"https:\/\/www.blogsoestado.com\/danielmatos\/astro-de-ogum-e-aclamado-presidente-da-federacao-de-umbanda-do-maranhao\/#primaryimage\"},\"image\":{\"@id\":\"https:\/\/www.blogsoestado.com\/danielmatos\/astro-de-ogum-e-aclamado-presidente-da-federacao-de-umbanda-do-maranhao\/#primaryimage\"},\"thumbnailUrl\":\"https:\/\/www.blogsoestado.com\/danielmatos\/files\/2019\/02\/astro-aclamado2-1024x768.jpg\",\"datePublished\":\"2019-02-24T23:36:50+00:00\",\"author\":{\"@id\":\"\"},\"breadcrumb\":{\"@id\":\"https:\/\/www.blogsoestado.com\/danielmatos\/astro-de-ogum-e-aclamado-presidente-da-federacao-de-umbanda-do-maranhao\/#breadcrumb\"},\"inLanguage\":\"pt-BR\",\"potentialAction\":[{\"@type\":\"ReadAction\",\"target\":[\"https:\/\/www.blogsoestado.com\/danielmatos\/astro-de-ogum-e-aclamado-presidente-da-federacao-de-umbanda-do-maranhao\/\"]}]},{\"@type\":\"ImageObject\",\"inLanguage\":\"pt-BR\",\"@id\":\"https:\/\/www.blogsoestado.com\/danielmatos\/astro-de-ogum-e-aclamado-presidente-da-federacao-de-umbanda-do-maranhao\/#primaryimage\",\"url\":\"https:\/\/www.blogsoestado.com\/danielmatos\/files\/2019\/02\/astro-aclamado2-1024x768.jpg\",\"contentUrl\":\"https:\/\/www.blogsoestado.com\/danielmatos\/files\/2019\/02\/astro-aclamado2-1024x768.jpg\"},{\"@type\":\"BreadcrumbList\",\"@id\":\"https:\/\/www.blogsoestado.com\/danielmatos\/astro-de-ogum-e-aclamado-presidente-da-federacao-de-umbanda-do-maranhao\/#breadcrumb\",\"itemListElement\":[{\"@type\":\"ListItem\",\"position\":1,\"name\":\"In\u00edcio\",\"item\":\"https:\/\/www.blogsoestado.com\/danielmatos\/\"},{\"@type\":\"ListItem\",\"position\":2,\"name\":\"Astro de Ogum \u00e9 aclamado presidente da Federa\u00e7\u00e3o de Umbanda do Maranh\u00e3o\"}]},{\"@type\":\"WebSite\",\"@id\":\"https:\/\/www.blogsoestado.com\/danielmatos\/#website\",\"url\":\"https:\/\/www.blogsoestado.com\/danielmatos\/\",\"name\":\"Daniel Matos\",\"description\":\"\",\"potentialAction\":[{\"@type\":\"SearchAction\",\"target\":{\"@type\":\"EntryPoint\",\"urlTemplate\":\"https:\/\/www.blogsoestado.com\/danielmatos\/?s={search_term_string}\"},\"query-input\":{\"@type\":\"PropertyValueSpecification\",\"valueRequired\":true,\"valueName\":\"search_term_string\"}}],\"inLanguage\":\"pt-BR\"}]}<\/script>\n<!-- \/ Yoast SEO plugin. -->","yoast_head_json":{"title":"Astro de Ogum \u00e9 aclamado presidente da Federa\u00e7\u00e3o de Umbanda do Maranh\u00e3o - Daniel Matos","robots":{"index":"index","follow":"follow","max-snippet":"max-snippet:-1","max-image-preview":"max-image-preview:large","max-video-preview":"max-video-preview:-1"},"canonical":"https:\/\/www.blogsoestado.com\/danielmatos\/astro-de-ogum-e-aclamado-presidente-da-federacao-de-umbanda-do-maranhao\/","og_locale":"pt_BR","og_type":"article","og_title":"Astro de Ogum \u00e9 aclamado presidente da Federa\u00e7\u00e3o de Umbanda do Maranh\u00e3o - Daniel Matos","og_description":"Por acalma\u00e7\u00e3o, encabe\u00e7ando a chapa Avante Filhos de F\u00e9, o vereador Astro de Ogum foi eleito para comandar pelos pr\u00f3ximos [&hellip;]","og_url":"https:\/\/www.blogsoestado.com\/danielmatos\/astro-de-ogum-e-aclamado-presidente-da-federacao-de-umbanda-do-maranhao\/","og_site_name":"Daniel Matos","article_published_time":"2019-02-24T23:36:50+00:00","og_image":[{"url":"https:\/\/www.blogsoestado.com\/danielmatos\/files\/2019\/02\/astro-aclamado2-1024x768.jpg","type":"","width":"","height":""}],"twitter_card":"summary_large_image","twitter_misc":{"Est. tempo de leitura":"1 minuto"},"schema":{"@context":"https:\/\/schema.org","@graph":[{"@type":"WebPage","@id":"https:\/\/www.blogsoestado.com\/danielmatos\/astro-de-ogum-e-aclamado-presidente-da-federacao-de-umbanda-do-maranhao\/","url":"https:\/\/www.blogsoestado.com\/danielmatos\/astro-de-ogum-e-aclamado-presidente-da-federacao-de-umbanda-do-maranhao\/","name":"Astro de Ogum \u00e9 aclamado presidente da Federa\u00e7\u00e3o de Umbanda do Maranh\u00e3o - Daniel Matos","isPartOf":{"@id":"https:\/\/www.blogsoestado.com\/danielmatos\/#website"},"primaryImageOfPage":{"@id":"https:\/\/www.blogsoestado.com\/danielmatos\/astro-de-ogum-e-aclamado-presidente-da-federacao-de-umbanda-do-maranhao\/#primaryimage"},"image":{"@id":"https:\/\/www.blogsoestado.com\/danielmatos\/astro-de-ogum-e-aclamado-presidente-da-federacao-de-umbanda-do-maranhao\/#primaryimage"},"thumbnailUrl":"https:\/\/www.blogsoestado.com\/danielmatos\/files\/2019\/02\/astro-aclamado2-1024x768.jpg","datePublished":"2019-02-24T23:36:50+00:00","author":{"@id":""},"breadcrumb":{"@id":"https:\/\/www.blogsoestado.com\/danielmatos\/astro-de-ogum-e-aclamado-presidente-da-federacao-de-umbanda-do-maranhao\/#breadcrumb"},"inLanguage":"pt-BR","potentialAction":[{"@type":"ReadAction","target":["https:\/\/www.blogsoestado.com\/danielmatos\/astro-de-ogum-e-aclamado-presidente-da-federacao-de-umbanda-do-maranhao\/"]}]},{"@type":"ImageObject","inLanguage":"pt-BR","@id":"https:\/\/www.blogsoestado.com\/danielmatos\/astro-de-ogum-e-aclamado-presidente-da-federacao-de-umbanda-do-maranhao\/#primaryimage","url":"https:\/\/www.blogsoestado.com\/danielmatos\/files\/2019\/02\/astro-aclamado2-1024x768.jpg","contentUrl":"https:\/\/www.blogsoestado.com\/danielmatos\/files\/2019\/02\/astro-aclamado2-1024x768.jpg"},{"@type":"BreadcrumbList","@id":"https:\/\/www.blogsoestado.com\/danielmatos\/astro-de-ogum-e-aclamado-presidente-da-federacao-de-umbanda-do-maranhao\/#breadcrumb","itemListElement":[{"@type":"ListItem","position":1,"name":"In\u00edcio","item":"https:\/\/www.blogsoestado.com\/danielmatos\/"},{"@type":"ListItem","position":2,"name":"Astro de Ogum \u00e9 aclamado presidente da Federa\u00e7\u00e3o de Umbanda do Maranh\u00e3o"}]},{"@type":"WebSite","@id":"https:\/\/www.blogsoestado.com\/danielmatos\/#website","url":"https:\/\/www.blogsoestado.com\/danielmatos\/","name":"Daniel Matos","description":"","potentialAction":[{"@type":"SearchAction","target":{"@type":"EntryPoint","urlTemplate":"https:\/\/www.blogsoestado.com\/danielmatos\/?s={search_term_string}"},"query-input":{"@type":"PropertyValueSpecification","valueRequired":true,"valueName":"search_term_string"}}],"inLanguage":"pt-BR"}]}},"jetpack_featured_media_url":"","_links":{"self":[{"href":"https:\/\/www.blogsoestado.com\/danielmatos\/wp-json\/wp\/v2\/posts\/60706","targetHints":{"allow":["GET"]}}],"collection":[{"href":"https:\/\/www.blogsoestado.com\/danielmatos\/wp-json\/wp\/v2\/posts"}],"about":[{"href":"https:\/\/www.blogsoestado.com\/danielmatos\/wp-json\/wp\/v2\/types\/post"}],"replies":[{"embeddable":true,"href":"https:\/\/www.blogsoestado.com\/danielmatos\/wp-json\/wp\/v2\/comments?post=60706"}],"version-history":[{"count":0,"href":"https:\/\/www.blogsoestado.com\/danielmatos\/wp-json\/wp\/v2\/posts\/60706\/revisions"}],"wp:attachment":[{"href":"https:\/\/www.blogsoestado.com\/danielmatos\/wp-json\/wp\/v2\/media?parent=60706"}],"wp:term":[{"taxonomy":"category","embeddable":true,"href":"https:\/\/www.blogsoestado.com\/danielmatos\/wp-json\/wp\/v2\/categories?post=60706"},{"taxonomy":"post_tag","embeddable":true,"href":"https:\/\/www.blogsoestado.com\/danielmatos\/wp-json\/wp\/v2\/tags?post=60706"}],"curies":[{"name":"wp","href":"https:\/\/api.w.org\/{rel}","templated":true}]}}