{"id":60711,"date":"2019-02-24T21:05:30","date_gmt":"2019-02-25T00:05:30","guid":{"rendered":"https:\/\/www.blogsoestado.com\/danielmatos\/?p=60711"},"modified":"2019-02-24T21:05:30","modified_gmt":"2019-02-25T00:05:30","slug":"blogosfera-maranhense-de-luto-morre-robert-lobato","status":"publish","type":"post","link":"https:\/\/www.blogsoestado.com\/danielmatos\/blogosfera-maranhense-de-luto-morre-robert-lobato\/","title":{"rendered":"Blogosfera maranhense de luto: morre Robert Lobato"},"content":{"rendered":"\n<div class=\"wp-block-image\"><figure class=\"alignright is-resized\"><img fetchpriority=\"high\" decoding=\"async\" src=\"https:\/\/www.blogsoestado.com\/danielmatos\/files\/2019\/02\/bob-show2.jpg\" alt=\"\" class=\"wp-image-60712\" width=\"339\" height=\"464\"\/><figcaption>Robert Lobato se afogou ao tentar atravessar riacho <\/figcaption><\/figure><\/div>\n\n\n\n<p>O blogueiro Robert Lobato morreu, neste domingo (24), v\u00edtima de afogamento, em Bras\u00edlia. A assessoria do senador Roberto Rocha (PSDB), para quem Lobato prestava servi\u00e7os, confirmou a trag\u00e9dia.<\/p>\n\n\n\n<p>Segundo as primeiras informa\u00e7\u00f5es, o blogueiro aproveitava o dia de folga  na companhia de amigos, em uma ch\u00e1cara na capital federal, situada no N\u00facleo Rural Crifrudo, em Santa Maria, no Distrito Federal. O Corpo de Bombeiros informou que ele tentou atravessar um riacho a nado, mas acabou se afogando.<\/p>\n\n\n\n<p>Enquanto os amigos acionavam o socorro, os militares tentavam reanimar Robert Lobato, mas n\u00e3o houve \u00eaxito. A morte foi constatada ainda no local pelo m\u00e9dico da equipe do resgate a\u00e9reo do Corpo de Bombeiros. <\/p>\n\n\n\n<p><strong>Milit\u00e2ncia<\/strong><\/p>\n\n\n\n<p>Al\u00e9m de manter <a href=\"http:\/\/blogdorobertlobato.com.br\/\">um dos blogs mais conceituados do Maranh\u00e3o<\/a>, com abordagem predominantemente pol\u00edtica, Robert Lobato era graduado em administra\u00e7\u00e3o de empresas pela Universidade Estadual do Maranh\u00e3o (Uema) e era um destacado militante do Partido dos Trabalhadores (PT), sigla da qual chegou a ser dirigente em n\u00edvel local, Amigo pessoal de Roberto Rocha, foi convidado a integrar a equipe de assessores do senador e desde ent\u00e3o passava boa parte do seu tempo na capital federal.   <\/p>\n\n\n\n<p>Consternado, o autor deste blog, que mantinha rela\u00e7\u00e3o fraterna com o valoroso colega, lamenta profundamente morte t\u00e3o prematura, ao mesmo tempo em que presta condol\u00eancias \u00e0 fam\u00edlia.      <\/p>\n","protected":false},"excerpt":{"rendered":"<p>O blogueiro Robert Lobato morreu, neste domingo (24), v\u00edtima de afogamento, em Bras\u00edlia. A assessoria do senador Roberto Rocha (PSDB), [&hellip;]<\/p>\n","protected":false},"author":0,"featured_media":0,"comment_status":"open","ping_status":"open","sticky":false,"template":"","format":"standard","meta":{"site-sidebar-layout":"default","site-content-layout":"","ast-site-content-layout":"default","site-content-style":"default","site-sidebar-style":"default","ast-global-header-display":"","ast-banner-title-visibility":"","ast-main-header-display":"","ast-hfb-above-header-display":"","ast-hfb-below-header-display":"","ast-hfb-mobile-header-display":"","site-post-title":"","ast-breadcrumbs-content":"","ast-featured-img":"","footer-sml-layout":"","ast-disable-related-posts":"","theme-transparent-header-meta":"","adv-header-id-meta":"","stick-header-meta":"","header-above-stick-meta":"","header-main-stick-meta":"","header-below-stick-meta":"","astra-migrate-meta-layouts":"default","ast-page-background-enabled":"default","ast-page-background-meta":{"desktop":{"background-color":"var(--ast-global-color-5)","background-image":"","background-repeat":"repeat","background-position":"center center","background-size":"auto","background-attachment":"scroll","background-type":"","background-media":"","overlay-type":"","overlay-color":"","overlay-opacity":"","overlay-gradient":""},"tablet":{"background-color":"","background-image":"","background-repeat":"repeat","background-position":"center center","background-size":"auto","background-attachment":"scroll","background-type":"","background-media":"","overlay-type":"","overlay-color":"","overlay-opacity":"","overlay-gradient":""},"mobile":{"background-color":"","background-image":"","background-repeat":"repeat","background-position":"center center","background-size":"auto","background-attachment":"scroll","background-type":"","background-media":"","overlay-type":"","overlay-color":"","overlay-opacity":"","overlay-gradient":""}},"ast-content-background-meta":{"desktop":{"background-color":"var(--ast-global-color-4)","background-image":"","background-repeat":"repeat","background-position":"center center","background-size":"auto","background-attachment":"scroll","background-type":"","background-media":"","overlay-type":"","overlay-color":"","overlay-opacity":"","overlay-gradient":""},"tablet":{"background-color":"var(--ast-global-color-4)","background-image":"","background-repeat":"repeat","background-position":"center center","background-size":"auto","background-attachment":"scroll","background-type":"","background-media":"","overlay-type":"","overlay-color":"","overlay-opacity":"","overlay-gradient":""},"mobile":{"background-color":"var(--ast-global-color-4)","background-image":"","background-repeat":"repeat","background-position":"center center","background-size":"auto","background-attachment":"scroll","background-type":"","background-media":"","overlay-type":"","overlay-color":"","overlay-opacity":"","overlay-gradient":""}},"footnotes":""},"categories":[1],"tags":[],"class_list":["post-60711","post","type-post","status-publish","format-standard","hentry","category-sem-categoria"],"yoast_head":"<!-- This site is optimized with the Yoast SEO plugin v26.6 - https:\/\/yoast.com\/wordpress\/plugins\/seo\/ -->\n<title>Blogosfera maranhense de luto: morre Robert Lobato - Daniel Matos<\/title>\n<meta name=\"robots\" content=\"index, follow, max-snippet:-1, max-image-preview:large, max-video-preview:-1\" \/>\n<link rel=\"canonical\" href=\"https:\/\/www.blogsoestado.com\/danielmatos\/blogosfera-maranhense-de-luto-morre-robert-lobato\/\" \/>\n<meta property=\"og:locale\" content=\"pt_BR\" \/>\n<meta property=\"og:type\" content=\"article\" \/>\n<meta property=\"og:title\" content=\"Blogosfera maranhense de luto: morre Robert Lobato - Daniel Matos\" \/>\n<meta property=\"og:description\" content=\"O blogueiro Robert Lobato morreu, neste domingo (24), v\u00edtima de afogamento, em Bras\u00edlia. A assessoria do senador Roberto Rocha (PSDB), [&hellip;]\" \/>\n<meta property=\"og:url\" content=\"https:\/\/www.blogsoestado.com\/danielmatos\/blogosfera-maranhense-de-luto-morre-robert-lobato\/\" \/>\n<meta property=\"og:site_name\" content=\"Daniel Matos\" \/>\n<meta property=\"article:published_time\" content=\"2019-02-25T00:05:30+00:00\" \/>\n<meta property=\"og:image\" content=\"https:\/\/www.blogsoestado.com\/danielmatos\/files\/2019\/02\/bob-show2.jpg\" \/>\n<meta name=\"twitter:card\" content=\"summary_large_image\" \/>\n<meta name=\"twitter:label1\" content=\"Est. tempo de leitura\" \/>\n\t<meta name=\"twitter:data1\" content=\"1 minuto\" \/>\n<script type=\"application\/ld+json\" class=\"yoast-schema-graph\">{\"@context\":\"https:\/\/schema.org\",\"@graph\":[{\"@type\":\"WebPage\",\"@id\":\"https:\/\/www.blogsoestado.com\/danielmatos\/blogosfera-maranhense-de-luto-morre-robert-lobato\/\",\"url\":\"https:\/\/www.blogsoestado.com\/danielmatos\/blogosfera-maranhense-de-luto-morre-robert-lobato\/\",\"name\":\"Blogosfera maranhense de luto: morre Robert Lobato - Daniel Matos\",\"isPartOf\":{\"@id\":\"https:\/\/www.blogsoestado.com\/danielmatos\/#website\"},\"primaryImageOfPage\":{\"@id\":\"https:\/\/www.blogsoestado.com\/danielmatos\/blogosfera-maranhense-de-luto-morre-robert-lobato\/#primaryimage\"},\"image\":{\"@id\":\"https:\/\/www.blogsoestado.com\/danielmatos\/blogosfera-maranhense-de-luto-morre-robert-lobato\/#primaryimage\"},\"thumbnailUrl\":\"https:\/\/www.blogsoestado.com\/danielmatos\/files\/2019\/02\/bob-show2.jpg\",\"datePublished\":\"2019-02-25T00:05:30+00:00\",\"author\":{\"@id\":\"\"},\"breadcrumb\":{\"@id\":\"https:\/\/www.blogsoestado.com\/danielmatos\/blogosfera-maranhense-de-luto-morre-robert-lobato\/#breadcrumb\"},\"inLanguage\":\"pt-BR\",\"potentialAction\":[{\"@type\":\"ReadAction\",\"target\":[\"https:\/\/www.blogsoestado.com\/danielmatos\/blogosfera-maranhense-de-luto-morre-robert-lobato\/\"]}]},{\"@type\":\"ImageObject\",\"inLanguage\":\"pt-BR\",\"@id\":\"https:\/\/www.blogsoestado.com\/danielmatos\/blogosfera-maranhense-de-luto-morre-robert-lobato\/#primaryimage\",\"url\":\"https:\/\/www.blogsoestado.com\/danielmatos\/files\/2019\/02\/bob-show2.jpg\",\"contentUrl\":\"https:\/\/www.blogsoestado.com\/danielmatos\/files\/2019\/02\/bob-show2.jpg\"},{\"@type\":\"BreadcrumbList\",\"@id\":\"https:\/\/www.blogsoestado.com\/danielmatos\/blogosfera-maranhense-de-luto-morre-robert-lobato\/#breadcrumb\",\"itemListElement\":[{\"@type\":\"ListItem\",\"position\":1,\"name\":\"In\u00edcio\",\"item\":\"https:\/\/www.blogsoestado.com\/danielmatos\/\"},{\"@type\":\"ListItem\",\"position\":2,\"name\":\"Blogosfera maranhense de luto: morre Robert Lobato\"}]},{\"@type\":\"WebSite\",\"@id\":\"https:\/\/www.blogsoestado.com\/danielmatos\/#website\",\"url\":\"https:\/\/www.blogsoestado.com\/danielmatos\/\",\"name\":\"Daniel Matos\",\"description\":\"\",\"potentialAction\":[{\"@type\":\"SearchAction\",\"target\":{\"@type\":\"EntryPoint\",\"urlTemplate\":\"https:\/\/www.blogsoestado.com\/danielmatos\/?s={search_term_string}\"},\"query-input\":{\"@type\":\"PropertyValueSpecification\",\"valueRequired\":true,\"valueName\":\"search_term_string\"}}],\"inLanguage\":\"pt-BR\"}]}<\/script>\n<!-- \/ Yoast SEO plugin. -->","yoast_head_json":{"title":"Blogosfera maranhense de luto: morre Robert Lobato - Daniel Matos","robots":{"index":"index","follow":"follow","max-snippet":"max-snippet:-1","max-image-preview":"max-image-preview:large","max-video-preview":"max-video-preview:-1"},"canonical":"https:\/\/www.blogsoestado.com\/danielmatos\/blogosfera-maranhense-de-luto-morre-robert-lobato\/","og_locale":"pt_BR","og_type":"article","og_title":"Blogosfera maranhense de luto: morre Robert Lobato - Daniel Matos","og_description":"O blogueiro Robert Lobato morreu, neste domingo (24), v\u00edtima de afogamento, em Bras\u00edlia. A assessoria do senador Roberto Rocha (PSDB), [&hellip;]","og_url":"https:\/\/www.blogsoestado.com\/danielmatos\/blogosfera-maranhense-de-luto-morre-robert-lobato\/","og_site_name":"Daniel Matos","article_published_time":"2019-02-25T00:05:30+00:00","og_image":[{"url":"https:\/\/www.blogsoestado.com\/danielmatos\/files\/2019\/02\/bob-show2.jpg","type":"","width":"","height":""}],"twitter_card":"summary_large_image","twitter_misc":{"Est. tempo de leitura":"1 minuto"},"schema":{"@context":"https:\/\/schema.org","@graph":[{"@type":"WebPage","@id":"https:\/\/www.blogsoestado.com\/danielmatos\/blogosfera-maranhense-de-luto-morre-robert-lobato\/","url":"https:\/\/www.blogsoestado.com\/danielmatos\/blogosfera-maranhense-de-luto-morre-robert-lobato\/","name":"Blogosfera maranhense de luto: morre Robert Lobato - Daniel Matos","isPartOf":{"@id":"https:\/\/www.blogsoestado.com\/danielmatos\/#website"},"primaryImageOfPage":{"@id":"https:\/\/www.blogsoestado.com\/danielmatos\/blogosfera-maranhense-de-luto-morre-robert-lobato\/#primaryimage"},"image":{"@id":"https:\/\/www.blogsoestado.com\/danielmatos\/blogosfera-maranhense-de-luto-morre-robert-lobato\/#primaryimage"},"thumbnailUrl":"https:\/\/www.blogsoestado.com\/danielmatos\/files\/2019\/02\/bob-show2.jpg","datePublished":"2019-02-25T00:05:30+00:00","author":{"@id":""},"breadcrumb":{"@id":"https:\/\/www.blogsoestado.com\/danielmatos\/blogosfera-maranhense-de-luto-morre-robert-lobato\/#breadcrumb"},"inLanguage":"pt-BR","potentialAction":[{"@type":"ReadAction","target":["https:\/\/www.blogsoestado.com\/danielmatos\/blogosfera-maranhense-de-luto-morre-robert-lobato\/"]}]},{"@type":"ImageObject","inLanguage":"pt-BR","@id":"https:\/\/www.blogsoestado.com\/danielmatos\/blogosfera-maranhense-de-luto-morre-robert-lobato\/#primaryimage","url":"https:\/\/www.blogsoestado.com\/danielmatos\/files\/2019\/02\/bob-show2.jpg","contentUrl":"https:\/\/www.blogsoestado.com\/danielmatos\/files\/2019\/02\/bob-show2.jpg"},{"@type":"BreadcrumbList","@id":"https:\/\/www.blogsoestado.com\/danielmatos\/blogosfera-maranhense-de-luto-morre-robert-lobato\/#breadcrumb","itemListElement":[{"@type":"ListItem","position":1,"name":"In\u00edcio","item":"https:\/\/www.blogsoestado.com\/danielmatos\/"},{"@type":"ListItem","position":2,"name":"Blogosfera maranhense de luto: morre Robert Lobato"}]},{"@type":"WebSite","@id":"https:\/\/www.blogsoestado.com\/danielmatos\/#website","url":"https:\/\/www.blogsoestado.com\/danielmatos\/","name":"Daniel Matos","description":"","potentialAction":[{"@type":"SearchAction","target":{"@type":"EntryPoint","urlTemplate":"https:\/\/www.blogsoestado.com\/danielmatos\/?s={search_term_string}"},"query-input":{"@type":"PropertyValueSpecification","valueRequired":true,"valueName":"search_term_string"}}],"inLanguage":"pt-BR"}]}},"jetpack_featured_media_url":"","_links":{"self":[{"href":"https:\/\/www.blogsoestado.com\/danielmatos\/wp-json\/wp\/v2\/posts\/60711","targetHints":{"allow":["GET"]}}],"collection":[{"href":"https:\/\/www.blogsoestado.com\/danielmatos\/wp-json\/wp\/v2\/posts"}],"about":[{"href":"https:\/\/www.blogsoestado.com\/danielmatos\/wp-json\/wp\/v2\/types\/post"}],"replies":[{"embeddable":true,"href":"https:\/\/www.blogsoestado.com\/danielmatos\/wp-json\/wp\/v2\/comments?post=60711"}],"version-history":[{"count":0,"href":"https:\/\/www.blogsoestado.com\/danielmatos\/wp-json\/wp\/v2\/posts\/60711\/revisions"}],"wp:attachment":[{"href":"https:\/\/www.blogsoestado.com\/danielmatos\/wp-json\/wp\/v2\/media?parent=60711"}],"wp:term":[{"taxonomy":"category","embeddable":true,"href":"https:\/\/www.blogsoestado.com\/danielmatos\/wp-json\/wp\/v2\/categories?post=60711"},{"taxonomy":"post_tag","embeddable":true,"href":"https:\/\/www.blogsoestado.com\/danielmatos\/wp-json\/wp\/v2\/tags?post=60711"}],"curies":[{"name":"wp","href":"https:\/\/api.w.org\/{rel}","templated":true}]}}