{"id":60718,"date":"2019-02-25T11:36:12","date_gmt":"2019-02-25T14:36:12","guid":{"rendered":"https:\/\/www.blogsoestado.com\/danielmatos\/?p=60718"},"modified":"2019-02-25T11:36:12","modified_gmt":"2019-02-25T14:36:12","slug":"classe-politica-manifesta-pesar-pela-morte-prematura-do-blogueiro-robert-lobato","status":"publish","type":"post","link":"https:\/\/www.blogsoestado.com\/danielmatos\/classe-politica-manifesta-pesar-pela-morte-prematura-do-blogueiro-robert-lobato\/","title":{"rendered":"Classe pol\u00edtica manifesta pesar pela morte prematura do blogueiro Robert Lobato"},"content":{"rendered":"\n<figure class=\"wp-block-image\"><img decoding=\"async\" src=\"https:\/\/www.blogsoestado.com\/danielmatos\/files\/2019\/02\/bob-show.jpg\" alt=\"\" class=\"wp-image-60719\"\/><figcaption>Morte tr\u00e1gica do blogueiro Robert Lobato despertou como\u00e7\u00e3o na classe pol\u00edtica maranhense<\/figcaption><\/figure>\n\n\n\n<p>A classe pol\u00edtica do Maranh\u00e3o manifestou pesar pela morte prematura do blogueiro Robert Lobato, v\u00edtima de afogamento, ontem, em uma \u00e1rea rural do Distrito Federal. Os presidentes da C\u00e2mara Municipal e Assembleia Legislativa emitiram nota lamentando a trag\u00e9dia. Deputados estaduais e o senador Roberto Rocha (PSDB), de quem Robert era    tamb\u00e9m se solidarizaram \u00e0 dor da fam\u00edlia, dos amigos e dos colegas de of\u00edcio, como o blogueiro era chamado carinhosamente pelos mais pr\u00f3ximos.<\/p>\n\n\n\n<p>Em nota assinada pelo presidente Othelino Neto, a Assembleia Legislativa externou sua consterna\u00e7\u00e3o: &#8220;\u00c9 com muita tristeza que recebemos a not\u00edcia do falecimento do blogueiro\u00a0Robert Lobato, neste domingo (24), por afogamento, no Distrito Federal.\u00a0Em seu blog, Robert Lobato atuava tamb\u00e9m na cobertura dos fatos pol\u00edticos na\u00a0 Assembleia Legislativa do Maranh\u00e3o. Era um profissional bastante atento \u00e0s not\u00edcias sobre o Estado.\u00a0Nossas sinceras condol\u00eancias \u00e0 fam\u00edlia e aos amigos por esta inestim\u00e1vel perda. Neste momento de dor, solidarizamo-nos com todos, rogando a Deus que conforte os seus entes queridos.<\/p>\n\n\n\n<p><strong>Carinho<\/strong><\/p>\n\n\n\n<p>A Diretoria de Comunica\u00e7\u00e3o da Assembleia tamb\u00e9m se pronunciou sobre o fat\u00eddico epis\u00f3dio: &#8220;\u00c9 com com profundo pesar que recebemos a not\u00edcia da perda inestim\u00e1vel do blogueiro e amigo Robert Lobato, ocorrida neste domingo (24), por afogamento, em Bras\u00edlia. Profissional atuante, respeitado e muito querido, Robert Lobato  dedicava-se tamb\u00e9m \u00e0 cobertura di\u00e1ria  dos trabalhos na Assembleia Legislativa e na divulga\u00e7\u00e3o de informa\u00e7\u00f5es pol\u00edticas de interesse p\u00fablico. Em nome da Diretoria de Comunica\u00e7\u00e3o da Assembleia, prestamos nossa solidariedade aos familiares, amigos e colegas de trabalho de Bob Lobato, como era carinhosamente chamado, rogando a Deus o conforto necess\u00e1rio para superar a dor desta perda&#8221;.<\/p>\n\n\n\n<p>A C\u00e2mara Municipal de S\u00e3o Luis manifestou p\u00easames, per meio de sua Mesa Diretora: &#8221; A C\u00e2mara Municipal de S\u00e3o Lu\u00eds, atrav\u00e9s da sua Mesa Diretora, vem externar profunda tristeza em rela\u00e7\u00e3o \u00e0 morte prematura do blogueiro maranhense\u00a0Robert\u00a0Lobato, ocorrida no Distrito Federal, neste domingo (24). A Casa se solidariza com a fam\u00edlia e amigos; ao mesmo tempo que reconhece o relevante trabalho desenvolvido por\u00a0Robert\u00a0Lobato, desde 2008 em seu Blog, onde atuava como analista do cen\u00e1rio pol\u00edtico de nosso Estado&#8221;.<\/p>\n\n\n\n<p><\/p>\n\n\n\n<p><strong>Amizade<\/strong><\/p>\n\n\n\n<p>Outro que se solidarizou \u00e0 dor da perda do blogueiro foi o senador Roberto Rocha, de quem Bob era amigo e assessor: &#8220;Compartilho com imensa dor e tristeza o falecimento do meu querido amigo e articulista pol\u00edtico, Robert Lobato, v\u00edtima de uma fatalidade nesta tarde. Meu abra\u00e7o fraterno e solidariedade \u00e0 esposa e aos filhos. Deus, na sua infinita miseric\u00f3rdia, aben\u00e7oe os familiares e conforte o cora\u00e7\u00e3o de todos n\u00f3s. Descanse em paz, meu amigo&#8221;, que postou em sua p\u00e1gina pessoa no Facebook v\u00e1rias fotos do agora saudoso blogueiro. <\/p>\n\n\n\n<p>O deputado estadual Adriano Sarney manifestou suas condol\u00eancias com a seguinte mensagem: &#8220;\u00c9 com profunda tristeza que lamento a partida t\u00e3o precoce do jornalista e blogueiro Robert Lobato. Neste momento de dor, quero solidarizar-me com sua fam\u00edlia, amigos e que Deus possa confortar os cora\u00e7\u00f5es de todos que neste momento sofrem com a sua partida&#8221;.<\/p>\n\n\n\n<p><strong>Confidente<\/strong><\/p>\n\n\n\n<p>Wellington do Curso disse que nutria sentimentos sinceros de respeito e carinho e que Robert Lobato foi, em alguns momentos, seu confidente e consultor. &#8220;\u00c9 com pesar que recebemos a triste not\u00edcia do falecimento do nosso amigo Robert Lobato. Um blogueiro e jornalista que muito fez pela transmiss\u00e3o de not\u00edcias no Maranh\u00e3o. Um protagonista no nosso tempo, com uma escrita refinada, an\u00e1lises pol\u00edticas coerentes, respeito e notoriedade de todos que o conheciam. Eu, em particular, nutria sentimentos sinceros de respeito e carinho por quem reciprocamente foi um parceiro e em alguns momentos confidente e consultor. Pedimos a Deus que console os cora\u00e7\u00f5es dos familiares e amigos e que o receba de bra\u00e7os abertos. Deixamos aqui os nossos mais sinceros sentimentos a um amigo. Descanse em paz, amigo Bob!\u201d  <\/p>\n\n\n\n<p>O deputado Z\u00e9 In\u00e1cio, que por muitos anos militou ao lado de Bob no PT, manifestou certo inconformismo com a trag\u00e9dia que vitimou o companheiro ao registrar que sua morte n\u00e3o parece justa. &#8220;Foi com tristeza e consterna\u00e7\u00e3o que recebi, hoje (24), a not\u00edcia do falecimento do jornalista maranhense Robert Lobato. Robert exerceu com maestria a profiss\u00e3o de jornalista. A sua morte inesperada n\u00e3o me parece justa. Far\u00e1 falta n\u00e3o apenas aos seus familiares, mas tamb\u00e9m aos seus amigos e a todo o jornalismo maranhense. Solidarizo-me neste momento de dor e pesar com todos os familiares de Robert Lobato. Estamos tristes e ainda incr\u00e9dulos em rela\u00e7\u00e3o ao seu falecimento&#8221;.<\/p>\n\n\n\n<p>Neto Evangelista tamb\u00e9m transmitiu sua mensagem de pesar pelo triste fim do blogueiro. &#8220;\u00c9 com profundo pesar que recebi a not\u00edcia do falecimento do amigo Robert Lobato, v\u00edtima de afogamento, neste domingo (24), em Bras\u00edlia. Grande entusiasta do meu trabalho e projetos pol\u00edticos, t\u00ednhamos bons e constantes di\u00e1logos. Robert foi um excelente profissional e tinha uma vis\u00e3o diferenciada da pol\u00edtica. Ele deixa sua marca na cobertura jornal\u00edstica maranhense. Dif\u00edcil de acreditar. Neste momento de tristeza, me uno em ora\u00e7\u00e3o aos seus familiares e tantos amigos e expresso as minhas mais sinceras condol\u00eancias&#8221;.<\/p>\n\n\n\n<p>O Governo do Estado e a Prefeitura de S\u00e3o Lu\u00eds n\u00e3o se pronunciaram, at\u00e9 o momento, sobre a morte de Robert Lobato.<\/p>\n\n\n\n<p> <\/p>\n\n\n\n<p>   <\/p>\n","protected":false},"excerpt":{"rendered":"<p>A classe pol\u00edtica do Maranh\u00e3o manifestou pesar pela morte prematura do blogueiro Robert Lobato, v\u00edtima de afogamento, ontem, em uma [&hellip;]<\/p>\n","protected":false},"author":0,"featured_media":0,"comment_status":"open","ping_status":"open","sticky":false,"template":"","format":"standard","meta":{"site-sidebar-layout":"default","site-content-layout":"","ast-site-content-layout":"default","site-content-style":"default","site-sidebar-style":"default","ast-global-header-display":"","ast-banner-title-visibility":"","ast-main-header-display":"","ast-hfb-above-header-display":"","ast-hfb-below-header-display":"","ast-hfb-mobile-header-display":"","site-post-title":"","ast-breadcrumbs-content":"","ast-featured-img":"","footer-sml-layout":"","ast-disable-related-posts":"","theme-transparent-header-meta":"","adv-header-id-meta":"","stick-header-meta":"","header-above-stick-meta":"","header-main-stick-meta":"","header-below-stick-meta":"","astra-migrate-meta-layouts":"default","ast-page-background-enabled":"default","ast-page-background-meta":{"desktop":{"background-color":"var(--ast-global-color-5)","background-image":"","background-repeat":"repeat","background-position":"center center","background-size":"auto","background-attachment":"scroll","background-type":"","background-media":"","overlay-type":"","overlay-color":"","overlay-opacity":"","overlay-gradient":""},"tablet":{"background-color":"","background-image":"","background-repeat":"repeat","background-position":"center center","background-size":"auto","background-attachment":"scroll","background-type":"","background-media":"","overlay-type":"","overlay-color":"","overlay-opacity":"","overlay-gradient":""},"mobile":{"background-color":"","background-image":"","background-repeat":"repeat","background-position":"center center","background-size":"auto","background-attachment":"scroll","background-type":"","background-media":"","overlay-type":"","overlay-color":"","overlay-opacity":"","overlay-gradient":""}},"ast-content-background-meta":{"desktop":{"background-color":"var(--ast-global-color-4)","background-image":"","background-repeat":"repeat","background-position":"center center","background-size":"auto","background-attachment":"scroll","background-type":"","background-media":"","overlay-type":"","overlay-color":"","overlay-opacity":"","overlay-gradient":""},"tablet":{"background-color":"var(--ast-global-color-4)","background-image":"","background-repeat":"repeat","background-position":"center center","background-size":"auto","background-attachment":"scroll","background-type":"","background-media":"","overlay-type":"","overlay-color":"","overlay-opacity":"","overlay-gradient":""},"mobile":{"background-color":"var(--ast-global-color-4)","background-image":"","background-repeat":"repeat","background-position":"center center","background-size":"auto","background-attachment":"scroll","background-type":"","background-media":"","overlay-type":"","overlay-color":"","overlay-opacity":"","overlay-gradient":""}},"footnotes":""},"categories":[1],"tags":[],"class_list":["post-60718","post","type-post","status-publish","format-standard","hentry","category-sem-categoria"],"yoast_head":"<!-- This site is optimized with the Yoast SEO plugin v26.6 - https:\/\/yoast.com\/wordpress\/plugins\/seo\/ -->\n<title>Classe pol\u00edtica manifesta pesar pela morte prematura do blogueiro Robert Lobato - Daniel Matos<\/title>\n<meta name=\"robots\" content=\"index, follow, max-snippet:-1, max-image-preview:large, max-video-preview:-1\" \/>\n<link rel=\"canonical\" href=\"https:\/\/www.blogsoestado.com\/danielmatos\/classe-politica-manifesta-pesar-pela-morte-prematura-do-blogueiro-robert-lobato\/\" \/>\n<meta property=\"og:locale\" content=\"pt_BR\" \/>\n<meta property=\"og:type\" content=\"article\" \/>\n<meta property=\"og:title\" content=\"Classe pol\u00edtica manifesta pesar pela morte prematura do blogueiro Robert Lobato - Daniel Matos\" \/>\n<meta property=\"og:description\" content=\"A classe pol\u00edtica do Maranh\u00e3o manifestou pesar pela morte prematura do blogueiro Robert Lobato, v\u00edtima de afogamento, ontem, em uma [&hellip;]\" \/>\n<meta property=\"og:url\" content=\"https:\/\/www.blogsoestado.com\/danielmatos\/classe-politica-manifesta-pesar-pela-morte-prematura-do-blogueiro-robert-lobato\/\" \/>\n<meta property=\"og:site_name\" content=\"Daniel Matos\" \/>\n<meta property=\"article:published_time\" content=\"2019-02-25T14:36:12+00:00\" \/>\n<meta property=\"og:image\" content=\"https:\/\/www.blogsoestado.com\/danielmatos\/files\/2019\/02\/bob-show.jpg\" \/>\n<meta name=\"twitter:card\" content=\"summary_large_image\" \/>\n<meta name=\"twitter:label1\" content=\"Est. tempo de leitura\" \/>\n\t<meta name=\"twitter:data1\" content=\"5 minutos\" \/>\n<script type=\"application\/ld+json\" class=\"yoast-schema-graph\">{\"@context\":\"https:\/\/schema.org\",\"@graph\":[{\"@type\":\"WebPage\",\"@id\":\"https:\/\/www.blogsoestado.com\/danielmatos\/classe-politica-manifesta-pesar-pela-morte-prematura-do-blogueiro-robert-lobato\/\",\"url\":\"https:\/\/www.blogsoestado.com\/danielmatos\/classe-politica-manifesta-pesar-pela-morte-prematura-do-blogueiro-robert-lobato\/\",\"name\":\"Classe pol\u00edtica manifesta pesar pela morte prematura do blogueiro Robert Lobato - Daniel Matos\",\"isPartOf\":{\"@id\":\"https:\/\/www.blogsoestado.com\/danielmatos\/#website\"},\"primaryImageOfPage\":{\"@id\":\"https:\/\/www.blogsoestado.com\/danielmatos\/classe-politica-manifesta-pesar-pela-morte-prematura-do-blogueiro-robert-lobato\/#primaryimage\"},\"image\":{\"@id\":\"https:\/\/www.blogsoestado.com\/danielmatos\/classe-politica-manifesta-pesar-pela-morte-prematura-do-blogueiro-robert-lobato\/#primaryimage\"},\"thumbnailUrl\":\"https:\/\/www.blogsoestado.com\/danielmatos\/files\/2019\/02\/bob-show.jpg\",\"datePublished\":\"2019-02-25T14:36:12+00:00\",\"author\":{\"@id\":\"\"},\"breadcrumb\":{\"@id\":\"https:\/\/www.blogsoestado.com\/danielmatos\/classe-politica-manifesta-pesar-pela-morte-prematura-do-blogueiro-robert-lobato\/#breadcrumb\"},\"inLanguage\":\"pt-BR\",\"potentialAction\":[{\"@type\":\"ReadAction\",\"target\":[\"https:\/\/www.blogsoestado.com\/danielmatos\/classe-politica-manifesta-pesar-pela-morte-prematura-do-blogueiro-robert-lobato\/\"]}]},{\"@type\":\"ImageObject\",\"inLanguage\":\"pt-BR\",\"@id\":\"https:\/\/www.blogsoestado.com\/danielmatos\/classe-politica-manifesta-pesar-pela-morte-prematura-do-blogueiro-robert-lobato\/#primaryimage\",\"url\":\"https:\/\/www.blogsoestado.com\/danielmatos\/files\/2019\/02\/bob-show.jpg\",\"contentUrl\":\"https:\/\/www.blogsoestado.com\/danielmatos\/files\/2019\/02\/bob-show.jpg\"},{\"@type\":\"BreadcrumbList\",\"@id\":\"https:\/\/www.blogsoestado.com\/danielmatos\/classe-politica-manifesta-pesar-pela-morte-prematura-do-blogueiro-robert-lobato\/#breadcrumb\",\"itemListElement\":[{\"@type\":\"ListItem\",\"position\":1,\"name\":\"In\u00edcio\",\"item\":\"https:\/\/www.blogsoestado.com\/danielmatos\/\"},{\"@type\":\"ListItem\",\"position\":2,\"name\":\"Classe pol\u00edtica manifesta pesar pela morte prematura do blogueiro Robert Lobato\"}]},{\"@type\":\"WebSite\",\"@id\":\"https:\/\/www.blogsoestado.com\/danielmatos\/#website\",\"url\":\"https:\/\/www.blogsoestado.com\/danielmatos\/\",\"name\":\"Daniel Matos\",\"description\":\"\",\"potentialAction\":[{\"@type\":\"SearchAction\",\"target\":{\"@type\":\"EntryPoint\",\"urlTemplate\":\"https:\/\/www.blogsoestado.com\/danielmatos\/?s={search_term_string}\"},\"query-input\":{\"@type\":\"PropertyValueSpecification\",\"valueRequired\":true,\"valueName\":\"search_term_string\"}}],\"inLanguage\":\"pt-BR\"}]}<\/script>\n<!-- \/ Yoast SEO plugin. -->","yoast_head_json":{"title":"Classe pol\u00edtica manifesta pesar pela morte prematura do blogueiro Robert Lobato - Daniel Matos","robots":{"index":"index","follow":"follow","max-snippet":"max-snippet:-1","max-image-preview":"max-image-preview:large","max-video-preview":"max-video-preview:-1"},"canonical":"https:\/\/www.blogsoestado.com\/danielmatos\/classe-politica-manifesta-pesar-pela-morte-prematura-do-blogueiro-robert-lobato\/","og_locale":"pt_BR","og_type":"article","og_title":"Classe pol\u00edtica manifesta pesar pela morte prematura do blogueiro Robert Lobato - Daniel Matos","og_description":"A classe pol\u00edtica do Maranh\u00e3o manifestou pesar pela morte prematura do blogueiro Robert Lobato, v\u00edtima de afogamento, ontem, em uma [&hellip;]","og_url":"https:\/\/www.blogsoestado.com\/danielmatos\/classe-politica-manifesta-pesar-pela-morte-prematura-do-blogueiro-robert-lobato\/","og_site_name":"Daniel Matos","article_published_time":"2019-02-25T14:36:12+00:00","og_image":[{"url":"https:\/\/www.blogsoestado.com\/danielmatos\/files\/2019\/02\/bob-show.jpg","type":"","width":"","height":""}],"twitter_card":"summary_large_image","twitter_misc":{"Est. tempo de leitura":"5 minutos"},"schema":{"@context":"https:\/\/schema.org","@graph":[{"@type":"WebPage","@id":"https:\/\/www.blogsoestado.com\/danielmatos\/classe-politica-manifesta-pesar-pela-morte-prematura-do-blogueiro-robert-lobato\/","url":"https:\/\/www.blogsoestado.com\/danielmatos\/classe-politica-manifesta-pesar-pela-morte-prematura-do-blogueiro-robert-lobato\/","name":"Classe pol\u00edtica manifesta pesar pela morte prematura do blogueiro Robert Lobato - Daniel Matos","isPartOf":{"@id":"https:\/\/www.blogsoestado.com\/danielmatos\/#website"},"primaryImageOfPage":{"@id":"https:\/\/www.blogsoestado.com\/danielmatos\/classe-politica-manifesta-pesar-pela-morte-prematura-do-blogueiro-robert-lobato\/#primaryimage"},"image":{"@id":"https:\/\/www.blogsoestado.com\/danielmatos\/classe-politica-manifesta-pesar-pela-morte-prematura-do-blogueiro-robert-lobato\/#primaryimage"},"thumbnailUrl":"https:\/\/www.blogsoestado.com\/danielmatos\/files\/2019\/02\/bob-show.jpg","datePublished":"2019-02-25T14:36:12+00:00","author":{"@id":""},"breadcrumb":{"@id":"https:\/\/www.blogsoestado.com\/danielmatos\/classe-politica-manifesta-pesar-pela-morte-prematura-do-blogueiro-robert-lobato\/#breadcrumb"},"inLanguage":"pt-BR","potentialAction":[{"@type":"ReadAction","target":["https:\/\/www.blogsoestado.com\/danielmatos\/classe-politica-manifesta-pesar-pela-morte-prematura-do-blogueiro-robert-lobato\/"]}]},{"@type":"ImageObject","inLanguage":"pt-BR","@id":"https:\/\/www.blogsoestado.com\/danielmatos\/classe-politica-manifesta-pesar-pela-morte-prematura-do-blogueiro-robert-lobato\/#primaryimage","url":"https:\/\/www.blogsoestado.com\/danielmatos\/files\/2019\/02\/bob-show.jpg","contentUrl":"https:\/\/www.blogsoestado.com\/danielmatos\/files\/2019\/02\/bob-show.jpg"},{"@type":"BreadcrumbList","@id":"https:\/\/www.blogsoestado.com\/danielmatos\/classe-politica-manifesta-pesar-pela-morte-prematura-do-blogueiro-robert-lobato\/#breadcrumb","itemListElement":[{"@type":"ListItem","position":1,"name":"In\u00edcio","item":"https:\/\/www.blogsoestado.com\/danielmatos\/"},{"@type":"ListItem","position":2,"name":"Classe pol\u00edtica manifesta pesar pela morte prematura do blogueiro Robert Lobato"}]},{"@type":"WebSite","@id":"https:\/\/www.blogsoestado.com\/danielmatos\/#website","url":"https:\/\/www.blogsoestado.com\/danielmatos\/","name":"Daniel Matos","description":"","potentialAction":[{"@type":"SearchAction","target":{"@type":"EntryPoint","urlTemplate":"https:\/\/www.blogsoestado.com\/danielmatos\/?s={search_term_string}"},"query-input":{"@type":"PropertyValueSpecification","valueRequired":true,"valueName":"search_term_string"}}],"inLanguage":"pt-BR"}]}},"jetpack_featured_media_url":"","_links":{"self":[{"href":"https:\/\/www.blogsoestado.com\/danielmatos\/wp-json\/wp\/v2\/posts\/60718","targetHints":{"allow":["GET"]}}],"collection":[{"href":"https:\/\/www.blogsoestado.com\/danielmatos\/wp-json\/wp\/v2\/posts"}],"about":[{"href":"https:\/\/www.blogsoestado.com\/danielmatos\/wp-json\/wp\/v2\/types\/post"}],"replies":[{"embeddable":true,"href":"https:\/\/www.blogsoestado.com\/danielmatos\/wp-json\/wp\/v2\/comments?post=60718"}],"version-history":[{"count":0,"href":"https:\/\/www.blogsoestado.com\/danielmatos\/wp-json\/wp\/v2\/posts\/60718\/revisions"}],"wp:attachment":[{"href":"https:\/\/www.blogsoestado.com\/danielmatos\/wp-json\/wp\/v2\/media?parent=60718"}],"wp:term":[{"taxonomy":"category","embeddable":true,"href":"https:\/\/www.blogsoestado.com\/danielmatos\/wp-json\/wp\/v2\/categories?post=60718"},{"taxonomy":"post_tag","embeddable":true,"href":"https:\/\/www.blogsoestado.com\/danielmatos\/wp-json\/wp\/v2\/tags?post=60718"}],"curies":[{"name":"wp","href":"https:\/\/api.w.org\/{rel}","templated":true}]}}