{"id":60721,"date":"2019-02-25T14:41:16","date_gmt":"2019-02-25T17:41:16","guid":{"rendered":"https:\/\/www.blogsoestado.com\/danielmatos\/?p=60721"},"modified":"2019-02-25T14:41:16","modified_gmt":"2019-02-25T17:41:16","slug":"comercio-de-sao-luis-funcionara-ate-o-sabado-de-carnaval-e-so-reabrira-as-portas-na-quarta-feira-de-cinzas-a-tarde","status":"publish","type":"post","link":"https:\/\/www.blogsoestado.com\/danielmatos\/comercio-de-sao-luis-funcionara-ate-o-sabado-de-carnaval-e-so-reabrira-as-portas-na-quarta-feira-de-cinzas-a-tarde\/","title":{"rendered":"Com\u00e9rcio de S\u00e3o Lu\u00eds funcionar\u00e1 at\u00e9 o S\u00e1bado de Carnaval e s\u00f3 reabrir\u00e1 na Quarta-Feira de Cinzas, \u00e0 tarde"},"content":{"rendered":"\n<p class=\"has-text-color has-large-font-size has-vivid-red-color\">Supermercados e farm\u00e1cias poder\u00e3o abrir as portas em hor\u00e1rio livre durante a folia<\/p>\n\n\n\n<figure class=\"wp-block-image\"><img decoding=\"async\" src=\"https:\/\/www.blogsoestado.com\/danielmatos\/files\/2019\/02\/comercio-rua-grande2.jpg\" alt=\"\" class=\"wp-image-60722\"\/><figcaption>Com\u00e9rcio da Rua Grande fechar\u00e1 S\u00e1bado de Carnaval e s\u00f3 reabrir\u00e1 Quarta-Feira de Cinzas<\/figcaption><\/figure>\n\n\n\n<p>A Federa\u00e7\u00e3o do Com\u00e9rcio de Bens, Servi\u00e7os e Turismo do Estado do Maranh\u00e3o (Fecom\u00e9rcio-MA) informa que, conforme acordo firmado entre empregadores e empregados por meio da Conven\u00e7\u00e3o Coletiva de Trabalho, o com\u00e9rcio em S\u00e3o Lu\u00eds funcionar\u00e1 at\u00e9 \u00e0s 14 horas do s\u00e1bado de Carnaval, reabrindo somente na Quarta-Feira de Cinzas, a partir das 13 horas. <\/p>\n\n\n\n<p>As lojas situadas nos Shopping Centers poder\u00e3o funcionar at\u00e9 \u00e0s 22 horas do s\u00e1bado, reabrindo tamb\u00e9m na Quarta-Feira de Cinzas, a partir das 13 horas.<\/p>\n\n\n\n<p>Os supermercados e as farm\u00e1cias, consideradas atividades essenciais, podem funcionar em hor\u00e1rios livres nesse dia.<\/p>\n\n\n\n<p><strong>Fonte:<\/strong> Fecom\u00e9rcio<\/p>\n","protected":false},"excerpt":{"rendered":"<p>Supermercados e farm\u00e1cias poder\u00e3o abrir as portas em hor\u00e1rio livre durante a folia A Federa\u00e7\u00e3o do Com\u00e9rcio de Bens, Servi\u00e7os [&hellip;]<\/p>\n","protected":false},"author":0,"featured_media":0,"comment_status":"open","ping_status":"open","sticky":false,"template":"","format":"standard","meta":{"site-sidebar-layout":"default","site-content-layout":"","ast-site-content-layout":"default","site-content-style":"default","site-sidebar-style":"default","ast-global-header-display":"","ast-banner-title-visibility":"","ast-main-header-display":"","ast-hfb-above-header-display":"","ast-hfb-below-header-display":"","ast-hfb-mobile-header-display":"","site-post-title":"","ast-breadcrumbs-content":"","ast-featured-img":"","footer-sml-layout":"","ast-disable-related-posts":"","theme-transparent-header-meta":"","adv-header-id-meta":"","stick-header-meta":"","header-above-stick-meta":"","header-main-stick-meta":"","header-below-stick-meta":"","astra-migrate-meta-layouts":"default","ast-page-background-enabled":"default","ast-page-background-meta":{"desktop":{"background-color":"var(--ast-global-color-5)","background-image":"","background-repeat":"repeat","background-position":"center center","background-size":"auto","background-attachment":"scroll","background-type":"","background-media":"","overlay-type":"","overlay-color":"","overlay-opacity":"","overlay-gradient":""},"tablet":{"background-color":"","background-image":"","background-repeat":"repeat","background-position":"center center","background-size":"auto","background-attachment":"scroll","background-type":"","background-media":"","overlay-type":"","overlay-color":"","overlay-opacity":"","overlay-gradient":""},"mobile":{"background-color":"","background-image":"","background-repeat":"repeat","background-position":"center center","background-size":"auto","background-attachment":"scroll","background-type":"","background-media":"","overlay-type":"","overlay-color":"","overlay-opacity":"","overlay-gradient":""}},"ast-content-background-meta":{"desktop":{"background-color":"var(--ast-global-color-4)","background-image":"","background-repeat":"repeat","background-position":"center center","background-size":"auto","background-attachment":"scroll","background-type":"","background-media":"","overlay-type":"","overlay-color":"","overlay-opacity":"","overlay-gradient":""},"tablet":{"background-color":"var(--ast-global-color-4)","background-image":"","background-repeat":"repeat","background-position":"center center","background-size":"auto","background-attachment":"scroll","background-type":"","background-media":"","overlay-type":"","overlay-color":"","overlay-opacity":"","overlay-gradient":""},"mobile":{"background-color":"var(--ast-global-color-4)","background-image":"","background-repeat":"repeat","background-position":"center center","background-size":"auto","background-attachment":"scroll","background-type":"","background-media":"","overlay-type":"","overlay-color":"","overlay-opacity":"","overlay-gradient":""}},"footnotes":""},"categories":[1],"tags":[],"class_list":["post-60721","post","type-post","status-publish","format-standard","hentry","category-sem-categoria"],"yoast_head":"<!-- This site is optimized with the Yoast SEO plugin v26.6 - https:\/\/yoast.com\/wordpress\/plugins\/seo\/ -->\n<title>Com\u00e9rcio de S\u00e3o Lu\u00eds funcionar\u00e1 at\u00e9 o S\u00e1bado de Carnaval e s\u00f3 reabrir\u00e1 na Quarta-Feira de Cinzas, \u00e0 tarde - Daniel Matos<\/title>\n<meta name=\"robots\" content=\"index, follow, max-snippet:-1, max-image-preview:large, max-video-preview:-1\" \/>\n<link rel=\"canonical\" href=\"https:\/\/www.blogsoestado.com\/danielmatos\/comercio-de-sao-luis-funcionara-ate-o-sabado-de-carnaval-e-so-reabrira-as-portas-na-quarta-feira-de-cinzas-a-tarde\/\" \/>\n<meta property=\"og:locale\" content=\"pt_BR\" \/>\n<meta property=\"og:type\" content=\"article\" \/>\n<meta property=\"og:title\" content=\"Com\u00e9rcio de S\u00e3o Lu\u00eds funcionar\u00e1 at\u00e9 o S\u00e1bado de Carnaval e s\u00f3 reabrir\u00e1 na Quarta-Feira de Cinzas, \u00e0 tarde - Daniel Matos\" \/>\n<meta property=\"og:description\" content=\"Supermercados e farm\u00e1cias poder\u00e3o abrir as portas em hor\u00e1rio livre durante a folia A Federa\u00e7\u00e3o do Com\u00e9rcio de Bens, Servi\u00e7os [&hellip;]\" \/>\n<meta property=\"og:url\" content=\"https:\/\/www.blogsoestado.com\/danielmatos\/comercio-de-sao-luis-funcionara-ate-o-sabado-de-carnaval-e-so-reabrira-as-portas-na-quarta-feira-de-cinzas-a-tarde\/\" \/>\n<meta property=\"og:site_name\" content=\"Daniel Matos\" \/>\n<meta property=\"article:published_time\" content=\"2019-02-25T17:41:16+00:00\" \/>\n<meta property=\"og:image\" content=\"https:\/\/www.blogsoestado.com\/danielmatos\/files\/2019\/02\/comercio-rua-grande2.jpg\" \/>\n<meta name=\"twitter:card\" content=\"summary_large_image\" \/>\n<meta name=\"twitter:label1\" content=\"Est. tempo de leitura\" \/>\n\t<meta name=\"twitter:data1\" content=\"1 minuto\" \/>\n<script type=\"application\/ld+json\" class=\"yoast-schema-graph\">{\"@context\":\"https:\/\/schema.org\",\"@graph\":[{\"@type\":\"WebPage\",\"@id\":\"https:\/\/www.blogsoestado.com\/danielmatos\/comercio-de-sao-luis-funcionara-ate-o-sabado-de-carnaval-e-so-reabrira-as-portas-na-quarta-feira-de-cinzas-a-tarde\/\",\"url\":\"https:\/\/www.blogsoestado.com\/danielmatos\/comercio-de-sao-luis-funcionara-ate-o-sabado-de-carnaval-e-so-reabrira-as-portas-na-quarta-feira-de-cinzas-a-tarde\/\",\"name\":\"Com\u00e9rcio de S\u00e3o Lu\u00eds funcionar\u00e1 at\u00e9 o S\u00e1bado de Carnaval e s\u00f3 reabrir\u00e1 na Quarta-Feira de Cinzas, \u00e0 tarde - Daniel Matos\",\"isPartOf\":{\"@id\":\"https:\/\/www.blogsoestado.com\/danielmatos\/#website\"},\"primaryImageOfPage\":{\"@id\":\"https:\/\/www.blogsoestado.com\/danielmatos\/comercio-de-sao-luis-funcionara-ate-o-sabado-de-carnaval-e-so-reabrira-as-portas-na-quarta-feira-de-cinzas-a-tarde\/#primaryimage\"},\"image\":{\"@id\":\"https:\/\/www.blogsoestado.com\/danielmatos\/comercio-de-sao-luis-funcionara-ate-o-sabado-de-carnaval-e-so-reabrira-as-portas-na-quarta-feira-de-cinzas-a-tarde\/#primaryimage\"},\"thumbnailUrl\":\"https:\/\/www.blogsoestado.com\/danielmatos\/files\/2019\/02\/comercio-rua-grande2.jpg\",\"datePublished\":\"2019-02-25T17:41:16+00:00\",\"author\":{\"@id\":\"\"},\"breadcrumb\":{\"@id\":\"https:\/\/www.blogsoestado.com\/danielmatos\/comercio-de-sao-luis-funcionara-ate-o-sabado-de-carnaval-e-so-reabrira-as-portas-na-quarta-feira-de-cinzas-a-tarde\/#breadcrumb\"},\"inLanguage\":\"pt-BR\",\"potentialAction\":[{\"@type\":\"ReadAction\",\"target\":[\"https:\/\/www.blogsoestado.com\/danielmatos\/comercio-de-sao-luis-funcionara-ate-o-sabado-de-carnaval-e-so-reabrira-as-portas-na-quarta-feira-de-cinzas-a-tarde\/\"]}]},{\"@type\":\"ImageObject\",\"inLanguage\":\"pt-BR\",\"@id\":\"https:\/\/www.blogsoestado.com\/danielmatos\/comercio-de-sao-luis-funcionara-ate-o-sabado-de-carnaval-e-so-reabrira-as-portas-na-quarta-feira-de-cinzas-a-tarde\/#primaryimage\",\"url\":\"https:\/\/www.blogsoestado.com\/danielmatos\/files\/2019\/02\/comercio-rua-grande2.jpg\",\"contentUrl\":\"https:\/\/www.blogsoestado.com\/danielmatos\/files\/2019\/02\/comercio-rua-grande2.jpg\"},{\"@type\":\"BreadcrumbList\",\"@id\":\"https:\/\/www.blogsoestado.com\/danielmatos\/comercio-de-sao-luis-funcionara-ate-o-sabado-de-carnaval-e-so-reabrira-as-portas-na-quarta-feira-de-cinzas-a-tarde\/#breadcrumb\",\"itemListElement\":[{\"@type\":\"ListItem\",\"position\":1,\"name\":\"In\u00edcio\",\"item\":\"https:\/\/www.blogsoestado.com\/danielmatos\/\"},{\"@type\":\"ListItem\",\"position\":2,\"name\":\"Com\u00e9rcio de S\u00e3o Lu\u00eds funcionar\u00e1 at\u00e9 o S\u00e1bado de Carnaval e s\u00f3 reabrir\u00e1 na Quarta-Feira de Cinzas, \u00e0 tarde\"}]},{\"@type\":\"WebSite\",\"@id\":\"https:\/\/www.blogsoestado.com\/danielmatos\/#website\",\"url\":\"https:\/\/www.blogsoestado.com\/danielmatos\/\",\"name\":\"Daniel Matos\",\"description\":\"\",\"potentialAction\":[{\"@type\":\"SearchAction\",\"target\":{\"@type\":\"EntryPoint\",\"urlTemplate\":\"https:\/\/www.blogsoestado.com\/danielmatos\/?s={search_term_string}\"},\"query-input\":{\"@type\":\"PropertyValueSpecification\",\"valueRequired\":true,\"valueName\":\"search_term_string\"}}],\"inLanguage\":\"pt-BR\"}]}<\/script>\n<!-- \/ Yoast SEO plugin. -->","yoast_head_json":{"title":"Com\u00e9rcio de S\u00e3o Lu\u00eds funcionar\u00e1 at\u00e9 o S\u00e1bado de Carnaval e s\u00f3 reabrir\u00e1 na Quarta-Feira de Cinzas, \u00e0 tarde - Daniel Matos","robots":{"index":"index","follow":"follow","max-snippet":"max-snippet:-1","max-image-preview":"max-image-preview:large","max-video-preview":"max-video-preview:-1"},"canonical":"https:\/\/www.blogsoestado.com\/danielmatos\/comercio-de-sao-luis-funcionara-ate-o-sabado-de-carnaval-e-so-reabrira-as-portas-na-quarta-feira-de-cinzas-a-tarde\/","og_locale":"pt_BR","og_type":"article","og_title":"Com\u00e9rcio de S\u00e3o Lu\u00eds funcionar\u00e1 at\u00e9 o S\u00e1bado de Carnaval e s\u00f3 reabrir\u00e1 na Quarta-Feira de Cinzas, \u00e0 tarde - Daniel Matos","og_description":"Supermercados e farm\u00e1cias poder\u00e3o abrir as portas em hor\u00e1rio livre durante a folia A Federa\u00e7\u00e3o do Com\u00e9rcio de Bens, Servi\u00e7os [&hellip;]","og_url":"https:\/\/www.blogsoestado.com\/danielmatos\/comercio-de-sao-luis-funcionara-ate-o-sabado-de-carnaval-e-so-reabrira-as-portas-na-quarta-feira-de-cinzas-a-tarde\/","og_site_name":"Daniel Matos","article_published_time":"2019-02-25T17:41:16+00:00","og_image":[{"url":"https:\/\/www.blogsoestado.com\/danielmatos\/files\/2019\/02\/comercio-rua-grande2.jpg","type":"","width":"","height":""}],"twitter_card":"summary_large_image","twitter_misc":{"Est. tempo de leitura":"1 minuto"},"schema":{"@context":"https:\/\/schema.org","@graph":[{"@type":"WebPage","@id":"https:\/\/www.blogsoestado.com\/danielmatos\/comercio-de-sao-luis-funcionara-ate-o-sabado-de-carnaval-e-so-reabrira-as-portas-na-quarta-feira-de-cinzas-a-tarde\/","url":"https:\/\/www.blogsoestado.com\/danielmatos\/comercio-de-sao-luis-funcionara-ate-o-sabado-de-carnaval-e-so-reabrira-as-portas-na-quarta-feira-de-cinzas-a-tarde\/","name":"Com\u00e9rcio de S\u00e3o Lu\u00eds funcionar\u00e1 at\u00e9 o S\u00e1bado de Carnaval e s\u00f3 reabrir\u00e1 na Quarta-Feira de Cinzas, \u00e0 tarde - Daniel Matos","isPartOf":{"@id":"https:\/\/www.blogsoestado.com\/danielmatos\/#website"},"primaryImageOfPage":{"@id":"https:\/\/www.blogsoestado.com\/danielmatos\/comercio-de-sao-luis-funcionara-ate-o-sabado-de-carnaval-e-so-reabrira-as-portas-na-quarta-feira-de-cinzas-a-tarde\/#primaryimage"},"image":{"@id":"https:\/\/www.blogsoestado.com\/danielmatos\/comercio-de-sao-luis-funcionara-ate-o-sabado-de-carnaval-e-so-reabrira-as-portas-na-quarta-feira-de-cinzas-a-tarde\/#primaryimage"},"thumbnailUrl":"https:\/\/www.blogsoestado.com\/danielmatos\/files\/2019\/02\/comercio-rua-grande2.jpg","datePublished":"2019-02-25T17:41:16+00:00","author":{"@id":""},"breadcrumb":{"@id":"https:\/\/www.blogsoestado.com\/danielmatos\/comercio-de-sao-luis-funcionara-ate-o-sabado-de-carnaval-e-so-reabrira-as-portas-na-quarta-feira-de-cinzas-a-tarde\/#breadcrumb"},"inLanguage":"pt-BR","potentialAction":[{"@type":"ReadAction","target":["https:\/\/www.blogsoestado.com\/danielmatos\/comercio-de-sao-luis-funcionara-ate-o-sabado-de-carnaval-e-so-reabrira-as-portas-na-quarta-feira-de-cinzas-a-tarde\/"]}]},{"@type":"ImageObject","inLanguage":"pt-BR","@id":"https:\/\/www.blogsoestado.com\/danielmatos\/comercio-de-sao-luis-funcionara-ate-o-sabado-de-carnaval-e-so-reabrira-as-portas-na-quarta-feira-de-cinzas-a-tarde\/#primaryimage","url":"https:\/\/www.blogsoestado.com\/danielmatos\/files\/2019\/02\/comercio-rua-grande2.jpg","contentUrl":"https:\/\/www.blogsoestado.com\/danielmatos\/files\/2019\/02\/comercio-rua-grande2.jpg"},{"@type":"BreadcrumbList","@id":"https:\/\/www.blogsoestado.com\/danielmatos\/comercio-de-sao-luis-funcionara-ate-o-sabado-de-carnaval-e-so-reabrira-as-portas-na-quarta-feira-de-cinzas-a-tarde\/#breadcrumb","itemListElement":[{"@type":"ListItem","position":1,"name":"In\u00edcio","item":"https:\/\/www.blogsoestado.com\/danielmatos\/"},{"@type":"ListItem","position":2,"name":"Com\u00e9rcio de S\u00e3o Lu\u00eds funcionar\u00e1 at\u00e9 o S\u00e1bado de Carnaval e s\u00f3 reabrir\u00e1 na Quarta-Feira de Cinzas, \u00e0 tarde"}]},{"@type":"WebSite","@id":"https:\/\/www.blogsoestado.com\/danielmatos\/#website","url":"https:\/\/www.blogsoestado.com\/danielmatos\/","name":"Daniel Matos","description":"","potentialAction":[{"@type":"SearchAction","target":{"@type":"EntryPoint","urlTemplate":"https:\/\/www.blogsoestado.com\/danielmatos\/?s={search_term_string}"},"query-input":{"@type":"PropertyValueSpecification","valueRequired":true,"valueName":"search_term_string"}}],"inLanguage":"pt-BR"}]}},"jetpack_featured_media_url":"","_links":{"self":[{"href":"https:\/\/www.blogsoestado.com\/danielmatos\/wp-json\/wp\/v2\/posts\/60721","targetHints":{"allow":["GET"]}}],"collection":[{"href":"https:\/\/www.blogsoestado.com\/danielmatos\/wp-json\/wp\/v2\/posts"}],"about":[{"href":"https:\/\/www.blogsoestado.com\/danielmatos\/wp-json\/wp\/v2\/types\/post"}],"replies":[{"embeddable":true,"href":"https:\/\/www.blogsoestado.com\/danielmatos\/wp-json\/wp\/v2\/comments?post=60721"}],"version-history":[{"count":0,"href":"https:\/\/www.blogsoestado.com\/danielmatos\/wp-json\/wp\/v2\/posts\/60721\/revisions"}],"wp:attachment":[{"href":"https:\/\/www.blogsoestado.com\/danielmatos\/wp-json\/wp\/v2\/media?parent=60721"}],"wp:term":[{"taxonomy":"category","embeddable":true,"href":"https:\/\/www.blogsoestado.com\/danielmatos\/wp-json\/wp\/v2\/categories?post=60721"},{"taxonomy":"post_tag","embeddable":true,"href":"https:\/\/www.blogsoestado.com\/danielmatos\/wp-json\/wp\/v2\/tags?post=60721"}],"curies":[{"name":"wp","href":"https:\/\/api.w.org\/{rel}","templated":true}]}}