{"id":60729,"date":"2019-02-26T10:00:35","date_gmt":"2019-02-26T13:00:35","guid":{"rendered":"https:\/\/www.blogsoestado.com\/danielmatos\/?p=60729"},"modified":"2019-02-26T10:00:35","modified_gmt":"2019-02-26T13:00:35","slug":"cesar-pires-propoe-modernizacao-dos-simbolos-que-indicam-atendimento-preferencial-a-idosos","status":"publish","type":"post","link":"https:\/\/www.blogsoestado.com\/danielmatos\/cesar-pires-propoe-modernizacao-dos-simbolos-que-indicam-atendimento-preferencial-a-idosos\/","title":{"rendered":"C\u00e9sar Pires prop\u00f5e moderniza\u00e7\u00e3o dos s\u00edmbolos que indicam atendimento preferencial a idosos"},"content":{"rendered":"\n<figure class=\"wp-block-image\"><img decoding=\"async\" src=\"https:\/\/www.blogsoestado.com\/danielmatos\/files\/2019\/02\/cesar-placas-1024x678.jpg\" alt=\"\" class=\"wp-image-60730\"\/><\/figure>\n\n\n\n<p>O deputado C\u00e9sar Pires apresentar\u00e1 na Assembleia Legislativa um projeto de lei visando modificar a imagem (pictografia) utilizada atualmente nas vagas de estacionamento e placas que indicam atendimento preferencial ao idoso. Para o parlamentar, a imagem atual \u00e9 pejorativa e n\u00e3o mais reflete a realidade das pessoas com 60 anos ou mais. Por meio das redes sociais, ele far\u00e1 uma consulta popular sobre o assunto.<\/p>\n\n\n\n<p>\u201cHoje, quando buscamos atendimento ou vagas preferenciais de estacionamento nos deparamos com imagens que indicam idosos debilitadas, corcundas, com problema de coluna, dificuldade de locomo\u00e7\u00e3o e amparadas por bengalas. Com certeza, essas imagens n\u00e3o mais representam pessoas com 60 anos de idade ou mais\u201d, justificou C\u00e9sar Pires, ao anunciar o projeto.<\/p>\n\n\n\n<div class=\"wp-block-image\"><figure class=\"alignright is-resized\"><img fetchpriority=\"high\" decoding=\"async\" src=\"https:\/\/www.blogsoestado.com\/danielmatos\/files\/2019\/02\/cesar-placa2.jpg\" alt=\"\" class=\"wp-image-60731\" width=\"331\" height=\"328\"\/><\/figure><\/div>\n\n\n\n<p>Ele ressaltou que os brasileiros est\u00e3o vivendo mais e com mais qualidade de vida, desenvolvendo diversas atividades profissionais, recreativas e esportivas. \u201cA nossa legisla\u00e7\u00e3o deve ser adequada a essa nova realidade, pois a terceira idade n\u00e3o \u00e9 mais sin\u00f4nimo de inatividade e doen\u00e7a\u201d, enfatizou.<\/p>\n\n\n\n<p>C\u00e9sar Pires acrescentou que far\u00e1 uma consulta popular, por meio das redes sociais, para que a popula\u00e7\u00e3o maranhense se manifeste sobre o assunto e at\u00e9 sugira novas imagens para serem utilizadas nas placas de atendimento e vagas de estacionamento para pessoas com mais de 60 anos.<\/p>\n","protected":false},"excerpt":{"rendered":"<p>O deputado C\u00e9sar Pires apresentar\u00e1 na Assembleia Legislativa um projeto de lei visando modificar a imagem (pictografia) utilizada atualmente nas [&hellip;]<\/p>\n","protected":false},"author":0,"featured_media":0,"comment_status":"open","ping_status":"open","sticky":false,"template":"","format":"standard","meta":{"site-sidebar-layout":"default","site-content-layout":"","ast-site-content-layout":"default","site-content-style":"default","site-sidebar-style":"default","ast-global-header-display":"","ast-banner-title-visibility":"","ast-main-header-display":"","ast-hfb-above-header-display":"","ast-hfb-below-header-display":"","ast-hfb-mobile-header-display":"","site-post-title":"","ast-breadcrumbs-content":"","ast-featured-img":"","footer-sml-layout":"","ast-disable-related-posts":"","theme-transparent-header-meta":"","adv-header-id-meta":"","stick-header-meta":"","header-above-stick-meta":"","header-main-stick-meta":"","header-below-stick-meta":"","astra-migrate-meta-layouts":"default","ast-page-background-enabled":"default","ast-page-background-meta":{"desktop":{"background-color":"var(--ast-global-color-5)","background-image":"","background-repeat":"repeat","background-position":"center center","background-size":"auto","background-attachment":"scroll","background-type":"","background-media":"","overlay-type":"","overlay-color":"","overlay-opacity":"","overlay-gradient":""},"tablet":{"background-color":"","background-image":"","background-repeat":"repeat","background-position":"center center","background-size":"auto","background-attachment":"scroll","background-type":"","background-media":"","overlay-type":"","overlay-color":"","overlay-opacity":"","overlay-gradient":""},"mobile":{"background-color":"","background-image":"","background-repeat":"repeat","background-position":"center center","background-size":"auto","background-attachment":"scroll","background-type":"","background-media":"","overlay-type":"","overlay-color":"","overlay-opacity":"","overlay-gradient":""}},"ast-content-background-meta":{"desktop":{"background-color":"var(--ast-global-color-4)","background-image":"","background-repeat":"repeat","background-position":"center center","background-size":"auto","background-attachment":"scroll","background-type":"","background-media":"","overlay-type":"","overlay-color":"","overlay-opacity":"","overlay-gradient":""},"tablet":{"background-color":"var(--ast-global-color-4)","background-image":"","background-repeat":"repeat","background-position":"center center","background-size":"auto","background-attachment":"scroll","background-type":"","background-media":"","overlay-type":"","overlay-color":"","overlay-opacity":"","overlay-gradient":""},"mobile":{"background-color":"var(--ast-global-color-4)","background-image":"","background-repeat":"repeat","background-position":"center center","background-size":"auto","background-attachment":"scroll","background-type":"","background-media":"","overlay-type":"","overlay-color":"","overlay-opacity":"","overlay-gradient":""}},"footnotes":""},"categories":[1],"tags":[],"class_list":["post-60729","post","type-post","status-publish","format-standard","hentry","category-sem-categoria"],"yoast_head":"<!-- This site is optimized with the Yoast SEO plugin v26.6 - https:\/\/yoast.com\/wordpress\/plugins\/seo\/ -->\n<title>C\u00e9sar Pires prop\u00f5e moderniza\u00e7\u00e3o dos s\u00edmbolos que indicam atendimento preferencial a idosos - Daniel Matos<\/title>\n<meta name=\"robots\" content=\"index, follow, max-snippet:-1, max-image-preview:large, max-video-preview:-1\" \/>\n<link rel=\"canonical\" href=\"https:\/\/www.blogsoestado.com\/danielmatos\/cesar-pires-propoe-modernizacao-dos-simbolos-que-indicam-atendimento-preferencial-a-idosos\/\" \/>\n<meta property=\"og:locale\" content=\"pt_BR\" \/>\n<meta property=\"og:type\" content=\"article\" \/>\n<meta property=\"og:title\" content=\"C\u00e9sar Pires prop\u00f5e moderniza\u00e7\u00e3o dos s\u00edmbolos que indicam atendimento preferencial a idosos - Daniel Matos\" \/>\n<meta property=\"og:description\" content=\"O deputado C\u00e9sar Pires apresentar\u00e1 na Assembleia Legislativa um projeto de lei visando modificar a imagem (pictografia) utilizada atualmente nas [&hellip;]\" \/>\n<meta property=\"og:url\" content=\"https:\/\/www.blogsoestado.com\/danielmatos\/cesar-pires-propoe-modernizacao-dos-simbolos-que-indicam-atendimento-preferencial-a-idosos\/\" \/>\n<meta property=\"og:site_name\" content=\"Daniel Matos\" \/>\n<meta property=\"article:published_time\" content=\"2019-02-26T13:00:35+00:00\" \/>\n<meta property=\"og:image\" content=\"https:\/\/www.blogsoestado.com\/danielmatos\/files\/2019\/02\/cesar-placas-1024x678.jpg\" \/>\n<meta name=\"twitter:card\" content=\"summary_large_image\" \/>\n<meta name=\"twitter:label1\" content=\"Est. tempo de leitura\" \/>\n\t<meta name=\"twitter:data1\" content=\"1 minuto\" \/>\n<script type=\"application\/ld+json\" class=\"yoast-schema-graph\">{\"@context\":\"https:\/\/schema.org\",\"@graph\":[{\"@type\":\"WebPage\",\"@id\":\"https:\/\/www.blogsoestado.com\/danielmatos\/cesar-pires-propoe-modernizacao-dos-simbolos-que-indicam-atendimento-preferencial-a-idosos\/\",\"url\":\"https:\/\/www.blogsoestado.com\/danielmatos\/cesar-pires-propoe-modernizacao-dos-simbolos-que-indicam-atendimento-preferencial-a-idosos\/\",\"name\":\"C\u00e9sar Pires prop\u00f5e moderniza\u00e7\u00e3o dos s\u00edmbolos que indicam atendimento preferencial a idosos - Daniel Matos\",\"isPartOf\":{\"@id\":\"https:\/\/www.blogsoestado.com\/danielmatos\/#website\"},\"primaryImageOfPage\":{\"@id\":\"https:\/\/www.blogsoestado.com\/danielmatos\/cesar-pires-propoe-modernizacao-dos-simbolos-que-indicam-atendimento-preferencial-a-idosos\/#primaryimage\"},\"image\":{\"@id\":\"https:\/\/www.blogsoestado.com\/danielmatos\/cesar-pires-propoe-modernizacao-dos-simbolos-que-indicam-atendimento-preferencial-a-idosos\/#primaryimage\"},\"thumbnailUrl\":\"https:\/\/www.blogsoestado.com\/danielmatos\/files\/2019\/02\/cesar-placas-1024x678.jpg\",\"datePublished\":\"2019-02-26T13:00:35+00:00\",\"author\":{\"@id\":\"\"},\"breadcrumb\":{\"@id\":\"https:\/\/www.blogsoestado.com\/danielmatos\/cesar-pires-propoe-modernizacao-dos-simbolos-que-indicam-atendimento-preferencial-a-idosos\/#breadcrumb\"},\"inLanguage\":\"pt-BR\",\"potentialAction\":[{\"@type\":\"ReadAction\",\"target\":[\"https:\/\/www.blogsoestado.com\/danielmatos\/cesar-pires-propoe-modernizacao-dos-simbolos-que-indicam-atendimento-preferencial-a-idosos\/\"]}]},{\"@type\":\"ImageObject\",\"inLanguage\":\"pt-BR\",\"@id\":\"https:\/\/www.blogsoestado.com\/danielmatos\/cesar-pires-propoe-modernizacao-dos-simbolos-que-indicam-atendimento-preferencial-a-idosos\/#primaryimage\",\"url\":\"https:\/\/www.blogsoestado.com\/danielmatos\/files\/2019\/02\/cesar-placas-1024x678.jpg\",\"contentUrl\":\"https:\/\/www.blogsoestado.com\/danielmatos\/files\/2019\/02\/cesar-placas-1024x678.jpg\"},{\"@type\":\"BreadcrumbList\",\"@id\":\"https:\/\/www.blogsoestado.com\/danielmatos\/cesar-pires-propoe-modernizacao-dos-simbolos-que-indicam-atendimento-preferencial-a-idosos\/#breadcrumb\",\"itemListElement\":[{\"@type\":\"ListItem\",\"position\":1,\"name\":\"In\u00edcio\",\"item\":\"https:\/\/www.blogsoestado.com\/danielmatos\/\"},{\"@type\":\"ListItem\",\"position\":2,\"name\":\"C\u00e9sar Pires prop\u00f5e moderniza\u00e7\u00e3o dos s\u00edmbolos que indicam atendimento preferencial a idosos\"}]},{\"@type\":\"WebSite\",\"@id\":\"https:\/\/www.blogsoestado.com\/danielmatos\/#website\",\"url\":\"https:\/\/www.blogsoestado.com\/danielmatos\/\",\"name\":\"Daniel Matos\",\"description\":\"\",\"potentialAction\":[{\"@type\":\"SearchAction\",\"target\":{\"@type\":\"EntryPoint\",\"urlTemplate\":\"https:\/\/www.blogsoestado.com\/danielmatos\/?s={search_term_string}\"},\"query-input\":{\"@type\":\"PropertyValueSpecification\",\"valueRequired\":true,\"valueName\":\"search_term_string\"}}],\"inLanguage\":\"pt-BR\"}]}<\/script>\n<!-- \/ Yoast SEO plugin. -->","yoast_head_json":{"title":"C\u00e9sar Pires prop\u00f5e moderniza\u00e7\u00e3o dos s\u00edmbolos que indicam atendimento preferencial a idosos - Daniel Matos","robots":{"index":"index","follow":"follow","max-snippet":"max-snippet:-1","max-image-preview":"max-image-preview:large","max-video-preview":"max-video-preview:-1"},"canonical":"https:\/\/www.blogsoestado.com\/danielmatos\/cesar-pires-propoe-modernizacao-dos-simbolos-que-indicam-atendimento-preferencial-a-idosos\/","og_locale":"pt_BR","og_type":"article","og_title":"C\u00e9sar Pires prop\u00f5e moderniza\u00e7\u00e3o dos s\u00edmbolos que indicam atendimento preferencial a idosos - Daniel Matos","og_description":"O deputado C\u00e9sar Pires apresentar\u00e1 na Assembleia Legislativa um projeto de lei visando modificar a imagem (pictografia) utilizada atualmente nas [&hellip;]","og_url":"https:\/\/www.blogsoestado.com\/danielmatos\/cesar-pires-propoe-modernizacao-dos-simbolos-que-indicam-atendimento-preferencial-a-idosos\/","og_site_name":"Daniel Matos","article_published_time":"2019-02-26T13:00:35+00:00","og_image":[{"url":"https:\/\/www.blogsoestado.com\/danielmatos\/files\/2019\/02\/cesar-placas-1024x678.jpg","type":"","width":"","height":""}],"twitter_card":"summary_large_image","twitter_misc":{"Est. tempo de leitura":"1 minuto"},"schema":{"@context":"https:\/\/schema.org","@graph":[{"@type":"WebPage","@id":"https:\/\/www.blogsoestado.com\/danielmatos\/cesar-pires-propoe-modernizacao-dos-simbolos-que-indicam-atendimento-preferencial-a-idosos\/","url":"https:\/\/www.blogsoestado.com\/danielmatos\/cesar-pires-propoe-modernizacao-dos-simbolos-que-indicam-atendimento-preferencial-a-idosos\/","name":"C\u00e9sar Pires prop\u00f5e moderniza\u00e7\u00e3o dos s\u00edmbolos que indicam atendimento preferencial a idosos - Daniel Matos","isPartOf":{"@id":"https:\/\/www.blogsoestado.com\/danielmatos\/#website"},"primaryImageOfPage":{"@id":"https:\/\/www.blogsoestado.com\/danielmatos\/cesar-pires-propoe-modernizacao-dos-simbolos-que-indicam-atendimento-preferencial-a-idosos\/#primaryimage"},"image":{"@id":"https:\/\/www.blogsoestado.com\/danielmatos\/cesar-pires-propoe-modernizacao-dos-simbolos-que-indicam-atendimento-preferencial-a-idosos\/#primaryimage"},"thumbnailUrl":"https:\/\/www.blogsoestado.com\/danielmatos\/files\/2019\/02\/cesar-placas-1024x678.jpg","datePublished":"2019-02-26T13:00:35+00:00","author":{"@id":""},"breadcrumb":{"@id":"https:\/\/www.blogsoestado.com\/danielmatos\/cesar-pires-propoe-modernizacao-dos-simbolos-que-indicam-atendimento-preferencial-a-idosos\/#breadcrumb"},"inLanguage":"pt-BR","potentialAction":[{"@type":"ReadAction","target":["https:\/\/www.blogsoestado.com\/danielmatos\/cesar-pires-propoe-modernizacao-dos-simbolos-que-indicam-atendimento-preferencial-a-idosos\/"]}]},{"@type":"ImageObject","inLanguage":"pt-BR","@id":"https:\/\/www.blogsoestado.com\/danielmatos\/cesar-pires-propoe-modernizacao-dos-simbolos-que-indicam-atendimento-preferencial-a-idosos\/#primaryimage","url":"https:\/\/www.blogsoestado.com\/danielmatos\/files\/2019\/02\/cesar-placas-1024x678.jpg","contentUrl":"https:\/\/www.blogsoestado.com\/danielmatos\/files\/2019\/02\/cesar-placas-1024x678.jpg"},{"@type":"BreadcrumbList","@id":"https:\/\/www.blogsoestado.com\/danielmatos\/cesar-pires-propoe-modernizacao-dos-simbolos-que-indicam-atendimento-preferencial-a-idosos\/#breadcrumb","itemListElement":[{"@type":"ListItem","position":1,"name":"In\u00edcio","item":"https:\/\/www.blogsoestado.com\/danielmatos\/"},{"@type":"ListItem","position":2,"name":"C\u00e9sar Pires prop\u00f5e moderniza\u00e7\u00e3o dos s\u00edmbolos que indicam atendimento preferencial a idosos"}]},{"@type":"WebSite","@id":"https:\/\/www.blogsoestado.com\/danielmatos\/#website","url":"https:\/\/www.blogsoestado.com\/danielmatos\/","name":"Daniel Matos","description":"","potentialAction":[{"@type":"SearchAction","target":{"@type":"EntryPoint","urlTemplate":"https:\/\/www.blogsoestado.com\/danielmatos\/?s={search_term_string}"},"query-input":{"@type":"PropertyValueSpecification","valueRequired":true,"valueName":"search_term_string"}}],"inLanguage":"pt-BR"}]}},"jetpack_featured_media_url":"","_links":{"self":[{"href":"https:\/\/www.blogsoestado.com\/danielmatos\/wp-json\/wp\/v2\/posts\/60729","targetHints":{"allow":["GET"]}}],"collection":[{"href":"https:\/\/www.blogsoestado.com\/danielmatos\/wp-json\/wp\/v2\/posts"}],"about":[{"href":"https:\/\/www.blogsoestado.com\/danielmatos\/wp-json\/wp\/v2\/types\/post"}],"replies":[{"embeddable":true,"href":"https:\/\/www.blogsoestado.com\/danielmatos\/wp-json\/wp\/v2\/comments?post=60729"}],"version-history":[{"count":0,"href":"https:\/\/www.blogsoestado.com\/danielmatos\/wp-json\/wp\/v2\/posts\/60729\/revisions"}],"wp:attachment":[{"href":"https:\/\/www.blogsoestado.com\/danielmatos\/wp-json\/wp\/v2\/media?parent=60729"}],"wp:term":[{"taxonomy":"category","embeddable":true,"href":"https:\/\/www.blogsoestado.com\/danielmatos\/wp-json\/wp\/v2\/categories?post=60729"},{"taxonomy":"post_tag","embeddable":true,"href":"https:\/\/www.blogsoestado.com\/danielmatos\/wp-json\/wp\/v2\/tags?post=60729"}],"curies":[{"name":"wp","href":"https:\/\/api.w.org\/{rel}","templated":true}]}}