{"id":60733,"date":"2019-02-26T12:14:56","date_gmt":"2019-02-26T15:14:56","guid":{"rendered":"https:\/\/www.blogsoestado.com\/danielmatos\/?p=60733"},"modified":"2019-02-26T12:14:56","modified_gmt":"2019-02-26T15:14:56","slug":"homenagem-marca-o-resgate-historico-do-parlamento-estadual-destaca-othelino","status":"publish","type":"post","link":"https:\/\/www.blogsoestado.com\/danielmatos\/homenagem-marca-o-resgate-historico-do-parlamento-estadual-destaca-othelino\/","title":{"rendered":"&#8220;Homenagem marca o resgate hist\u00f3rico do Parlamento Estadual&#8221;, destaca Othelino"},"content":{"rendered":"\n<figure class=\"wp-block-image\"><img decoding=\"async\" src=\"https:\/\/www.blogsoestado.com\/danielmatos\/files\/2019\/02\/othelino-historia.jpg\" alt=\"\" class=\"wp-image-60734\"\/><figcaption> Othelino destacou a import\u00e2ncia de ter acesso \u00e0s informa\u00e7\u00f5es histt\u00f3ricas para a valoriza\u00e7\u00e3o do processo democr\u00e1tico <\/figcaption><\/figure>\n\n\n\n<p>Em pronunciamento na Sess\u00e3o Solene de comemora\u00e7\u00e3o aos 184 anos de instala\u00e7\u00e3o da Assembleia Legislativa do Maranh\u00e3o, realizada nesta segunda-feira (25), no Plen\u00e1rio Nagib Haikel, o presidente, deputado Othelino Neto (PC do B), afirmou que a homenagem marca o resgate hist\u00f3rico do Parlamento Estadual.<\/p>\n\n\n\n<p>Segundo o deputado, foi um presente receber o escritor e ex-deputado estadual S\u00e1lvio Dino, que durante sua palestra, relembrou trechos importantes da hist\u00f3ria maranhense. \u201cO S\u00e1lvio nos fez mergulhar em casos que muitos de n\u00f3s n\u00e3o conhec\u00edamos. Tanto ele, quanto o Benedito Buzar, presidente da Academia Maranhense de Letras, presente na solenidade, s\u00e3o hist\u00f3rias vivas do Legislativo Estadual. Foram deputados que tiveram seus mandatos cassados pelo regime de exce\u00e7\u00e3o e que, anos depois, tive o prazer de participar da sess\u00e3o em que lhes foram devolvidos, ainda que simbolicamente, seus mantados, na gest\u00e3o do ent\u00e3o presidente, deputado Arnaldo Melo\u201d, lembrou.<\/p>\n\n\n\n<p>O presidente destacou, em seguida, a import\u00e2ncia de ter acesso a essas informa\u00e7\u00f5es para a valoriza\u00e7\u00e3o do processo democr\u00e1tico. \u201cNesse momento pelo qual passa o pa\u00eds, \u00e9 muito importante que todos n\u00f3s, principalmente as novas gera\u00e7\u00f5es, tenham acesso \u00e0 hist\u00f3ria do nosso estado, afinal n\u00e3o h\u00e1 caminho que n\u00e3o seja o da pol\u00edtica\u201d, enfatizou<\/p>\n\n\n\n<p>Othelino disse ainda que a democracia precisa ser valorizada e o Poder Legislativo preservado. \u201c\u00c9 aqui que s\u00e3o representadas todas as for\u00e7as da sociedade e a democracia \u00e9 o \u00fanico regime que permite que tenhamos liberdade e que o estado democr\u00e1tico de direito seja valorizado, assim cultuemos a democracia, porque o Brasil precisa cada vez mais disso\u201d. <\/p>\n\n\n\n<p><strong>Memorial do Legislativo Maranhense<\/strong><\/p>\n\n\n\n<p>Institu\u00eddo pela Resolu\u00e7\u00e3o Legislativa 805\/16, oriunda de PL 026\/16, de autoria do deputado Cesar Pires, o Memorial do Legislativo Maranhense foi concretizado como parte das comemora\u00e7\u00f5es do anivers\u00e1rio de 184 anos da Casa.<\/p>\n\n\n\n<p>Obras raras e importantes foram resgatadas durante o processo de instala\u00e7\u00e3o do memorial, aberto hoje ao p\u00fablico. Para Othelino, uma oportunidade para que a sociedade conhe\u00e7a, mais de perto, a hist\u00f3ria do Parlamento e do nosso estado. \u201cNossa hist\u00f3ria se confunde em grande parte com a hist\u00f3ria do Maranh\u00e3o, que foi recuperada, digitalizada e, agora, est\u00e1 dispon\u00edvel em exposi\u00e7\u00e3o e em rede digital para todos maranhenses\u201d, finalizou.<\/p>\n","protected":false},"excerpt":{"rendered":"<p>Em pronunciamento na Sess\u00e3o Solene de comemora\u00e7\u00e3o aos 184 anos de instala\u00e7\u00e3o da Assembleia Legislativa do Maranh\u00e3o, realizada nesta segunda-feira [&hellip;]<\/p>\n","protected":false},"author":0,"featured_media":0,"comment_status":"open","ping_status":"open","sticky":false,"template":"","format":"standard","meta":{"site-sidebar-layout":"default","site-content-layout":"","ast-site-content-layout":"default","site-content-style":"default","site-sidebar-style":"default","ast-global-header-display":"","ast-banner-title-visibility":"","ast-main-header-display":"","ast-hfb-above-header-display":"","ast-hfb-below-header-display":"","ast-hfb-mobile-header-display":"","site-post-title":"","ast-breadcrumbs-content":"","ast-featured-img":"","footer-sml-layout":"","ast-disable-related-posts":"","theme-transparent-header-meta":"","adv-header-id-meta":"","stick-header-meta":"","header-above-stick-meta":"","header-main-stick-meta":"","header-below-stick-meta":"","astra-migrate-meta-layouts":"default","ast-page-background-enabled":"default","ast-page-background-meta":{"desktop":{"background-color":"var(--ast-global-color-5)","background-image":"","background-repeat":"repeat","background-position":"center center","background-size":"auto","background-attachment":"scroll","background-type":"","background-media":"","overlay-type":"","overlay-color":"","overlay-opacity":"","overlay-gradient":""},"tablet":{"background-color":"","background-image":"","background-repeat":"repeat","background-position":"center center","background-size":"auto","background-attachment":"scroll","background-type":"","background-media":"","overlay-type":"","overlay-color":"","overlay-opacity":"","overlay-gradient":""},"mobile":{"background-color":"","background-image":"","background-repeat":"repeat","background-position":"center center","background-size":"auto","background-attachment":"scroll","background-type":"","background-media":"","overlay-type":"","overlay-color":"","overlay-opacity":"","overlay-gradient":""}},"ast-content-background-meta":{"desktop":{"background-color":"var(--ast-global-color-4)","background-image":"","background-repeat":"repeat","background-position":"center center","background-size":"auto","background-attachment":"scroll","background-type":"","background-media":"","overlay-type":"","overlay-color":"","overlay-opacity":"","overlay-gradient":""},"tablet":{"background-color":"var(--ast-global-color-4)","background-image":"","background-repeat":"repeat","background-position":"center center","background-size":"auto","background-attachment":"scroll","background-type":"","background-media":"","overlay-type":"","overlay-color":"","overlay-opacity":"","overlay-gradient":""},"mobile":{"background-color":"var(--ast-global-color-4)","background-image":"","background-repeat":"repeat","background-position":"center center","background-size":"auto","background-attachment":"scroll","background-type":"","background-media":"","overlay-type":"","overlay-color":"","overlay-opacity":"","overlay-gradient":""}},"footnotes":""},"categories":[1],"tags":[],"class_list":["post-60733","post","type-post","status-publish","format-standard","hentry","category-sem-categoria"],"yoast_head":"<!-- This site is optimized with the Yoast SEO plugin v26.6 - https:\/\/yoast.com\/wordpress\/plugins\/seo\/ -->\n<title>&quot;Homenagem marca o resgate hist\u00f3rico do Parlamento Estadual&quot;, destaca Othelino - Daniel Matos<\/title>\n<meta name=\"robots\" content=\"index, follow, max-snippet:-1, max-image-preview:large, max-video-preview:-1\" \/>\n<link rel=\"canonical\" href=\"https:\/\/www.blogsoestado.com\/danielmatos\/homenagem-marca-o-resgate-historico-do-parlamento-estadual-destaca-othelino\/\" \/>\n<meta property=\"og:locale\" content=\"pt_BR\" \/>\n<meta property=\"og:type\" content=\"article\" \/>\n<meta property=\"og:title\" content=\"&quot;Homenagem marca o resgate hist\u00f3rico do Parlamento Estadual&quot;, destaca Othelino - Daniel Matos\" \/>\n<meta property=\"og:description\" content=\"Em pronunciamento na Sess\u00e3o Solene de comemora\u00e7\u00e3o aos 184 anos de instala\u00e7\u00e3o da Assembleia Legislativa do Maranh\u00e3o, realizada nesta segunda-feira [&hellip;]\" \/>\n<meta property=\"og:url\" content=\"https:\/\/www.blogsoestado.com\/danielmatos\/homenagem-marca-o-resgate-historico-do-parlamento-estadual-destaca-othelino\/\" \/>\n<meta property=\"og:site_name\" content=\"Daniel Matos\" \/>\n<meta property=\"article:published_time\" content=\"2019-02-26T15:14:56+00:00\" \/>\n<meta property=\"og:image\" content=\"https:\/\/www.blogsoestado.com\/danielmatos\/files\/2019\/02\/othelino-historia.jpg\" \/>\n<meta name=\"twitter:card\" content=\"summary_large_image\" \/>\n<meta name=\"twitter:label1\" content=\"Est. tempo de leitura\" \/>\n\t<meta name=\"twitter:data1\" content=\"2 minutos\" \/>\n<script type=\"application\/ld+json\" class=\"yoast-schema-graph\">{\"@context\":\"https:\/\/schema.org\",\"@graph\":[{\"@type\":\"WebPage\",\"@id\":\"https:\/\/www.blogsoestado.com\/danielmatos\/homenagem-marca-o-resgate-historico-do-parlamento-estadual-destaca-othelino\/\",\"url\":\"https:\/\/www.blogsoestado.com\/danielmatos\/homenagem-marca-o-resgate-historico-do-parlamento-estadual-destaca-othelino\/\",\"name\":\"\\\"Homenagem marca o resgate hist\u00f3rico do Parlamento Estadual\\\", destaca Othelino - Daniel Matos\",\"isPartOf\":{\"@id\":\"https:\/\/www.blogsoestado.com\/danielmatos\/#website\"},\"primaryImageOfPage\":{\"@id\":\"https:\/\/www.blogsoestado.com\/danielmatos\/homenagem-marca-o-resgate-historico-do-parlamento-estadual-destaca-othelino\/#primaryimage\"},\"image\":{\"@id\":\"https:\/\/www.blogsoestado.com\/danielmatos\/homenagem-marca-o-resgate-historico-do-parlamento-estadual-destaca-othelino\/#primaryimage\"},\"thumbnailUrl\":\"https:\/\/www.blogsoestado.com\/danielmatos\/files\/2019\/02\/othelino-historia.jpg\",\"datePublished\":\"2019-02-26T15:14:56+00:00\",\"author\":{\"@id\":\"\"},\"breadcrumb\":{\"@id\":\"https:\/\/www.blogsoestado.com\/danielmatos\/homenagem-marca-o-resgate-historico-do-parlamento-estadual-destaca-othelino\/#breadcrumb\"},\"inLanguage\":\"pt-BR\",\"potentialAction\":[{\"@type\":\"ReadAction\",\"target\":[\"https:\/\/www.blogsoestado.com\/danielmatos\/homenagem-marca-o-resgate-historico-do-parlamento-estadual-destaca-othelino\/\"]}]},{\"@type\":\"ImageObject\",\"inLanguage\":\"pt-BR\",\"@id\":\"https:\/\/www.blogsoestado.com\/danielmatos\/homenagem-marca-o-resgate-historico-do-parlamento-estadual-destaca-othelino\/#primaryimage\",\"url\":\"https:\/\/www.blogsoestado.com\/danielmatos\/files\/2019\/02\/othelino-historia.jpg\",\"contentUrl\":\"https:\/\/www.blogsoestado.com\/danielmatos\/files\/2019\/02\/othelino-historia.jpg\"},{\"@type\":\"BreadcrumbList\",\"@id\":\"https:\/\/www.blogsoestado.com\/danielmatos\/homenagem-marca-o-resgate-historico-do-parlamento-estadual-destaca-othelino\/#breadcrumb\",\"itemListElement\":[{\"@type\":\"ListItem\",\"position\":1,\"name\":\"In\u00edcio\",\"item\":\"https:\/\/www.blogsoestado.com\/danielmatos\/\"},{\"@type\":\"ListItem\",\"position\":2,\"name\":\"&#8220;Homenagem marca o resgate hist\u00f3rico do Parlamento Estadual&#8221;, destaca Othelino\"}]},{\"@type\":\"WebSite\",\"@id\":\"https:\/\/www.blogsoestado.com\/danielmatos\/#website\",\"url\":\"https:\/\/www.blogsoestado.com\/danielmatos\/\",\"name\":\"Daniel Matos\",\"description\":\"\",\"potentialAction\":[{\"@type\":\"SearchAction\",\"target\":{\"@type\":\"EntryPoint\",\"urlTemplate\":\"https:\/\/www.blogsoestado.com\/danielmatos\/?s={search_term_string}\"},\"query-input\":{\"@type\":\"PropertyValueSpecification\",\"valueRequired\":true,\"valueName\":\"search_term_string\"}}],\"inLanguage\":\"pt-BR\"}]}<\/script>\n<!-- \/ Yoast SEO plugin. -->","yoast_head_json":{"title":"\"Homenagem marca o resgate hist\u00f3rico do Parlamento Estadual\", destaca Othelino - Daniel Matos","robots":{"index":"index","follow":"follow","max-snippet":"max-snippet:-1","max-image-preview":"max-image-preview:large","max-video-preview":"max-video-preview:-1"},"canonical":"https:\/\/www.blogsoestado.com\/danielmatos\/homenagem-marca-o-resgate-historico-do-parlamento-estadual-destaca-othelino\/","og_locale":"pt_BR","og_type":"article","og_title":"\"Homenagem marca o resgate hist\u00f3rico do Parlamento Estadual\", destaca Othelino - Daniel Matos","og_description":"Em pronunciamento na Sess\u00e3o Solene de comemora\u00e7\u00e3o aos 184 anos de instala\u00e7\u00e3o da Assembleia Legislativa do Maranh\u00e3o, realizada nesta segunda-feira [&hellip;]","og_url":"https:\/\/www.blogsoestado.com\/danielmatos\/homenagem-marca-o-resgate-historico-do-parlamento-estadual-destaca-othelino\/","og_site_name":"Daniel Matos","article_published_time":"2019-02-26T15:14:56+00:00","og_image":[{"url":"https:\/\/www.blogsoestado.com\/danielmatos\/files\/2019\/02\/othelino-historia.jpg","type":"","width":"","height":""}],"twitter_card":"summary_large_image","twitter_misc":{"Est. tempo de leitura":"2 minutos"},"schema":{"@context":"https:\/\/schema.org","@graph":[{"@type":"WebPage","@id":"https:\/\/www.blogsoestado.com\/danielmatos\/homenagem-marca-o-resgate-historico-do-parlamento-estadual-destaca-othelino\/","url":"https:\/\/www.blogsoestado.com\/danielmatos\/homenagem-marca-o-resgate-historico-do-parlamento-estadual-destaca-othelino\/","name":"\"Homenagem marca o resgate hist\u00f3rico do Parlamento Estadual\", destaca Othelino - Daniel Matos","isPartOf":{"@id":"https:\/\/www.blogsoestado.com\/danielmatos\/#website"},"primaryImageOfPage":{"@id":"https:\/\/www.blogsoestado.com\/danielmatos\/homenagem-marca-o-resgate-historico-do-parlamento-estadual-destaca-othelino\/#primaryimage"},"image":{"@id":"https:\/\/www.blogsoestado.com\/danielmatos\/homenagem-marca-o-resgate-historico-do-parlamento-estadual-destaca-othelino\/#primaryimage"},"thumbnailUrl":"https:\/\/www.blogsoestado.com\/danielmatos\/files\/2019\/02\/othelino-historia.jpg","datePublished":"2019-02-26T15:14:56+00:00","author":{"@id":""},"breadcrumb":{"@id":"https:\/\/www.blogsoestado.com\/danielmatos\/homenagem-marca-o-resgate-historico-do-parlamento-estadual-destaca-othelino\/#breadcrumb"},"inLanguage":"pt-BR","potentialAction":[{"@type":"ReadAction","target":["https:\/\/www.blogsoestado.com\/danielmatos\/homenagem-marca-o-resgate-historico-do-parlamento-estadual-destaca-othelino\/"]}]},{"@type":"ImageObject","inLanguage":"pt-BR","@id":"https:\/\/www.blogsoestado.com\/danielmatos\/homenagem-marca-o-resgate-historico-do-parlamento-estadual-destaca-othelino\/#primaryimage","url":"https:\/\/www.blogsoestado.com\/danielmatos\/files\/2019\/02\/othelino-historia.jpg","contentUrl":"https:\/\/www.blogsoestado.com\/danielmatos\/files\/2019\/02\/othelino-historia.jpg"},{"@type":"BreadcrumbList","@id":"https:\/\/www.blogsoestado.com\/danielmatos\/homenagem-marca-o-resgate-historico-do-parlamento-estadual-destaca-othelino\/#breadcrumb","itemListElement":[{"@type":"ListItem","position":1,"name":"In\u00edcio","item":"https:\/\/www.blogsoestado.com\/danielmatos\/"},{"@type":"ListItem","position":2,"name":"&#8220;Homenagem marca o resgate hist\u00f3rico do Parlamento Estadual&#8221;, destaca Othelino"}]},{"@type":"WebSite","@id":"https:\/\/www.blogsoestado.com\/danielmatos\/#website","url":"https:\/\/www.blogsoestado.com\/danielmatos\/","name":"Daniel Matos","description":"","potentialAction":[{"@type":"SearchAction","target":{"@type":"EntryPoint","urlTemplate":"https:\/\/www.blogsoestado.com\/danielmatos\/?s={search_term_string}"},"query-input":{"@type":"PropertyValueSpecification","valueRequired":true,"valueName":"search_term_string"}}],"inLanguage":"pt-BR"}]}},"jetpack_featured_media_url":"","_links":{"self":[{"href":"https:\/\/www.blogsoestado.com\/danielmatos\/wp-json\/wp\/v2\/posts\/60733","targetHints":{"allow":["GET"]}}],"collection":[{"href":"https:\/\/www.blogsoestado.com\/danielmatos\/wp-json\/wp\/v2\/posts"}],"about":[{"href":"https:\/\/www.blogsoestado.com\/danielmatos\/wp-json\/wp\/v2\/types\/post"}],"replies":[{"embeddable":true,"href":"https:\/\/www.blogsoestado.com\/danielmatos\/wp-json\/wp\/v2\/comments?post=60733"}],"version-history":[{"count":0,"href":"https:\/\/www.blogsoestado.com\/danielmatos\/wp-json\/wp\/v2\/posts\/60733\/revisions"}],"wp:attachment":[{"href":"https:\/\/www.blogsoestado.com\/danielmatos\/wp-json\/wp\/v2\/media?parent=60733"}],"wp:term":[{"taxonomy":"category","embeddable":true,"href":"https:\/\/www.blogsoestado.com\/danielmatos\/wp-json\/wp\/v2\/categories?post=60733"},{"taxonomy":"post_tag","embeddable":true,"href":"https:\/\/www.blogsoestado.com\/danielmatos\/wp-json\/wp\/v2\/tags?post=60733"}],"curies":[{"name":"wp","href":"https:\/\/api.w.org\/{rel}","templated":true}]}}