{"id":60740,"date":"2019-02-26T16:56:07","date_gmt":"2019-02-26T19:56:07","guid":{"rendered":"https:\/\/www.blogsoestado.com\/danielmatos\/?p=60740"},"modified":"2019-02-26T16:56:07","modified_gmt":"2019-02-26T19:56:07","slug":"eduardo-braide-solicita-ida-do-ministro-de-infraestrutura-ao-maranhao","status":"publish","type":"post","link":"https:\/\/www.blogsoestado.com\/danielmatos\/eduardo-braide-solicita-ida-do-ministro-de-infraestrutura-ao-maranhao\/","title":{"rendered":"Eduardo Braide solicita ida do ministro de Infraestrutura ao Maranh\u00e3o"},"content":{"rendered":"\n<figure class=\"wp-block-image\"><img decoding=\"async\" src=\"https:\/\/www.blogsoestado.com\/danielmatos\/files\/2019\/02\/braide-ministro-1024x630.jpg\" alt=\"\" class=\"wp-image-60741\"\/><figcaption> <br>Braide tamb\u00e9m relatou situa\u00e7\u00f5es de outras rodovias que precisam de maior aten\u00e7\u00e3o do Governo Federal e pediu a uni\u00e3o da Bancada do Maranh\u00e3o <\/figcaption><\/figure>\n\n\n\n<p>O deputado federal Eduardo Braide (PMN) usou a tribuna, nesta ter\u00e7a-feira (26) para solicitar ao ministro da Infraestrutura, Tarc\u00edsio Freitas, prioridade para a situa\u00e7\u00e3o das rodovias maranhenses.<\/p>\n\n\n\n<p>&#8220;Tenho acompanhado que o ministro Tarc\u00edsio Freitas tem feito pessoalmente vistorias em nossas rodovias ao longo do Brasil. Por isso, pe\u00e7o que o Maranh\u00e3o seja o pr\u00f3ximo Estado a ser vistoriado pelo ministro. N\u00f3s temos a situa\u00e7\u00e3o insustent\u00e1vel da BR-135, a come\u00e7ar pela obra de duplica\u00e7\u00e3o que nunca termina e as p\u00e9ssimas condi\u00e7\u00f5es dos trechos entre Bacabeira a Entrocamento e Miranda a S\u00e3o Mateus&#8221;, refor\u00e7ou o deputado.<\/p>\n\n\n\n<p>Braide tamb\u00e9m relatou situa\u00e7\u00f5es de outras rodovias que precisam de maior aten\u00e7\u00e3o do Governo Federal e pediu a uni\u00e3o da Bancada do Maranh\u00e3o.<\/p>\n\n\n\n<p>&#8220;Temos ainda a BR-222 &#8211; entre os munic\u00edpios de Vit\u00f3ria do Mearim a Santa Luzia. Al\u00e9m disso, a BR-316 nos trechos entre Bacabal e Boa Vista do Gurupi. \u00c9 tamb\u00e9m por essas situa\u00e7\u00f5es que pe\u00e7o, desde j\u00e1, a uni\u00e3o da bancada maranhense. Para que juntos possamos estar com o ministro Tarc\u00edsio Freitas no Maranh\u00e3o e, assim, viabilizar a recupera\u00e7\u00e3o dessas essas importantes vias para quem trafega em nosso Estado&#8221;, concluiu o parlamentar. <\/p>\n","protected":false},"excerpt":{"rendered":"<p>O deputado federal Eduardo Braide (PMN) usou a tribuna, nesta ter\u00e7a-feira (26) para solicitar ao ministro da Infraestrutura, Tarc\u00edsio Freitas, [&hellip;]<\/p>\n","protected":false},"author":0,"featured_media":0,"comment_status":"open","ping_status":"open","sticky":false,"template":"","format":"standard","meta":{"site-sidebar-layout":"default","site-content-layout":"","ast-site-content-layout":"default","site-content-style":"default","site-sidebar-style":"default","ast-global-header-display":"","ast-banner-title-visibility":"","ast-main-header-display":"","ast-hfb-above-header-display":"","ast-hfb-below-header-display":"","ast-hfb-mobile-header-display":"","site-post-title":"","ast-breadcrumbs-content":"","ast-featured-img":"","footer-sml-layout":"","ast-disable-related-posts":"","theme-transparent-header-meta":"","adv-header-id-meta":"","stick-header-meta":"","header-above-stick-meta":"","header-main-stick-meta":"","header-below-stick-meta":"","astra-migrate-meta-layouts":"default","ast-page-background-enabled":"default","ast-page-background-meta":{"desktop":{"background-color":"var(--ast-global-color-5)","background-image":"","background-repeat":"repeat","background-position":"center center","background-size":"auto","background-attachment":"scroll","background-type":"","background-media":"","overlay-type":"","overlay-color":"","overlay-opacity":"","overlay-gradient":""},"tablet":{"background-color":"","background-image":"","background-repeat":"repeat","background-position":"center center","background-size":"auto","background-attachment":"scroll","background-type":"","background-media":"","overlay-type":"","overlay-color":"","overlay-opacity":"","overlay-gradient":""},"mobile":{"background-color":"","background-image":"","background-repeat":"repeat","background-position":"center center","background-size":"auto","background-attachment":"scroll","background-type":"","background-media":"","overlay-type":"","overlay-color":"","overlay-opacity":"","overlay-gradient":""}},"ast-content-background-meta":{"desktop":{"background-color":"var(--ast-global-color-4)","background-image":"","background-repeat":"repeat","background-position":"center center","background-size":"auto","background-attachment":"scroll","background-type":"","background-media":"","overlay-type":"","overlay-color":"","overlay-opacity":"","overlay-gradient":""},"tablet":{"background-color":"var(--ast-global-color-4)","background-image":"","background-repeat":"repeat","background-position":"center center","background-size":"auto","background-attachment":"scroll","background-type":"","background-media":"","overlay-type":"","overlay-color":"","overlay-opacity":"","overlay-gradient":""},"mobile":{"background-color":"var(--ast-global-color-4)","background-image":"","background-repeat":"repeat","background-position":"center center","background-size":"auto","background-attachment":"scroll","background-type":"","background-media":"","overlay-type":"","overlay-color":"","overlay-opacity":"","overlay-gradient":""}},"footnotes":""},"categories":[1],"tags":[],"class_list":["post-60740","post","type-post","status-publish","format-standard","hentry","category-sem-categoria"],"yoast_head":"<!-- This site is optimized with the Yoast SEO plugin v26.6 - https:\/\/yoast.com\/wordpress\/plugins\/seo\/ -->\n<title>Eduardo Braide solicita ida do ministro de Infraestrutura ao Maranh\u00e3o - Daniel Matos<\/title>\n<meta name=\"robots\" content=\"index, follow, max-snippet:-1, max-image-preview:large, max-video-preview:-1\" \/>\n<link rel=\"canonical\" href=\"https:\/\/www.blogsoestado.com\/danielmatos\/eduardo-braide-solicita-ida-do-ministro-de-infraestrutura-ao-maranhao\/\" \/>\n<meta property=\"og:locale\" content=\"pt_BR\" \/>\n<meta property=\"og:type\" content=\"article\" \/>\n<meta property=\"og:title\" content=\"Eduardo Braide solicita ida do ministro de Infraestrutura ao Maranh\u00e3o - Daniel Matos\" \/>\n<meta property=\"og:description\" content=\"O deputado federal Eduardo Braide (PMN) usou a tribuna, nesta ter\u00e7a-feira (26) para solicitar ao ministro da Infraestrutura, Tarc\u00edsio Freitas, [&hellip;]\" \/>\n<meta property=\"og:url\" content=\"https:\/\/www.blogsoestado.com\/danielmatos\/eduardo-braide-solicita-ida-do-ministro-de-infraestrutura-ao-maranhao\/\" \/>\n<meta property=\"og:site_name\" content=\"Daniel Matos\" \/>\n<meta property=\"article:published_time\" content=\"2019-02-26T19:56:07+00:00\" \/>\n<meta property=\"og:image\" content=\"https:\/\/www.blogsoestado.com\/danielmatos\/files\/2019\/02\/braide-ministro-1024x630.jpg\" \/>\n<meta name=\"twitter:card\" content=\"summary_large_image\" \/>\n<meta name=\"twitter:label1\" content=\"Est. tempo de leitura\" \/>\n\t<meta name=\"twitter:data1\" content=\"1 minuto\" \/>\n<script type=\"application\/ld+json\" class=\"yoast-schema-graph\">{\"@context\":\"https:\/\/schema.org\",\"@graph\":[{\"@type\":\"WebPage\",\"@id\":\"https:\/\/www.blogsoestado.com\/danielmatos\/eduardo-braide-solicita-ida-do-ministro-de-infraestrutura-ao-maranhao\/\",\"url\":\"https:\/\/www.blogsoestado.com\/danielmatos\/eduardo-braide-solicita-ida-do-ministro-de-infraestrutura-ao-maranhao\/\",\"name\":\"Eduardo Braide solicita ida do ministro de Infraestrutura ao Maranh\u00e3o - Daniel Matos\",\"isPartOf\":{\"@id\":\"https:\/\/www.blogsoestado.com\/danielmatos\/#website\"},\"primaryImageOfPage\":{\"@id\":\"https:\/\/www.blogsoestado.com\/danielmatos\/eduardo-braide-solicita-ida-do-ministro-de-infraestrutura-ao-maranhao\/#primaryimage\"},\"image\":{\"@id\":\"https:\/\/www.blogsoestado.com\/danielmatos\/eduardo-braide-solicita-ida-do-ministro-de-infraestrutura-ao-maranhao\/#primaryimage\"},\"thumbnailUrl\":\"https:\/\/www.blogsoestado.com\/danielmatos\/files\/2019\/02\/braide-ministro-1024x630.jpg\",\"datePublished\":\"2019-02-26T19:56:07+00:00\",\"author\":{\"@id\":\"\"},\"breadcrumb\":{\"@id\":\"https:\/\/www.blogsoestado.com\/danielmatos\/eduardo-braide-solicita-ida-do-ministro-de-infraestrutura-ao-maranhao\/#breadcrumb\"},\"inLanguage\":\"pt-BR\",\"potentialAction\":[{\"@type\":\"ReadAction\",\"target\":[\"https:\/\/www.blogsoestado.com\/danielmatos\/eduardo-braide-solicita-ida-do-ministro-de-infraestrutura-ao-maranhao\/\"]}]},{\"@type\":\"ImageObject\",\"inLanguage\":\"pt-BR\",\"@id\":\"https:\/\/www.blogsoestado.com\/danielmatos\/eduardo-braide-solicita-ida-do-ministro-de-infraestrutura-ao-maranhao\/#primaryimage\",\"url\":\"https:\/\/www.blogsoestado.com\/danielmatos\/files\/2019\/02\/braide-ministro-1024x630.jpg\",\"contentUrl\":\"https:\/\/www.blogsoestado.com\/danielmatos\/files\/2019\/02\/braide-ministro-1024x630.jpg\"},{\"@type\":\"BreadcrumbList\",\"@id\":\"https:\/\/www.blogsoestado.com\/danielmatos\/eduardo-braide-solicita-ida-do-ministro-de-infraestrutura-ao-maranhao\/#breadcrumb\",\"itemListElement\":[{\"@type\":\"ListItem\",\"position\":1,\"name\":\"In\u00edcio\",\"item\":\"https:\/\/www.blogsoestado.com\/danielmatos\/\"},{\"@type\":\"ListItem\",\"position\":2,\"name\":\"Eduardo Braide solicita ida do ministro de Infraestrutura ao Maranh\u00e3o\"}]},{\"@type\":\"WebSite\",\"@id\":\"https:\/\/www.blogsoestado.com\/danielmatos\/#website\",\"url\":\"https:\/\/www.blogsoestado.com\/danielmatos\/\",\"name\":\"Daniel Matos\",\"description\":\"\",\"potentialAction\":[{\"@type\":\"SearchAction\",\"target\":{\"@type\":\"EntryPoint\",\"urlTemplate\":\"https:\/\/www.blogsoestado.com\/danielmatos\/?s={search_term_string}\"},\"query-input\":{\"@type\":\"PropertyValueSpecification\",\"valueRequired\":true,\"valueName\":\"search_term_string\"}}],\"inLanguage\":\"pt-BR\"}]}<\/script>\n<!-- \/ Yoast SEO plugin. -->","yoast_head_json":{"title":"Eduardo Braide solicita ida do ministro de Infraestrutura ao Maranh\u00e3o - Daniel Matos","robots":{"index":"index","follow":"follow","max-snippet":"max-snippet:-1","max-image-preview":"max-image-preview:large","max-video-preview":"max-video-preview:-1"},"canonical":"https:\/\/www.blogsoestado.com\/danielmatos\/eduardo-braide-solicita-ida-do-ministro-de-infraestrutura-ao-maranhao\/","og_locale":"pt_BR","og_type":"article","og_title":"Eduardo Braide solicita ida do ministro de Infraestrutura ao Maranh\u00e3o - Daniel Matos","og_description":"O deputado federal Eduardo Braide (PMN) usou a tribuna, nesta ter\u00e7a-feira (26) para solicitar ao ministro da Infraestrutura, Tarc\u00edsio Freitas, [&hellip;]","og_url":"https:\/\/www.blogsoestado.com\/danielmatos\/eduardo-braide-solicita-ida-do-ministro-de-infraestrutura-ao-maranhao\/","og_site_name":"Daniel Matos","article_published_time":"2019-02-26T19:56:07+00:00","og_image":[{"url":"https:\/\/www.blogsoestado.com\/danielmatos\/files\/2019\/02\/braide-ministro-1024x630.jpg","type":"","width":"","height":""}],"twitter_card":"summary_large_image","twitter_misc":{"Est. tempo de leitura":"1 minuto"},"schema":{"@context":"https:\/\/schema.org","@graph":[{"@type":"WebPage","@id":"https:\/\/www.blogsoestado.com\/danielmatos\/eduardo-braide-solicita-ida-do-ministro-de-infraestrutura-ao-maranhao\/","url":"https:\/\/www.blogsoestado.com\/danielmatos\/eduardo-braide-solicita-ida-do-ministro-de-infraestrutura-ao-maranhao\/","name":"Eduardo Braide solicita ida do ministro de Infraestrutura ao Maranh\u00e3o - Daniel Matos","isPartOf":{"@id":"https:\/\/www.blogsoestado.com\/danielmatos\/#website"},"primaryImageOfPage":{"@id":"https:\/\/www.blogsoestado.com\/danielmatos\/eduardo-braide-solicita-ida-do-ministro-de-infraestrutura-ao-maranhao\/#primaryimage"},"image":{"@id":"https:\/\/www.blogsoestado.com\/danielmatos\/eduardo-braide-solicita-ida-do-ministro-de-infraestrutura-ao-maranhao\/#primaryimage"},"thumbnailUrl":"https:\/\/www.blogsoestado.com\/danielmatos\/files\/2019\/02\/braide-ministro-1024x630.jpg","datePublished":"2019-02-26T19:56:07+00:00","author":{"@id":""},"breadcrumb":{"@id":"https:\/\/www.blogsoestado.com\/danielmatos\/eduardo-braide-solicita-ida-do-ministro-de-infraestrutura-ao-maranhao\/#breadcrumb"},"inLanguage":"pt-BR","potentialAction":[{"@type":"ReadAction","target":["https:\/\/www.blogsoestado.com\/danielmatos\/eduardo-braide-solicita-ida-do-ministro-de-infraestrutura-ao-maranhao\/"]}]},{"@type":"ImageObject","inLanguage":"pt-BR","@id":"https:\/\/www.blogsoestado.com\/danielmatos\/eduardo-braide-solicita-ida-do-ministro-de-infraestrutura-ao-maranhao\/#primaryimage","url":"https:\/\/www.blogsoestado.com\/danielmatos\/files\/2019\/02\/braide-ministro-1024x630.jpg","contentUrl":"https:\/\/www.blogsoestado.com\/danielmatos\/files\/2019\/02\/braide-ministro-1024x630.jpg"},{"@type":"BreadcrumbList","@id":"https:\/\/www.blogsoestado.com\/danielmatos\/eduardo-braide-solicita-ida-do-ministro-de-infraestrutura-ao-maranhao\/#breadcrumb","itemListElement":[{"@type":"ListItem","position":1,"name":"In\u00edcio","item":"https:\/\/www.blogsoestado.com\/danielmatos\/"},{"@type":"ListItem","position":2,"name":"Eduardo Braide solicita ida do ministro de Infraestrutura ao Maranh\u00e3o"}]},{"@type":"WebSite","@id":"https:\/\/www.blogsoestado.com\/danielmatos\/#website","url":"https:\/\/www.blogsoestado.com\/danielmatos\/","name":"Daniel Matos","description":"","potentialAction":[{"@type":"SearchAction","target":{"@type":"EntryPoint","urlTemplate":"https:\/\/www.blogsoestado.com\/danielmatos\/?s={search_term_string}"},"query-input":{"@type":"PropertyValueSpecification","valueRequired":true,"valueName":"search_term_string"}}],"inLanguage":"pt-BR"}]}},"jetpack_featured_media_url":"","_links":{"self":[{"href":"https:\/\/www.blogsoestado.com\/danielmatos\/wp-json\/wp\/v2\/posts\/60740","targetHints":{"allow":["GET"]}}],"collection":[{"href":"https:\/\/www.blogsoestado.com\/danielmatos\/wp-json\/wp\/v2\/posts"}],"about":[{"href":"https:\/\/www.blogsoestado.com\/danielmatos\/wp-json\/wp\/v2\/types\/post"}],"replies":[{"embeddable":true,"href":"https:\/\/www.blogsoestado.com\/danielmatos\/wp-json\/wp\/v2\/comments?post=60740"}],"version-history":[{"count":0,"href":"https:\/\/www.blogsoestado.com\/danielmatos\/wp-json\/wp\/v2\/posts\/60740\/revisions"}],"wp:attachment":[{"href":"https:\/\/www.blogsoestado.com\/danielmatos\/wp-json\/wp\/v2\/media?parent=60740"}],"wp:term":[{"taxonomy":"category","embeddable":true,"href":"https:\/\/www.blogsoestado.com\/danielmatos\/wp-json\/wp\/v2\/categories?post=60740"},{"taxonomy":"post_tag","embeddable":true,"href":"https:\/\/www.blogsoestado.com\/danielmatos\/wp-json\/wp\/v2\/tags?post=60740"}],"curies":[{"name":"wp","href":"https:\/\/api.w.org\/{rel}","templated":true}]}}