{"id":60745,"date":"2019-02-26T17:56:21","date_gmt":"2019-02-26T20:56:21","guid":{"rendered":"https:\/\/www.blogsoestado.com\/danielmatos\/?p=60745"},"modified":"2019-02-26T17:56:21","modified_gmt":"2019-02-26T20:56:21","slug":"proposta-de-adriano-visa-beneficiar-bairros-do-centro-de-sao-luis","status":"publish","type":"post","link":"https:\/\/www.blogsoestado.com\/danielmatos\/proposta-de-adriano-visa-beneficiar-bairros-do-centro-de-sao-luis\/","title":{"rendered":"Proposta de Adriano visa beneficiar bairros do Centro de S\u00e3o Lu\u00eds"},"content":{"rendered":"\n<figure class=\"wp-block-image\"><img decoding=\"async\" src=\"https:\/\/www.blogsoestado.com\/danielmatos\/files\/2019\/02\/adriano-proposta-1024x678.jpg\" alt=\"\" class=\"wp-image-60746\"\/><figcaption> Adriano apresentou uma emenda ao projeto visando estender os benef\u00edcios para outros bairros como Madre Deus, Belira, Goiabal, Lira, Vila Passos, Vila Bessa, Vila Gracinha e Codozinho<br><br><br><\/figcaption><\/figure>\n\n\n\n<p>O deputado estadual Adriano Sarney (PV) recha\u00e7ou o tr\u00e2mite de urg\u00eancia do Projeto de Lei n\u00ba 051\/2019, de autoria do governo Fl\u00e1vio Dino (PCdoB), que seria votado nesta ter\u00e7a-feira (26) na Assembleia. O parlamentar, l\u00edder da Oposi\u00e7\u00e3o, pretende ampliar e aprimorar o projeto, que institui o programa estadual Habitar no Centro e prev\u00ea v\u00e1rios benef\u00edcios, inclusive fiscais, aos im\u00f3veis e aos moradores do bairro Desterro, na Praia Grande, conjunto arquitet\u00f4nico do Centro Hist\u00f3rico (tombado pelo IPHAN), al\u00e9m do eixo da Rua Rio Branco e quadras adjacentes, entre as pra\u00e7as Deodoro e Gon\u00e7alves Dias. Adriano apresentou uma emenda ao projeto visando estender os benef\u00edcios para outros bairros como Madre Deus, Belira, Goiabal, Lira, Vila Passos, Vila Bessa, Vila Gracinha e Codozinho.<\/p>\n\n\n\n<p>Adriano pretende realizar uma audi\u00eancia p\u00fablica para discutir o assunto com a sociedade. \u201cUm projeto de lei desta import\u00e2ncia deveria ter sido amplamente debatido nas comiss\u00f5es t\u00e9cnicas, como a Comiss\u00e3o de Assuntos Municipais e Turismo, fazendo isso de forma respons\u00e1vel e transparente, para que possamos aprimorar o projeto e cumprir com o nosso papel no Legislativo, que \u00e9 defender os interesses do povo, como os moradores desses bairros que n\u00e3o estavam inclu\u00eddos no texto original\u201d, ressaltou.<\/p>\n\n\n\n<p>O PL n\u00ba 051 estava na pauta de ter\u00e7a-feira da Assembleia, com pedido de vota\u00e7\u00e3o em regime de urg\u00eancia, mas o Bloco de Oposi\u00e7\u00e3o conseguiu evitar uma vota\u00e7\u00e3o \u00e0s pressas da bancada governista. O PL entrar\u00e1 novamente na pauta de vota\u00e7\u00f5es do plen\u00e1rio nesta quarta-feira (27). O objetivo geral \u00e9 articular as pol\u00edticas de revitaliza\u00e7\u00e3o de s\u00edtios hist\u00f3ricos; apoiar e manter a popula\u00e7\u00e3o residente no Centro e atrair novos moradores, novas atividades comerciais e servi\u00e7os, tomando o Centro da cidade atrativo e seguro \u00e0 popula\u00e7\u00e3o que utiliza os servi\u00e7os p\u00fablicos e atividades comerciais, bem como ao turista interessado em seu acervo hist\u00f3rico e cultural.<\/p>\n\n\n\n<p>Assista ao pronunciamento:<\/p>\n\n\n\n<figure class=\"wp-block-embed-youtube wp-block-embed is-type-video is-provider-youtube wp-embed-aspect-16-9 wp-has-aspect-ratio\"><div class=\"wp-block-embed__wrapper\">\n<iframe title=\"Discurso do deputado Adriano 26 02 2019\" width=\"500\" height=\"281\" src=\"https:\/\/www.youtube.com\/embed\/6Myl5XPPCjQ?feature=oembed\" frameborder=\"0\" allow=\"accelerometer; autoplay; clipboard-write; encrypted-media; gyroscope; picture-in-picture; web-share\" referrerpolicy=\"strict-origin-when-cross-origin\" allowfullscreen><\/iframe>\n<\/div><\/figure>\n","protected":false},"excerpt":{"rendered":"<p>O deputado estadual Adriano Sarney (PV) recha\u00e7ou o tr\u00e2mite de urg\u00eancia do Projeto de Lei n\u00ba 051\/2019, de autoria do [&hellip;]<\/p>\n","protected":false},"author":0,"featured_media":0,"comment_status":"open","ping_status":"open","sticky":false,"template":"","format":"standard","meta":{"site-sidebar-layout":"default","site-content-layout":"","ast-site-content-layout":"default","site-content-style":"default","site-sidebar-style":"default","ast-global-header-display":"","ast-banner-title-visibility":"","ast-main-header-display":"","ast-hfb-above-header-display":"","ast-hfb-below-header-display":"","ast-hfb-mobile-header-display":"","site-post-title":"","ast-breadcrumbs-content":"","ast-featured-img":"","footer-sml-layout":"","ast-disable-related-posts":"","theme-transparent-header-meta":"","adv-header-id-meta":"","stick-header-meta":"","header-above-stick-meta":"","header-main-stick-meta":"","header-below-stick-meta":"","astra-migrate-meta-layouts":"default","ast-page-background-enabled":"default","ast-page-background-meta":{"desktop":{"background-color":"var(--ast-global-color-5)","background-image":"","background-repeat":"repeat","background-position":"center center","background-size":"auto","background-attachment":"scroll","background-type":"","background-media":"","overlay-type":"","overlay-color":"","overlay-opacity":"","overlay-gradient":""},"tablet":{"background-color":"","background-image":"","background-repeat":"repeat","background-position":"center center","background-size":"auto","background-attachment":"scroll","background-type":"","background-media":"","overlay-type":"","overlay-color":"","overlay-opacity":"","overlay-gradient":""},"mobile":{"background-color":"","background-image":"","background-repeat":"repeat","background-position":"center center","background-size":"auto","background-attachment":"scroll","background-type":"","background-media":"","overlay-type":"","overlay-color":"","overlay-opacity":"","overlay-gradient":""}},"ast-content-background-meta":{"desktop":{"background-color":"var(--ast-global-color-4)","background-image":"","background-repeat":"repeat","background-position":"center center","background-size":"auto","background-attachment":"scroll","background-type":"","background-media":"","overlay-type":"","overlay-color":"","overlay-opacity":"","overlay-gradient":""},"tablet":{"background-color":"var(--ast-global-color-4)","background-image":"","background-repeat":"repeat","background-position":"center center","background-size":"auto","background-attachment":"scroll","background-type":"","background-media":"","overlay-type":"","overlay-color":"","overlay-opacity":"","overlay-gradient":""},"mobile":{"background-color":"var(--ast-global-color-4)","background-image":"","background-repeat":"repeat","background-position":"center center","background-size":"auto","background-attachment":"scroll","background-type":"","background-media":"","overlay-type":"","overlay-color":"","overlay-opacity":"","overlay-gradient":""}},"footnotes":""},"categories":[1],"tags":[],"class_list":["post-60745","post","type-post","status-publish","format-standard","hentry","category-sem-categoria"],"yoast_head":"<!-- This site is optimized with the Yoast SEO plugin v26.6 - https:\/\/yoast.com\/wordpress\/plugins\/seo\/ -->\n<title>Proposta de Adriano visa beneficiar bairros do Centro de S\u00e3o Lu\u00eds - Daniel Matos<\/title>\n<meta name=\"robots\" content=\"index, follow, max-snippet:-1, max-image-preview:large, max-video-preview:-1\" \/>\n<link rel=\"canonical\" href=\"https:\/\/www.blogsoestado.com\/danielmatos\/proposta-de-adriano-visa-beneficiar-bairros-do-centro-de-sao-luis\/\" \/>\n<meta property=\"og:locale\" content=\"pt_BR\" \/>\n<meta property=\"og:type\" content=\"article\" \/>\n<meta property=\"og:title\" content=\"Proposta de Adriano visa beneficiar bairros do Centro de S\u00e3o Lu\u00eds - Daniel Matos\" \/>\n<meta property=\"og:description\" content=\"O deputado estadual Adriano Sarney (PV) recha\u00e7ou o tr\u00e2mite de urg\u00eancia do Projeto de Lei n\u00ba 051\/2019, de autoria do [&hellip;]\" \/>\n<meta property=\"og:url\" content=\"https:\/\/www.blogsoestado.com\/danielmatos\/proposta-de-adriano-visa-beneficiar-bairros-do-centro-de-sao-luis\/\" \/>\n<meta property=\"og:site_name\" content=\"Daniel Matos\" \/>\n<meta property=\"article:published_time\" content=\"2019-02-26T20:56:21+00:00\" \/>\n<meta property=\"og:image\" content=\"https:\/\/www.blogsoestado.com\/danielmatos\/files\/2019\/02\/adriano-proposta-1024x678.jpg\" \/>\n<meta name=\"twitter:card\" content=\"summary_large_image\" \/>\n<meta name=\"twitter:label1\" content=\"Est. tempo de leitura\" \/>\n\t<meta name=\"twitter:data1\" content=\"2 minutos\" \/>\n<script type=\"application\/ld+json\" class=\"yoast-schema-graph\">{\"@context\":\"https:\/\/schema.org\",\"@graph\":[{\"@type\":\"WebPage\",\"@id\":\"https:\/\/www.blogsoestado.com\/danielmatos\/proposta-de-adriano-visa-beneficiar-bairros-do-centro-de-sao-luis\/\",\"url\":\"https:\/\/www.blogsoestado.com\/danielmatos\/proposta-de-adriano-visa-beneficiar-bairros-do-centro-de-sao-luis\/\",\"name\":\"Proposta de Adriano visa beneficiar bairros do Centro de S\u00e3o Lu\u00eds - Daniel Matos\",\"isPartOf\":{\"@id\":\"https:\/\/www.blogsoestado.com\/danielmatos\/#website\"},\"primaryImageOfPage\":{\"@id\":\"https:\/\/www.blogsoestado.com\/danielmatos\/proposta-de-adriano-visa-beneficiar-bairros-do-centro-de-sao-luis\/#primaryimage\"},\"image\":{\"@id\":\"https:\/\/www.blogsoestado.com\/danielmatos\/proposta-de-adriano-visa-beneficiar-bairros-do-centro-de-sao-luis\/#primaryimage\"},\"thumbnailUrl\":\"https:\/\/www.blogsoestado.com\/danielmatos\/files\/2019\/02\/adriano-proposta-1024x678.jpg\",\"datePublished\":\"2019-02-26T20:56:21+00:00\",\"author\":{\"@id\":\"\"},\"breadcrumb\":{\"@id\":\"https:\/\/www.blogsoestado.com\/danielmatos\/proposta-de-adriano-visa-beneficiar-bairros-do-centro-de-sao-luis\/#breadcrumb\"},\"inLanguage\":\"pt-BR\",\"potentialAction\":[{\"@type\":\"ReadAction\",\"target\":[\"https:\/\/www.blogsoestado.com\/danielmatos\/proposta-de-adriano-visa-beneficiar-bairros-do-centro-de-sao-luis\/\"]}]},{\"@type\":\"ImageObject\",\"inLanguage\":\"pt-BR\",\"@id\":\"https:\/\/www.blogsoestado.com\/danielmatos\/proposta-de-adriano-visa-beneficiar-bairros-do-centro-de-sao-luis\/#primaryimage\",\"url\":\"https:\/\/www.blogsoestado.com\/danielmatos\/files\/2019\/02\/adriano-proposta-1024x678.jpg\",\"contentUrl\":\"https:\/\/www.blogsoestado.com\/danielmatos\/files\/2019\/02\/adriano-proposta-1024x678.jpg\"},{\"@type\":\"BreadcrumbList\",\"@id\":\"https:\/\/www.blogsoestado.com\/danielmatos\/proposta-de-adriano-visa-beneficiar-bairros-do-centro-de-sao-luis\/#breadcrumb\",\"itemListElement\":[{\"@type\":\"ListItem\",\"position\":1,\"name\":\"In\u00edcio\",\"item\":\"https:\/\/www.blogsoestado.com\/danielmatos\/\"},{\"@type\":\"ListItem\",\"position\":2,\"name\":\"Proposta de Adriano visa beneficiar bairros do Centro de S\u00e3o Lu\u00eds\"}]},{\"@type\":\"WebSite\",\"@id\":\"https:\/\/www.blogsoestado.com\/danielmatos\/#website\",\"url\":\"https:\/\/www.blogsoestado.com\/danielmatos\/\",\"name\":\"Daniel Matos\",\"description\":\"\",\"potentialAction\":[{\"@type\":\"SearchAction\",\"target\":{\"@type\":\"EntryPoint\",\"urlTemplate\":\"https:\/\/www.blogsoestado.com\/danielmatos\/?s={search_term_string}\"},\"query-input\":{\"@type\":\"PropertyValueSpecification\",\"valueRequired\":true,\"valueName\":\"search_term_string\"}}],\"inLanguage\":\"pt-BR\"}]}<\/script>\n<!-- \/ Yoast SEO plugin. -->","yoast_head_json":{"title":"Proposta de Adriano visa beneficiar bairros do Centro de S\u00e3o Lu\u00eds - Daniel Matos","robots":{"index":"index","follow":"follow","max-snippet":"max-snippet:-1","max-image-preview":"max-image-preview:large","max-video-preview":"max-video-preview:-1"},"canonical":"https:\/\/www.blogsoestado.com\/danielmatos\/proposta-de-adriano-visa-beneficiar-bairros-do-centro-de-sao-luis\/","og_locale":"pt_BR","og_type":"article","og_title":"Proposta de Adriano visa beneficiar bairros do Centro de S\u00e3o Lu\u00eds - Daniel Matos","og_description":"O deputado estadual Adriano Sarney (PV) recha\u00e7ou o tr\u00e2mite de urg\u00eancia do Projeto de Lei n\u00ba 051\/2019, de autoria do [&hellip;]","og_url":"https:\/\/www.blogsoestado.com\/danielmatos\/proposta-de-adriano-visa-beneficiar-bairros-do-centro-de-sao-luis\/","og_site_name":"Daniel Matos","article_published_time":"2019-02-26T20:56:21+00:00","og_image":[{"url":"https:\/\/www.blogsoestado.com\/danielmatos\/files\/2019\/02\/adriano-proposta-1024x678.jpg","type":"","width":"","height":""}],"twitter_card":"summary_large_image","twitter_misc":{"Est. tempo de leitura":"2 minutos"},"schema":{"@context":"https:\/\/schema.org","@graph":[{"@type":"WebPage","@id":"https:\/\/www.blogsoestado.com\/danielmatos\/proposta-de-adriano-visa-beneficiar-bairros-do-centro-de-sao-luis\/","url":"https:\/\/www.blogsoestado.com\/danielmatos\/proposta-de-adriano-visa-beneficiar-bairros-do-centro-de-sao-luis\/","name":"Proposta de Adriano visa beneficiar bairros do Centro de S\u00e3o Lu\u00eds - Daniel Matos","isPartOf":{"@id":"https:\/\/www.blogsoestado.com\/danielmatos\/#website"},"primaryImageOfPage":{"@id":"https:\/\/www.blogsoestado.com\/danielmatos\/proposta-de-adriano-visa-beneficiar-bairros-do-centro-de-sao-luis\/#primaryimage"},"image":{"@id":"https:\/\/www.blogsoestado.com\/danielmatos\/proposta-de-adriano-visa-beneficiar-bairros-do-centro-de-sao-luis\/#primaryimage"},"thumbnailUrl":"https:\/\/www.blogsoestado.com\/danielmatos\/files\/2019\/02\/adriano-proposta-1024x678.jpg","datePublished":"2019-02-26T20:56:21+00:00","author":{"@id":""},"breadcrumb":{"@id":"https:\/\/www.blogsoestado.com\/danielmatos\/proposta-de-adriano-visa-beneficiar-bairros-do-centro-de-sao-luis\/#breadcrumb"},"inLanguage":"pt-BR","potentialAction":[{"@type":"ReadAction","target":["https:\/\/www.blogsoestado.com\/danielmatos\/proposta-de-adriano-visa-beneficiar-bairros-do-centro-de-sao-luis\/"]}]},{"@type":"ImageObject","inLanguage":"pt-BR","@id":"https:\/\/www.blogsoestado.com\/danielmatos\/proposta-de-adriano-visa-beneficiar-bairros-do-centro-de-sao-luis\/#primaryimage","url":"https:\/\/www.blogsoestado.com\/danielmatos\/files\/2019\/02\/adriano-proposta-1024x678.jpg","contentUrl":"https:\/\/www.blogsoestado.com\/danielmatos\/files\/2019\/02\/adriano-proposta-1024x678.jpg"},{"@type":"BreadcrumbList","@id":"https:\/\/www.blogsoestado.com\/danielmatos\/proposta-de-adriano-visa-beneficiar-bairros-do-centro-de-sao-luis\/#breadcrumb","itemListElement":[{"@type":"ListItem","position":1,"name":"In\u00edcio","item":"https:\/\/www.blogsoestado.com\/danielmatos\/"},{"@type":"ListItem","position":2,"name":"Proposta de Adriano visa beneficiar bairros do Centro de S\u00e3o Lu\u00eds"}]},{"@type":"WebSite","@id":"https:\/\/www.blogsoestado.com\/danielmatos\/#website","url":"https:\/\/www.blogsoestado.com\/danielmatos\/","name":"Daniel Matos","description":"","potentialAction":[{"@type":"SearchAction","target":{"@type":"EntryPoint","urlTemplate":"https:\/\/www.blogsoestado.com\/danielmatos\/?s={search_term_string}"},"query-input":{"@type":"PropertyValueSpecification","valueRequired":true,"valueName":"search_term_string"}}],"inLanguage":"pt-BR"}]}},"jetpack_featured_media_url":"","_links":{"self":[{"href":"https:\/\/www.blogsoestado.com\/danielmatos\/wp-json\/wp\/v2\/posts\/60745","targetHints":{"allow":["GET"]}}],"collection":[{"href":"https:\/\/www.blogsoestado.com\/danielmatos\/wp-json\/wp\/v2\/posts"}],"about":[{"href":"https:\/\/www.blogsoestado.com\/danielmatos\/wp-json\/wp\/v2\/types\/post"}],"replies":[{"embeddable":true,"href":"https:\/\/www.blogsoestado.com\/danielmatos\/wp-json\/wp\/v2\/comments?post=60745"}],"version-history":[{"count":0,"href":"https:\/\/www.blogsoestado.com\/danielmatos\/wp-json\/wp\/v2\/posts\/60745\/revisions"}],"wp:attachment":[{"href":"https:\/\/www.blogsoestado.com\/danielmatos\/wp-json\/wp\/v2\/media?parent=60745"}],"wp:term":[{"taxonomy":"category","embeddable":true,"href":"https:\/\/www.blogsoestado.com\/danielmatos\/wp-json\/wp\/v2\/categories?post=60745"},{"taxonomy":"post_tag","embeddable":true,"href":"https:\/\/www.blogsoestado.com\/danielmatos\/wp-json\/wp\/v2\/tags?post=60745"}],"curies":[{"name":"wp","href":"https:\/\/api.w.org\/{rel}","templated":true}]}}