{"id":60751,"date":"2019-02-26T18:25:36","date_gmt":"2019-02-26T21:25:36","guid":{"rendered":"https:\/\/www.blogsoestado.com\/danielmatos\/?p=60751"},"modified":"2019-02-26T18:25:36","modified_gmt":"2019-02-26T21:25:36","slug":"camara-de-sao-luis-regulamenta-aplicativos-de-transporte-sem-limitar-quantidade-de-veiculos","status":"publish","type":"post","link":"https:\/\/www.blogsoestado.com\/danielmatos\/camara-de-sao-luis-regulamenta-aplicativos-de-transporte-sem-limitar-quantidade-de-veiculos\/","title":{"rendered":"C\u00e2mara de S\u00e3o Lu\u00eds regulamenta aplicativos de transporte sem limitar quantidade de ve\u00edculos"},"content":{"rendered":"\n<figure class=\"wp-block-image\"><img decoding=\"async\" src=\"https:\/\/www.blogsoestado.com\/danielmatos\/files\/2019\/02\/camara-uber-aprova-1024x682.jpg\" alt=\"\" class=\"wp-image-60752\"\/><figcaption> <em>Vereadores com motoristas parceiros dos aplicativos ap\u00f3s aprova\u00e7\u00e3o do projeto<\/em> <\/figcaption><\/figure>\n\n\n\n<p>Depois de dois anos em tramita\u00e7\u00e3o e quase doze horas de discuss\u00e3o, a C\u00e2mara Municipal de S\u00e3o Lu\u00eds finalmente aprovou por unanimidade, na tarde desta ter\u00e7a-feira (26), o Projeto de Lei n\u00ba 001\/2017 que regulamenta os servi\u00e7os de transporte individual de passageiros com uso de aplicativos de celular na capital maranhense &#8211; como Uber, Mary Drive e 99 POP.<\/p>\n\n\n\n<p>No plen\u00e1rio Sim\u00e3o Est\u00e1cio da Silveira, motoristas que prestam servi\u00e7os de transporte privado por plataforma digital e taxistas acompanharam a sess\u00e3o, que come\u00e7ou \u00e0s 10h20 e foi encerrada por volta das 15h30.<\/p>\n\n\n\n<p>Na opini\u00e3o do motorista Hudson Carvalho Mendes, o desfecho foi positivo. &#8220;N\u00f3s vemos como um excelente resultado&#8221;, disse o trabalhador, que acompanhou os dois dias vota\u00e7\u00e3o. &#8220;Agora \u00e9 aguardar a san\u00e7\u00e3o desta proposta para que a classe possa trabalhar com mais seguran\u00e7a&#8221;, completou.<\/p>\n\n\n\n<p>O projeto cria obriga\u00e7\u00f5es aos servi\u00e7os de transporte individual por aplicativo, como a identifica\u00e7\u00e3o do passageiro por parte do motorista; o destino da corrida; apresenta\u00e7\u00e3o de certificado de seguro contra acidentes pessoais a passageiros; e o uso de ve\u00edculos com no m\u00e1ximo oito anos de fabrica\u00e7\u00e3o. Tamb\u00e9m passar\u00e3o a ser cobrados 5% de tributos sobre os valores pagos por viagem.<\/p>\n\n\n\n<p><strong>Sem restri\u00e7\u00f5es<\/strong><\/p>\n\n\n\n<p>Um dos pontos pol\u00eamicos apresentados na discuss\u00e3o foi em rela\u00e7\u00e3o a uma emenda que limitava a quantidade de ve\u00edculos e motoristas cadastrados. A mat\u00e9ria, entretanto, foi vencida e retirada de pauta.<\/p>\n\n\n\n<p>Para o presidente da C\u00e2mara, vereador Osmar Filho (PDT), a sess\u00e3o que aprovou a mat\u00e9ria foi hist\u00f3rica. Ele afirmou que a proposta aprovada n\u00e3o restringe direito e muito menos penaliza a popula\u00e7\u00e3o.<\/p>\n\n\n\n<p>&#8220;Foram quase 12 horas de discuss\u00e3o at\u00e9 chegarmos \u00e0 decis\u00e3o final, com todas as emendas que foram destacadas, votando uma a uma at\u00e9 votarmos a mat\u00e9ria inicial. N\u00e3o restringimos qualquer tipo de direito ou penalizamos a popula\u00e7\u00e3o. Pelo contr\u00e1rio, preservamos tanto os passageiros, quanto os condutores e, principalmente, a popula\u00e7\u00e3o ludovicense&#8221;, afirmou.<\/p>\n\n\n\n<p><strong>Grande Passo<\/strong><\/p>\n\n\n\n<p>O vereador Paulo Victor (PTC), autor da proposta, avaliou que o projeto aprovado foi um grande passo para a cidade, destacando a inova\u00e7\u00e3o para a mobilidade e tamb\u00e9m para os passageiros.<\/p>\n\n\n\n<p>&#8220;Esse n\u00e3o \u00e9 mais um projeto de minha autoria. Agora \u00e9 um projeto da C\u00e2mara que votou em beneficio da popula\u00e7\u00e3o de S\u00e3o Lu\u00eds. Gra\u00e7as a Deus chegamos a um consenso e retiramos toda e qualquer limita\u00e7\u00e3o deixando o projeto constitucional. O projeto foi um grande passo para a cidade, pois representa a inova\u00e7\u00e3o para a mobilidade e tamb\u00e9m para os passageiros&#8221;, disse.<\/p>\n\n\n\n<p><strong>Tramita\u00e7\u00e3o<\/strong><\/p>\n\n\n\n<p>O PL estava no Legislativo desde fevereiro de 2017, sendo aprovado, em 1\u00ba turno, no dia 18 de dezembro daquele ano. No entanto, antes de ir \u00e0 vota\u00e7\u00e3o em plen\u00e1rio, passou pelas Comiss\u00f5es de Constitui\u00e7\u00e3o de Justi\u00e7a (CCJ) e de Mobilidade Urbana (CMU) e foi objeto de discuss\u00e3o em duas audi\u00eancias p\u00fablicas, uma delas no audit\u00f3rio da OAB-MA.<\/p>\n\n\n\n<p>Com a aprova\u00e7\u00e3o dos parlamentares, agora a proposta segue para reda\u00e7\u00e3o final para adicionar as emendas aprovadas e, ap\u00f3s revis\u00e3o, ser\u00e1 encaminhada \u00e0 san\u00e7\u00e3o do prefeito Edivaldo J\u00fanior (PDT).<\/p>\n","protected":false},"excerpt":{"rendered":"<p>Depois de dois anos em tramita\u00e7\u00e3o e quase doze horas de discuss\u00e3o, a C\u00e2mara Municipal de S\u00e3o Lu\u00eds finalmente aprovou [&hellip;]<\/p>\n","protected":false},"author":0,"featured_media":0,"comment_status":"open","ping_status":"open","sticky":false,"template":"","format":"standard","meta":{"site-sidebar-layout":"default","site-content-layout":"","ast-site-content-layout":"default","site-content-style":"default","site-sidebar-style":"default","ast-global-header-display":"","ast-banner-title-visibility":"","ast-main-header-display":"","ast-hfb-above-header-display":"","ast-hfb-below-header-display":"","ast-hfb-mobile-header-display":"","site-post-title":"","ast-breadcrumbs-content":"","ast-featured-img":"","footer-sml-layout":"","ast-disable-related-posts":"","theme-transparent-header-meta":"","adv-header-id-meta":"","stick-header-meta":"","header-above-stick-meta":"","header-main-stick-meta":"","header-below-stick-meta":"","astra-migrate-meta-layouts":"default","ast-page-background-enabled":"default","ast-page-background-meta":{"desktop":{"background-color":"var(--ast-global-color-5)","background-image":"","background-repeat":"repeat","background-position":"center center","background-size":"auto","background-attachment":"scroll","background-type":"","background-media":"","overlay-type":"","overlay-color":"","overlay-opacity":"","overlay-gradient":""},"tablet":{"background-color":"","background-image":"","background-repeat":"repeat","background-position":"center center","background-size":"auto","background-attachment":"scroll","background-type":"","background-media":"","overlay-type":"","overlay-color":"","overlay-opacity":"","overlay-gradient":""},"mobile":{"background-color":"","background-image":"","background-repeat":"repeat","background-position":"center center","background-size":"auto","background-attachment":"scroll","background-type":"","background-media":"","overlay-type":"","overlay-color":"","overlay-opacity":"","overlay-gradient":""}},"ast-content-background-meta":{"desktop":{"background-color":"var(--ast-global-color-4)","background-image":"","background-repeat":"repeat","background-position":"center center","background-size":"auto","background-attachment":"scroll","background-type":"","background-media":"","overlay-type":"","overlay-color":"","overlay-opacity":"","overlay-gradient":""},"tablet":{"background-color":"var(--ast-global-color-4)","background-image":"","background-repeat":"repeat","background-position":"center center","background-size":"auto","background-attachment":"scroll","background-type":"","background-media":"","overlay-type":"","overlay-color":"","overlay-opacity":"","overlay-gradient":""},"mobile":{"background-color":"var(--ast-global-color-4)","background-image":"","background-repeat":"repeat","background-position":"center center","background-size":"auto","background-attachment":"scroll","background-type":"","background-media":"","overlay-type":"","overlay-color":"","overlay-opacity":"","overlay-gradient":""}},"footnotes":""},"categories":[1],"tags":[],"class_list":["post-60751","post","type-post","status-publish","format-standard","hentry","category-sem-categoria"],"yoast_head":"<!-- This site is optimized with the Yoast SEO plugin v26.6 - https:\/\/yoast.com\/wordpress\/plugins\/seo\/ -->\n<title>C\u00e2mara de S\u00e3o Lu\u00eds regulamenta aplicativos de transporte sem limitar quantidade de ve\u00edculos - Daniel Matos<\/title>\n<meta name=\"robots\" content=\"index, follow, max-snippet:-1, max-image-preview:large, max-video-preview:-1\" \/>\n<link rel=\"canonical\" href=\"https:\/\/www.blogsoestado.com\/danielmatos\/camara-de-sao-luis-regulamenta-aplicativos-de-transporte-sem-limitar-quantidade-de-veiculos\/\" \/>\n<meta property=\"og:locale\" content=\"pt_BR\" \/>\n<meta property=\"og:type\" content=\"article\" \/>\n<meta property=\"og:title\" content=\"C\u00e2mara de S\u00e3o Lu\u00eds regulamenta aplicativos de transporte sem limitar quantidade de ve\u00edculos - Daniel Matos\" \/>\n<meta property=\"og:description\" content=\"Depois de dois anos em tramita\u00e7\u00e3o e quase doze horas de discuss\u00e3o, a C\u00e2mara Municipal de S\u00e3o Lu\u00eds finalmente aprovou [&hellip;]\" \/>\n<meta property=\"og:url\" content=\"https:\/\/www.blogsoestado.com\/danielmatos\/camara-de-sao-luis-regulamenta-aplicativos-de-transporte-sem-limitar-quantidade-de-veiculos\/\" \/>\n<meta property=\"og:site_name\" content=\"Daniel Matos\" \/>\n<meta property=\"article:published_time\" content=\"2019-02-26T21:25:36+00:00\" \/>\n<meta property=\"og:image\" content=\"https:\/\/www.blogsoestado.com\/danielmatos\/files\/2019\/02\/camara-uber-aprova-1024x682.jpg\" \/>\n<meta name=\"twitter:card\" content=\"summary_large_image\" \/>\n<meta name=\"twitter:label1\" content=\"Est. tempo de leitura\" \/>\n\t<meta name=\"twitter:data1\" content=\"3 minutos\" \/>\n<script type=\"application\/ld+json\" class=\"yoast-schema-graph\">{\"@context\":\"https:\/\/schema.org\",\"@graph\":[{\"@type\":\"WebPage\",\"@id\":\"https:\/\/www.blogsoestado.com\/danielmatos\/camara-de-sao-luis-regulamenta-aplicativos-de-transporte-sem-limitar-quantidade-de-veiculos\/\",\"url\":\"https:\/\/www.blogsoestado.com\/danielmatos\/camara-de-sao-luis-regulamenta-aplicativos-de-transporte-sem-limitar-quantidade-de-veiculos\/\",\"name\":\"C\u00e2mara de S\u00e3o Lu\u00eds regulamenta aplicativos de transporte sem limitar quantidade de ve\u00edculos - Daniel Matos\",\"isPartOf\":{\"@id\":\"https:\/\/www.blogsoestado.com\/danielmatos\/#website\"},\"primaryImageOfPage\":{\"@id\":\"https:\/\/www.blogsoestado.com\/danielmatos\/camara-de-sao-luis-regulamenta-aplicativos-de-transporte-sem-limitar-quantidade-de-veiculos\/#primaryimage\"},\"image\":{\"@id\":\"https:\/\/www.blogsoestado.com\/danielmatos\/camara-de-sao-luis-regulamenta-aplicativos-de-transporte-sem-limitar-quantidade-de-veiculos\/#primaryimage\"},\"thumbnailUrl\":\"https:\/\/www.blogsoestado.com\/danielmatos\/files\/2019\/02\/camara-uber-aprova-1024x682.jpg\",\"datePublished\":\"2019-02-26T21:25:36+00:00\",\"author\":{\"@id\":\"\"},\"breadcrumb\":{\"@id\":\"https:\/\/www.blogsoestado.com\/danielmatos\/camara-de-sao-luis-regulamenta-aplicativos-de-transporte-sem-limitar-quantidade-de-veiculos\/#breadcrumb\"},\"inLanguage\":\"pt-BR\",\"potentialAction\":[{\"@type\":\"ReadAction\",\"target\":[\"https:\/\/www.blogsoestado.com\/danielmatos\/camara-de-sao-luis-regulamenta-aplicativos-de-transporte-sem-limitar-quantidade-de-veiculos\/\"]}]},{\"@type\":\"ImageObject\",\"inLanguage\":\"pt-BR\",\"@id\":\"https:\/\/www.blogsoestado.com\/danielmatos\/camara-de-sao-luis-regulamenta-aplicativos-de-transporte-sem-limitar-quantidade-de-veiculos\/#primaryimage\",\"url\":\"https:\/\/www.blogsoestado.com\/danielmatos\/files\/2019\/02\/camara-uber-aprova-1024x682.jpg\",\"contentUrl\":\"https:\/\/www.blogsoestado.com\/danielmatos\/files\/2019\/02\/camara-uber-aprova-1024x682.jpg\"},{\"@type\":\"BreadcrumbList\",\"@id\":\"https:\/\/www.blogsoestado.com\/danielmatos\/camara-de-sao-luis-regulamenta-aplicativos-de-transporte-sem-limitar-quantidade-de-veiculos\/#breadcrumb\",\"itemListElement\":[{\"@type\":\"ListItem\",\"position\":1,\"name\":\"In\u00edcio\",\"item\":\"https:\/\/www.blogsoestado.com\/danielmatos\/\"},{\"@type\":\"ListItem\",\"position\":2,\"name\":\"C\u00e2mara de S\u00e3o Lu\u00eds regulamenta aplicativos de transporte sem limitar quantidade de ve\u00edculos\"}]},{\"@type\":\"WebSite\",\"@id\":\"https:\/\/www.blogsoestado.com\/danielmatos\/#website\",\"url\":\"https:\/\/www.blogsoestado.com\/danielmatos\/\",\"name\":\"Daniel Matos\",\"description\":\"\",\"potentialAction\":[{\"@type\":\"SearchAction\",\"target\":{\"@type\":\"EntryPoint\",\"urlTemplate\":\"https:\/\/www.blogsoestado.com\/danielmatos\/?s={search_term_string}\"},\"query-input\":{\"@type\":\"PropertyValueSpecification\",\"valueRequired\":true,\"valueName\":\"search_term_string\"}}],\"inLanguage\":\"pt-BR\"}]}<\/script>\n<!-- \/ Yoast SEO plugin. -->","yoast_head_json":{"title":"C\u00e2mara de S\u00e3o Lu\u00eds regulamenta aplicativos de transporte sem limitar quantidade de ve\u00edculos - Daniel Matos","robots":{"index":"index","follow":"follow","max-snippet":"max-snippet:-1","max-image-preview":"max-image-preview:large","max-video-preview":"max-video-preview:-1"},"canonical":"https:\/\/www.blogsoestado.com\/danielmatos\/camara-de-sao-luis-regulamenta-aplicativos-de-transporte-sem-limitar-quantidade-de-veiculos\/","og_locale":"pt_BR","og_type":"article","og_title":"C\u00e2mara de S\u00e3o Lu\u00eds regulamenta aplicativos de transporte sem limitar quantidade de ve\u00edculos - Daniel Matos","og_description":"Depois de dois anos em tramita\u00e7\u00e3o e quase doze horas de discuss\u00e3o, a C\u00e2mara Municipal de S\u00e3o Lu\u00eds finalmente aprovou [&hellip;]","og_url":"https:\/\/www.blogsoestado.com\/danielmatos\/camara-de-sao-luis-regulamenta-aplicativos-de-transporte-sem-limitar-quantidade-de-veiculos\/","og_site_name":"Daniel Matos","article_published_time":"2019-02-26T21:25:36+00:00","og_image":[{"url":"https:\/\/www.blogsoestado.com\/danielmatos\/files\/2019\/02\/camara-uber-aprova-1024x682.jpg","type":"","width":"","height":""}],"twitter_card":"summary_large_image","twitter_misc":{"Est. tempo de leitura":"3 minutos"},"schema":{"@context":"https:\/\/schema.org","@graph":[{"@type":"WebPage","@id":"https:\/\/www.blogsoestado.com\/danielmatos\/camara-de-sao-luis-regulamenta-aplicativos-de-transporte-sem-limitar-quantidade-de-veiculos\/","url":"https:\/\/www.blogsoestado.com\/danielmatos\/camara-de-sao-luis-regulamenta-aplicativos-de-transporte-sem-limitar-quantidade-de-veiculos\/","name":"C\u00e2mara de S\u00e3o Lu\u00eds regulamenta aplicativos de transporte sem limitar quantidade de ve\u00edculos - Daniel Matos","isPartOf":{"@id":"https:\/\/www.blogsoestado.com\/danielmatos\/#website"},"primaryImageOfPage":{"@id":"https:\/\/www.blogsoestado.com\/danielmatos\/camara-de-sao-luis-regulamenta-aplicativos-de-transporte-sem-limitar-quantidade-de-veiculos\/#primaryimage"},"image":{"@id":"https:\/\/www.blogsoestado.com\/danielmatos\/camara-de-sao-luis-regulamenta-aplicativos-de-transporte-sem-limitar-quantidade-de-veiculos\/#primaryimage"},"thumbnailUrl":"https:\/\/www.blogsoestado.com\/danielmatos\/files\/2019\/02\/camara-uber-aprova-1024x682.jpg","datePublished":"2019-02-26T21:25:36+00:00","author":{"@id":""},"breadcrumb":{"@id":"https:\/\/www.blogsoestado.com\/danielmatos\/camara-de-sao-luis-regulamenta-aplicativos-de-transporte-sem-limitar-quantidade-de-veiculos\/#breadcrumb"},"inLanguage":"pt-BR","potentialAction":[{"@type":"ReadAction","target":["https:\/\/www.blogsoestado.com\/danielmatos\/camara-de-sao-luis-regulamenta-aplicativos-de-transporte-sem-limitar-quantidade-de-veiculos\/"]}]},{"@type":"ImageObject","inLanguage":"pt-BR","@id":"https:\/\/www.blogsoestado.com\/danielmatos\/camara-de-sao-luis-regulamenta-aplicativos-de-transporte-sem-limitar-quantidade-de-veiculos\/#primaryimage","url":"https:\/\/www.blogsoestado.com\/danielmatos\/files\/2019\/02\/camara-uber-aprova-1024x682.jpg","contentUrl":"https:\/\/www.blogsoestado.com\/danielmatos\/files\/2019\/02\/camara-uber-aprova-1024x682.jpg"},{"@type":"BreadcrumbList","@id":"https:\/\/www.blogsoestado.com\/danielmatos\/camara-de-sao-luis-regulamenta-aplicativos-de-transporte-sem-limitar-quantidade-de-veiculos\/#breadcrumb","itemListElement":[{"@type":"ListItem","position":1,"name":"In\u00edcio","item":"https:\/\/www.blogsoestado.com\/danielmatos\/"},{"@type":"ListItem","position":2,"name":"C\u00e2mara de S\u00e3o Lu\u00eds regulamenta aplicativos de transporte sem limitar quantidade de ve\u00edculos"}]},{"@type":"WebSite","@id":"https:\/\/www.blogsoestado.com\/danielmatos\/#website","url":"https:\/\/www.blogsoestado.com\/danielmatos\/","name":"Daniel Matos","description":"","potentialAction":[{"@type":"SearchAction","target":{"@type":"EntryPoint","urlTemplate":"https:\/\/www.blogsoestado.com\/danielmatos\/?s={search_term_string}"},"query-input":{"@type":"PropertyValueSpecification","valueRequired":true,"valueName":"search_term_string"}}],"inLanguage":"pt-BR"}]}},"jetpack_featured_media_url":"","_links":{"self":[{"href":"https:\/\/www.blogsoestado.com\/danielmatos\/wp-json\/wp\/v2\/posts\/60751","targetHints":{"allow":["GET"]}}],"collection":[{"href":"https:\/\/www.blogsoestado.com\/danielmatos\/wp-json\/wp\/v2\/posts"}],"about":[{"href":"https:\/\/www.blogsoestado.com\/danielmatos\/wp-json\/wp\/v2\/types\/post"}],"replies":[{"embeddable":true,"href":"https:\/\/www.blogsoestado.com\/danielmatos\/wp-json\/wp\/v2\/comments?post=60751"}],"version-history":[{"count":0,"href":"https:\/\/www.blogsoestado.com\/danielmatos\/wp-json\/wp\/v2\/posts\/60751\/revisions"}],"wp:attachment":[{"href":"https:\/\/www.blogsoestado.com\/danielmatos\/wp-json\/wp\/v2\/media?parent=60751"}],"wp:term":[{"taxonomy":"category","embeddable":true,"href":"https:\/\/www.blogsoestado.com\/danielmatos\/wp-json\/wp\/v2\/categories?post=60751"},{"taxonomy":"post_tag","embeddable":true,"href":"https:\/\/www.blogsoestado.com\/danielmatos\/wp-json\/wp\/v2\/tags?post=60751"}],"curies":[{"name":"wp","href":"https:\/\/api.w.org\/{rel}","templated":true}]}}