{"id":60754,"date":"2019-02-27T11:36:37","date_gmt":"2019-02-27T14:36:37","guid":{"rendered":"https:\/\/www.blogsoestado.com\/danielmatos\/?p=60754"},"modified":"2019-02-27T11:36:37","modified_gmt":"2019-02-27T14:36:37","slug":"cezar-bombeiro-tem-proposta-de-participacao-da-camara-para-evitar-paralisacoes-de-transporte","status":"publish","type":"post","link":"https:\/\/www.blogsoestado.com\/danielmatos\/cezar-bombeiro-tem-proposta-de-participacao-da-camara-para-evitar-paralisacoes-de-transporte\/","title":{"rendered":"C\u00e9zar Bombeiro tem proposta de participa\u00e7\u00e3o da   C\u00e2mara para evitar paralisa\u00e7\u00f5es de transporte"},"content":{"rendered":"\n<div class=\"wp-block-image\"><figure class=\"aligncenter\"><img decoding=\"async\" src=\"https:\/\/www.blogsoestado.com\/danielmatos\/files\/2019\/02\/bombeiro-assunto.png\" alt=\"\" class=\"wp-image-60755\"\/><figcaption> C\u00e9zar Bombeiro informou \u00e0s lideran\u00e7as comunit\u00e1rias que vai propor ao plen\u00e1rio da C\u00e2mara Municipal, que o presidente Osmar Filho (PDT) e outros integrantes de uma comiss\u00e3o do Legislativo Municipal, convidem para uma reuni\u00e3o ampla para debater claramente o problema <\/figcaption><\/figure><\/div>\n\n\n\n<p>Diante de mais uma paralisa\u00e7\u00e3o dos transportes coletivos na manh\u00e3 de ter\u00e7a-feira, (26), causando mais transtornos aos trabalhadores e trabalhadoras, estudantes e muitas pessoas que foram impedidas do direito de ir e vir, o vereador C\u00e9zar Bombeiro (PSD)   esteve conversando com um grupo de lideran\u00e7as comunit\u00e1rias, que afirmou n\u00e3o tolerar mais, o desrespeito constante praticado por empres\u00e1rios e rodovi\u00e1rios. O resultado \u00e9 que eles se conflitam e quem acaba de maneira irrespons\u00e1vel sendo punindo \u00e9 a popula\u00e7\u00e3o usu\u00e1ria dos transportes coletivos salientaram as lideran\u00e7as.<\/p>\n\n\n\n<p>A verdade \u00e9 que os problemas entre empres\u00e1rios e rodovi\u00e1rios, embora intermediados pelo Minist\u00e9rio P\u00fablico do Trabalho, n\u00e3o s\u00e3o honrados, mesmo acordados entre as partes e at\u00e9 homologados, segundo afirmam os rodovi\u00e1rios. Por outro lado, os empres\u00e1rios davam como desculpas a falta de reposi\u00e7\u00e3o nos valores dos pre\u00e7os das passagens. Mesmo depois de serem beneficiados para um servi\u00e7o de p\u00e9ssima qualidade, os empres\u00e1rios n\u00e3o estariam satisfeitos e jogo que praticam atualmente seria para outro aumento de tarifa, que segundo justificam para sa\u00edrem do vermelho.<\/p>\n\n\n\n<p>C\u00e9zar Bombeiro informou \u00e0s lideran\u00e7as comunit\u00e1rias que vai propor ao plen\u00e1rio da C\u00e2mara Municipal, que o presidente Osmar Filho (PDT) e outros integrantes de uma comiss\u00e3o do Legislativo Municipal, convidem para uma reuni\u00e3o ampla para debater claramente o problema, os sindicatos dos empres\u00e1rios dos transportes coletivos, dos rodovi\u00e1rios, do Minist\u00e9rio P\u00fablico do Trabalho, da SMTT e da Prefeitura de S\u00e3o Lu\u00eds, com vistas a que seja encontrado os caminhos legais para a resolu\u00e7\u00e3o imediata dos conflitos e se acabe com os constantes preju\u00edzos a popula\u00e7\u00e3o, que nada tem a ver com toda a problem\u00e1tica.<\/p>\n\n\n\n<p>O parlamentar do PSD ficou de manter conversa nesta quarta-feira com o dirigente do parlamento s\u00e3o-luisense, e apresentar de imediato a sua proposta de entendimento, uma vez que a estrat\u00e9gia dos rodovi\u00e1rios \u00e9 sempre de surpreender com paralisa\u00e7\u00f5es. A justificativa no momento \u00e9 que os empres\u00e1rios est\u00e3o se recusando a assinar e cumprir o acordo coletivo de trabalho j\u00e1 intermediado pelo Minist\u00e9rio P\u00fablico do Trabalho.<\/p>\n","protected":false},"excerpt":{"rendered":"<p>Diante de mais uma paralisa\u00e7\u00e3o dos transportes coletivos na manh\u00e3 de ter\u00e7a-feira, (26), causando mais transtornos aos trabalhadores e trabalhadoras, [&hellip;]<\/p>\n","protected":false},"author":0,"featured_media":0,"comment_status":"open","ping_status":"open","sticky":false,"template":"","format":"standard","meta":{"site-sidebar-layout":"default","site-content-layout":"","ast-site-content-layout":"default","site-content-style":"default","site-sidebar-style":"default","ast-global-header-display":"","ast-banner-title-visibility":"","ast-main-header-display":"","ast-hfb-above-header-display":"","ast-hfb-below-header-display":"","ast-hfb-mobile-header-display":"","site-post-title":"","ast-breadcrumbs-content":"","ast-featured-img":"","footer-sml-layout":"","ast-disable-related-posts":"","theme-transparent-header-meta":"","adv-header-id-meta":"","stick-header-meta":"","header-above-stick-meta":"","header-main-stick-meta":"","header-below-stick-meta":"","astra-migrate-meta-layouts":"default","ast-page-background-enabled":"default","ast-page-background-meta":{"desktop":{"background-color":"var(--ast-global-color-5)","background-image":"","background-repeat":"repeat","background-position":"center center","background-size":"auto","background-attachment":"scroll","background-type":"","background-media":"","overlay-type":"","overlay-color":"","overlay-opacity":"","overlay-gradient":""},"tablet":{"background-color":"","background-image":"","background-repeat":"repeat","background-position":"center center","background-size":"auto","background-attachment":"scroll","background-type":"","background-media":"","overlay-type":"","overlay-color":"","overlay-opacity":"","overlay-gradient":""},"mobile":{"background-color":"","background-image":"","background-repeat":"repeat","background-position":"center center","background-size":"auto","background-attachment":"scroll","background-type":"","background-media":"","overlay-type":"","overlay-color":"","overlay-opacity":"","overlay-gradient":""}},"ast-content-background-meta":{"desktop":{"background-color":"var(--ast-global-color-4)","background-image":"","background-repeat":"repeat","background-position":"center center","background-size":"auto","background-attachment":"scroll","background-type":"","background-media":"","overlay-type":"","overlay-color":"","overlay-opacity":"","overlay-gradient":""},"tablet":{"background-color":"var(--ast-global-color-4)","background-image":"","background-repeat":"repeat","background-position":"center center","background-size":"auto","background-attachment":"scroll","background-type":"","background-media":"","overlay-type":"","overlay-color":"","overlay-opacity":"","overlay-gradient":""},"mobile":{"background-color":"var(--ast-global-color-4)","background-image":"","background-repeat":"repeat","background-position":"center center","background-size":"auto","background-attachment":"scroll","background-type":"","background-media":"","overlay-type":"","overlay-color":"","overlay-opacity":"","overlay-gradient":""}},"footnotes":""},"categories":[1],"tags":[],"class_list":["post-60754","post","type-post","status-publish","format-standard","hentry","category-sem-categoria"],"yoast_head":"<!-- This site is optimized with the Yoast SEO plugin v26.6 - https:\/\/yoast.com\/wordpress\/plugins\/seo\/ -->\n<title>C\u00e9zar Bombeiro tem proposta de participa\u00e7\u00e3o da  C\u00e2mara para evitar paralisa\u00e7\u00f5es de transporte - Daniel Matos<\/title>\n<meta name=\"robots\" content=\"index, follow, max-snippet:-1, max-image-preview:large, max-video-preview:-1\" \/>\n<link rel=\"canonical\" href=\"https:\/\/www.blogsoestado.com\/danielmatos\/cezar-bombeiro-tem-proposta-de-participacao-da-camara-para-evitar-paralisacoes-de-transporte\/\" \/>\n<meta property=\"og:locale\" content=\"pt_BR\" \/>\n<meta property=\"og:type\" content=\"article\" \/>\n<meta property=\"og:title\" content=\"C\u00e9zar Bombeiro tem proposta de participa\u00e7\u00e3o da  C\u00e2mara para evitar paralisa\u00e7\u00f5es de transporte - Daniel Matos\" \/>\n<meta property=\"og:description\" content=\"Diante de mais uma paralisa\u00e7\u00e3o dos transportes coletivos na manh\u00e3 de ter\u00e7a-feira, (26), causando mais transtornos aos trabalhadores e trabalhadoras, [&hellip;]\" \/>\n<meta property=\"og:url\" content=\"https:\/\/www.blogsoestado.com\/danielmatos\/cezar-bombeiro-tem-proposta-de-participacao-da-camara-para-evitar-paralisacoes-de-transporte\/\" \/>\n<meta property=\"og:site_name\" content=\"Daniel Matos\" \/>\n<meta property=\"article:published_time\" content=\"2019-02-27T14:36:37+00:00\" \/>\n<meta property=\"og:image\" content=\"https:\/\/www.blogsoestado.com\/danielmatos\/files\/2019\/02\/bombeiro-assunto.png\" \/>\n<meta name=\"twitter:card\" content=\"summary_large_image\" \/>\n<meta name=\"twitter:label1\" content=\"Est. tempo de leitura\" \/>\n\t<meta name=\"twitter:data1\" content=\"2 minutos\" \/>\n<script type=\"application\/ld+json\" class=\"yoast-schema-graph\">{\"@context\":\"https:\/\/schema.org\",\"@graph\":[{\"@type\":\"WebPage\",\"@id\":\"https:\/\/www.blogsoestado.com\/danielmatos\/cezar-bombeiro-tem-proposta-de-participacao-da-camara-para-evitar-paralisacoes-de-transporte\/\",\"url\":\"https:\/\/www.blogsoestado.com\/danielmatos\/cezar-bombeiro-tem-proposta-de-participacao-da-camara-para-evitar-paralisacoes-de-transporte\/\",\"name\":\"C\u00e9zar Bombeiro tem proposta de participa\u00e7\u00e3o da C\u00e2mara para evitar paralisa\u00e7\u00f5es de transporte - Daniel Matos\",\"isPartOf\":{\"@id\":\"https:\/\/www.blogsoestado.com\/danielmatos\/#website\"},\"primaryImageOfPage\":{\"@id\":\"https:\/\/www.blogsoestado.com\/danielmatos\/cezar-bombeiro-tem-proposta-de-participacao-da-camara-para-evitar-paralisacoes-de-transporte\/#primaryimage\"},\"image\":{\"@id\":\"https:\/\/www.blogsoestado.com\/danielmatos\/cezar-bombeiro-tem-proposta-de-participacao-da-camara-para-evitar-paralisacoes-de-transporte\/#primaryimage\"},\"thumbnailUrl\":\"https:\/\/www.blogsoestado.com\/danielmatos\/files\/2019\/02\/bombeiro-assunto.png\",\"datePublished\":\"2019-02-27T14:36:37+00:00\",\"author\":{\"@id\":\"\"},\"breadcrumb\":{\"@id\":\"https:\/\/www.blogsoestado.com\/danielmatos\/cezar-bombeiro-tem-proposta-de-participacao-da-camara-para-evitar-paralisacoes-de-transporte\/#breadcrumb\"},\"inLanguage\":\"pt-BR\",\"potentialAction\":[{\"@type\":\"ReadAction\",\"target\":[\"https:\/\/www.blogsoestado.com\/danielmatos\/cezar-bombeiro-tem-proposta-de-participacao-da-camara-para-evitar-paralisacoes-de-transporte\/\"]}]},{\"@type\":\"ImageObject\",\"inLanguage\":\"pt-BR\",\"@id\":\"https:\/\/www.blogsoestado.com\/danielmatos\/cezar-bombeiro-tem-proposta-de-participacao-da-camara-para-evitar-paralisacoes-de-transporte\/#primaryimage\",\"url\":\"https:\/\/www.blogsoestado.com\/danielmatos\/files\/2019\/02\/bombeiro-assunto.png\",\"contentUrl\":\"https:\/\/www.blogsoestado.com\/danielmatos\/files\/2019\/02\/bombeiro-assunto.png\"},{\"@type\":\"BreadcrumbList\",\"@id\":\"https:\/\/www.blogsoestado.com\/danielmatos\/cezar-bombeiro-tem-proposta-de-participacao-da-camara-para-evitar-paralisacoes-de-transporte\/#breadcrumb\",\"itemListElement\":[{\"@type\":\"ListItem\",\"position\":1,\"name\":\"In\u00edcio\",\"item\":\"https:\/\/www.blogsoestado.com\/danielmatos\/\"},{\"@type\":\"ListItem\",\"position\":2,\"name\":\"C\u00e9zar Bombeiro tem proposta de participa\u00e7\u00e3o da C\u00e2mara para evitar paralisa\u00e7\u00f5es de transporte\"}]},{\"@type\":\"WebSite\",\"@id\":\"https:\/\/www.blogsoestado.com\/danielmatos\/#website\",\"url\":\"https:\/\/www.blogsoestado.com\/danielmatos\/\",\"name\":\"Daniel Matos\",\"description\":\"\",\"potentialAction\":[{\"@type\":\"SearchAction\",\"target\":{\"@type\":\"EntryPoint\",\"urlTemplate\":\"https:\/\/www.blogsoestado.com\/danielmatos\/?s={search_term_string}\"},\"query-input\":{\"@type\":\"PropertyValueSpecification\",\"valueRequired\":true,\"valueName\":\"search_term_string\"}}],\"inLanguage\":\"pt-BR\"}]}<\/script>\n<!-- \/ Yoast SEO plugin. -->","yoast_head_json":{"title":"C\u00e9zar Bombeiro tem proposta de participa\u00e7\u00e3o da  C\u00e2mara para evitar paralisa\u00e7\u00f5es de transporte - Daniel Matos","robots":{"index":"index","follow":"follow","max-snippet":"max-snippet:-1","max-image-preview":"max-image-preview:large","max-video-preview":"max-video-preview:-1"},"canonical":"https:\/\/www.blogsoestado.com\/danielmatos\/cezar-bombeiro-tem-proposta-de-participacao-da-camara-para-evitar-paralisacoes-de-transporte\/","og_locale":"pt_BR","og_type":"article","og_title":"C\u00e9zar Bombeiro tem proposta de participa\u00e7\u00e3o da  C\u00e2mara para evitar paralisa\u00e7\u00f5es de transporte - Daniel Matos","og_description":"Diante de mais uma paralisa\u00e7\u00e3o dos transportes coletivos na manh\u00e3 de ter\u00e7a-feira, (26), causando mais transtornos aos trabalhadores e trabalhadoras, [&hellip;]","og_url":"https:\/\/www.blogsoestado.com\/danielmatos\/cezar-bombeiro-tem-proposta-de-participacao-da-camara-para-evitar-paralisacoes-de-transporte\/","og_site_name":"Daniel Matos","article_published_time":"2019-02-27T14:36:37+00:00","og_image":[{"url":"https:\/\/www.blogsoestado.com\/danielmatos\/files\/2019\/02\/bombeiro-assunto.png","type":"","width":"","height":""}],"twitter_card":"summary_large_image","twitter_misc":{"Est. tempo de leitura":"2 minutos"},"schema":{"@context":"https:\/\/schema.org","@graph":[{"@type":"WebPage","@id":"https:\/\/www.blogsoestado.com\/danielmatos\/cezar-bombeiro-tem-proposta-de-participacao-da-camara-para-evitar-paralisacoes-de-transporte\/","url":"https:\/\/www.blogsoestado.com\/danielmatos\/cezar-bombeiro-tem-proposta-de-participacao-da-camara-para-evitar-paralisacoes-de-transporte\/","name":"C\u00e9zar Bombeiro tem proposta de participa\u00e7\u00e3o da C\u00e2mara para evitar paralisa\u00e7\u00f5es de transporte - Daniel Matos","isPartOf":{"@id":"https:\/\/www.blogsoestado.com\/danielmatos\/#website"},"primaryImageOfPage":{"@id":"https:\/\/www.blogsoestado.com\/danielmatos\/cezar-bombeiro-tem-proposta-de-participacao-da-camara-para-evitar-paralisacoes-de-transporte\/#primaryimage"},"image":{"@id":"https:\/\/www.blogsoestado.com\/danielmatos\/cezar-bombeiro-tem-proposta-de-participacao-da-camara-para-evitar-paralisacoes-de-transporte\/#primaryimage"},"thumbnailUrl":"https:\/\/www.blogsoestado.com\/danielmatos\/files\/2019\/02\/bombeiro-assunto.png","datePublished":"2019-02-27T14:36:37+00:00","author":{"@id":""},"breadcrumb":{"@id":"https:\/\/www.blogsoestado.com\/danielmatos\/cezar-bombeiro-tem-proposta-de-participacao-da-camara-para-evitar-paralisacoes-de-transporte\/#breadcrumb"},"inLanguage":"pt-BR","potentialAction":[{"@type":"ReadAction","target":["https:\/\/www.blogsoestado.com\/danielmatos\/cezar-bombeiro-tem-proposta-de-participacao-da-camara-para-evitar-paralisacoes-de-transporte\/"]}]},{"@type":"ImageObject","inLanguage":"pt-BR","@id":"https:\/\/www.blogsoestado.com\/danielmatos\/cezar-bombeiro-tem-proposta-de-participacao-da-camara-para-evitar-paralisacoes-de-transporte\/#primaryimage","url":"https:\/\/www.blogsoestado.com\/danielmatos\/files\/2019\/02\/bombeiro-assunto.png","contentUrl":"https:\/\/www.blogsoestado.com\/danielmatos\/files\/2019\/02\/bombeiro-assunto.png"},{"@type":"BreadcrumbList","@id":"https:\/\/www.blogsoestado.com\/danielmatos\/cezar-bombeiro-tem-proposta-de-participacao-da-camara-para-evitar-paralisacoes-de-transporte\/#breadcrumb","itemListElement":[{"@type":"ListItem","position":1,"name":"In\u00edcio","item":"https:\/\/www.blogsoestado.com\/danielmatos\/"},{"@type":"ListItem","position":2,"name":"C\u00e9zar Bombeiro tem proposta de participa\u00e7\u00e3o da C\u00e2mara para evitar paralisa\u00e7\u00f5es de transporte"}]},{"@type":"WebSite","@id":"https:\/\/www.blogsoestado.com\/danielmatos\/#website","url":"https:\/\/www.blogsoestado.com\/danielmatos\/","name":"Daniel Matos","description":"","potentialAction":[{"@type":"SearchAction","target":{"@type":"EntryPoint","urlTemplate":"https:\/\/www.blogsoestado.com\/danielmatos\/?s={search_term_string}"},"query-input":{"@type":"PropertyValueSpecification","valueRequired":true,"valueName":"search_term_string"}}],"inLanguage":"pt-BR"}]}},"jetpack_featured_media_url":"","_links":{"self":[{"href":"https:\/\/www.blogsoestado.com\/danielmatos\/wp-json\/wp\/v2\/posts\/60754","targetHints":{"allow":["GET"]}}],"collection":[{"href":"https:\/\/www.blogsoestado.com\/danielmatos\/wp-json\/wp\/v2\/posts"}],"about":[{"href":"https:\/\/www.blogsoestado.com\/danielmatos\/wp-json\/wp\/v2\/types\/post"}],"replies":[{"embeddable":true,"href":"https:\/\/www.blogsoestado.com\/danielmatos\/wp-json\/wp\/v2\/comments?post=60754"}],"version-history":[{"count":0,"href":"https:\/\/www.blogsoestado.com\/danielmatos\/wp-json\/wp\/v2\/posts\/60754\/revisions"}],"wp:attachment":[{"href":"https:\/\/www.blogsoestado.com\/danielmatos\/wp-json\/wp\/v2\/media?parent=60754"}],"wp:term":[{"taxonomy":"category","embeddable":true,"href":"https:\/\/www.blogsoestado.com\/danielmatos\/wp-json\/wp\/v2\/categories?post=60754"},{"taxonomy":"post_tag","embeddable":true,"href":"https:\/\/www.blogsoestado.com\/danielmatos\/wp-json\/wp\/v2\/tags?post=60754"}],"curies":[{"name":"wp","href":"https:\/\/api.w.org\/{rel}","templated":true}]}}