{"id":60758,"date":"2019-02-27T12:37:49","date_gmt":"2019-02-27T15:37:49","guid":{"rendered":"https:\/\/www.blogsoestado.com\/danielmatos\/?p=60758"},"modified":"2019-02-27T12:37:49","modified_gmt":"2019-02-27T15:37:49","slug":"justica-do-trabalho-condena-governo-flavio-dino-por-nao-substituicao-de-terceirizados-por-concursados-no-detran","status":"publish","type":"post","link":"https:\/\/www.blogsoestado.com\/danielmatos\/justica-do-trabalho-condena-governo-flavio-dino-por-nao-substituicao-de-terceirizados-por-concursados-no-detran\/","title":{"rendered":"Justi\u00e7a do Trabalho condena governo Fl\u00e1vio Dino por n\u00e3o substitui\u00e7\u00e3o de terceirizados por concursados no Detran"},"content":{"rendered":"\n<p class=\"has-text-color has-large-font-size has-vivid-red-color\">A multa foi aplicada em raz\u00e3o do descumprimento de acordo firmado com o MPT-MA<\/p>\n\n\n\n<div class=\"wp-block-image\"><figure class=\"alignleft is-resized\"><img fetchpriority=\"high\" decoding=\"async\" src=\"https:\/\/www.blogsoestado.com\/danielmatos\/files\/2019\/02\/condena\u00e7\u00e3o-dino.jpg\" alt=\"\" class=\"wp-image-60759\" width=\"375\" height=\"223\"\/><\/figure><\/div>\n\n\n\n<p>O Departamento de Tr\u00e2nsito do Maranh\u00e3o (Detran) e o Estado do Maranh\u00e3o ter\u00e3o que pagar uma multa de R$ 1,7 milh\u00e3o por terem descumprido acordo celebrado com o Minist\u00e9rio P\u00fablico do Trabalho no Maranh\u00e3o (MPT-MA), que previa a substitui\u00e7\u00e3o de trabalhadores terceirizados por servidores aprovados em concurso p\u00fablico.<\/p>\n\n\n\n<p>A condena\u00e7\u00e3o ao pagamento da multa foi dada pela ju\u00edza da 2\u00aa vara do Trabalho de S\u00e3o Lu\u00eds, Marcia Suely Moraes Bacelar. O MPT-MA chegou a ajuizar uma a\u00e7\u00e3o civil p\u00fablica cobrando a realiza\u00e7\u00e3o de concurso p\u00fablico. O Detran e o Estado acabaram firmando um acordo, no qual se comprometeram em substituir a m\u00e3o de obra terceirizada por servidores concursados.<\/p>\n\n\n\n<p>Segundo a procuradora do Trabalho Anya Gadelha Di\u00f3genes, o termo de ajuste de conduta (TAC), celebrado em 2015, previa a regulariza\u00e7\u00e3o do caso at\u00e9 2017. Foi concedido prazo adicional para o cumprimento do acordo at\u00e9 31 de dezembro de 2018. No entanto, como o Detran e o Estado do Maranh\u00e3o n\u00e3o respeitaram o prazo aditivo, o MPT-MA entrou com o pedido de execu\u00e7\u00e3o do TAC na Justi\u00e7a do Trabalho, que foi deferido e resultou na condena\u00e7\u00e3o ao pagamento de multa e na substitui\u00e7\u00e3o dos terceirizados por concursados no prazo improrrog\u00e1vel de at\u00e9 60 dias.<\/p>\n\n\n\n<p>De decis\u00e3o, cabe recurso.<\/p>\n\n\n\n<p><strong>Fonte:<\/strong> Minist\u00e9rio P\u00fabico do Trabalho (MPT-MA)<\/p>\n","protected":false},"excerpt":{"rendered":"<p>A multa foi aplicada em raz\u00e3o do descumprimento de acordo firmado com o MPT-MA O Departamento de Tr\u00e2nsito do Maranh\u00e3o [&hellip;]<\/p>\n","protected":false},"author":0,"featured_media":0,"comment_status":"open","ping_status":"open","sticky":false,"template":"","format":"standard","meta":{"site-sidebar-layout":"default","site-content-layout":"","ast-site-content-layout":"default","site-content-style":"default","site-sidebar-style":"default","ast-global-header-display":"","ast-banner-title-visibility":"","ast-main-header-display":"","ast-hfb-above-header-display":"","ast-hfb-below-header-display":"","ast-hfb-mobile-header-display":"","site-post-title":"","ast-breadcrumbs-content":"","ast-featured-img":"","footer-sml-layout":"","ast-disable-related-posts":"","theme-transparent-header-meta":"","adv-header-id-meta":"","stick-header-meta":"","header-above-stick-meta":"","header-main-stick-meta":"","header-below-stick-meta":"","astra-migrate-meta-layouts":"default","ast-page-background-enabled":"default","ast-page-background-meta":{"desktop":{"background-color":"var(--ast-global-color-5)","background-image":"","background-repeat":"repeat","background-position":"center center","background-size":"auto","background-attachment":"scroll","background-type":"","background-media":"","overlay-type":"","overlay-color":"","overlay-opacity":"","overlay-gradient":""},"tablet":{"background-color":"","background-image":"","background-repeat":"repeat","background-position":"center center","background-size":"auto","background-attachment":"scroll","background-type":"","background-media":"","overlay-type":"","overlay-color":"","overlay-opacity":"","overlay-gradient":""},"mobile":{"background-color":"","background-image":"","background-repeat":"repeat","background-position":"center center","background-size":"auto","background-attachment":"scroll","background-type":"","background-media":"","overlay-type":"","overlay-color":"","overlay-opacity":"","overlay-gradient":""}},"ast-content-background-meta":{"desktop":{"background-color":"var(--ast-global-color-4)","background-image":"","background-repeat":"repeat","background-position":"center center","background-size":"auto","background-attachment":"scroll","background-type":"","background-media":"","overlay-type":"","overlay-color":"","overlay-opacity":"","overlay-gradient":""},"tablet":{"background-color":"var(--ast-global-color-4)","background-image":"","background-repeat":"repeat","background-position":"center center","background-size":"auto","background-attachment":"scroll","background-type":"","background-media":"","overlay-type":"","overlay-color":"","overlay-opacity":"","overlay-gradient":""},"mobile":{"background-color":"var(--ast-global-color-4)","background-image":"","background-repeat":"repeat","background-position":"center center","background-size":"auto","background-attachment":"scroll","background-type":"","background-media":"","overlay-type":"","overlay-color":"","overlay-opacity":"","overlay-gradient":""}},"footnotes":""},"categories":[1],"tags":[],"class_list":["post-60758","post","type-post","status-publish","format-standard","hentry","category-sem-categoria"],"yoast_head":"<!-- This site is optimized with the Yoast SEO plugin v26.6 - https:\/\/yoast.com\/wordpress\/plugins\/seo\/ -->\n<title>Justi\u00e7a do Trabalho condena governo Fl\u00e1vio Dino por n\u00e3o substitui\u00e7\u00e3o de terceirizados por concursados no Detran - Daniel Matos<\/title>\n<meta name=\"robots\" content=\"index, follow, max-snippet:-1, max-image-preview:large, max-video-preview:-1\" \/>\n<link rel=\"canonical\" href=\"https:\/\/www.blogsoestado.com\/danielmatos\/justica-do-trabalho-condena-governo-flavio-dino-por-nao-substituicao-de-terceirizados-por-concursados-no-detran\/\" \/>\n<meta property=\"og:locale\" content=\"pt_BR\" \/>\n<meta property=\"og:type\" content=\"article\" \/>\n<meta property=\"og:title\" content=\"Justi\u00e7a do Trabalho condena governo Fl\u00e1vio Dino por n\u00e3o substitui\u00e7\u00e3o de terceirizados por concursados no Detran - Daniel Matos\" \/>\n<meta property=\"og:description\" content=\"A multa foi aplicada em raz\u00e3o do descumprimento de acordo firmado com o MPT-MA O Departamento de Tr\u00e2nsito do Maranh\u00e3o [&hellip;]\" \/>\n<meta property=\"og:url\" content=\"https:\/\/www.blogsoestado.com\/danielmatos\/justica-do-trabalho-condena-governo-flavio-dino-por-nao-substituicao-de-terceirizados-por-concursados-no-detran\/\" \/>\n<meta property=\"og:site_name\" content=\"Daniel Matos\" \/>\n<meta property=\"article:published_time\" content=\"2019-02-27T15:37:49+00:00\" \/>\n<meta name=\"twitter:card\" content=\"summary_large_image\" \/>\n<meta name=\"twitter:label1\" content=\"Est. tempo de leitura\" \/>\n\t<meta name=\"twitter:data1\" content=\"1 minuto\" \/>\n<script type=\"application\/ld+json\" class=\"yoast-schema-graph\">{\"@context\":\"https:\/\/schema.org\",\"@graph\":[{\"@type\":\"WebPage\",\"@id\":\"https:\/\/www.blogsoestado.com\/danielmatos\/justica-do-trabalho-condena-governo-flavio-dino-por-nao-substituicao-de-terceirizados-por-concursados-no-detran\/\",\"url\":\"https:\/\/www.blogsoestado.com\/danielmatos\/justica-do-trabalho-condena-governo-flavio-dino-por-nao-substituicao-de-terceirizados-por-concursados-no-detran\/\",\"name\":\"Justi\u00e7a do Trabalho condena governo Fl\u00e1vio Dino por n\u00e3o substitui\u00e7\u00e3o de terceirizados por concursados no Detran - Daniel Matos\",\"isPartOf\":{\"@id\":\"https:\/\/www.blogsoestado.com\/danielmatos\/#website\"},\"datePublished\":\"2019-02-27T15:37:49+00:00\",\"author\":{\"@id\":\"\"},\"breadcrumb\":{\"@id\":\"https:\/\/www.blogsoestado.com\/danielmatos\/justica-do-trabalho-condena-governo-flavio-dino-por-nao-substituicao-de-terceirizados-por-concursados-no-detran\/#breadcrumb\"},\"inLanguage\":\"pt-BR\",\"potentialAction\":[{\"@type\":\"ReadAction\",\"target\":[\"https:\/\/www.blogsoestado.com\/danielmatos\/justica-do-trabalho-condena-governo-flavio-dino-por-nao-substituicao-de-terceirizados-por-concursados-no-detran\/\"]}]},{\"@type\":\"BreadcrumbList\",\"@id\":\"https:\/\/www.blogsoestado.com\/danielmatos\/justica-do-trabalho-condena-governo-flavio-dino-por-nao-substituicao-de-terceirizados-por-concursados-no-detran\/#breadcrumb\",\"itemListElement\":[{\"@type\":\"ListItem\",\"position\":1,\"name\":\"In\u00edcio\",\"item\":\"https:\/\/www.blogsoestado.com\/danielmatos\/\"},{\"@type\":\"ListItem\",\"position\":2,\"name\":\"Justi\u00e7a do Trabalho condena governo Fl\u00e1vio Dino por n\u00e3o substitui\u00e7\u00e3o de terceirizados por concursados no Detran\"}]},{\"@type\":\"WebSite\",\"@id\":\"https:\/\/www.blogsoestado.com\/danielmatos\/#website\",\"url\":\"https:\/\/www.blogsoestado.com\/danielmatos\/\",\"name\":\"Daniel Matos\",\"description\":\"\",\"potentialAction\":[{\"@type\":\"SearchAction\",\"target\":{\"@type\":\"EntryPoint\",\"urlTemplate\":\"https:\/\/www.blogsoestado.com\/danielmatos\/?s={search_term_string}\"},\"query-input\":{\"@type\":\"PropertyValueSpecification\",\"valueRequired\":true,\"valueName\":\"search_term_string\"}}],\"inLanguage\":\"pt-BR\"}]}<\/script>\n<!-- \/ Yoast SEO plugin. -->","yoast_head_json":{"title":"Justi\u00e7a do Trabalho condena governo Fl\u00e1vio Dino por n\u00e3o substitui\u00e7\u00e3o de terceirizados por concursados no Detran - Daniel Matos","robots":{"index":"index","follow":"follow","max-snippet":"max-snippet:-1","max-image-preview":"max-image-preview:large","max-video-preview":"max-video-preview:-1"},"canonical":"https:\/\/www.blogsoestado.com\/danielmatos\/justica-do-trabalho-condena-governo-flavio-dino-por-nao-substituicao-de-terceirizados-por-concursados-no-detran\/","og_locale":"pt_BR","og_type":"article","og_title":"Justi\u00e7a do Trabalho condena governo Fl\u00e1vio Dino por n\u00e3o substitui\u00e7\u00e3o de terceirizados por concursados no Detran - Daniel Matos","og_description":"A multa foi aplicada em raz\u00e3o do descumprimento de acordo firmado com o MPT-MA O Departamento de Tr\u00e2nsito do Maranh\u00e3o [&hellip;]","og_url":"https:\/\/www.blogsoestado.com\/danielmatos\/justica-do-trabalho-condena-governo-flavio-dino-por-nao-substituicao-de-terceirizados-por-concursados-no-detran\/","og_site_name":"Daniel Matos","article_published_time":"2019-02-27T15:37:49+00:00","twitter_card":"summary_large_image","twitter_misc":{"Est. tempo de leitura":"1 minuto"},"schema":{"@context":"https:\/\/schema.org","@graph":[{"@type":"WebPage","@id":"https:\/\/www.blogsoestado.com\/danielmatos\/justica-do-trabalho-condena-governo-flavio-dino-por-nao-substituicao-de-terceirizados-por-concursados-no-detran\/","url":"https:\/\/www.blogsoestado.com\/danielmatos\/justica-do-trabalho-condena-governo-flavio-dino-por-nao-substituicao-de-terceirizados-por-concursados-no-detran\/","name":"Justi\u00e7a do Trabalho condena governo Fl\u00e1vio Dino por n\u00e3o substitui\u00e7\u00e3o de terceirizados por concursados no Detran - Daniel Matos","isPartOf":{"@id":"https:\/\/www.blogsoestado.com\/danielmatos\/#website"},"datePublished":"2019-02-27T15:37:49+00:00","author":{"@id":""},"breadcrumb":{"@id":"https:\/\/www.blogsoestado.com\/danielmatos\/justica-do-trabalho-condena-governo-flavio-dino-por-nao-substituicao-de-terceirizados-por-concursados-no-detran\/#breadcrumb"},"inLanguage":"pt-BR","potentialAction":[{"@type":"ReadAction","target":["https:\/\/www.blogsoestado.com\/danielmatos\/justica-do-trabalho-condena-governo-flavio-dino-por-nao-substituicao-de-terceirizados-por-concursados-no-detran\/"]}]},{"@type":"BreadcrumbList","@id":"https:\/\/www.blogsoestado.com\/danielmatos\/justica-do-trabalho-condena-governo-flavio-dino-por-nao-substituicao-de-terceirizados-por-concursados-no-detran\/#breadcrumb","itemListElement":[{"@type":"ListItem","position":1,"name":"In\u00edcio","item":"https:\/\/www.blogsoestado.com\/danielmatos\/"},{"@type":"ListItem","position":2,"name":"Justi\u00e7a do Trabalho condena governo Fl\u00e1vio Dino por n\u00e3o substitui\u00e7\u00e3o de terceirizados por concursados no Detran"}]},{"@type":"WebSite","@id":"https:\/\/www.blogsoestado.com\/danielmatos\/#website","url":"https:\/\/www.blogsoestado.com\/danielmatos\/","name":"Daniel Matos","description":"","potentialAction":[{"@type":"SearchAction","target":{"@type":"EntryPoint","urlTemplate":"https:\/\/www.blogsoestado.com\/danielmatos\/?s={search_term_string}"},"query-input":{"@type":"PropertyValueSpecification","valueRequired":true,"valueName":"search_term_string"}}],"inLanguage":"pt-BR"}]}},"jetpack_featured_media_url":"","_links":{"self":[{"href":"https:\/\/www.blogsoestado.com\/danielmatos\/wp-json\/wp\/v2\/posts\/60758","targetHints":{"allow":["GET"]}}],"collection":[{"href":"https:\/\/www.blogsoestado.com\/danielmatos\/wp-json\/wp\/v2\/posts"}],"about":[{"href":"https:\/\/www.blogsoestado.com\/danielmatos\/wp-json\/wp\/v2\/types\/post"}],"replies":[{"embeddable":true,"href":"https:\/\/www.blogsoestado.com\/danielmatos\/wp-json\/wp\/v2\/comments?post=60758"}],"version-history":[{"count":0,"href":"https:\/\/www.blogsoestado.com\/danielmatos\/wp-json\/wp\/v2\/posts\/60758\/revisions"}],"wp:attachment":[{"href":"https:\/\/www.blogsoestado.com\/danielmatos\/wp-json\/wp\/v2\/media?parent=60758"}],"wp:term":[{"taxonomy":"category","embeddable":true,"href":"https:\/\/www.blogsoestado.com\/danielmatos\/wp-json\/wp\/v2\/categories?post=60758"},{"taxonomy":"post_tag","embeddable":true,"href":"https:\/\/www.blogsoestado.com\/danielmatos\/wp-json\/wp\/v2\/tags?post=60758"}],"curies":[{"name":"wp","href":"https:\/\/api.w.org\/{rel}","templated":true}]}}