{"id":60761,"date":"2019-02-27T15:00:54","date_gmt":"2019-02-27T18:00:54","guid":{"rendered":"https:\/\/www.blogsoestado.com\/danielmatos\/?p=60761"},"modified":"2019-02-27T15:00:54","modified_gmt":"2019-02-27T18:00:54","slug":"glacial-apresenta-carnaval-com-dudu-nobre-e-arlindinho-em-bloco-comandado-pelo-grupo-argumento","status":"publish","type":"post","link":"https:\/\/www.blogsoestado.com\/danielmatos\/glacial-apresenta-carnaval-com-dudu-nobre-e-arlindinho-em-bloco-comandado-pelo-grupo-argumento\/","title":{"rendered":"Glacial apresenta carnaval com Dudu Nobre e Arlindinho em bloco comandado pelo grupo Argumento"},"content":{"rendered":"\n<p class=\"has-text-color has-large-font-size has-vivid-red-color\">S\u00e3o Lu\u00eds ser\u00e1 palco de agito que acontece no dia 5 de mar\u00e7o<\/p>\n\n\n\n<figure class=\"wp-block-image\"><img decoding=\"async\" src=\"https:\/\/www.blogsoestado.com\/danielmatos\/files\/2019\/02\/glacial-evento.jpg\" alt=\"\" class=\"wp-image-60762\"\/><\/figure>\n\n\n\n<p><strong>S\u00e3o Paulo, fevereiro de 2019 \u2013 <\/strong>Glacial, cerveja que integra o portf\u00f3lio de produtos do Grupo HEINEKEN no Brasil, apresenta em Maranh\u00e3o festa aberta ao p\u00fablico na ter\u00e7a-feira de carnaval (5). A partir das 18h o bloco Samba, Carnaval e Argumento passa pela avenida Beira-Mar levando representatividade da cultura maranhense, alegria e, claro, Glacial gelada para os foli\u00f5es.<\/p>\n\n\n\n<p>Em sua segunda edi\u00e7\u00e3o, o bloco ter\u00e1 como atra\u00e7\u00e3o principal o grupo Argumento e ainda contar\u00e1 com as participa\u00e7\u00f5es dos artistas Dudu Nobre e Arlindinho. A marca tem como objetivo estreitar o relacionamento com seus consumidores, proporcionando momentos de divers\u00e3o e descontra\u00e7\u00e3o com muita m\u00fasica boa. \u201c\u00c9 um imenso prazer para Glacial marcar presen\u00e7a no carnaval do Maranh\u00e3o. Levar grandes artistas para o bloco \u00e9 uma forma de nos aproximarmos ainda mais da nossa cultura local e do nosso consumidor\u201d, diz Bruno Piccirello, gerente de marketing de Glacial.<\/p>\n\n\n\n<p>Com dura\u00e7\u00e3o de 3 horas, o evento promete juntar milhares de pessoas. O repert\u00f3rio do grupo Argumento re\u00fane os principais cl\u00e1ssicos do samba e do pagode e as m\u00fasicas mais marcantes dos carnavais maranhense, carioca e de outras regi\u00f5es do pa\u00eds. O Argumento tornou-se refer\u00eancia no estado e j\u00e1 soma 10 anos de hist\u00f3ria, 3 discos, 1 DVD e presen\u00e7a nos maiores eventos da cidade.<\/p>\n\n\n\n<p>Glacial \u00e9 patrocinadora oficial do bloco juntamente com o governo do estado do Maranh\u00e3o.<\/p>\n\n\n\n<p><strong>Servi\u00e7o:<\/strong><\/p>\n\n\n\n<p>Evento: Bloco Samba, Carnaval e Argumento<\/p>\n\n\n\n<p>Data: 5\/2<\/p>\n\n\n\n<p>Hor\u00e1rio: 18h<\/p>\n\n\n\n<p>Local: Av. Beira Mar, S\u00e3o Lu\u00eds- MA<\/p>\n\n\n\n<p><strong>Sobre a HEINEKEN Brasil\u202f\u202f <\/strong><\/p>\n\n\n\n<p>O Grupo HEINEKEN chegou ao Brasil em maio de 2010, ap\u00f3s a aquisi\u00e7\u00e3o da divis\u00e3o de cerveja do Grupo FEMSA e, em 2017, adquiriu a Brasil Kirin Holding S.A (&#8220;Brasil Kirin&#8221;), tornando-se o segundo player no mercado brasileiro de cervejas. O Grupo gera mais de 13 mil empregos e tem 15 unidades no pa\u00eds, sendo 12 cervejarias, localizadas em Alagoinhas (BA), Alex\u00e2nia (GO), Araraquara (SP), Benevides (PA), Caxias (MA), Igarassu (PE), Igrejinha (RS), Itu (SP), Jacare\u00ed (SP), Pacatuba (CE), Ponta Grossa (PR) e Recife (PE), duas microcervejarias em Campos do Jord\u00e3o (SP) e Blumenau (SC) e uma xaroparia em Manaus (AM). No Brasil, o portf\u00f3lio de cervejas do Grupo HEINEKEN \u00e9 composto por Heineken, Sol, Kaiser, Bavaria, Amstel, Kirin Ichiban, Schin, No Grau, Devassa, Baden Baden, Eisenbahn e Glacial. O portf\u00f3lio de n\u00e3o alco\u00f3licos inclui refrigerantes, sucos, energ\u00e9tico e \u00e1gua como \u00c1gua Schin, Schin T\u00f4nica, Skinka e os refrigerantes Ituba\u00edna e Viva Schin. Com sede em S\u00e3o Paulo, a companhia \u00e9 uma subsidi\u00e1ria da HEINEKEN NV, a maior cervejaria da Europa, a segunda em termos de rentabilidade e a terceira em volume. A HEINEKEN opera 170 cervejarias em mais de 70 pa\u00edses. <\/p>\n","protected":false},"excerpt":{"rendered":"<p>S\u00e3o Lu\u00eds ser\u00e1 palco de agito que acontece no dia 5 de mar\u00e7o S\u00e3o Paulo, fevereiro de 2019 \u2013 Glacial, [&hellip;]<\/p>\n","protected":false},"author":0,"featured_media":0,"comment_status":"open","ping_status":"open","sticky":false,"template":"","format":"standard","meta":{"site-sidebar-layout":"default","site-content-layout":"","ast-site-content-layout":"default","site-content-style":"default","site-sidebar-style":"default","ast-global-header-display":"","ast-banner-title-visibility":"","ast-main-header-display":"","ast-hfb-above-header-display":"","ast-hfb-below-header-display":"","ast-hfb-mobile-header-display":"","site-post-title":"","ast-breadcrumbs-content":"","ast-featured-img":"","footer-sml-layout":"","ast-disable-related-posts":"","theme-transparent-header-meta":"","adv-header-id-meta":"","stick-header-meta":"","header-above-stick-meta":"","header-main-stick-meta":"","header-below-stick-meta":"","astra-migrate-meta-layouts":"default","ast-page-background-enabled":"default","ast-page-background-meta":{"desktop":{"background-color":"var(--ast-global-color-5)","background-image":"","background-repeat":"repeat","background-position":"center center","background-size":"auto","background-attachment":"scroll","background-type":"","background-media":"","overlay-type":"","overlay-color":"","overlay-opacity":"","overlay-gradient":""},"tablet":{"background-color":"","background-image":"","background-repeat":"repeat","background-position":"center center","background-size":"auto","background-attachment":"scroll","background-type":"","background-media":"","overlay-type":"","overlay-color":"","overlay-opacity":"","overlay-gradient":""},"mobile":{"background-color":"","background-image":"","background-repeat":"repeat","background-position":"center center","background-size":"auto","background-attachment":"scroll","background-type":"","background-media":"","overlay-type":"","overlay-color":"","overlay-opacity":"","overlay-gradient":""}},"ast-content-background-meta":{"desktop":{"background-color":"var(--ast-global-color-4)","background-image":"","background-repeat":"repeat","background-position":"center center","background-size":"auto","background-attachment":"scroll","background-type":"","background-media":"","overlay-type":"","overlay-color":"","overlay-opacity":"","overlay-gradient":""},"tablet":{"background-color":"var(--ast-global-color-4)","background-image":"","background-repeat":"repeat","background-position":"center center","background-size":"auto","background-attachment":"scroll","background-type":"","background-media":"","overlay-type":"","overlay-color":"","overlay-opacity":"","overlay-gradient":""},"mobile":{"background-color":"var(--ast-global-color-4)","background-image":"","background-repeat":"repeat","background-position":"center center","background-size":"auto","background-attachment":"scroll","background-type":"","background-media":"","overlay-type":"","overlay-color":"","overlay-opacity":"","overlay-gradient":""}},"footnotes":""},"categories":[1],"tags":[],"class_list":["post-60761","post","type-post","status-publish","format-standard","hentry","category-sem-categoria"],"yoast_head":"<!-- This site is optimized with the Yoast SEO plugin v26.6 - https:\/\/yoast.com\/wordpress\/plugins\/seo\/ -->\n<title>Glacial apresenta carnaval com Dudu Nobre e Arlindinho em bloco comandado pelo grupo Argumento - Daniel Matos<\/title>\n<meta name=\"robots\" content=\"index, follow, max-snippet:-1, max-image-preview:large, max-video-preview:-1\" \/>\n<link rel=\"canonical\" href=\"https:\/\/www.blogsoestado.com\/danielmatos\/glacial-apresenta-carnaval-com-dudu-nobre-e-arlindinho-em-bloco-comandado-pelo-grupo-argumento\/\" \/>\n<meta property=\"og:locale\" content=\"pt_BR\" \/>\n<meta property=\"og:type\" content=\"article\" \/>\n<meta property=\"og:title\" content=\"Glacial apresenta carnaval com Dudu Nobre e Arlindinho em bloco comandado pelo grupo Argumento - Daniel Matos\" \/>\n<meta property=\"og:description\" content=\"S\u00e3o Lu\u00eds ser\u00e1 palco de agito que acontece no dia 5 de mar\u00e7o S\u00e3o Paulo, fevereiro de 2019 \u2013 Glacial, [&hellip;]\" \/>\n<meta property=\"og:url\" content=\"https:\/\/www.blogsoestado.com\/danielmatos\/glacial-apresenta-carnaval-com-dudu-nobre-e-arlindinho-em-bloco-comandado-pelo-grupo-argumento\/\" \/>\n<meta property=\"og:site_name\" content=\"Daniel Matos\" \/>\n<meta property=\"article:published_time\" content=\"2019-02-27T18:00:54+00:00\" \/>\n<meta property=\"og:image\" content=\"https:\/\/www.blogsoestado.com\/danielmatos\/files\/2019\/02\/glacial-evento.jpg\" \/>\n<meta name=\"twitter:card\" content=\"summary_large_image\" \/>\n<meta name=\"twitter:label1\" content=\"Est. tempo de leitura\" \/>\n\t<meta name=\"twitter:data1\" content=\"2 minutos\" \/>\n<script type=\"application\/ld+json\" class=\"yoast-schema-graph\">{\"@context\":\"https:\/\/schema.org\",\"@graph\":[{\"@type\":\"WebPage\",\"@id\":\"https:\/\/www.blogsoestado.com\/danielmatos\/glacial-apresenta-carnaval-com-dudu-nobre-e-arlindinho-em-bloco-comandado-pelo-grupo-argumento\/\",\"url\":\"https:\/\/www.blogsoestado.com\/danielmatos\/glacial-apresenta-carnaval-com-dudu-nobre-e-arlindinho-em-bloco-comandado-pelo-grupo-argumento\/\",\"name\":\"Glacial apresenta carnaval com Dudu Nobre e Arlindinho em bloco comandado pelo grupo Argumento - Daniel Matos\",\"isPartOf\":{\"@id\":\"https:\/\/www.blogsoestado.com\/danielmatos\/#website\"},\"primaryImageOfPage\":{\"@id\":\"https:\/\/www.blogsoestado.com\/danielmatos\/glacial-apresenta-carnaval-com-dudu-nobre-e-arlindinho-em-bloco-comandado-pelo-grupo-argumento\/#primaryimage\"},\"image\":{\"@id\":\"https:\/\/www.blogsoestado.com\/danielmatos\/glacial-apresenta-carnaval-com-dudu-nobre-e-arlindinho-em-bloco-comandado-pelo-grupo-argumento\/#primaryimage\"},\"thumbnailUrl\":\"https:\/\/www.blogsoestado.com\/danielmatos\/files\/2019\/02\/glacial-evento.jpg\",\"datePublished\":\"2019-02-27T18:00:54+00:00\",\"author\":{\"@id\":\"\"},\"breadcrumb\":{\"@id\":\"https:\/\/www.blogsoestado.com\/danielmatos\/glacial-apresenta-carnaval-com-dudu-nobre-e-arlindinho-em-bloco-comandado-pelo-grupo-argumento\/#breadcrumb\"},\"inLanguage\":\"pt-BR\",\"potentialAction\":[{\"@type\":\"ReadAction\",\"target\":[\"https:\/\/www.blogsoestado.com\/danielmatos\/glacial-apresenta-carnaval-com-dudu-nobre-e-arlindinho-em-bloco-comandado-pelo-grupo-argumento\/\"]}]},{\"@type\":\"ImageObject\",\"inLanguage\":\"pt-BR\",\"@id\":\"https:\/\/www.blogsoestado.com\/danielmatos\/glacial-apresenta-carnaval-com-dudu-nobre-e-arlindinho-em-bloco-comandado-pelo-grupo-argumento\/#primaryimage\",\"url\":\"https:\/\/www.blogsoestado.com\/danielmatos\/files\/2019\/02\/glacial-evento.jpg\",\"contentUrl\":\"https:\/\/www.blogsoestado.com\/danielmatos\/files\/2019\/02\/glacial-evento.jpg\"},{\"@type\":\"BreadcrumbList\",\"@id\":\"https:\/\/www.blogsoestado.com\/danielmatos\/glacial-apresenta-carnaval-com-dudu-nobre-e-arlindinho-em-bloco-comandado-pelo-grupo-argumento\/#breadcrumb\",\"itemListElement\":[{\"@type\":\"ListItem\",\"position\":1,\"name\":\"In\u00edcio\",\"item\":\"https:\/\/www.blogsoestado.com\/danielmatos\/\"},{\"@type\":\"ListItem\",\"position\":2,\"name\":\"Glacial apresenta carnaval com Dudu Nobre e Arlindinho em bloco comandado pelo grupo Argumento\"}]},{\"@type\":\"WebSite\",\"@id\":\"https:\/\/www.blogsoestado.com\/danielmatos\/#website\",\"url\":\"https:\/\/www.blogsoestado.com\/danielmatos\/\",\"name\":\"Daniel Matos\",\"description\":\"\",\"potentialAction\":[{\"@type\":\"SearchAction\",\"target\":{\"@type\":\"EntryPoint\",\"urlTemplate\":\"https:\/\/www.blogsoestado.com\/danielmatos\/?s={search_term_string}\"},\"query-input\":{\"@type\":\"PropertyValueSpecification\",\"valueRequired\":true,\"valueName\":\"search_term_string\"}}],\"inLanguage\":\"pt-BR\"}]}<\/script>\n<!-- \/ Yoast SEO plugin. -->","yoast_head_json":{"title":"Glacial apresenta carnaval com Dudu Nobre e Arlindinho em bloco comandado pelo grupo Argumento - Daniel Matos","robots":{"index":"index","follow":"follow","max-snippet":"max-snippet:-1","max-image-preview":"max-image-preview:large","max-video-preview":"max-video-preview:-1"},"canonical":"https:\/\/www.blogsoestado.com\/danielmatos\/glacial-apresenta-carnaval-com-dudu-nobre-e-arlindinho-em-bloco-comandado-pelo-grupo-argumento\/","og_locale":"pt_BR","og_type":"article","og_title":"Glacial apresenta carnaval com Dudu Nobre e Arlindinho em bloco comandado pelo grupo Argumento - Daniel Matos","og_description":"S\u00e3o Lu\u00eds ser\u00e1 palco de agito que acontece no dia 5 de mar\u00e7o S\u00e3o Paulo, fevereiro de 2019 \u2013 Glacial, [&hellip;]","og_url":"https:\/\/www.blogsoestado.com\/danielmatos\/glacial-apresenta-carnaval-com-dudu-nobre-e-arlindinho-em-bloco-comandado-pelo-grupo-argumento\/","og_site_name":"Daniel Matos","article_published_time":"2019-02-27T18:00:54+00:00","og_image":[{"url":"https:\/\/www.blogsoestado.com\/danielmatos\/files\/2019\/02\/glacial-evento.jpg","type":"","width":"","height":""}],"twitter_card":"summary_large_image","twitter_misc":{"Est. tempo de leitura":"2 minutos"},"schema":{"@context":"https:\/\/schema.org","@graph":[{"@type":"WebPage","@id":"https:\/\/www.blogsoestado.com\/danielmatos\/glacial-apresenta-carnaval-com-dudu-nobre-e-arlindinho-em-bloco-comandado-pelo-grupo-argumento\/","url":"https:\/\/www.blogsoestado.com\/danielmatos\/glacial-apresenta-carnaval-com-dudu-nobre-e-arlindinho-em-bloco-comandado-pelo-grupo-argumento\/","name":"Glacial apresenta carnaval com Dudu Nobre e Arlindinho em bloco comandado pelo grupo Argumento - Daniel Matos","isPartOf":{"@id":"https:\/\/www.blogsoestado.com\/danielmatos\/#website"},"primaryImageOfPage":{"@id":"https:\/\/www.blogsoestado.com\/danielmatos\/glacial-apresenta-carnaval-com-dudu-nobre-e-arlindinho-em-bloco-comandado-pelo-grupo-argumento\/#primaryimage"},"image":{"@id":"https:\/\/www.blogsoestado.com\/danielmatos\/glacial-apresenta-carnaval-com-dudu-nobre-e-arlindinho-em-bloco-comandado-pelo-grupo-argumento\/#primaryimage"},"thumbnailUrl":"https:\/\/www.blogsoestado.com\/danielmatos\/files\/2019\/02\/glacial-evento.jpg","datePublished":"2019-02-27T18:00:54+00:00","author":{"@id":""},"breadcrumb":{"@id":"https:\/\/www.blogsoestado.com\/danielmatos\/glacial-apresenta-carnaval-com-dudu-nobre-e-arlindinho-em-bloco-comandado-pelo-grupo-argumento\/#breadcrumb"},"inLanguage":"pt-BR","potentialAction":[{"@type":"ReadAction","target":["https:\/\/www.blogsoestado.com\/danielmatos\/glacial-apresenta-carnaval-com-dudu-nobre-e-arlindinho-em-bloco-comandado-pelo-grupo-argumento\/"]}]},{"@type":"ImageObject","inLanguage":"pt-BR","@id":"https:\/\/www.blogsoestado.com\/danielmatos\/glacial-apresenta-carnaval-com-dudu-nobre-e-arlindinho-em-bloco-comandado-pelo-grupo-argumento\/#primaryimage","url":"https:\/\/www.blogsoestado.com\/danielmatos\/files\/2019\/02\/glacial-evento.jpg","contentUrl":"https:\/\/www.blogsoestado.com\/danielmatos\/files\/2019\/02\/glacial-evento.jpg"},{"@type":"BreadcrumbList","@id":"https:\/\/www.blogsoestado.com\/danielmatos\/glacial-apresenta-carnaval-com-dudu-nobre-e-arlindinho-em-bloco-comandado-pelo-grupo-argumento\/#breadcrumb","itemListElement":[{"@type":"ListItem","position":1,"name":"In\u00edcio","item":"https:\/\/www.blogsoestado.com\/danielmatos\/"},{"@type":"ListItem","position":2,"name":"Glacial apresenta carnaval com Dudu Nobre e Arlindinho em bloco comandado pelo grupo Argumento"}]},{"@type":"WebSite","@id":"https:\/\/www.blogsoestado.com\/danielmatos\/#website","url":"https:\/\/www.blogsoestado.com\/danielmatos\/","name":"Daniel Matos","description":"","potentialAction":[{"@type":"SearchAction","target":{"@type":"EntryPoint","urlTemplate":"https:\/\/www.blogsoestado.com\/danielmatos\/?s={search_term_string}"},"query-input":{"@type":"PropertyValueSpecification","valueRequired":true,"valueName":"search_term_string"}}],"inLanguage":"pt-BR"}]}},"jetpack_featured_media_url":"","_links":{"self":[{"href":"https:\/\/www.blogsoestado.com\/danielmatos\/wp-json\/wp\/v2\/posts\/60761","targetHints":{"allow":["GET"]}}],"collection":[{"href":"https:\/\/www.blogsoestado.com\/danielmatos\/wp-json\/wp\/v2\/posts"}],"about":[{"href":"https:\/\/www.blogsoestado.com\/danielmatos\/wp-json\/wp\/v2\/types\/post"}],"replies":[{"embeddable":true,"href":"https:\/\/www.blogsoestado.com\/danielmatos\/wp-json\/wp\/v2\/comments?post=60761"}],"version-history":[{"count":0,"href":"https:\/\/www.blogsoestado.com\/danielmatos\/wp-json\/wp\/v2\/posts\/60761\/revisions"}],"wp:attachment":[{"href":"https:\/\/www.blogsoestado.com\/danielmatos\/wp-json\/wp\/v2\/media?parent=60761"}],"wp:term":[{"taxonomy":"category","embeddable":true,"href":"https:\/\/www.blogsoestado.com\/danielmatos\/wp-json\/wp\/v2\/categories?post=60761"},{"taxonomy":"post_tag","embeddable":true,"href":"https:\/\/www.blogsoestado.com\/danielmatos\/wp-json\/wp\/v2\/tags?post=60761"}],"curies":[{"name":"wp","href":"https:\/\/api.w.org\/{rel}","templated":true}]}}