{"id":60764,"date":"2019-02-27T14:16:07","date_gmt":"2019-02-27T17:16:07","guid":{"rendered":"https:\/\/www.blogsoestado.com\/danielmatos\/?p=60764"},"modified":"2019-02-27T14:16:07","modified_gmt":"2019-02-27T17:16:07","slug":"caos-na-saude-e-falta-de-transparencia-e-o-resultado-da-gestao-de-flavio-dino-diz-deputado-wellington","status":"publish","type":"post","link":"https:\/\/www.blogsoestado.com\/danielmatos\/caos-na-saude-e-falta-de-transparencia-e-o-resultado-da-gestao-de-flavio-dino-diz-deputado-wellington\/","title":{"rendered":"\u201cCaos na sa\u00fade e falta de transpar\u00eancia \u00e9 o resultado da gest\u00e3o de Fl\u00e1vio Dino\u201d, diz deputado Wellington"},"content":{"rendered":"\n<figure class=\"wp-block-image\"><img decoding=\"async\" src=\"https:\/\/www.blogsoestado.com\/danielmatos\/files\/2019\/02\/w-veto-1024x683.jpg\" alt=\"\" class=\"wp-image-60765\"\/><figcaption> Wellington disse n\u00e3o entender por que um simples pedido de informa\u00e7\u00f5es foi negado <\/figcaption><\/figure>\n\n\n\n<p>O Requerimento 53\/2019, de autoria do deputado estadual Wellington do Curso, foi indeferido pela Assembleia Legislativa do Maranh\u00e3o. O Requerimento fazia refer\u00eancia a um simples pedido feito por Wellington e direcionado ao governador Fl\u00e1vio Dino requerendo informa\u00e7\u00f5es sobre todas as empresas, Organiza\u00e7\u00f5es Sociais (OS) e Organiza\u00e7\u00f5es da Sociedade Civil de Interesse P\u00fablico (OSCIP) que tem v\u00ednculo com a Secretaria de Sa\u00fade. O objetivo inicial era fiscalizar a real aplica\u00e7\u00e3o de recursos p\u00fablicos na sa\u00fade do Maranh\u00e3o, j\u00e1 que o Governo do estado tem anunciado \u201cinvestimentos\u201d  que se limitam \u00e0 propaganda.<\/p>\n\n\n\n<p>Ap\u00f3s ter o seu pedido de informa\u00e7\u00f5es reprovado pela mesa diretora, Wellington do Curso recorreu \u00e0 vota\u00e7\u00e3o do Plen\u00e1rio, em que do total de 42 deputados, a Base Governista \u00e9 composta pela maioria, isto \u00e9, 39 parlamentares, que  indeferiram o requerimento e blindaram o governador.<\/p>\n\n\n\n<p>\u201cEu n\u00e3o entendo porque negam um simples pedido de informa\u00e7\u00f5es. Est\u00e3o com medo de uma fiscaliza\u00e7\u00e3o de verdade? Est\u00e3o com medo de que possamos descobrir o desvio de recursos p\u00fablicos?  Caos na sa\u00fade e falta de transpar\u00eancia \u00e9 o resultado da gest\u00e3o de Fl\u00e1vio Dino. J\u00e1 tentaram me calar de todas as formas. Fl\u00e1vio Dino usa a Assembleia e tenta impedir que sigamos independentes. No entanto, n\u00e3o \u00e9 esse indeferimento que ser\u00e1 capaz de nos parar. Se for necess\u00e1rio, iremos judicializar sim para termos acesso \u00e0s informa\u00e7\u00f5es. Isso n\u00e3o \u00e9 favor. \u00c9 obriga\u00e7\u00e3o. Afinal, enquanto ele investe em propagandas mentirosas, a popula\u00e7\u00e3o padece em hospitais!\u201d, afirmou o deputado Wellington.<\/p>\n","protected":false},"excerpt":{"rendered":"<p>O Requerimento 53\/2019, de autoria do deputado estadual Wellington do Curso, foi indeferido pela Assembleia Legislativa do Maranh\u00e3o. O Requerimento [&hellip;]<\/p>\n","protected":false},"author":0,"featured_media":0,"comment_status":"open","ping_status":"open","sticky":false,"template":"","format":"standard","meta":{"site-sidebar-layout":"default","site-content-layout":"","ast-site-content-layout":"default","site-content-style":"default","site-sidebar-style":"default","ast-global-header-display":"","ast-banner-title-visibility":"","ast-main-header-display":"","ast-hfb-above-header-display":"","ast-hfb-below-header-display":"","ast-hfb-mobile-header-display":"","site-post-title":"","ast-breadcrumbs-content":"","ast-featured-img":"","footer-sml-layout":"","ast-disable-related-posts":"","theme-transparent-header-meta":"","adv-header-id-meta":"","stick-header-meta":"","header-above-stick-meta":"","header-main-stick-meta":"","header-below-stick-meta":"","astra-migrate-meta-layouts":"default","ast-page-background-enabled":"default","ast-page-background-meta":{"desktop":{"background-color":"var(--ast-global-color-5)","background-image":"","background-repeat":"repeat","background-position":"center center","background-size":"auto","background-attachment":"scroll","background-type":"","background-media":"","overlay-type":"","overlay-color":"","overlay-opacity":"","overlay-gradient":""},"tablet":{"background-color":"","background-image":"","background-repeat":"repeat","background-position":"center center","background-size":"auto","background-attachment":"scroll","background-type":"","background-media":"","overlay-type":"","overlay-color":"","overlay-opacity":"","overlay-gradient":""},"mobile":{"background-color":"","background-image":"","background-repeat":"repeat","background-position":"center center","background-size":"auto","background-attachment":"scroll","background-type":"","background-media":"","overlay-type":"","overlay-color":"","overlay-opacity":"","overlay-gradient":""}},"ast-content-background-meta":{"desktop":{"background-color":"var(--ast-global-color-4)","background-image":"","background-repeat":"repeat","background-position":"center center","background-size":"auto","background-attachment":"scroll","background-type":"","background-media":"","overlay-type":"","overlay-color":"","overlay-opacity":"","overlay-gradient":""},"tablet":{"background-color":"var(--ast-global-color-4)","background-image":"","background-repeat":"repeat","background-position":"center center","background-size":"auto","background-attachment":"scroll","background-type":"","background-media":"","overlay-type":"","overlay-color":"","overlay-opacity":"","overlay-gradient":""},"mobile":{"background-color":"var(--ast-global-color-4)","background-image":"","background-repeat":"repeat","background-position":"center center","background-size":"auto","background-attachment":"scroll","background-type":"","background-media":"","overlay-type":"","overlay-color":"","overlay-opacity":"","overlay-gradient":""}},"footnotes":""},"categories":[1],"tags":[],"class_list":["post-60764","post","type-post","status-publish","format-standard","hentry","category-sem-categoria"],"yoast_head":"<!-- This site is optimized with the Yoast SEO plugin v26.6 - https:\/\/yoast.com\/wordpress\/plugins\/seo\/ -->\n<title>\u201cCaos na sa\u00fade e falta de transpar\u00eancia \u00e9 o resultado da gest\u00e3o de Fl\u00e1vio Dino\u201d, diz deputado Wellington - Daniel Matos<\/title>\n<meta name=\"robots\" content=\"index, follow, max-snippet:-1, max-image-preview:large, max-video-preview:-1\" \/>\n<link rel=\"canonical\" href=\"https:\/\/www.blogsoestado.com\/danielmatos\/caos-na-saude-e-falta-de-transparencia-e-o-resultado-da-gestao-de-flavio-dino-diz-deputado-wellington\/\" \/>\n<meta property=\"og:locale\" content=\"pt_BR\" \/>\n<meta property=\"og:type\" content=\"article\" \/>\n<meta property=\"og:title\" content=\"\u201cCaos na sa\u00fade e falta de transpar\u00eancia \u00e9 o resultado da gest\u00e3o de Fl\u00e1vio Dino\u201d, diz deputado Wellington - Daniel Matos\" \/>\n<meta property=\"og:description\" content=\"O Requerimento 53\/2019, de autoria do deputado estadual Wellington do Curso, foi indeferido pela Assembleia Legislativa do Maranh\u00e3o. O Requerimento [&hellip;]\" \/>\n<meta property=\"og:url\" content=\"https:\/\/www.blogsoestado.com\/danielmatos\/caos-na-saude-e-falta-de-transparencia-e-o-resultado-da-gestao-de-flavio-dino-diz-deputado-wellington\/\" \/>\n<meta property=\"og:site_name\" content=\"Daniel Matos\" \/>\n<meta property=\"article:published_time\" content=\"2019-02-27T17:16:07+00:00\" \/>\n<meta property=\"og:image\" content=\"https:\/\/www.blogsoestado.com\/danielmatos\/files\/2019\/02\/w-veto-1024x683.jpg\" \/>\n<meta name=\"twitter:card\" content=\"summary_large_image\" \/>\n<meta name=\"twitter:label1\" content=\"Est. tempo de leitura\" \/>\n\t<meta name=\"twitter:data1\" content=\"1 minuto\" \/>\n<script type=\"application\/ld+json\" class=\"yoast-schema-graph\">{\"@context\":\"https:\/\/schema.org\",\"@graph\":[{\"@type\":\"WebPage\",\"@id\":\"https:\/\/www.blogsoestado.com\/danielmatos\/caos-na-saude-e-falta-de-transparencia-e-o-resultado-da-gestao-de-flavio-dino-diz-deputado-wellington\/\",\"url\":\"https:\/\/www.blogsoestado.com\/danielmatos\/caos-na-saude-e-falta-de-transparencia-e-o-resultado-da-gestao-de-flavio-dino-diz-deputado-wellington\/\",\"name\":\"\u201cCaos na sa\u00fade e falta de transpar\u00eancia \u00e9 o resultado da gest\u00e3o de Fl\u00e1vio Dino\u201d, diz deputado Wellington - Daniel Matos\",\"isPartOf\":{\"@id\":\"https:\/\/www.blogsoestado.com\/danielmatos\/#website\"},\"primaryImageOfPage\":{\"@id\":\"https:\/\/www.blogsoestado.com\/danielmatos\/caos-na-saude-e-falta-de-transparencia-e-o-resultado-da-gestao-de-flavio-dino-diz-deputado-wellington\/#primaryimage\"},\"image\":{\"@id\":\"https:\/\/www.blogsoestado.com\/danielmatos\/caos-na-saude-e-falta-de-transparencia-e-o-resultado-da-gestao-de-flavio-dino-diz-deputado-wellington\/#primaryimage\"},\"thumbnailUrl\":\"https:\/\/www.blogsoestado.com\/danielmatos\/files\/2019\/02\/w-veto-1024x683.jpg\",\"datePublished\":\"2019-02-27T17:16:07+00:00\",\"author\":{\"@id\":\"\"},\"breadcrumb\":{\"@id\":\"https:\/\/www.blogsoestado.com\/danielmatos\/caos-na-saude-e-falta-de-transparencia-e-o-resultado-da-gestao-de-flavio-dino-diz-deputado-wellington\/#breadcrumb\"},\"inLanguage\":\"pt-BR\",\"potentialAction\":[{\"@type\":\"ReadAction\",\"target\":[\"https:\/\/www.blogsoestado.com\/danielmatos\/caos-na-saude-e-falta-de-transparencia-e-o-resultado-da-gestao-de-flavio-dino-diz-deputado-wellington\/\"]}]},{\"@type\":\"ImageObject\",\"inLanguage\":\"pt-BR\",\"@id\":\"https:\/\/www.blogsoestado.com\/danielmatos\/caos-na-saude-e-falta-de-transparencia-e-o-resultado-da-gestao-de-flavio-dino-diz-deputado-wellington\/#primaryimage\",\"url\":\"https:\/\/www.blogsoestado.com\/danielmatos\/files\/2019\/02\/w-veto-1024x683.jpg\",\"contentUrl\":\"https:\/\/www.blogsoestado.com\/danielmatos\/files\/2019\/02\/w-veto-1024x683.jpg\"},{\"@type\":\"BreadcrumbList\",\"@id\":\"https:\/\/www.blogsoestado.com\/danielmatos\/caos-na-saude-e-falta-de-transparencia-e-o-resultado-da-gestao-de-flavio-dino-diz-deputado-wellington\/#breadcrumb\",\"itemListElement\":[{\"@type\":\"ListItem\",\"position\":1,\"name\":\"In\u00edcio\",\"item\":\"https:\/\/www.blogsoestado.com\/danielmatos\/\"},{\"@type\":\"ListItem\",\"position\":2,\"name\":\"\u201cCaos na sa\u00fade e falta de transpar\u00eancia \u00e9 o resultado da gest\u00e3o de Fl\u00e1vio Dino\u201d, diz deputado Wellington\"}]},{\"@type\":\"WebSite\",\"@id\":\"https:\/\/www.blogsoestado.com\/danielmatos\/#website\",\"url\":\"https:\/\/www.blogsoestado.com\/danielmatos\/\",\"name\":\"Daniel Matos\",\"description\":\"\",\"potentialAction\":[{\"@type\":\"SearchAction\",\"target\":{\"@type\":\"EntryPoint\",\"urlTemplate\":\"https:\/\/www.blogsoestado.com\/danielmatos\/?s={search_term_string}\"},\"query-input\":{\"@type\":\"PropertyValueSpecification\",\"valueRequired\":true,\"valueName\":\"search_term_string\"}}],\"inLanguage\":\"pt-BR\"}]}<\/script>\n<!-- \/ Yoast SEO plugin. -->","yoast_head_json":{"title":"\u201cCaos na sa\u00fade e falta de transpar\u00eancia \u00e9 o resultado da gest\u00e3o de Fl\u00e1vio Dino\u201d, diz deputado Wellington - Daniel Matos","robots":{"index":"index","follow":"follow","max-snippet":"max-snippet:-1","max-image-preview":"max-image-preview:large","max-video-preview":"max-video-preview:-1"},"canonical":"https:\/\/www.blogsoestado.com\/danielmatos\/caos-na-saude-e-falta-de-transparencia-e-o-resultado-da-gestao-de-flavio-dino-diz-deputado-wellington\/","og_locale":"pt_BR","og_type":"article","og_title":"\u201cCaos na sa\u00fade e falta de transpar\u00eancia \u00e9 o resultado da gest\u00e3o de Fl\u00e1vio Dino\u201d, diz deputado Wellington - Daniel Matos","og_description":"O Requerimento 53\/2019, de autoria do deputado estadual Wellington do Curso, foi indeferido pela Assembleia Legislativa do Maranh\u00e3o. O Requerimento [&hellip;]","og_url":"https:\/\/www.blogsoestado.com\/danielmatos\/caos-na-saude-e-falta-de-transparencia-e-o-resultado-da-gestao-de-flavio-dino-diz-deputado-wellington\/","og_site_name":"Daniel Matos","article_published_time":"2019-02-27T17:16:07+00:00","og_image":[{"url":"https:\/\/www.blogsoestado.com\/danielmatos\/files\/2019\/02\/w-veto-1024x683.jpg","type":"","width":"","height":""}],"twitter_card":"summary_large_image","twitter_misc":{"Est. tempo de leitura":"1 minuto"},"schema":{"@context":"https:\/\/schema.org","@graph":[{"@type":"WebPage","@id":"https:\/\/www.blogsoestado.com\/danielmatos\/caos-na-saude-e-falta-de-transparencia-e-o-resultado-da-gestao-de-flavio-dino-diz-deputado-wellington\/","url":"https:\/\/www.blogsoestado.com\/danielmatos\/caos-na-saude-e-falta-de-transparencia-e-o-resultado-da-gestao-de-flavio-dino-diz-deputado-wellington\/","name":"\u201cCaos na sa\u00fade e falta de transpar\u00eancia \u00e9 o resultado da gest\u00e3o de Fl\u00e1vio Dino\u201d, diz deputado Wellington - Daniel Matos","isPartOf":{"@id":"https:\/\/www.blogsoestado.com\/danielmatos\/#website"},"primaryImageOfPage":{"@id":"https:\/\/www.blogsoestado.com\/danielmatos\/caos-na-saude-e-falta-de-transparencia-e-o-resultado-da-gestao-de-flavio-dino-diz-deputado-wellington\/#primaryimage"},"image":{"@id":"https:\/\/www.blogsoestado.com\/danielmatos\/caos-na-saude-e-falta-de-transparencia-e-o-resultado-da-gestao-de-flavio-dino-diz-deputado-wellington\/#primaryimage"},"thumbnailUrl":"https:\/\/www.blogsoestado.com\/danielmatos\/files\/2019\/02\/w-veto-1024x683.jpg","datePublished":"2019-02-27T17:16:07+00:00","author":{"@id":""},"breadcrumb":{"@id":"https:\/\/www.blogsoestado.com\/danielmatos\/caos-na-saude-e-falta-de-transparencia-e-o-resultado-da-gestao-de-flavio-dino-diz-deputado-wellington\/#breadcrumb"},"inLanguage":"pt-BR","potentialAction":[{"@type":"ReadAction","target":["https:\/\/www.blogsoestado.com\/danielmatos\/caos-na-saude-e-falta-de-transparencia-e-o-resultado-da-gestao-de-flavio-dino-diz-deputado-wellington\/"]}]},{"@type":"ImageObject","inLanguage":"pt-BR","@id":"https:\/\/www.blogsoestado.com\/danielmatos\/caos-na-saude-e-falta-de-transparencia-e-o-resultado-da-gestao-de-flavio-dino-diz-deputado-wellington\/#primaryimage","url":"https:\/\/www.blogsoestado.com\/danielmatos\/files\/2019\/02\/w-veto-1024x683.jpg","contentUrl":"https:\/\/www.blogsoestado.com\/danielmatos\/files\/2019\/02\/w-veto-1024x683.jpg"},{"@type":"BreadcrumbList","@id":"https:\/\/www.blogsoestado.com\/danielmatos\/caos-na-saude-e-falta-de-transparencia-e-o-resultado-da-gestao-de-flavio-dino-diz-deputado-wellington\/#breadcrumb","itemListElement":[{"@type":"ListItem","position":1,"name":"In\u00edcio","item":"https:\/\/www.blogsoestado.com\/danielmatos\/"},{"@type":"ListItem","position":2,"name":"\u201cCaos na sa\u00fade e falta de transpar\u00eancia \u00e9 o resultado da gest\u00e3o de Fl\u00e1vio Dino\u201d, diz deputado Wellington"}]},{"@type":"WebSite","@id":"https:\/\/www.blogsoestado.com\/danielmatos\/#website","url":"https:\/\/www.blogsoestado.com\/danielmatos\/","name":"Daniel Matos","description":"","potentialAction":[{"@type":"SearchAction","target":{"@type":"EntryPoint","urlTemplate":"https:\/\/www.blogsoestado.com\/danielmatos\/?s={search_term_string}"},"query-input":{"@type":"PropertyValueSpecification","valueRequired":true,"valueName":"search_term_string"}}],"inLanguage":"pt-BR"}]}},"jetpack_featured_media_url":"","_links":{"self":[{"href":"https:\/\/www.blogsoestado.com\/danielmatos\/wp-json\/wp\/v2\/posts\/60764","targetHints":{"allow":["GET"]}}],"collection":[{"href":"https:\/\/www.blogsoestado.com\/danielmatos\/wp-json\/wp\/v2\/posts"}],"about":[{"href":"https:\/\/www.blogsoestado.com\/danielmatos\/wp-json\/wp\/v2\/types\/post"}],"replies":[{"embeddable":true,"href":"https:\/\/www.blogsoestado.com\/danielmatos\/wp-json\/wp\/v2\/comments?post=60764"}],"version-history":[{"count":0,"href":"https:\/\/www.blogsoestado.com\/danielmatos\/wp-json\/wp\/v2\/posts\/60764\/revisions"}],"wp:attachment":[{"href":"https:\/\/www.blogsoestado.com\/danielmatos\/wp-json\/wp\/v2\/media?parent=60764"}],"wp:term":[{"taxonomy":"category","embeddable":true,"href":"https:\/\/www.blogsoestado.com\/danielmatos\/wp-json\/wp\/v2\/categories?post=60764"},{"taxonomy":"post_tag","embeddable":true,"href":"https:\/\/www.blogsoestado.com\/danielmatos\/wp-json\/wp\/v2\/tags?post=60764"}],"curies":[{"name":"wp","href":"https:\/\/api.w.org\/{rel}","templated":true}]}}