{"id":60770,"date":"2019-02-27T18:51:35","date_gmt":"2019-02-27T21:51:35","guid":{"rendered":"https:\/\/www.blogsoestado.com\/danielmatos\/?p=60770"},"modified":"2019-02-27T18:51:35","modified_gmt":"2019-02-27T21:51:35","slug":"extincao-da-comissao-central-de-licitacao-e-retrocesso-afirma-adriano","status":"publish","type":"post","link":"https:\/\/www.blogsoestado.com\/danielmatos\/extincao-da-comissao-central-de-licitacao-e-retrocesso-afirma-adriano\/","title":{"rendered":"Extin\u00e7\u00e3o da Comiss\u00e3o Central de Licita\u00e7\u00e3o \u00e9 retrocesso, afirma Adriano"},"content":{"rendered":"\n<figure class=\"wp-block-image\"><img decoding=\"async\" src=\"https:\/\/www.blogsoestado.com\/danielmatos\/files\/2019\/02\/adriano-licita-1024x683.jpg\" alt=\"\" class=\"wp-image-60771\"\/><figcaption>Para Adriano, medida deixa ainda mais claro que o governo dividiu as secretarias para os partidos pol\u00edticos que lhe apoiaram nas elei\u00e7\u00f5es de 2018 <\/figcaption><\/figure>\n\n\n\n<p>O deputado estadual Adriano Sarney (PV) questionou a edi\u00e7\u00e3o da Medida Provis\u00f3ria n\u00ba 291\/2019, na qual o governo Fl\u00e1vio Dino (PCdoB) publica diversos atos, uma esp\u00e9cie de minirreforma administrativa, com destaque para a extin\u00e7\u00e3o da Comiss\u00e3o Central Permanente de Licita\u00e7\u00e3o (CCL). \u201cConcentrando as concorr\u00eancias p\u00fablicas, a CCL propiciava seguran\u00e7a e transpar\u00eancia aos processos, favorecendo meios de combate \u00e0 corrup\u00e7\u00e3o. A extin\u00e7\u00e3o deste \u00f3rg\u00e3o e um retrocesso na gest\u00e3o p\u00fablica. Isto \u00e9 um absurdo\u201d, disse Adriano.<\/p>\n\n\n\n<p>O deputado avaliou ainda que a extin\u00e7\u00e3o da CCL fortalece, isto \u00e9, amplia os poderes das comiss\u00f5es setoriais de licita\u00e7\u00e3o das secretarias estaduais e isto pode ter motiva\u00e7\u00f5es pol\u00edtico partid\u00e1rias. \u201cEst\u00e1 cada vez mais evidente que o governo fatiou, ou seja, dividiu as secretarias para os partidos pol\u00edticos que lhe apoiaram nas elei\u00e7\u00f5es de 2018\u201d, ponderou.<\/p>\n\n\n\n<p>Al\u00e9m de extinguir a Comiss\u00e3o Central Permanente de Licita\u00e7\u00e3o, a Medida Provis\u00f3ria n\u00ba 291\/2019 torna-se, na pr\u00e1tica, uma minirreforma administrativa, pois reorganiza a estrutura da Empresa Maranhense de Administra\u00e7\u00e3o de Recursos Humanos e Neg\u00f3cios P\u00fablicos (EMARHP); recria a Secretaria de Estado do Turismo, transforma a Secretaria Extraordin\u00e1ria de Programas Especiais em Secretaria de Estado de Programas Estrat\u00e9gicos; cria a Secretaria-Adjunta de Registro de Pre\u00e7os (na estrutura da Secretaria de Estado da Gest\u00e3o, Patrim\u00f4nio e Assist\u00eancia dos Servidores &#8211; SEGEP) e a Secretaria-Adjunta de Micro e Pequenas Empresas (na estrutura da Secretaria de Ind\u00fastria, Com\u00e9rcio e Energia &#8211; SEINC); vincula o Instituto Estadual de Educa\u00e7\u00e3o, Ci\u00eancia e Tecnologia do Maranh\u00e3o (IEMA) \u00e0 Secretaria de Educa\u00e7\u00e3o (SEDUC); transforma a Funda\u00e7\u00e3o Nice Lob\u00e3o em unidade do IEMA, entre outros atos.<\/p>\n\n\n\n<p>Confira <a href=\"http:\/\/www.al.ma.leg.br\/diarios\/arquivos\/DIARIO031-27-02-2019.pdf\">aqui<\/a> na \u00edntegra o texto da MP 291 no Di\u00e1rio da Assembleia.<\/p>\n","protected":false},"excerpt":{"rendered":"<p>O deputado estadual Adriano Sarney (PV) questionou a edi\u00e7\u00e3o da Medida Provis\u00f3ria n\u00ba 291\/2019, na qual o governo Fl\u00e1vio Dino [&hellip;]<\/p>\n","protected":false},"author":0,"featured_media":0,"comment_status":"open","ping_status":"open","sticky":false,"template":"","format":"standard","meta":{"site-sidebar-layout":"default","site-content-layout":"","ast-site-content-layout":"default","site-content-style":"default","site-sidebar-style":"default","ast-global-header-display":"","ast-banner-title-visibility":"","ast-main-header-display":"","ast-hfb-above-header-display":"","ast-hfb-below-header-display":"","ast-hfb-mobile-header-display":"","site-post-title":"","ast-breadcrumbs-content":"","ast-featured-img":"","footer-sml-layout":"","ast-disable-related-posts":"","theme-transparent-header-meta":"","adv-header-id-meta":"","stick-header-meta":"","header-above-stick-meta":"","header-main-stick-meta":"","header-below-stick-meta":"","astra-migrate-meta-layouts":"default","ast-page-background-enabled":"default","ast-page-background-meta":{"desktop":{"background-color":"var(--ast-global-color-5)","background-image":"","background-repeat":"repeat","background-position":"center center","background-size":"auto","background-attachment":"scroll","background-type":"","background-media":"","overlay-type":"","overlay-color":"","overlay-opacity":"","overlay-gradient":""},"tablet":{"background-color":"","background-image":"","background-repeat":"repeat","background-position":"center center","background-size":"auto","background-attachment":"scroll","background-type":"","background-media":"","overlay-type":"","overlay-color":"","overlay-opacity":"","overlay-gradient":""},"mobile":{"background-color":"","background-image":"","background-repeat":"repeat","background-position":"center center","background-size":"auto","background-attachment":"scroll","background-type":"","background-media":"","overlay-type":"","overlay-color":"","overlay-opacity":"","overlay-gradient":""}},"ast-content-background-meta":{"desktop":{"background-color":"var(--ast-global-color-4)","background-image":"","background-repeat":"repeat","background-position":"center center","background-size":"auto","background-attachment":"scroll","background-type":"","background-media":"","overlay-type":"","overlay-color":"","overlay-opacity":"","overlay-gradient":""},"tablet":{"background-color":"var(--ast-global-color-4)","background-image":"","background-repeat":"repeat","background-position":"center center","background-size":"auto","background-attachment":"scroll","background-type":"","background-media":"","overlay-type":"","overlay-color":"","overlay-opacity":"","overlay-gradient":""},"mobile":{"background-color":"var(--ast-global-color-4)","background-image":"","background-repeat":"repeat","background-position":"center center","background-size":"auto","background-attachment":"scroll","background-type":"","background-media":"","overlay-type":"","overlay-color":"","overlay-opacity":"","overlay-gradient":""}},"footnotes":""},"categories":[1],"tags":[],"class_list":["post-60770","post","type-post","status-publish","format-standard","hentry","category-sem-categoria"],"yoast_head":"<!-- This site is optimized with the Yoast SEO plugin v26.6 - https:\/\/yoast.com\/wordpress\/plugins\/seo\/ -->\n<title>Extin\u00e7\u00e3o da Comiss\u00e3o Central de Licita\u00e7\u00e3o \u00e9 retrocesso, afirma Adriano - Daniel Matos<\/title>\n<meta name=\"robots\" content=\"index, follow, max-snippet:-1, max-image-preview:large, max-video-preview:-1\" \/>\n<link rel=\"canonical\" href=\"https:\/\/www.blogsoestado.com\/danielmatos\/extincao-da-comissao-central-de-licitacao-e-retrocesso-afirma-adriano\/\" \/>\n<meta property=\"og:locale\" content=\"pt_BR\" \/>\n<meta property=\"og:type\" content=\"article\" \/>\n<meta property=\"og:title\" content=\"Extin\u00e7\u00e3o da Comiss\u00e3o Central de Licita\u00e7\u00e3o \u00e9 retrocesso, afirma Adriano - Daniel Matos\" \/>\n<meta property=\"og:description\" content=\"O deputado estadual Adriano Sarney (PV) questionou a edi\u00e7\u00e3o da Medida Provis\u00f3ria n\u00ba 291\/2019, na qual o governo Fl\u00e1vio Dino [&hellip;]\" \/>\n<meta property=\"og:url\" content=\"https:\/\/www.blogsoestado.com\/danielmatos\/extincao-da-comissao-central-de-licitacao-e-retrocesso-afirma-adriano\/\" \/>\n<meta property=\"og:site_name\" content=\"Daniel Matos\" \/>\n<meta property=\"article:published_time\" content=\"2019-02-27T21:51:35+00:00\" \/>\n<meta property=\"og:image\" content=\"https:\/\/www.blogsoestado.com\/danielmatos\/files\/2019\/02\/adriano-licita-1024x683.jpg\" \/>\n<meta name=\"twitter:card\" content=\"summary_large_image\" \/>\n<meta name=\"twitter:label1\" content=\"Est. tempo de leitura\" \/>\n\t<meta name=\"twitter:data1\" content=\"2 minutos\" \/>\n<script type=\"application\/ld+json\" class=\"yoast-schema-graph\">{\"@context\":\"https:\/\/schema.org\",\"@graph\":[{\"@type\":\"WebPage\",\"@id\":\"https:\/\/www.blogsoestado.com\/danielmatos\/extincao-da-comissao-central-de-licitacao-e-retrocesso-afirma-adriano\/\",\"url\":\"https:\/\/www.blogsoestado.com\/danielmatos\/extincao-da-comissao-central-de-licitacao-e-retrocesso-afirma-adriano\/\",\"name\":\"Extin\u00e7\u00e3o da Comiss\u00e3o Central de Licita\u00e7\u00e3o \u00e9 retrocesso, afirma Adriano - Daniel Matos\",\"isPartOf\":{\"@id\":\"https:\/\/www.blogsoestado.com\/danielmatos\/#website\"},\"primaryImageOfPage\":{\"@id\":\"https:\/\/www.blogsoestado.com\/danielmatos\/extincao-da-comissao-central-de-licitacao-e-retrocesso-afirma-adriano\/#primaryimage\"},\"image\":{\"@id\":\"https:\/\/www.blogsoestado.com\/danielmatos\/extincao-da-comissao-central-de-licitacao-e-retrocesso-afirma-adriano\/#primaryimage\"},\"thumbnailUrl\":\"https:\/\/www.blogsoestado.com\/danielmatos\/files\/2019\/02\/adriano-licita-1024x683.jpg\",\"datePublished\":\"2019-02-27T21:51:35+00:00\",\"author\":{\"@id\":\"\"},\"breadcrumb\":{\"@id\":\"https:\/\/www.blogsoestado.com\/danielmatos\/extincao-da-comissao-central-de-licitacao-e-retrocesso-afirma-adriano\/#breadcrumb\"},\"inLanguage\":\"pt-BR\",\"potentialAction\":[{\"@type\":\"ReadAction\",\"target\":[\"https:\/\/www.blogsoestado.com\/danielmatos\/extincao-da-comissao-central-de-licitacao-e-retrocesso-afirma-adriano\/\"]}]},{\"@type\":\"ImageObject\",\"inLanguage\":\"pt-BR\",\"@id\":\"https:\/\/www.blogsoestado.com\/danielmatos\/extincao-da-comissao-central-de-licitacao-e-retrocesso-afirma-adriano\/#primaryimage\",\"url\":\"https:\/\/www.blogsoestado.com\/danielmatos\/files\/2019\/02\/adriano-licita-1024x683.jpg\",\"contentUrl\":\"https:\/\/www.blogsoestado.com\/danielmatos\/files\/2019\/02\/adriano-licita-1024x683.jpg\"},{\"@type\":\"BreadcrumbList\",\"@id\":\"https:\/\/www.blogsoestado.com\/danielmatos\/extincao-da-comissao-central-de-licitacao-e-retrocesso-afirma-adriano\/#breadcrumb\",\"itemListElement\":[{\"@type\":\"ListItem\",\"position\":1,\"name\":\"In\u00edcio\",\"item\":\"https:\/\/www.blogsoestado.com\/danielmatos\/\"},{\"@type\":\"ListItem\",\"position\":2,\"name\":\"Extin\u00e7\u00e3o da Comiss\u00e3o Central de Licita\u00e7\u00e3o \u00e9 retrocesso, afirma Adriano\"}]},{\"@type\":\"WebSite\",\"@id\":\"https:\/\/www.blogsoestado.com\/danielmatos\/#website\",\"url\":\"https:\/\/www.blogsoestado.com\/danielmatos\/\",\"name\":\"Daniel Matos\",\"description\":\"\",\"potentialAction\":[{\"@type\":\"SearchAction\",\"target\":{\"@type\":\"EntryPoint\",\"urlTemplate\":\"https:\/\/www.blogsoestado.com\/danielmatos\/?s={search_term_string}\"},\"query-input\":{\"@type\":\"PropertyValueSpecification\",\"valueRequired\":true,\"valueName\":\"search_term_string\"}}],\"inLanguage\":\"pt-BR\"}]}<\/script>\n<!-- \/ Yoast SEO plugin. -->","yoast_head_json":{"title":"Extin\u00e7\u00e3o da Comiss\u00e3o Central de Licita\u00e7\u00e3o \u00e9 retrocesso, afirma Adriano - Daniel Matos","robots":{"index":"index","follow":"follow","max-snippet":"max-snippet:-1","max-image-preview":"max-image-preview:large","max-video-preview":"max-video-preview:-1"},"canonical":"https:\/\/www.blogsoestado.com\/danielmatos\/extincao-da-comissao-central-de-licitacao-e-retrocesso-afirma-adriano\/","og_locale":"pt_BR","og_type":"article","og_title":"Extin\u00e7\u00e3o da Comiss\u00e3o Central de Licita\u00e7\u00e3o \u00e9 retrocesso, afirma Adriano - Daniel Matos","og_description":"O deputado estadual Adriano Sarney (PV) questionou a edi\u00e7\u00e3o da Medida Provis\u00f3ria n\u00ba 291\/2019, na qual o governo Fl\u00e1vio Dino [&hellip;]","og_url":"https:\/\/www.blogsoestado.com\/danielmatos\/extincao-da-comissao-central-de-licitacao-e-retrocesso-afirma-adriano\/","og_site_name":"Daniel Matos","article_published_time":"2019-02-27T21:51:35+00:00","og_image":[{"url":"https:\/\/www.blogsoestado.com\/danielmatos\/files\/2019\/02\/adriano-licita-1024x683.jpg","type":"","width":"","height":""}],"twitter_card":"summary_large_image","twitter_misc":{"Est. tempo de leitura":"2 minutos"},"schema":{"@context":"https:\/\/schema.org","@graph":[{"@type":"WebPage","@id":"https:\/\/www.blogsoestado.com\/danielmatos\/extincao-da-comissao-central-de-licitacao-e-retrocesso-afirma-adriano\/","url":"https:\/\/www.blogsoestado.com\/danielmatos\/extincao-da-comissao-central-de-licitacao-e-retrocesso-afirma-adriano\/","name":"Extin\u00e7\u00e3o da Comiss\u00e3o Central de Licita\u00e7\u00e3o \u00e9 retrocesso, afirma Adriano - Daniel Matos","isPartOf":{"@id":"https:\/\/www.blogsoestado.com\/danielmatos\/#website"},"primaryImageOfPage":{"@id":"https:\/\/www.blogsoestado.com\/danielmatos\/extincao-da-comissao-central-de-licitacao-e-retrocesso-afirma-adriano\/#primaryimage"},"image":{"@id":"https:\/\/www.blogsoestado.com\/danielmatos\/extincao-da-comissao-central-de-licitacao-e-retrocesso-afirma-adriano\/#primaryimage"},"thumbnailUrl":"https:\/\/www.blogsoestado.com\/danielmatos\/files\/2019\/02\/adriano-licita-1024x683.jpg","datePublished":"2019-02-27T21:51:35+00:00","author":{"@id":""},"breadcrumb":{"@id":"https:\/\/www.blogsoestado.com\/danielmatos\/extincao-da-comissao-central-de-licitacao-e-retrocesso-afirma-adriano\/#breadcrumb"},"inLanguage":"pt-BR","potentialAction":[{"@type":"ReadAction","target":["https:\/\/www.blogsoestado.com\/danielmatos\/extincao-da-comissao-central-de-licitacao-e-retrocesso-afirma-adriano\/"]}]},{"@type":"ImageObject","inLanguage":"pt-BR","@id":"https:\/\/www.blogsoestado.com\/danielmatos\/extincao-da-comissao-central-de-licitacao-e-retrocesso-afirma-adriano\/#primaryimage","url":"https:\/\/www.blogsoestado.com\/danielmatos\/files\/2019\/02\/adriano-licita-1024x683.jpg","contentUrl":"https:\/\/www.blogsoestado.com\/danielmatos\/files\/2019\/02\/adriano-licita-1024x683.jpg"},{"@type":"BreadcrumbList","@id":"https:\/\/www.blogsoestado.com\/danielmatos\/extincao-da-comissao-central-de-licitacao-e-retrocesso-afirma-adriano\/#breadcrumb","itemListElement":[{"@type":"ListItem","position":1,"name":"In\u00edcio","item":"https:\/\/www.blogsoestado.com\/danielmatos\/"},{"@type":"ListItem","position":2,"name":"Extin\u00e7\u00e3o da Comiss\u00e3o Central de Licita\u00e7\u00e3o \u00e9 retrocesso, afirma Adriano"}]},{"@type":"WebSite","@id":"https:\/\/www.blogsoestado.com\/danielmatos\/#website","url":"https:\/\/www.blogsoestado.com\/danielmatos\/","name":"Daniel Matos","description":"","potentialAction":[{"@type":"SearchAction","target":{"@type":"EntryPoint","urlTemplate":"https:\/\/www.blogsoestado.com\/danielmatos\/?s={search_term_string}"},"query-input":{"@type":"PropertyValueSpecification","valueRequired":true,"valueName":"search_term_string"}}],"inLanguage":"pt-BR"}]}},"jetpack_featured_media_url":"","_links":{"self":[{"href":"https:\/\/www.blogsoestado.com\/danielmatos\/wp-json\/wp\/v2\/posts\/60770","targetHints":{"allow":["GET"]}}],"collection":[{"href":"https:\/\/www.blogsoestado.com\/danielmatos\/wp-json\/wp\/v2\/posts"}],"about":[{"href":"https:\/\/www.blogsoestado.com\/danielmatos\/wp-json\/wp\/v2\/types\/post"}],"replies":[{"embeddable":true,"href":"https:\/\/www.blogsoestado.com\/danielmatos\/wp-json\/wp\/v2\/comments?post=60770"}],"version-history":[{"count":0,"href":"https:\/\/www.blogsoestado.com\/danielmatos\/wp-json\/wp\/v2\/posts\/60770\/revisions"}],"wp:attachment":[{"href":"https:\/\/www.blogsoestado.com\/danielmatos\/wp-json\/wp\/v2\/media?parent=60770"}],"wp:term":[{"taxonomy":"category","embeddable":true,"href":"https:\/\/www.blogsoestado.com\/danielmatos\/wp-json\/wp\/v2\/categories?post=60770"},{"taxonomy":"post_tag","embeddable":true,"href":"https:\/\/www.blogsoestado.com\/danielmatos\/wp-json\/wp\/v2\/tags?post=60770"}],"curies":[{"name":"wp","href":"https:\/\/api.w.org\/{rel}","templated":true}]}}