{"id":60788,"date":"2019-02-28T13:11:36","date_gmt":"2019-02-28T16:11:36","guid":{"rendered":"https:\/\/www.blogsoestado.com\/danielmatos\/?p=60788"},"modified":"2019-02-28T13:11:36","modified_gmt":"2019-02-28T16:11:36","slug":"prefeitura-de-raposa-convoca-aprovados-em-concurso-publico","status":"publish","type":"post","link":"https:\/\/www.blogsoestado.com\/danielmatos\/prefeitura-de-raposa-convoca-aprovados-em-concurso-publico\/","title":{"rendered":"Prefeitura de Raposa convoca aprovados em concurso p\u00fablico"},"content":{"rendered":"\n<p class=\"has-text-color has-large-font-size has-vivid-red-color\">Seletivo foi organizado pelo Instituto Marchado de Assis, refer\u00eancia na atua\u00e7\u00e3o em seletivos no Piau\u00ed, Maranh\u00e3o, Par\u00e1, Pernambuco e outros estados <\/p>\n\n\n\n<div class=\"wp-block-image\"><figure class=\"alignright\"><img decoding=\"async\" src=\"https:\/\/www.blogsoestado.com\/danielmatos\/files\/2019\/02\/machado-concurso.jpg\" alt=\"\" class=\"wp-image-60789\"\/><\/figure><\/div>\n\n\n\n<p>A Prefeitura de Raposa convocou os aprovados no concurso p\u00fablico  destinado ao preenchimento de cargos na administra\u00e7\u00e3o p\u00fablica para apresenta\u00e7\u00e3o de documentos. O certame foi organizado pelo INSTITUTO MACHADO DE ASSIS, refer\u00eancia na atua\u00e7\u00e3o em seletivos no Piau\u00ed, Maranh\u00e3o, Par\u00e1, Pernambuco e outros estados. As provas foram aplicadas em novembro do ano passado.<\/p>\n\n\n\n<p>O concurso p\u00fablico de Raposa \u00e9 o mais recente seletivo realizado com reconhecido \u00eaxito pelo Instituto Machado de Assis, que j\u00e1 foi respons\u00e1vel por v\u00e1rios outros certames no Maranh\u00e3o e em outros estados do Norte\/Nordeste. Recentemente, os aprovados no concurso p\u00fablico promovido pela Prefeitura de Caxias, tamb\u00e9m organizado pelo Instituto Machado de Assis, foram <a href=\"https:\/\/www.blogsoestado.com\/danielmatos\/2019\/02\/18\/prefeitura-de-caxias-convoca-aprovados-no-concurso-publico\/\">convocados para nomea\u00e7\u00e3o<\/a>.   <\/p>\n\n\n\n<p>O instituto tamb\u00e9m est\u00e1 respons\u00e1vel pela organiza\u00e7\u00e3o e aplica\u00e7\u00e3o das provas do <a href=\"https:\/\/www.blogsoestado.com\/danielmatos\/2019\/01\/19\/prorrogadas-ate-1o-de-fevereiro-inscricoes-para-o-concurso-de-paco-do-lumiar\/\">concurso para provimento de cargos na Prefeitura de Pa\u00e7o do Lumiar<\/a>, que est\u00e1 em andamento.<\/p>\n\n\n\n<p>Segue o edital de convoca\u00e7\u00e3o:<\/p>\n\n\n\n<div class=\"wp-block-image\"><figure class=\"aligncenter\"><img decoding=\"async\" src=\"https:\/\/www.blogsoestado.com\/danielmatos\/files\/2019\/02\/concurso-raposa3.png\" alt=\"\" class=\"wp-image-60790\"\/><\/figure><\/div>\n\n\n\n<p>O SECRET\u00c1RIO MUNICIPAL DE ADMINISTRA\u00c7\u00c3O E PLANEJAMENTO DO MUNIC\u00cdPIO DE RAPOSA &#8211; MARANH\u00c3O, no uso de suas atribui\u00e7\u00f5es legais, e tendo em vista o resultado do Concurso P\u00fablico aberto pelo Edital de Concurso n\u00ba. 001\/2018, para preenchimento de diversas carreiras no \u00e2mbito do Poder Executivo Municipal, conforme listagem de aprovados devidamente publicada no Di\u00e1rio Oficial e jornal de grande circula\u00e7\u00e3o, CONVOCA, em ordem de classifica\u00e7\u00e3o o pessoal constante da rela\u00e7\u00e3o em anexo, para, no prazo de at\u00e9 30 (trinta) dias, contados da data de publica\u00e7\u00e3o deste, tomarem posse nos cargos para os quais foram aprovados e iniciar o est\u00e1gio probat\u00f3rio nos termos do Estatuto do Servidor Municipal e da CF\/88, para tanto, dever\u00e3o apresentar os seguintes documentos:         <\/p>\n\n\n\n<ol class=\"wp-block-list\"><li>Documento de escolaridade exigido no edital e, se for o caso, do registro no \u00f3rg\u00e3o de classe;<\/li><\/ol>\n\n\n\n<ol class=\"wp-block-list\"><li>Comprovante de regularidade perante a Justi\u00e7a Eleitoral;<\/li><li>Declara\u00e7\u00e3o de acumula\u00e7\u00e3o de cargos p\u00fablicos;4. Certid\u00e3o de nascimento ou casamento;<\/li><li>Certid\u00e3o de filhos menores (se houver);<\/li><li>Carteira de identidade;<\/li><li>Cadastro de Pessoa F\u00edsica \u2013 CPF;<\/li><li>N\u00famero de inscri\u00e7\u00e3o no PIS\/PASEP;<\/li><li>T\u00edtulo de Eleitor;<\/li><li>Certificado de Reservista (se do sexo masculino);<\/li><li>Carteira de Habilita\u00e7\u00e3o categoria profissional adequada (motorista ou operador);<\/li><li>N\u00famero de conta banc\u00e1ria no Banco do Brasil;<\/li><li>Comprovante de Conclus\u00e3o de Curso (Especializa\u00e7\u00e3o e Registro Profissional se exigido).<\/li><li>Exames cl\u00ednicos com validade no m\u00e1ximo de 60 (sessenta) dias: Hemograma completo, tipagem<br> sangu\u00ednea, V.D.R.L, Raio X do T\u00f3rax, eletrocardiograma \u2013 ECG, TGO e TGP, Anti-Hbs, Anti- Hbe, Linfa<br> perif\u00e9rico \u2013 pesquisa hansen\u00edase, Eletroencefalograma \u2013 EEG.<\/li><li>Os convocados ir\u00e3o assinar uma Declara\u00e7\u00e3o de que n\u00e3o possui vinculo de servidor ou empregado<br> p\u00fablicos incompat\u00edveis com seu hor\u00e1rio de trabalho, bem como estando dentro do que permite o ac\u00famulo de cargo<br> nos termos do art. 37, inciso XVI da CF\/88, onde caso seja comprovado no Sistema do TCE-MA, essa<br> incompatibilidade o candidato n\u00e3o poder\u00e1 entrar em exerc\u00edcio do seu cargo enquanto n\u00e3o resolver o ac\u00famulo<br> indevido.<br> Os documentos acima listados, dever\u00e3o ser entregues nos seguintes locais:<\/li><li>Na Secretaria Municipal de Educa\u00e7\u00e3o, sito na Av. Principal, s\/n, (prox. ao antigo PETI), nesta cidade, no hor\u00e1rio<br> de 08:00 \u00e0s 14:00H \u2013 pelos convocados para esta Secretaria;<\/li><li>Na Secretaria Municipal de Sa\u00fade, sito na Av. Principal, s\/n, (prox. a R\u00e1dio Uni\u00e3o FM), nesta cidade, no hor\u00e1rio<br> de 08:00 \u00e0s 14:00H \u2013 pelos convocados para esta Secretaria;<\/li><li>No Departamento de Pessoal desta Prefeitura, sito na Av. Principal, s\/n, (prox. ao Quartel da Policia Militar), nesta<br> cidade, no hor\u00e1rio de 08:00 \u00e0s 14:00H \u2013 pelos convocados para as demais Secretarias;<\/li><li>O n\u00e3o comparecimento do convocado ser\u00e1 tido como desist\u00eancia e aquele que n\u00e3o puder apresentar a documenta\u00e7\u00e3o solicitada ser\u00e1 considerado desclassificado, tudo em conformidade com o edital do concurso.<\/li><li>GABINETE DO SECRET\u00c1RIO MUNICIPAL DE ADMINISTRA\u00c7\u00c3O E PLANEJAMENTO DO MUNIC\u00cdPIO DE<br>RAPOSA\/MA, 25 DE FEVEREIRO DE 2019.<br>UALACY COSTA CHAVES<br>Secret\u00e1rio Municipal de Administra\u00e7\u00e3o e Planejamento<\/li><\/ol>\n\n\n\n<p><\/p>\n","protected":false},"excerpt":{"rendered":"<p>Seletivo foi organizado pelo Instituto Marchado de Assis, refer\u00eancia na atua\u00e7\u00e3o em seletivos no Piau\u00ed, Maranh\u00e3o, Par\u00e1, Pernambuco e outros [&hellip;]<\/p>\n","protected":false},"author":0,"featured_media":0,"comment_status":"open","ping_status":"open","sticky":false,"template":"","format":"standard","meta":{"site-sidebar-layout":"default","site-content-layout":"","ast-site-content-layout":"default","site-content-style":"default","site-sidebar-style":"default","ast-global-header-display":"","ast-banner-title-visibility":"","ast-main-header-display":"","ast-hfb-above-header-display":"","ast-hfb-below-header-display":"","ast-hfb-mobile-header-display":"","site-post-title":"","ast-breadcrumbs-content":"","ast-featured-img":"","footer-sml-layout":"","ast-disable-related-posts":"","theme-transparent-header-meta":"","adv-header-id-meta":"","stick-header-meta":"","header-above-stick-meta":"","header-main-stick-meta":"","header-below-stick-meta":"","astra-migrate-meta-layouts":"default","ast-page-background-enabled":"default","ast-page-background-meta":{"desktop":{"background-color":"var(--ast-global-color-5)","background-image":"","background-repeat":"repeat","background-position":"center center","background-size":"auto","background-attachment":"scroll","background-type":"","background-media":"","overlay-type":"","overlay-color":"","overlay-opacity":"","overlay-gradient":""},"tablet":{"background-color":"","background-image":"","background-repeat":"repeat","background-position":"center center","background-size":"auto","background-attachment":"scroll","background-type":"","background-media":"","overlay-type":"","overlay-color":"","overlay-opacity":"","overlay-gradient":""},"mobile":{"background-color":"","background-image":"","background-repeat":"repeat","background-position":"center center","background-size":"auto","background-attachment":"scroll","background-type":"","background-media":"","overlay-type":"","overlay-color":"","overlay-opacity":"","overlay-gradient":""}},"ast-content-background-meta":{"desktop":{"background-color":"var(--ast-global-color-4)","background-image":"","background-repeat":"repeat","background-position":"center center","background-size":"auto","background-attachment":"scroll","background-type":"","background-media":"","overlay-type":"","overlay-color":"","overlay-opacity":"","overlay-gradient":""},"tablet":{"background-color":"var(--ast-global-color-4)","background-image":"","background-repeat":"repeat","background-position":"center center","background-size":"auto","background-attachment":"scroll","background-type":"","background-media":"","overlay-type":"","overlay-color":"","overlay-opacity":"","overlay-gradient":""},"mobile":{"background-color":"var(--ast-global-color-4)","background-image":"","background-repeat":"repeat","background-position":"center center","background-size":"auto","background-attachment":"scroll","background-type":"","background-media":"","overlay-type":"","overlay-color":"","overlay-opacity":"","overlay-gradient":""}},"footnotes":""},"categories":[1],"tags":[],"class_list":["post-60788","post","type-post","status-publish","format-standard","hentry","category-sem-categoria"],"yoast_head":"<!-- This site is optimized with the Yoast SEO plugin v26.6 - https:\/\/yoast.com\/wordpress\/plugins\/seo\/ -->\n<title>Prefeitura de Raposa convoca aprovados em concurso p\u00fablico - Daniel Matos<\/title>\n<meta name=\"robots\" content=\"index, follow, max-snippet:-1, max-image-preview:large, max-video-preview:-1\" \/>\n<link rel=\"canonical\" href=\"https:\/\/www.blogsoestado.com\/danielmatos\/prefeitura-de-raposa-convoca-aprovados-em-concurso-publico\/\" \/>\n<meta property=\"og:locale\" content=\"pt_BR\" \/>\n<meta property=\"og:type\" content=\"article\" \/>\n<meta property=\"og:title\" content=\"Prefeitura de Raposa convoca aprovados em concurso p\u00fablico - Daniel Matos\" \/>\n<meta property=\"og:description\" content=\"Seletivo foi organizado pelo Instituto Marchado de Assis, refer\u00eancia na atua\u00e7\u00e3o em seletivos no Piau\u00ed, Maranh\u00e3o, Par\u00e1, Pernambuco e outros [&hellip;]\" \/>\n<meta property=\"og:url\" content=\"https:\/\/www.blogsoestado.com\/danielmatos\/prefeitura-de-raposa-convoca-aprovados-em-concurso-publico\/\" \/>\n<meta property=\"og:site_name\" content=\"Daniel Matos\" \/>\n<meta property=\"article:published_time\" content=\"2019-02-28T16:11:36+00:00\" \/>\n<meta property=\"og:image\" content=\"https:\/\/www.blogsoestado.com\/danielmatos\/files\/2019\/02\/machado-concurso.jpg\" \/>\n<meta name=\"twitter:card\" content=\"summary_large_image\" \/>\n<meta name=\"twitter:label1\" content=\"Est. tempo de leitura\" \/>\n\t<meta name=\"twitter:data1\" content=\"4 minutos\" \/>\n<script type=\"application\/ld+json\" class=\"yoast-schema-graph\">{\"@context\":\"https:\/\/schema.org\",\"@graph\":[{\"@type\":\"WebPage\",\"@id\":\"https:\/\/www.blogsoestado.com\/danielmatos\/prefeitura-de-raposa-convoca-aprovados-em-concurso-publico\/\",\"url\":\"https:\/\/www.blogsoestado.com\/danielmatos\/prefeitura-de-raposa-convoca-aprovados-em-concurso-publico\/\",\"name\":\"Prefeitura de Raposa convoca aprovados em concurso p\u00fablico - Daniel Matos\",\"isPartOf\":{\"@id\":\"https:\/\/www.blogsoestado.com\/danielmatos\/#website\"},\"primaryImageOfPage\":{\"@id\":\"https:\/\/www.blogsoestado.com\/danielmatos\/prefeitura-de-raposa-convoca-aprovados-em-concurso-publico\/#primaryimage\"},\"image\":{\"@id\":\"https:\/\/www.blogsoestado.com\/danielmatos\/prefeitura-de-raposa-convoca-aprovados-em-concurso-publico\/#primaryimage\"},\"thumbnailUrl\":\"https:\/\/www.blogsoestado.com\/danielmatos\/files\/2019\/02\/machado-concurso.jpg\",\"datePublished\":\"2019-02-28T16:11:36+00:00\",\"author\":{\"@id\":\"\"},\"breadcrumb\":{\"@id\":\"https:\/\/www.blogsoestado.com\/danielmatos\/prefeitura-de-raposa-convoca-aprovados-em-concurso-publico\/#breadcrumb\"},\"inLanguage\":\"pt-BR\",\"potentialAction\":[{\"@type\":\"ReadAction\",\"target\":[\"https:\/\/www.blogsoestado.com\/danielmatos\/prefeitura-de-raposa-convoca-aprovados-em-concurso-publico\/\"]}]},{\"@type\":\"ImageObject\",\"inLanguage\":\"pt-BR\",\"@id\":\"https:\/\/www.blogsoestado.com\/danielmatos\/prefeitura-de-raposa-convoca-aprovados-em-concurso-publico\/#primaryimage\",\"url\":\"https:\/\/www.blogsoestado.com\/danielmatos\/files\/2019\/02\/machado-concurso.jpg\",\"contentUrl\":\"https:\/\/www.blogsoestado.com\/danielmatos\/files\/2019\/02\/machado-concurso.jpg\"},{\"@type\":\"BreadcrumbList\",\"@id\":\"https:\/\/www.blogsoestado.com\/danielmatos\/prefeitura-de-raposa-convoca-aprovados-em-concurso-publico\/#breadcrumb\",\"itemListElement\":[{\"@type\":\"ListItem\",\"position\":1,\"name\":\"In\u00edcio\",\"item\":\"https:\/\/www.blogsoestado.com\/danielmatos\/\"},{\"@type\":\"ListItem\",\"position\":2,\"name\":\"Prefeitura de Raposa convoca aprovados em concurso p\u00fablico\"}]},{\"@type\":\"WebSite\",\"@id\":\"https:\/\/www.blogsoestado.com\/danielmatos\/#website\",\"url\":\"https:\/\/www.blogsoestado.com\/danielmatos\/\",\"name\":\"Daniel Matos\",\"description\":\"\",\"potentialAction\":[{\"@type\":\"SearchAction\",\"target\":{\"@type\":\"EntryPoint\",\"urlTemplate\":\"https:\/\/www.blogsoestado.com\/danielmatos\/?s={search_term_string}\"},\"query-input\":{\"@type\":\"PropertyValueSpecification\",\"valueRequired\":true,\"valueName\":\"search_term_string\"}}],\"inLanguage\":\"pt-BR\"}]}<\/script>\n<!-- \/ Yoast SEO plugin. -->","yoast_head_json":{"title":"Prefeitura de Raposa convoca aprovados em concurso p\u00fablico - Daniel Matos","robots":{"index":"index","follow":"follow","max-snippet":"max-snippet:-1","max-image-preview":"max-image-preview:large","max-video-preview":"max-video-preview:-1"},"canonical":"https:\/\/www.blogsoestado.com\/danielmatos\/prefeitura-de-raposa-convoca-aprovados-em-concurso-publico\/","og_locale":"pt_BR","og_type":"article","og_title":"Prefeitura de Raposa convoca aprovados em concurso p\u00fablico - Daniel Matos","og_description":"Seletivo foi organizado pelo Instituto Marchado de Assis, refer\u00eancia na atua\u00e7\u00e3o em seletivos no Piau\u00ed, Maranh\u00e3o, Par\u00e1, Pernambuco e outros [&hellip;]","og_url":"https:\/\/www.blogsoestado.com\/danielmatos\/prefeitura-de-raposa-convoca-aprovados-em-concurso-publico\/","og_site_name":"Daniel Matos","article_published_time":"2019-02-28T16:11:36+00:00","og_image":[{"url":"https:\/\/www.blogsoestado.com\/danielmatos\/files\/2019\/02\/machado-concurso.jpg","type":"","width":"","height":""}],"twitter_card":"summary_large_image","twitter_misc":{"Est. tempo de leitura":"4 minutos"},"schema":{"@context":"https:\/\/schema.org","@graph":[{"@type":"WebPage","@id":"https:\/\/www.blogsoestado.com\/danielmatos\/prefeitura-de-raposa-convoca-aprovados-em-concurso-publico\/","url":"https:\/\/www.blogsoestado.com\/danielmatos\/prefeitura-de-raposa-convoca-aprovados-em-concurso-publico\/","name":"Prefeitura de Raposa convoca aprovados em concurso p\u00fablico - Daniel Matos","isPartOf":{"@id":"https:\/\/www.blogsoestado.com\/danielmatos\/#website"},"primaryImageOfPage":{"@id":"https:\/\/www.blogsoestado.com\/danielmatos\/prefeitura-de-raposa-convoca-aprovados-em-concurso-publico\/#primaryimage"},"image":{"@id":"https:\/\/www.blogsoestado.com\/danielmatos\/prefeitura-de-raposa-convoca-aprovados-em-concurso-publico\/#primaryimage"},"thumbnailUrl":"https:\/\/www.blogsoestado.com\/danielmatos\/files\/2019\/02\/machado-concurso.jpg","datePublished":"2019-02-28T16:11:36+00:00","author":{"@id":""},"breadcrumb":{"@id":"https:\/\/www.blogsoestado.com\/danielmatos\/prefeitura-de-raposa-convoca-aprovados-em-concurso-publico\/#breadcrumb"},"inLanguage":"pt-BR","potentialAction":[{"@type":"ReadAction","target":["https:\/\/www.blogsoestado.com\/danielmatos\/prefeitura-de-raposa-convoca-aprovados-em-concurso-publico\/"]}]},{"@type":"ImageObject","inLanguage":"pt-BR","@id":"https:\/\/www.blogsoestado.com\/danielmatos\/prefeitura-de-raposa-convoca-aprovados-em-concurso-publico\/#primaryimage","url":"https:\/\/www.blogsoestado.com\/danielmatos\/files\/2019\/02\/machado-concurso.jpg","contentUrl":"https:\/\/www.blogsoestado.com\/danielmatos\/files\/2019\/02\/machado-concurso.jpg"},{"@type":"BreadcrumbList","@id":"https:\/\/www.blogsoestado.com\/danielmatos\/prefeitura-de-raposa-convoca-aprovados-em-concurso-publico\/#breadcrumb","itemListElement":[{"@type":"ListItem","position":1,"name":"In\u00edcio","item":"https:\/\/www.blogsoestado.com\/danielmatos\/"},{"@type":"ListItem","position":2,"name":"Prefeitura de Raposa convoca aprovados em concurso p\u00fablico"}]},{"@type":"WebSite","@id":"https:\/\/www.blogsoestado.com\/danielmatos\/#website","url":"https:\/\/www.blogsoestado.com\/danielmatos\/","name":"Daniel Matos","description":"","potentialAction":[{"@type":"SearchAction","target":{"@type":"EntryPoint","urlTemplate":"https:\/\/www.blogsoestado.com\/danielmatos\/?s={search_term_string}"},"query-input":{"@type":"PropertyValueSpecification","valueRequired":true,"valueName":"search_term_string"}}],"inLanguage":"pt-BR"}]}},"jetpack_featured_media_url":"","_links":{"self":[{"href":"https:\/\/www.blogsoestado.com\/danielmatos\/wp-json\/wp\/v2\/posts\/60788","targetHints":{"allow":["GET"]}}],"collection":[{"href":"https:\/\/www.blogsoestado.com\/danielmatos\/wp-json\/wp\/v2\/posts"}],"about":[{"href":"https:\/\/www.blogsoestado.com\/danielmatos\/wp-json\/wp\/v2\/types\/post"}],"replies":[{"embeddable":true,"href":"https:\/\/www.blogsoestado.com\/danielmatos\/wp-json\/wp\/v2\/comments?post=60788"}],"version-history":[{"count":0,"href":"https:\/\/www.blogsoestado.com\/danielmatos\/wp-json\/wp\/v2\/posts\/60788\/revisions"}],"wp:attachment":[{"href":"https:\/\/www.blogsoestado.com\/danielmatos\/wp-json\/wp\/v2\/media?parent=60788"}],"wp:term":[{"taxonomy":"category","embeddable":true,"href":"https:\/\/www.blogsoestado.com\/danielmatos\/wp-json\/wp\/v2\/categories?post=60788"},{"taxonomy":"post_tag","embeddable":true,"href":"https:\/\/www.blogsoestado.com\/danielmatos\/wp-json\/wp\/v2\/tags?post=60788"}],"curies":[{"name":"wp","href":"https:\/\/api.w.org\/{rel}","templated":true}]}}