{"id":60792,"date":"2019-02-28T14:01:43","date_gmt":"2019-02-28T17:01:43","guid":{"rendered":"https:\/\/www.blogsoestado.com\/danielmatos\/?p=60792"},"modified":"2019-02-28T14:01:43","modified_gmt":"2019-02-28T17:01:43","slug":"educacao-mais-de-30-mil-alunos-voltam-as-aulas-na-rede-municipal-de-ensino-em-caxias","status":"publish","type":"post","link":"https:\/\/www.blogsoestado.com\/danielmatos\/educacao-mais-de-30-mil-alunos-voltam-as-aulas-na-rede-municipal-de-ensino-em-caxias\/","title":{"rendered":"EDUCA\u00c7\u00c3O: Mais de 30 mil alunos voltam \u00e0s aulas na rede municipal de ensino em Caxias"},"content":{"rendered":"\n<figure class=\"wp-block-image\"><img decoding=\"async\" src=\"https:\/\/www.blogsoestado.com\/danielmatos\/files\/2019\/02\/caxias-aulas-1024x680.jpeg\" alt=\"\" class=\"wp-image-60793\"\/><\/figure>\n\n\n\n<p>A rede de educa\u00e7\u00e3o de Caxias deu in\u00edcio nessa segunda-feira (25) ao ano letivo nas 216 escolas municipais. As crian\u00e7as e adolescentes foram recebidas para os pr\u00f3ximos 200 dias letivos.<\/p>\n\n\n\n<p>\u201cO retorno \u00e9 sempre bom por conta da educa\u00e7\u00e3o que Caxias est\u00e1 desenvolvendo. O munic\u00edpio vem se destacando por conta dos programas que a Secretaria adota, ent\u00e3o a gente sabe que o Brasil s\u00f3 se desenvolve investindo em educa\u00e7\u00e3o\u201d, lembra Maria Deusa, professora.<\/p>\n\n\n\n<p>Na escola Professor Arlindo Fernandes, no Residencial Eug\u00eanio Coutinho, a unidade recebeu os mais de 340 alunos do 1\u00ba ao 5\u00ba ano. A dire\u00e7\u00e3o destacou o compromisso de melhorar ainda mais os \u00edndices educacionais.<\/p>\n\n\n\n<p>\u201cN\u00f3s estamos aqui para dar continuidade ao trabalho da educa\u00e7\u00e3o infantil, dando \u00eanfase \u00e0 leitura e \u00e0 escrita\u201d, lembra Ana Cl\u00edvia, professora.<\/p>\n\n\n\n<p>\u201cNessa primeira semana a gente faz esse diagn\u00f3stico para saber como eles est\u00e3o, para da\u00ed a gente dar sequ\u00eancia no aprendizado deles\u201d, frisa Francisca Alencar, professora.<\/p>\n\n\n\n<p>\u201cCome\u00e7amos com o nosso quadro completo de profissionais! Temos bastante salas de aula, temos 16 do 1\u00ba ao 5\u00ba ano, 13 do 6\u00ba ao 9\u00ba ano, 4 do EJA, ent\u00e3o s\u00e3o muitos professores. Trabalhamos no intuito de que os pais possam ver que a escola se preocupou com os filhos e tivemos todo o cuidado em receber as crian\u00e7as\u201d, explica Eliz\u00e2ngela Carvalho, gestora escolar.<\/p>\n\n\n\n<figure class=\"wp-block-image\"><img decoding=\"async\" src=\"https:\/\/www.blogsoestado.com\/danielmatos\/files\/2019\/02\/caxias-aulas2-1024x680.jpeg\" alt=\"\" class=\"wp-image-60794\"\/><figcaption> <br>A secret\u00e1ria municipal de Educa\u00e7\u00e3o, Ci\u00eancia e Tecnologia, Ana C\u00e9lia Damasceno, que o cumprimento dos 200 dias letivos \u00e9 prioridade <\/figcaption><\/figure>\n\n\n\n<p>Os pais tamb\u00e9m estiveram presentes. \u201cMoro aqui em frente \u00e0 escola. Conhe\u00e7o as professoras, as diretoras. Eu gosto de tudo que tem aqui na escola, participo de festas para saber se o aluno est\u00e1 se desempenhando bem, se est\u00e1 aprendendo\u201d, destacou Tarciana Paula, m\u00e3e.<\/p>\n\n\n\n<p>A secret\u00e1ria municipal de Educa\u00e7\u00e3o, Ci\u00eancia e Tecnologia, Ana C\u00e9lia Damasceno, lembra que este ano a rede de ensino recebe mais de 30 mil alunos, que os 200 dias letivos s\u00e3o uma prioridade e que a Secretaria est\u00e1 lan\u00e7ando duas a\u00e7\u00f5es importantes: O Plant\u00e3o Social e o Plant\u00e3o Pedag\u00f3gico, que aliados \u00e0 uma consultoria educacional de Sobral (CE), t\u00eam o objetivo de trabalhar as metas educacionais, visando aumentar a qualidade no ensino.<\/p>\n\n\n\n<p>\u201cEstamos aqui para fazer o que h\u00e1 de melhor para a educa\u00e7\u00e3o das nossas crian\u00e7as. A crian\u00e7a caxiense precisa ser a melhor crian\u00e7a, o melhor estudante, o melhor profissional. \u00c9 isso que n\u00f3s temos lutado e reverenciado cada um deles que mostram a excel\u00eancia, tanto \u00e9 que n\u00f3s vamos fazer o 2\u00ba semin\u00e1rio do IDEB, porque vamos lan\u00e7ar algumas metas para os diretores\u201d, completou Ana C\u00e9lia Damasceno.<\/p>\n","protected":false},"excerpt":{"rendered":"<p>A rede de educa\u00e7\u00e3o de Caxias deu in\u00edcio nessa segunda-feira (25) ao ano letivo nas 216 escolas municipais. As crian\u00e7as [&hellip;]<\/p>\n","protected":false},"author":0,"featured_media":0,"comment_status":"open","ping_status":"open","sticky":false,"template":"","format":"standard","meta":{"site-sidebar-layout":"default","site-content-layout":"","ast-site-content-layout":"default","site-content-style":"default","site-sidebar-style":"default","ast-global-header-display":"","ast-banner-title-visibility":"","ast-main-header-display":"","ast-hfb-above-header-display":"","ast-hfb-below-header-display":"","ast-hfb-mobile-header-display":"","site-post-title":"","ast-breadcrumbs-content":"","ast-featured-img":"","footer-sml-layout":"","ast-disable-related-posts":"","theme-transparent-header-meta":"","adv-header-id-meta":"","stick-header-meta":"","header-above-stick-meta":"","header-main-stick-meta":"","header-below-stick-meta":"","astra-migrate-meta-layouts":"default","ast-page-background-enabled":"default","ast-page-background-meta":{"desktop":{"background-color":"var(--ast-global-color-5)","background-image":"","background-repeat":"repeat","background-position":"center center","background-size":"auto","background-attachment":"scroll","background-type":"","background-media":"","overlay-type":"","overlay-color":"","overlay-opacity":"","overlay-gradient":""},"tablet":{"background-color":"","background-image":"","background-repeat":"repeat","background-position":"center center","background-size":"auto","background-attachment":"scroll","background-type":"","background-media":"","overlay-type":"","overlay-color":"","overlay-opacity":"","overlay-gradient":""},"mobile":{"background-color":"","background-image":"","background-repeat":"repeat","background-position":"center center","background-size":"auto","background-attachment":"scroll","background-type":"","background-media":"","overlay-type":"","overlay-color":"","overlay-opacity":"","overlay-gradient":""}},"ast-content-background-meta":{"desktop":{"background-color":"var(--ast-global-color-4)","background-image":"","background-repeat":"repeat","background-position":"center center","background-size":"auto","background-attachment":"scroll","background-type":"","background-media":"","overlay-type":"","overlay-color":"","overlay-opacity":"","overlay-gradient":""},"tablet":{"background-color":"var(--ast-global-color-4)","background-image":"","background-repeat":"repeat","background-position":"center center","background-size":"auto","background-attachment":"scroll","background-type":"","background-media":"","overlay-type":"","overlay-color":"","overlay-opacity":"","overlay-gradient":""},"mobile":{"background-color":"var(--ast-global-color-4)","background-image":"","background-repeat":"repeat","background-position":"center center","background-size":"auto","background-attachment":"scroll","background-type":"","background-media":"","overlay-type":"","overlay-color":"","overlay-opacity":"","overlay-gradient":""}},"footnotes":""},"categories":[1],"tags":[],"class_list":["post-60792","post","type-post","status-publish","format-standard","hentry","category-sem-categoria"],"yoast_head":"<!-- This site is optimized with the Yoast SEO plugin v26.6 - https:\/\/yoast.com\/wordpress\/plugins\/seo\/ -->\n<title>EDUCA\u00c7\u00c3O: Mais de 30 mil alunos voltam \u00e0s aulas na rede municipal de ensino em Caxias - Daniel Matos<\/title>\n<meta name=\"robots\" content=\"index, follow, max-snippet:-1, max-image-preview:large, max-video-preview:-1\" \/>\n<link rel=\"canonical\" href=\"https:\/\/www.blogsoestado.com\/danielmatos\/educacao-mais-de-30-mil-alunos-voltam-as-aulas-na-rede-municipal-de-ensino-em-caxias\/\" \/>\n<meta property=\"og:locale\" content=\"pt_BR\" \/>\n<meta property=\"og:type\" content=\"article\" \/>\n<meta property=\"og:title\" content=\"EDUCA\u00c7\u00c3O: Mais de 30 mil alunos voltam \u00e0s aulas na rede municipal de ensino em Caxias - Daniel Matos\" \/>\n<meta property=\"og:description\" content=\"A rede de educa\u00e7\u00e3o de Caxias deu in\u00edcio nessa segunda-feira (25) ao ano letivo nas 216 escolas municipais. As crian\u00e7as [&hellip;]\" \/>\n<meta property=\"og:url\" content=\"https:\/\/www.blogsoestado.com\/danielmatos\/educacao-mais-de-30-mil-alunos-voltam-as-aulas-na-rede-municipal-de-ensino-em-caxias\/\" \/>\n<meta property=\"og:site_name\" content=\"Daniel Matos\" \/>\n<meta property=\"article:published_time\" content=\"2019-02-28T17:01:43+00:00\" \/>\n<meta property=\"og:image\" content=\"https:\/\/www.blogsoestado.com\/danielmatos\/files\/2019\/02\/caxias-aulas-1024x680.jpeg\" \/>\n<meta name=\"twitter:card\" content=\"summary_large_image\" \/>\n<meta name=\"twitter:label1\" content=\"Est. tempo de leitura\" \/>\n\t<meta name=\"twitter:data1\" content=\"2 minutos\" \/>\n<script type=\"application\/ld+json\" class=\"yoast-schema-graph\">{\"@context\":\"https:\/\/schema.org\",\"@graph\":[{\"@type\":\"WebPage\",\"@id\":\"https:\/\/www.blogsoestado.com\/danielmatos\/educacao-mais-de-30-mil-alunos-voltam-as-aulas-na-rede-municipal-de-ensino-em-caxias\/\",\"url\":\"https:\/\/www.blogsoestado.com\/danielmatos\/educacao-mais-de-30-mil-alunos-voltam-as-aulas-na-rede-municipal-de-ensino-em-caxias\/\",\"name\":\"EDUCA\u00c7\u00c3O: Mais de 30 mil alunos voltam \u00e0s aulas na rede municipal de ensino em Caxias - Daniel Matos\",\"isPartOf\":{\"@id\":\"https:\/\/www.blogsoestado.com\/danielmatos\/#website\"},\"primaryImageOfPage\":{\"@id\":\"https:\/\/www.blogsoestado.com\/danielmatos\/educacao-mais-de-30-mil-alunos-voltam-as-aulas-na-rede-municipal-de-ensino-em-caxias\/#primaryimage\"},\"image\":{\"@id\":\"https:\/\/www.blogsoestado.com\/danielmatos\/educacao-mais-de-30-mil-alunos-voltam-as-aulas-na-rede-municipal-de-ensino-em-caxias\/#primaryimage\"},\"thumbnailUrl\":\"https:\/\/www.blogsoestado.com\/danielmatos\/files\/2019\/02\/caxias-aulas-1024x680.jpeg\",\"datePublished\":\"2019-02-28T17:01:43+00:00\",\"author\":{\"@id\":\"\"},\"breadcrumb\":{\"@id\":\"https:\/\/www.blogsoestado.com\/danielmatos\/educacao-mais-de-30-mil-alunos-voltam-as-aulas-na-rede-municipal-de-ensino-em-caxias\/#breadcrumb\"},\"inLanguage\":\"pt-BR\",\"potentialAction\":[{\"@type\":\"ReadAction\",\"target\":[\"https:\/\/www.blogsoestado.com\/danielmatos\/educacao-mais-de-30-mil-alunos-voltam-as-aulas-na-rede-municipal-de-ensino-em-caxias\/\"]}]},{\"@type\":\"ImageObject\",\"inLanguage\":\"pt-BR\",\"@id\":\"https:\/\/www.blogsoestado.com\/danielmatos\/educacao-mais-de-30-mil-alunos-voltam-as-aulas-na-rede-municipal-de-ensino-em-caxias\/#primaryimage\",\"url\":\"https:\/\/www.blogsoestado.com\/danielmatos\/files\/2019\/02\/caxias-aulas-1024x680.jpeg\",\"contentUrl\":\"https:\/\/www.blogsoestado.com\/danielmatos\/files\/2019\/02\/caxias-aulas-1024x680.jpeg\"},{\"@type\":\"BreadcrumbList\",\"@id\":\"https:\/\/www.blogsoestado.com\/danielmatos\/educacao-mais-de-30-mil-alunos-voltam-as-aulas-na-rede-municipal-de-ensino-em-caxias\/#breadcrumb\",\"itemListElement\":[{\"@type\":\"ListItem\",\"position\":1,\"name\":\"In\u00edcio\",\"item\":\"https:\/\/www.blogsoestado.com\/danielmatos\/\"},{\"@type\":\"ListItem\",\"position\":2,\"name\":\"EDUCA\u00c7\u00c3O: Mais de 30 mil alunos voltam \u00e0s aulas na rede municipal de ensino em Caxias\"}]},{\"@type\":\"WebSite\",\"@id\":\"https:\/\/www.blogsoestado.com\/danielmatos\/#website\",\"url\":\"https:\/\/www.blogsoestado.com\/danielmatos\/\",\"name\":\"Daniel Matos\",\"description\":\"\",\"potentialAction\":[{\"@type\":\"SearchAction\",\"target\":{\"@type\":\"EntryPoint\",\"urlTemplate\":\"https:\/\/www.blogsoestado.com\/danielmatos\/?s={search_term_string}\"},\"query-input\":{\"@type\":\"PropertyValueSpecification\",\"valueRequired\":true,\"valueName\":\"search_term_string\"}}],\"inLanguage\":\"pt-BR\"}]}<\/script>\n<!-- \/ Yoast SEO plugin. -->","yoast_head_json":{"title":"EDUCA\u00c7\u00c3O: Mais de 30 mil alunos voltam \u00e0s aulas na rede municipal de ensino em Caxias - Daniel Matos","robots":{"index":"index","follow":"follow","max-snippet":"max-snippet:-1","max-image-preview":"max-image-preview:large","max-video-preview":"max-video-preview:-1"},"canonical":"https:\/\/www.blogsoestado.com\/danielmatos\/educacao-mais-de-30-mil-alunos-voltam-as-aulas-na-rede-municipal-de-ensino-em-caxias\/","og_locale":"pt_BR","og_type":"article","og_title":"EDUCA\u00c7\u00c3O: Mais de 30 mil alunos voltam \u00e0s aulas na rede municipal de ensino em Caxias - Daniel Matos","og_description":"A rede de educa\u00e7\u00e3o de Caxias deu in\u00edcio nessa segunda-feira (25) ao ano letivo nas 216 escolas municipais. As crian\u00e7as [&hellip;]","og_url":"https:\/\/www.blogsoestado.com\/danielmatos\/educacao-mais-de-30-mil-alunos-voltam-as-aulas-na-rede-municipal-de-ensino-em-caxias\/","og_site_name":"Daniel Matos","article_published_time":"2019-02-28T17:01:43+00:00","og_image":[{"url":"https:\/\/www.blogsoestado.com\/danielmatos\/files\/2019\/02\/caxias-aulas-1024x680.jpeg","type":"","width":"","height":""}],"twitter_card":"summary_large_image","twitter_misc":{"Est. tempo de leitura":"2 minutos"},"schema":{"@context":"https:\/\/schema.org","@graph":[{"@type":"WebPage","@id":"https:\/\/www.blogsoestado.com\/danielmatos\/educacao-mais-de-30-mil-alunos-voltam-as-aulas-na-rede-municipal-de-ensino-em-caxias\/","url":"https:\/\/www.blogsoestado.com\/danielmatos\/educacao-mais-de-30-mil-alunos-voltam-as-aulas-na-rede-municipal-de-ensino-em-caxias\/","name":"EDUCA\u00c7\u00c3O: Mais de 30 mil alunos voltam \u00e0s aulas na rede municipal de ensino em Caxias - Daniel Matos","isPartOf":{"@id":"https:\/\/www.blogsoestado.com\/danielmatos\/#website"},"primaryImageOfPage":{"@id":"https:\/\/www.blogsoestado.com\/danielmatos\/educacao-mais-de-30-mil-alunos-voltam-as-aulas-na-rede-municipal-de-ensino-em-caxias\/#primaryimage"},"image":{"@id":"https:\/\/www.blogsoestado.com\/danielmatos\/educacao-mais-de-30-mil-alunos-voltam-as-aulas-na-rede-municipal-de-ensino-em-caxias\/#primaryimage"},"thumbnailUrl":"https:\/\/www.blogsoestado.com\/danielmatos\/files\/2019\/02\/caxias-aulas-1024x680.jpeg","datePublished":"2019-02-28T17:01:43+00:00","author":{"@id":""},"breadcrumb":{"@id":"https:\/\/www.blogsoestado.com\/danielmatos\/educacao-mais-de-30-mil-alunos-voltam-as-aulas-na-rede-municipal-de-ensino-em-caxias\/#breadcrumb"},"inLanguage":"pt-BR","potentialAction":[{"@type":"ReadAction","target":["https:\/\/www.blogsoestado.com\/danielmatos\/educacao-mais-de-30-mil-alunos-voltam-as-aulas-na-rede-municipal-de-ensino-em-caxias\/"]}]},{"@type":"ImageObject","inLanguage":"pt-BR","@id":"https:\/\/www.blogsoestado.com\/danielmatos\/educacao-mais-de-30-mil-alunos-voltam-as-aulas-na-rede-municipal-de-ensino-em-caxias\/#primaryimage","url":"https:\/\/www.blogsoestado.com\/danielmatos\/files\/2019\/02\/caxias-aulas-1024x680.jpeg","contentUrl":"https:\/\/www.blogsoestado.com\/danielmatos\/files\/2019\/02\/caxias-aulas-1024x680.jpeg"},{"@type":"BreadcrumbList","@id":"https:\/\/www.blogsoestado.com\/danielmatos\/educacao-mais-de-30-mil-alunos-voltam-as-aulas-na-rede-municipal-de-ensino-em-caxias\/#breadcrumb","itemListElement":[{"@type":"ListItem","position":1,"name":"In\u00edcio","item":"https:\/\/www.blogsoestado.com\/danielmatos\/"},{"@type":"ListItem","position":2,"name":"EDUCA\u00c7\u00c3O: Mais de 30 mil alunos voltam \u00e0s aulas na rede municipal de ensino em Caxias"}]},{"@type":"WebSite","@id":"https:\/\/www.blogsoestado.com\/danielmatos\/#website","url":"https:\/\/www.blogsoestado.com\/danielmatos\/","name":"Daniel Matos","description":"","potentialAction":[{"@type":"SearchAction","target":{"@type":"EntryPoint","urlTemplate":"https:\/\/www.blogsoestado.com\/danielmatos\/?s={search_term_string}"},"query-input":{"@type":"PropertyValueSpecification","valueRequired":true,"valueName":"search_term_string"}}],"inLanguage":"pt-BR"}]}},"jetpack_featured_media_url":"","_links":{"self":[{"href":"https:\/\/www.blogsoestado.com\/danielmatos\/wp-json\/wp\/v2\/posts\/60792","targetHints":{"allow":["GET"]}}],"collection":[{"href":"https:\/\/www.blogsoestado.com\/danielmatos\/wp-json\/wp\/v2\/posts"}],"about":[{"href":"https:\/\/www.blogsoestado.com\/danielmatos\/wp-json\/wp\/v2\/types\/post"}],"replies":[{"embeddable":true,"href":"https:\/\/www.blogsoestado.com\/danielmatos\/wp-json\/wp\/v2\/comments?post=60792"}],"version-history":[{"count":0,"href":"https:\/\/www.blogsoestado.com\/danielmatos\/wp-json\/wp\/v2\/posts\/60792\/revisions"}],"wp:attachment":[{"href":"https:\/\/www.blogsoestado.com\/danielmatos\/wp-json\/wp\/v2\/media?parent=60792"}],"wp:term":[{"taxonomy":"category","embeddable":true,"href":"https:\/\/www.blogsoestado.com\/danielmatos\/wp-json\/wp\/v2\/categories?post=60792"},{"taxonomy":"post_tag","embeddable":true,"href":"https:\/\/www.blogsoestado.com\/danielmatos\/wp-json\/wp\/v2\/tags?post=60792"}],"curies":[{"name":"wp","href":"https:\/\/api.w.org\/{rel}","templated":true}]}}