{"id":60796,"date":"2019-02-28T14:45:32","date_gmt":"2019-02-28T17:45:32","guid":{"rendered":"https:\/\/www.blogsoestado.com\/danielmatos\/?p=60796"},"modified":"2019-02-28T14:45:32","modified_gmt":"2019-02-28T17:45:32","slug":"prefeitura-de-santa-rita-desenvolve-jornada-pedagogica-com-grandes-nomes-da-educacao-brasileira","status":"publish","type":"post","link":"https:\/\/www.blogsoestado.com\/danielmatos\/prefeitura-de-santa-rita-desenvolve-jornada-pedagogica-com-grandes-nomes-da-educacao-brasileira\/","title":{"rendered":"Prefeitura de Santa Rita desenvolve Jornada Pedag\u00f3gica com grandes nomes da educa\u00e7\u00e3o brasileira"},"content":{"rendered":"\n<figure class=\"wp-block-image\"><img decoding=\"async\" src=\"https:\/\/www.blogsoestado.com\/danielmatos\/files\/2019\/02\/santa-rita-assume-1024x498.jpg\" alt=\"\" class=\"wp-image-60797\"\/><figcaption> A cerim\u00f4nia de abertura na segunda-feira (25), contou com a presen\u00e7a de diversas autoridades<\/figcaption><\/figure>\n\n\n\n<p>A Prefeitura de Santa Rita, atrav\u00e9s da Secretaria Municipal de Educa\u00e7\u00e3o, realizou de 25 a 28, a Jornada Pedag\u00f3gica 2019, a qual \u00e9 refer\u00eancia e serve de modelo para a regi\u00e3o do Munim. O tema desse ano foi &#8220;Avalia\u00e7\u00e3o: uma ferramenta para o fortalecimento da doc\u00eancia&#8221;. Ao longo de quatro dias, grandes nomes da educa\u00e7\u00e3o brasileira passaram pelo Gin\u00e1sio Poliesportivo &#8220;Babau&#8221; trazendo qualifica\u00e7\u00e3o aos professores da rede municipal.<\/p>\n\n\n\n<p>A cerim\u00f4nia de abertura na segunda-feira (25), contou com a presen\u00e7a de diversas autoridades, entre elas o reitor do Instituto Educa\u00e7\u00e3o, Ci\u00eancia e Tecnologia do Maranh\u00e3o &#8211; IEMA, Prof\u00b0 Me. Jhonatan Almada, a Coordenadora do Programa Ensinar da UEMA, Professora Dr. Regina C\u00e9lia, o palestrante Prof\u00b0 Dr. Casemiro Campos, o Tenente do Col\u00e9gio Militar de Santa Rita, Cl\u00e1udio, o Coordenador Geral Pedag\u00f3gico de Santa Rita, Prof\u00b0 Wagner Baldez e o Secret\u00e1rio Municipal de Educa\u00e7\u00e3o, Prof\u00b0 Paullo M\u00e1rcio.<\/p>\n\n\n\n<figure class=\"wp-block-image\"><img decoding=\"async\" src=\"https:\/\/www.blogsoestado.com\/danielmatos\/files\/2019\/02\/santa-rita-assume2-1024x386.jpeg\" alt=\"\" class=\"wp-image-60798\"\/><figcaption>Ao longo de quatro dias, grandes nomes da educa\u00e7\u00e3o brasileira passaram pelo Gin\u00e1sio Poliesportivo &#8220;Babau&#8221; trazendo qualifica\u00e7\u00e3o aos professores da rede municipal <\/figcaption><\/figure>\n\n\n\n<p>Ao longo dos \u00faltimos, os palestrantes \u00c9liton Rufino, Casemiro Campos, Sharlene Serra e Eduardo Shyniashiki abordaram temas de extrema relev\u00e2ncia para os professores.<\/p>\n\n\n\n<p>Centenas de professores de toda a regi\u00e3o e principalmente de Santa Rira, participaram em busca de mais conhecimentos, para que possam compartilhar um pouco de seus aprendizados na sala de aula com seus alunos.<\/p>\n\n\n\n<div class=\"wp-block-image\"><figure class=\"alignright\"><img decoding=\"async\" src=\"https:\/\/www.blogsoestado.com\/danielmatos\/files\/2019\/02\/santa-rita-assume3.jpeg\" alt=\"\" class=\"wp-image-60799\"\/><figcaption>Evento registrou alta frequ\u00eancia de p\u00fablico desde o primeiro dia<\/figcaption><\/figure><\/div>\n\n\n\n<p>O secret\u00e1rio municipal de educa\u00e7\u00e3o, Prof\u00b0 Paullo M\u00e1rcio, agradeceu \u00e0 presen\u00e7a de todos e falou o quanto \u00e9 importante que o munic\u00edpio de Santa Rita, realize mais uma vez a Jornada Pedag\u00f3gica, mantendo foco na forma\u00e7\u00e3o continuada de professores.<\/p>\n\n\n\n<p>O secret\u00e1rio tamb\u00e9m aproveitou para agradecer de p\u00fablico, o prefeito Hilton Gon\u00e7alo, que vem sempre apoiando os projetos da Educa\u00e7\u00e3o, demonstrando sempre resultados positivos e que o foco \u00e9 investir mais e mais, tendo a educa\u00e7\u00e3o como uma das prioridades do governo.<\/p>\n","protected":false},"excerpt":{"rendered":"<p>A Prefeitura de Santa Rita, atrav\u00e9s da Secretaria Municipal de Educa\u00e7\u00e3o, realizou de 25 a 28, a Jornada Pedag\u00f3gica 2019, [&hellip;]<\/p>\n","protected":false},"author":0,"featured_media":0,"comment_status":"open","ping_status":"open","sticky":false,"template":"","format":"standard","meta":{"site-sidebar-layout":"default","site-content-layout":"","ast-site-content-layout":"default","site-content-style":"default","site-sidebar-style":"default","ast-global-header-display":"","ast-banner-title-visibility":"","ast-main-header-display":"","ast-hfb-above-header-display":"","ast-hfb-below-header-display":"","ast-hfb-mobile-header-display":"","site-post-title":"","ast-breadcrumbs-content":"","ast-featured-img":"","footer-sml-layout":"","ast-disable-related-posts":"","theme-transparent-header-meta":"","adv-header-id-meta":"","stick-header-meta":"","header-above-stick-meta":"","header-main-stick-meta":"","header-below-stick-meta":"","astra-migrate-meta-layouts":"default","ast-page-background-enabled":"default","ast-page-background-meta":{"desktop":{"background-color":"var(--ast-global-color-5)","background-image":"","background-repeat":"repeat","background-position":"center center","background-size":"auto","background-attachment":"scroll","background-type":"","background-media":"","overlay-type":"","overlay-color":"","overlay-opacity":"","overlay-gradient":""},"tablet":{"background-color":"","background-image":"","background-repeat":"repeat","background-position":"center center","background-size":"auto","background-attachment":"scroll","background-type":"","background-media":"","overlay-type":"","overlay-color":"","overlay-opacity":"","overlay-gradient":""},"mobile":{"background-color":"","background-image":"","background-repeat":"repeat","background-position":"center center","background-size":"auto","background-attachment":"scroll","background-type":"","background-media":"","overlay-type":"","overlay-color":"","overlay-opacity":"","overlay-gradient":""}},"ast-content-background-meta":{"desktop":{"background-color":"var(--ast-global-color-4)","background-image":"","background-repeat":"repeat","background-position":"center center","background-size":"auto","background-attachment":"scroll","background-type":"","background-media":"","overlay-type":"","overlay-color":"","overlay-opacity":"","overlay-gradient":""},"tablet":{"background-color":"var(--ast-global-color-4)","background-image":"","background-repeat":"repeat","background-position":"center center","background-size":"auto","background-attachment":"scroll","background-type":"","background-media":"","overlay-type":"","overlay-color":"","overlay-opacity":"","overlay-gradient":""},"mobile":{"background-color":"var(--ast-global-color-4)","background-image":"","background-repeat":"repeat","background-position":"center center","background-size":"auto","background-attachment":"scroll","background-type":"","background-media":"","overlay-type":"","overlay-color":"","overlay-opacity":"","overlay-gradient":""}},"footnotes":""},"categories":[1],"tags":[],"class_list":["post-60796","post","type-post","status-publish","format-standard","hentry","category-sem-categoria"],"yoast_head":"<!-- This site is optimized with the Yoast SEO plugin v26.6 - https:\/\/yoast.com\/wordpress\/plugins\/seo\/ -->\n<title>Prefeitura de Santa Rita desenvolve Jornada Pedag\u00f3gica com grandes nomes da educa\u00e7\u00e3o brasileira - Daniel Matos<\/title>\n<meta name=\"robots\" content=\"index, follow, max-snippet:-1, max-image-preview:large, max-video-preview:-1\" \/>\n<link rel=\"canonical\" href=\"https:\/\/www.blogsoestado.com\/danielmatos\/prefeitura-de-santa-rita-desenvolve-jornada-pedagogica-com-grandes-nomes-da-educacao-brasileira\/\" \/>\n<meta property=\"og:locale\" content=\"pt_BR\" \/>\n<meta property=\"og:type\" content=\"article\" \/>\n<meta property=\"og:title\" content=\"Prefeitura de Santa Rita desenvolve Jornada Pedag\u00f3gica com grandes nomes da educa\u00e7\u00e3o brasileira - Daniel Matos\" \/>\n<meta property=\"og:description\" content=\"A Prefeitura de Santa Rita, atrav\u00e9s da Secretaria Municipal de Educa\u00e7\u00e3o, realizou de 25 a 28, a Jornada Pedag\u00f3gica 2019, [&hellip;]\" \/>\n<meta property=\"og:url\" content=\"https:\/\/www.blogsoestado.com\/danielmatos\/prefeitura-de-santa-rita-desenvolve-jornada-pedagogica-com-grandes-nomes-da-educacao-brasileira\/\" \/>\n<meta property=\"og:site_name\" content=\"Daniel Matos\" \/>\n<meta property=\"article:published_time\" content=\"2019-02-28T17:45:32+00:00\" \/>\n<meta property=\"og:image\" content=\"https:\/\/www.blogsoestado.com\/danielmatos\/files\/2019\/02\/santa-rita-assume-1024x498.jpg\" \/>\n<meta name=\"twitter:card\" content=\"summary_large_image\" \/>\n<meta name=\"twitter:label1\" content=\"Est. tempo de leitura\" \/>\n\t<meta name=\"twitter:data1\" content=\"2 minutos\" \/>\n<script type=\"application\/ld+json\" class=\"yoast-schema-graph\">{\"@context\":\"https:\/\/schema.org\",\"@graph\":[{\"@type\":\"WebPage\",\"@id\":\"https:\/\/www.blogsoestado.com\/danielmatos\/prefeitura-de-santa-rita-desenvolve-jornada-pedagogica-com-grandes-nomes-da-educacao-brasileira\/\",\"url\":\"https:\/\/www.blogsoestado.com\/danielmatos\/prefeitura-de-santa-rita-desenvolve-jornada-pedagogica-com-grandes-nomes-da-educacao-brasileira\/\",\"name\":\"Prefeitura de Santa Rita desenvolve Jornada Pedag\u00f3gica com grandes nomes da educa\u00e7\u00e3o brasileira - Daniel Matos\",\"isPartOf\":{\"@id\":\"https:\/\/www.blogsoestado.com\/danielmatos\/#website\"},\"primaryImageOfPage\":{\"@id\":\"https:\/\/www.blogsoestado.com\/danielmatos\/prefeitura-de-santa-rita-desenvolve-jornada-pedagogica-com-grandes-nomes-da-educacao-brasileira\/#primaryimage\"},\"image\":{\"@id\":\"https:\/\/www.blogsoestado.com\/danielmatos\/prefeitura-de-santa-rita-desenvolve-jornada-pedagogica-com-grandes-nomes-da-educacao-brasileira\/#primaryimage\"},\"thumbnailUrl\":\"https:\/\/www.blogsoestado.com\/danielmatos\/files\/2019\/02\/santa-rita-assume-1024x498.jpg\",\"datePublished\":\"2019-02-28T17:45:32+00:00\",\"author\":{\"@id\":\"\"},\"breadcrumb\":{\"@id\":\"https:\/\/www.blogsoestado.com\/danielmatos\/prefeitura-de-santa-rita-desenvolve-jornada-pedagogica-com-grandes-nomes-da-educacao-brasileira\/#breadcrumb\"},\"inLanguage\":\"pt-BR\",\"potentialAction\":[{\"@type\":\"ReadAction\",\"target\":[\"https:\/\/www.blogsoestado.com\/danielmatos\/prefeitura-de-santa-rita-desenvolve-jornada-pedagogica-com-grandes-nomes-da-educacao-brasileira\/\"]}]},{\"@type\":\"ImageObject\",\"inLanguage\":\"pt-BR\",\"@id\":\"https:\/\/www.blogsoestado.com\/danielmatos\/prefeitura-de-santa-rita-desenvolve-jornada-pedagogica-com-grandes-nomes-da-educacao-brasileira\/#primaryimage\",\"url\":\"https:\/\/www.blogsoestado.com\/danielmatos\/files\/2019\/02\/santa-rita-assume-1024x498.jpg\",\"contentUrl\":\"https:\/\/www.blogsoestado.com\/danielmatos\/files\/2019\/02\/santa-rita-assume-1024x498.jpg\"},{\"@type\":\"BreadcrumbList\",\"@id\":\"https:\/\/www.blogsoestado.com\/danielmatos\/prefeitura-de-santa-rita-desenvolve-jornada-pedagogica-com-grandes-nomes-da-educacao-brasileira\/#breadcrumb\",\"itemListElement\":[{\"@type\":\"ListItem\",\"position\":1,\"name\":\"In\u00edcio\",\"item\":\"https:\/\/www.blogsoestado.com\/danielmatos\/\"},{\"@type\":\"ListItem\",\"position\":2,\"name\":\"Prefeitura de Santa Rita desenvolve Jornada Pedag\u00f3gica com grandes nomes da educa\u00e7\u00e3o brasileira\"}]},{\"@type\":\"WebSite\",\"@id\":\"https:\/\/www.blogsoestado.com\/danielmatos\/#website\",\"url\":\"https:\/\/www.blogsoestado.com\/danielmatos\/\",\"name\":\"Daniel Matos\",\"description\":\"\",\"potentialAction\":[{\"@type\":\"SearchAction\",\"target\":{\"@type\":\"EntryPoint\",\"urlTemplate\":\"https:\/\/www.blogsoestado.com\/danielmatos\/?s={search_term_string}\"},\"query-input\":{\"@type\":\"PropertyValueSpecification\",\"valueRequired\":true,\"valueName\":\"search_term_string\"}}],\"inLanguage\":\"pt-BR\"}]}<\/script>\n<!-- \/ Yoast SEO plugin. -->","yoast_head_json":{"title":"Prefeitura de Santa Rita desenvolve Jornada Pedag\u00f3gica com grandes nomes da educa\u00e7\u00e3o brasileira - Daniel Matos","robots":{"index":"index","follow":"follow","max-snippet":"max-snippet:-1","max-image-preview":"max-image-preview:large","max-video-preview":"max-video-preview:-1"},"canonical":"https:\/\/www.blogsoestado.com\/danielmatos\/prefeitura-de-santa-rita-desenvolve-jornada-pedagogica-com-grandes-nomes-da-educacao-brasileira\/","og_locale":"pt_BR","og_type":"article","og_title":"Prefeitura de Santa Rita desenvolve Jornada Pedag\u00f3gica com grandes nomes da educa\u00e7\u00e3o brasileira - Daniel Matos","og_description":"A Prefeitura de Santa Rita, atrav\u00e9s da Secretaria Municipal de Educa\u00e7\u00e3o, realizou de 25 a 28, a Jornada Pedag\u00f3gica 2019, [&hellip;]","og_url":"https:\/\/www.blogsoestado.com\/danielmatos\/prefeitura-de-santa-rita-desenvolve-jornada-pedagogica-com-grandes-nomes-da-educacao-brasileira\/","og_site_name":"Daniel Matos","article_published_time":"2019-02-28T17:45:32+00:00","og_image":[{"url":"https:\/\/www.blogsoestado.com\/danielmatos\/files\/2019\/02\/santa-rita-assume-1024x498.jpg","type":"","width":"","height":""}],"twitter_card":"summary_large_image","twitter_misc":{"Est. tempo de leitura":"2 minutos"},"schema":{"@context":"https:\/\/schema.org","@graph":[{"@type":"WebPage","@id":"https:\/\/www.blogsoestado.com\/danielmatos\/prefeitura-de-santa-rita-desenvolve-jornada-pedagogica-com-grandes-nomes-da-educacao-brasileira\/","url":"https:\/\/www.blogsoestado.com\/danielmatos\/prefeitura-de-santa-rita-desenvolve-jornada-pedagogica-com-grandes-nomes-da-educacao-brasileira\/","name":"Prefeitura de Santa Rita desenvolve Jornada Pedag\u00f3gica com grandes nomes da educa\u00e7\u00e3o brasileira - Daniel Matos","isPartOf":{"@id":"https:\/\/www.blogsoestado.com\/danielmatos\/#website"},"primaryImageOfPage":{"@id":"https:\/\/www.blogsoestado.com\/danielmatos\/prefeitura-de-santa-rita-desenvolve-jornada-pedagogica-com-grandes-nomes-da-educacao-brasileira\/#primaryimage"},"image":{"@id":"https:\/\/www.blogsoestado.com\/danielmatos\/prefeitura-de-santa-rita-desenvolve-jornada-pedagogica-com-grandes-nomes-da-educacao-brasileira\/#primaryimage"},"thumbnailUrl":"https:\/\/www.blogsoestado.com\/danielmatos\/files\/2019\/02\/santa-rita-assume-1024x498.jpg","datePublished":"2019-02-28T17:45:32+00:00","author":{"@id":""},"breadcrumb":{"@id":"https:\/\/www.blogsoestado.com\/danielmatos\/prefeitura-de-santa-rita-desenvolve-jornada-pedagogica-com-grandes-nomes-da-educacao-brasileira\/#breadcrumb"},"inLanguage":"pt-BR","potentialAction":[{"@type":"ReadAction","target":["https:\/\/www.blogsoestado.com\/danielmatos\/prefeitura-de-santa-rita-desenvolve-jornada-pedagogica-com-grandes-nomes-da-educacao-brasileira\/"]}]},{"@type":"ImageObject","inLanguage":"pt-BR","@id":"https:\/\/www.blogsoestado.com\/danielmatos\/prefeitura-de-santa-rita-desenvolve-jornada-pedagogica-com-grandes-nomes-da-educacao-brasileira\/#primaryimage","url":"https:\/\/www.blogsoestado.com\/danielmatos\/files\/2019\/02\/santa-rita-assume-1024x498.jpg","contentUrl":"https:\/\/www.blogsoestado.com\/danielmatos\/files\/2019\/02\/santa-rita-assume-1024x498.jpg"},{"@type":"BreadcrumbList","@id":"https:\/\/www.blogsoestado.com\/danielmatos\/prefeitura-de-santa-rita-desenvolve-jornada-pedagogica-com-grandes-nomes-da-educacao-brasileira\/#breadcrumb","itemListElement":[{"@type":"ListItem","position":1,"name":"In\u00edcio","item":"https:\/\/www.blogsoestado.com\/danielmatos\/"},{"@type":"ListItem","position":2,"name":"Prefeitura de Santa Rita desenvolve Jornada Pedag\u00f3gica com grandes nomes da educa\u00e7\u00e3o brasileira"}]},{"@type":"WebSite","@id":"https:\/\/www.blogsoestado.com\/danielmatos\/#website","url":"https:\/\/www.blogsoestado.com\/danielmatos\/","name":"Daniel Matos","description":"","potentialAction":[{"@type":"SearchAction","target":{"@type":"EntryPoint","urlTemplate":"https:\/\/www.blogsoestado.com\/danielmatos\/?s={search_term_string}"},"query-input":{"@type":"PropertyValueSpecification","valueRequired":true,"valueName":"search_term_string"}}],"inLanguage":"pt-BR"}]}},"jetpack_featured_media_url":"","_links":{"self":[{"href":"https:\/\/www.blogsoestado.com\/danielmatos\/wp-json\/wp\/v2\/posts\/60796","targetHints":{"allow":["GET"]}}],"collection":[{"href":"https:\/\/www.blogsoestado.com\/danielmatos\/wp-json\/wp\/v2\/posts"}],"about":[{"href":"https:\/\/www.blogsoestado.com\/danielmatos\/wp-json\/wp\/v2\/types\/post"}],"replies":[{"embeddable":true,"href":"https:\/\/www.blogsoestado.com\/danielmatos\/wp-json\/wp\/v2\/comments?post=60796"}],"version-history":[{"count":0,"href":"https:\/\/www.blogsoestado.com\/danielmatos\/wp-json\/wp\/v2\/posts\/60796\/revisions"}],"wp:attachment":[{"href":"https:\/\/www.blogsoestado.com\/danielmatos\/wp-json\/wp\/v2\/media?parent=60796"}],"wp:term":[{"taxonomy":"category","embeddable":true,"href":"https:\/\/www.blogsoestado.com\/danielmatos\/wp-json\/wp\/v2\/categories?post=60796"},{"taxonomy":"post_tag","embeddable":true,"href":"https:\/\/www.blogsoestado.com\/danielmatos\/wp-json\/wp\/v2\/tags?post=60796"}],"curies":[{"name":"wp","href":"https:\/\/api.w.org\/{rel}","templated":true}]}}