{"id":60802,"date":"2019-02-28T15:38:27","date_gmt":"2019-02-28T18:38:27","guid":{"rendered":"https:\/\/www.blogsoestado.com\/danielmatos\/?p=60802"},"modified":"2019-02-28T15:38:27","modified_gmt":"2019-02-28T18:38:27","slug":"voces-nao-estao-mais-sozinhos-diz-deputado-wellington-ao-defender-acesso-a-saude-para-pessoas-com-doencas-geneticas-e-raras","status":"publish","type":"post","link":"https:\/\/www.blogsoestado.com\/danielmatos\/voces-nao-estao-mais-sozinhos-diz-deputado-wellington-ao-defender-acesso-a-saude-para-pessoas-com-doencas-geneticas-e-raras\/","title":{"rendered":"\u201cVoc\u00eas n\u00e3o est\u00e3o mais sozinhos\u201d, diz deputado Wellington ao defender acesso \u00e0 sa\u00fade  para pessoas com doen\u00e7as gen\u00e9ticas e raras"},"content":{"rendered":"\n<div class=\"wp-block-image\"><figure class=\"aligncenter\"><img decoding=\"async\" src=\"https:\/\/www.blogsoestado.com\/danielmatos\/files\/2019\/02\/w-raras2-1024x650.jpg\" alt=\"\" class=\"wp-image-60803\"\/><figcaption> <br>Ap\u00f3s ouvir as solicita\u00e7\u00f5es, o deputado Wellington elencou todos os encaminhamentos e se comprometeu a dar prosseguimento \u00e0s a\u00e7\u00f5es para garantir a efetiva\u00e7\u00e3o de pol\u00edticas p\u00fablicas <\/figcaption><\/figure><\/div>\n\n\n\n<p>O deputado Wellington do Curso presidiu a mesa na Audi\u00eancia P\u00fablica sobre Doen\u00e7as Gen\u00e9ticas e Raras, no audit\u00f3rio Plenarinho, com mais sete horas de dura\u00e7\u00e3o e transmiss\u00e3o ao vivo pela TV Assembleia, nesta quarta (27).<\/p>\n\n\n\n<p>Com o lema \u201cRaros sim! Invis\u00edveis n\u00e3o!\u201d, pais e m\u00e3es de crian\u00e7as e outras pessoas com doen\u00e7as gen\u00e9ticas e raras estiveram presentes em importante audi\u00eancia p\u00fablica. Estiveram presentes tamb\u00e9m a secret\u00e1ria adjunta de sa\u00fade do Estado do Maranh\u00e3o, L\u00eddia Schramm;  a coordenadora do Centro Integrado de Apoio \u00e0 Pessoa com Defici\u00eancia da Defensoria P\u00fablica do Maranh\u00e3o, L\u00edvia Carvalho;  o presidente da Associa\u00e7\u00e3o Maranhense de Doen\u00e7as Gen\u00e9ticas e Raras, Paulo Ricarte; o diretor do N\u00facleo de Rela\u00e7\u00f5es Internacionais da UFMA, Leonardo Teixeira; o vice-presidente da Funda\u00e7\u00e3o Ant\u00f4nio Dino, Ant\u00f4nio Dino Tavares.<\/p>\n\n\n\n<p>Na ocasi\u00e3o, as m\u00e3es e pais expuseram solicita\u00e7\u00f5es de pol\u00edticas p\u00fablicas que possam ser efetivadas para garantir o acesso \u00e0 sa\u00fade, entre elas a cria\u00e7\u00e3o do Centro de Refer\u00eancia para Tratamento de Pessoas com Doen\u00e7as Gen\u00e9ticas e Raras.<\/p>\n\n\n\n<p>\u201cNossos filhos precisam de atendimento. S\u00e3o raros, possuem doen\u00e7as raras, mas eles n\u00e3o s\u00e3o invis\u00edveis e possuem uma import\u00e2ncia imensur\u00e1vel para n\u00f3s. Precisamos que o Estado garanta um Centro de Refer\u00eancia. Estamos cansados de ter dificuldade para diagnosticar at\u00e9 mesmo o que nossos filhos possuem. \u00c9 a sa\u00fade deles. \u00c9 a nossa vida\u201d, desabafou uma das m\u00e3es.<\/p>\n\n\n\n<p>Entre debates e discuss\u00f5es, a m\u00e9dica geneticista, Dra. Maria Juliana exp\u00f4s alguns pontos, entre eles a necessidade de o Estado aumentar a demanda de m\u00e9dicos para garantir o atendimento \u00e0 popula\u00e7\u00e3o que necessita.<\/p>\n\n\n\n<p>\u201cAo contr\u00e1rio do discurso vago de que n\u00e3o h\u00e1 recursos para garantir o tratamento das pessoas com doen\u00e7as gen\u00e9ticas e raras, \u00e9 preciso entender que h\u00e1 recursos sim. Se h\u00e1 recursos para desviar, h\u00e1 tamb\u00e9m para aplicar. Aqui no Maranh\u00e3o, apenas eu, como geneticista, atendo essas pessoas. Essa realidade tem que mudar. A sa\u00fade das pessoas tem que ser prioridade\u201d, disse a m\u00e9dica, que j\u00e1 \u00e9 geneticista h\u00e1 10 anos.<\/p>\n\n\n\n<p>Ap\u00f3s ouvir as solicita\u00e7\u00f5es, o deputado Wellington elencou todos os encaminhamentos e se comprometeu a dar prosseguimento \u00e0s a\u00e7\u00f5es para garantir a efetiva\u00e7\u00e3o de pol\u00edticas p\u00fablicas.<\/p>\n\n\n\n<figure class=\"wp-block-image\"><img decoding=\"async\" src=\"https:\/\/www.blogsoestado.com\/danielmatos\/files\/2019\/02\/w-raras-1024x768.jpg\" alt=\"\" class=\"wp-image-60804\"\/><figcaption>Pais, m\u00e3es e representantes de entidades de defesa dos direitos de portadores de doen\u00e7as gen\u00e9ticas raras compareceram \u00e0 audi\u00eancia p\u00fablica<\/figcaption><\/figure>\n\n\n\n<p>\u201cVoc\u00eas n\u00e3o est\u00e3o mais sozinhos. Eu agrade\u00e7o a confian\u00e7a depositada em nosso trabalho. Elenquei todos os encaminhamentos e estaremos na luta para efetiva-los como pol\u00edticas p\u00fablicas. \u00c9 inadmiss\u00edvel que, no Maranh\u00e3o, para ter acesso \u00e0 sa\u00fade as m\u00e3es tenham que judicializar. Tanto Fl\u00e1vio Dino quanto os prefeitos precisam entender que com a sa\u00fade das pessoas n\u00e3o se brinca e a n\u00f3s cabe a luta para transformar direitos em realidade. Contem comigo!\u201d, afirmou o deputado Wellington.<\/p>\n\n\n\n<p>Al\u00e9m de Wellington do Curso, estiveram presentes os deputados estaduais Rafael Leitoa (PDT); Dr. Leonardo S\u00e1 (PR); Dra. Helena Duailibe (Solidariedade); Dr. Ygl\u00e9sio (PDT); Rildo Amaral (Solidariedade); Fernando Pessoa e Daniella Tema (DEM).<\/p>\n\n\n\n<p>Ap\u00f3s mais de sete horas de audi\u00eancia, v\u00e1rios encaminhamentos foram elencados, entre eles est\u00e3o a cria\u00e7\u00e3o de um Centro de Refer\u00eancia para Tratamento de Pessoas com Doen\u00e7as Gen\u00e9ticas e Raras; a amplia\u00e7\u00e3o do fornecimento de exames para diagn\u00f3sticos na Rede P\u00fablica Hospitalar, al\u00e9m de disponibiliza\u00e7\u00e3o de ortopedistas e fisioterapeutas, e visita de inspe\u00e7\u00e3o ao HEMOMAR.<\/p>\n","protected":false},"excerpt":{"rendered":"<p>O deputado Wellington do Curso presidiu a mesa na Audi\u00eancia P\u00fablica sobre Doen\u00e7as Gen\u00e9ticas e Raras, no audit\u00f3rio Plenarinho, com [&hellip;]<\/p>\n","protected":false},"author":0,"featured_media":0,"comment_status":"open","ping_status":"open","sticky":false,"template":"","format":"standard","meta":{"site-sidebar-layout":"default","site-content-layout":"","ast-site-content-layout":"default","site-content-style":"default","site-sidebar-style":"default","ast-global-header-display":"","ast-banner-title-visibility":"","ast-main-header-display":"","ast-hfb-above-header-display":"","ast-hfb-below-header-display":"","ast-hfb-mobile-header-display":"","site-post-title":"","ast-breadcrumbs-content":"","ast-featured-img":"","footer-sml-layout":"","ast-disable-related-posts":"","theme-transparent-header-meta":"","adv-header-id-meta":"","stick-header-meta":"","header-above-stick-meta":"","header-main-stick-meta":"","header-below-stick-meta":"","astra-migrate-meta-layouts":"default","ast-page-background-enabled":"default","ast-page-background-meta":{"desktop":{"background-color":"var(--ast-global-color-5)","background-image":"","background-repeat":"repeat","background-position":"center center","background-size":"auto","background-attachment":"scroll","background-type":"","background-media":"","overlay-type":"","overlay-color":"","overlay-opacity":"","overlay-gradient":""},"tablet":{"background-color":"","background-image":"","background-repeat":"repeat","background-position":"center center","background-size":"auto","background-attachment":"scroll","background-type":"","background-media":"","overlay-type":"","overlay-color":"","overlay-opacity":"","overlay-gradient":""},"mobile":{"background-color":"","background-image":"","background-repeat":"repeat","background-position":"center center","background-size":"auto","background-attachment":"scroll","background-type":"","background-media":"","overlay-type":"","overlay-color":"","overlay-opacity":"","overlay-gradient":""}},"ast-content-background-meta":{"desktop":{"background-color":"var(--ast-global-color-4)","background-image":"","background-repeat":"repeat","background-position":"center center","background-size":"auto","background-attachment":"scroll","background-type":"","background-media":"","overlay-type":"","overlay-color":"","overlay-opacity":"","overlay-gradient":""},"tablet":{"background-color":"var(--ast-global-color-4)","background-image":"","background-repeat":"repeat","background-position":"center center","background-size":"auto","background-attachment":"scroll","background-type":"","background-media":"","overlay-type":"","overlay-color":"","overlay-opacity":"","overlay-gradient":""},"mobile":{"background-color":"var(--ast-global-color-4)","background-image":"","background-repeat":"repeat","background-position":"center center","background-size":"auto","background-attachment":"scroll","background-type":"","background-media":"","overlay-type":"","overlay-color":"","overlay-opacity":"","overlay-gradient":""}},"footnotes":""},"categories":[1],"tags":[],"class_list":["post-60802","post","type-post","status-publish","format-standard","hentry","category-sem-categoria"],"yoast_head":"<!-- This site is optimized with the Yoast SEO plugin v26.6 - https:\/\/yoast.com\/wordpress\/plugins\/seo\/ -->\n<title>\u201cVoc\u00eas n\u00e3o est\u00e3o mais sozinhos\u201d, diz deputado Wellington ao defender acesso \u00e0 sa\u00fade para pessoas com doen\u00e7as gen\u00e9ticas e raras - Daniel Matos<\/title>\n<meta name=\"robots\" content=\"index, follow, max-snippet:-1, max-image-preview:large, max-video-preview:-1\" \/>\n<link rel=\"canonical\" href=\"https:\/\/www.blogsoestado.com\/danielmatos\/voces-nao-estao-mais-sozinhos-diz-deputado-wellington-ao-defender-acesso-a-saude-para-pessoas-com-doencas-geneticas-e-raras\/\" \/>\n<meta property=\"og:locale\" content=\"pt_BR\" \/>\n<meta property=\"og:type\" content=\"article\" \/>\n<meta property=\"og:title\" content=\"\u201cVoc\u00eas n\u00e3o est\u00e3o mais sozinhos\u201d, diz deputado Wellington ao defender acesso \u00e0 sa\u00fade para pessoas com doen\u00e7as gen\u00e9ticas e raras - Daniel Matos\" \/>\n<meta property=\"og:description\" content=\"O deputado Wellington do Curso presidiu a mesa na Audi\u00eancia P\u00fablica sobre Doen\u00e7as Gen\u00e9ticas e Raras, no audit\u00f3rio Plenarinho, com [&hellip;]\" \/>\n<meta property=\"og:url\" content=\"https:\/\/www.blogsoestado.com\/danielmatos\/voces-nao-estao-mais-sozinhos-diz-deputado-wellington-ao-defender-acesso-a-saude-para-pessoas-com-doencas-geneticas-e-raras\/\" \/>\n<meta property=\"og:site_name\" content=\"Daniel Matos\" \/>\n<meta property=\"article:published_time\" content=\"2019-02-28T18:38:27+00:00\" \/>\n<meta property=\"og:image\" content=\"https:\/\/www.blogsoestado.com\/danielmatos\/files\/2019\/02\/w-raras2-1024x650.jpg\" \/>\n<meta name=\"twitter:card\" content=\"summary_large_image\" \/>\n<meta name=\"twitter:label1\" content=\"Est. tempo de leitura\" \/>\n\t<meta name=\"twitter:data1\" content=\"3 minutos\" \/>\n<script type=\"application\/ld+json\" class=\"yoast-schema-graph\">{\"@context\":\"https:\/\/schema.org\",\"@graph\":[{\"@type\":\"WebPage\",\"@id\":\"https:\/\/www.blogsoestado.com\/danielmatos\/voces-nao-estao-mais-sozinhos-diz-deputado-wellington-ao-defender-acesso-a-saude-para-pessoas-com-doencas-geneticas-e-raras\/\",\"url\":\"https:\/\/www.blogsoestado.com\/danielmatos\/voces-nao-estao-mais-sozinhos-diz-deputado-wellington-ao-defender-acesso-a-saude-para-pessoas-com-doencas-geneticas-e-raras\/\",\"name\":\"\u201cVoc\u00eas n\u00e3o est\u00e3o mais sozinhos\u201d, diz deputado Wellington ao defender acesso \u00e0 sa\u00fade para pessoas com doen\u00e7as gen\u00e9ticas e raras - Daniel Matos\",\"isPartOf\":{\"@id\":\"https:\/\/www.blogsoestado.com\/danielmatos\/#website\"},\"primaryImageOfPage\":{\"@id\":\"https:\/\/www.blogsoestado.com\/danielmatos\/voces-nao-estao-mais-sozinhos-diz-deputado-wellington-ao-defender-acesso-a-saude-para-pessoas-com-doencas-geneticas-e-raras\/#primaryimage\"},\"image\":{\"@id\":\"https:\/\/www.blogsoestado.com\/danielmatos\/voces-nao-estao-mais-sozinhos-diz-deputado-wellington-ao-defender-acesso-a-saude-para-pessoas-com-doencas-geneticas-e-raras\/#primaryimage\"},\"thumbnailUrl\":\"https:\/\/www.blogsoestado.com\/danielmatos\/files\/2019\/02\/w-raras2-1024x650.jpg\",\"datePublished\":\"2019-02-28T18:38:27+00:00\",\"author\":{\"@id\":\"\"},\"breadcrumb\":{\"@id\":\"https:\/\/www.blogsoestado.com\/danielmatos\/voces-nao-estao-mais-sozinhos-diz-deputado-wellington-ao-defender-acesso-a-saude-para-pessoas-com-doencas-geneticas-e-raras\/#breadcrumb\"},\"inLanguage\":\"pt-BR\",\"potentialAction\":[{\"@type\":\"ReadAction\",\"target\":[\"https:\/\/www.blogsoestado.com\/danielmatos\/voces-nao-estao-mais-sozinhos-diz-deputado-wellington-ao-defender-acesso-a-saude-para-pessoas-com-doencas-geneticas-e-raras\/\"]}]},{\"@type\":\"ImageObject\",\"inLanguage\":\"pt-BR\",\"@id\":\"https:\/\/www.blogsoestado.com\/danielmatos\/voces-nao-estao-mais-sozinhos-diz-deputado-wellington-ao-defender-acesso-a-saude-para-pessoas-com-doencas-geneticas-e-raras\/#primaryimage\",\"url\":\"https:\/\/www.blogsoestado.com\/danielmatos\/files\/2019\/02\/w-raras2-1024x650.jpg\",\"contentUrl\":\"https:\/\/www.blogsoestado.com\/danielmatos\/files\/2019\/02\/w-raras2-1024x650.jpg\"},{\"@type\":\"BreadcrumbList\",\"@id\":\"https:\/\/www.blogsoestado.com\/danielmatos\/voces-nao-estao-mais-sozinhos-diz-deputado-wellington-ao-defender-acesso-a-saude-para-pessoas-com-doencas-geneticas-e-raras\/#breadcrumb\",\"itemListElement\":[{\"@type\":\"ListItem\",\"position\":1,\"name\":\"In\u00edcio\",\"item\":\"https:\/\/www.blogsoestado.com\/danielmatos\/\"},{\"@type\":\"ListItem\",\"position\":2,\"name\":\"\u201cVoc\u00eas n\u00e3o est\u00e3o mais sozinhos\u201d, diz deputado Wellington ao defender acesso \u00e0 sa\u00fade para pessoas com doen\u00e7as gen\u00e9ticas e raras\"}]},{\"@type\":\"WebSite\",\"@id\":\"https:\/\/www.blogsoestado.com\/danielmatos\/#website\",\"url\":\"https:\/\/www.blogsoestado.com\/danielmatos\/\",\"name\":\"Daniel Matos\",\"description\":\"\",\"potentialAction\":[{\"@type\":\"SearchAction\",\"target\":{\"@type\":\"EntryPoint\",\"urlTemplate\":\"https:\/\/www.blogsoestado.com\/danielmatos\/?s={search_term_string}\"},\"query-input\":{\"@type\":\"PropertyValueSpecification\",\"valueRequired\":true,\"valueName\":\"search_term_string\"}}],\"inLanguage\":\"pt-BR\"}]}<\/script>\n<!-- \/ Yoast SEO plugin. -->","yoast_head_json":{"title":"\u201cVoc\u00eas n\u00e3o est\u00e3o mais sozinhos\u201d, diz deputado Wellington ao defender acesso \u00e0 sa\u00fade para pessoas com doen\u00e7as gen\u00e9ticas e raras - Daniel Matos","robots":{"index":"index","follow":"follow","max-snippet":"max-snippet:-1","max-image-preview":"max-image-preview:large","max-video-preview":"max-video-preview:-1"},"canonical":"https:\/\/www.blogsoestado.com\/danielmatos\/voces-nao-estao-mais-sozinhos-diz-deputado-wellington-ao-defender-acesso-a-saude-para-pessoas-com-doencas-geneticas-e-raras\/","og_locale":"pt_BR","og_type":"article","og_title":"\u201cVoc\u00eas n\u00e3o est\u00e3o mais sozinhos\u201d, diz deputado Wellington ao defender acesso \u00e0 sa\u00fade para pessoas com doen\u00e7as gen\u00e9ticas e raras - Daniel Matos","og_description":"O deputado Wellington do Curso presidiu a mesa na Audi\u00eancia P\u00fablica sobre Doen\u00e7as Gen\u00e9ticas e Raras, no audit\u00f3rio Plenarinho, com [&hellip;]","og_url":"https:\/\/www.blogsoestado.com\/danielmatos\/voces-nao-estao-mais-sozinhos-diz-deputado-wellington-ao-defender-acesso-a-saude-para-pessoas-com-doencas-geneticas-e-raras\/","og_site_name":"Daniel Matos","article_published_time":"2019-02-28T18:38:27+00:00","og_image":[{"url":"https:\/\/www.blogsoestado.com\/danielmatos\/files\/2019\/02\/w-raras2-1024x650.jpg","type":"","width":"","height":""}],"twitter_card":"summary_large_image","twitter_misc":{"Est. tempo de leitura":"3 minutos"},"schema":{"@context":"https:\/\/schema.org","@graph":[{"@type":"WebPage","@id":"https:\/\/www.blogsoestado.com\/danielmatos\/voces-nao-estao-mais-sozinhos-diz-deputado-wellington-ao-defender-acesso-a-saude-para-pessoas-com-doencas-geneticas-e-raras\/","url":"https:\/\/www.blogsoestado.com\/danielmatos\/voces-nao-estao-mais-sozinhos-diz-deputado-wellington-ao-defender-acesso-a-saude-para-pessoas-com-doencas-geneticas-e-raras\/","name":"\u201cVoc\u00eas n\u00e3o est\u00e3o mais sozinhos\u201d, diz deputado Wellington ao defender acesso \u00e0 sa\u00fade para pessoas com doen\u00e7as gen\u00e9ticas e raras - Daniel Matos","isPartOf":{"@id":"https:\/\/www.blogsoestado.com\/danielmatos\/#website"},"primaryImageOfPage":{"@id":"https:\/\/www.blogsoestado.com\/danielmatos\/voces-nao-estao-mais-sozinhos-diz-deputado-wellington-ao-defender-acesso-a-saude-para-pessoas-com-doencas-geneticas-e-raras\/#primaryimage"},"image":{"@id":"https:\/\/www.blogsoestado.com\/danielmatos\/voces-nao-estao-mais-sozinhos-diz-deputado-wellington-ao-defender-acesso-a-saude-para-pessoas-com-doencas-geneticas-e-raras\/#primaryimage"},"thumbnailUrl":"https:\/\/www.blogsoestado.com\/danielmatos\/files\/2019\/02\/w-raras2-1024x650.jpg","datePublished":"2019-02-28T18:38:27+00:00","author":{"@id":""},"breadcrumb":{"@id":"https:\/\/www.blogsoestado.com\/danielmatos\/voces-nao-estao-mais-sozinhos-diz-deputado-wellington-ao-defender-acesso-a-saude-para-pessoas-com-doencas-geneticas-e-raras\/#breadcrumb"},"inLanguage":"pt-BR","potentialAction":[{"@type":"ReadAction","target":["https:\/\/www.blogsoestado.com\/danielmatos\/voces-nao-estao-mais-sozinhos-diz-deputado-wellington-ao-defender-acesso-a-saude-para-pessoas-com-doencas-geneticas-e-raras\/"]}]},{"@type":"ImageObject","inLanguage":"pt-BR","@id":"https:\/\/www.blogsoestado.com\/danielmatos\/voces-nao-estao-mais-sozinhos-diz-deputado-wellington-ao-defender-acesso-a-saude-para-pessoas-com-doencas-geneticas-e-raras\/#primaryimage","url":"https:\/\/www.blogsoestado.com\/danielmatos\/files\/2019\/02\/w-raras2-1024x650.jpg","contentUrl":"https:\/\/www.blogsoestado.com\/danielmatos\/files\/2019\/02\/w-raras2-1024x650.jpg"},{"@type":"BreadcrumbList","@id":"https:\/\/www.blogsoestado.com\/danielmatos\/voces-nao-estao-mais-sozinhos-diz-deputado-wellington-ao-defender-acesso-a-saude-para-pessoas-com-doencas-geneticas-e-raras\/#breadcrumb","itemListElement":[{"@type":"ListItem","position":1,"name":"In\u00edcio","item":"https:\/\/www.blogsoestado.com\/danielmatos\/"},{"@type":"ListItem","position":2,"name":"\u201cVoc\u00eas n\u00e3o est\u00e3o mais sozinhos\u201d, diz deputado Wellington ao defender acesso \u00e0 sa\u00fade para pessoas com doen\u00e7as gen\u00e9ticas e raras"}]},{"@type":"WebSite","@id":"https:\/\/www.blogsoestado.com\/danielmatos\/#website","url":"https:\/\/www.blogsoestado.com\/danielmatos\/","name":"Daniel Matos","description":"","potentialAction":[{"@type":"SearchAction","target":{"@type":"EntryPoint","urlTemplate":"https:\/\/www.blogsoestado.com\/danielmatos\/?s={search_term_string}"},"query-input":{"@type":"PropertyValueSpecification","valueRequired":true,"valueName":"search_term_string"}}],"inLanguage":"pt-BR"}]}},"jetpack_featured_media_url":"","_links":{"self":[{"href":"https:\/\/www.blogsoestado.com\/danielmatos\/wp-json\/wp\/v2\/posts\/60802","targetHints":{"allow":["GET"]}}],"collection":[{"href":"https:\/\/www.blogsoestado.com\/danielmatos\/wp-json\/wp\/v2\/posts"}],"about":[{"href":"https:\/\/www.blogsoestado.com\/danielmatos\/wp-json\/wp\/v2\/types\/post"}],"replies":[{"embeddable":true,"href":"https:\/\/www.blogsoestado.com\/danielmatos\/wp-json\/wp\/v2\/comments?post=60802"}],"version-history":[{"count":0,"href":"https:\/\/www.blogsoestado.com\/danielmatos\/wp-json\/wp\/v2\/posts\/60802\/revisions"}],"wp:attachment":[{"href":"https:\/\/www.blogsoestado.com\/danielmatos\/wp-json\/wp\/v2\/media?parent=60802"}],"wp:term":[{"taxonomy":"category","embeddable":true,"href":"https:\/\/www.blogsoestado.com\/danielmatos\/wp-json\/wp\/v2\/categories?post=60802"},{"taxonomy":"post_tag","embeddable":true,"href":"https:\/\/www.blogsoestado.com\/danielmatos\/wp-json\/wp\/v2\/tags?post=60802"}],"curies":[{"name":"wp","href":"https:\/\/api.w.org\/{rel}","templated":true}]}}