{"id":60822,"date":"2019-03-01T15:20:18","date_gmt":"2019-03-01T18:20:18","guid":{"rendered":"https:\/\/www.blogsoestado.com\/danielmatos\/?p=60822"},"modified":"2019-03-01T15:20:18","modified_gmt":"2019-03-01T18:20:18","slug":"marcial-lima-denuncia-situacao-perigosa-na-avenida-jeronimo-de-albuquerque","status":"publish","type":"post","link":"https:\/\/www.blogsoestado.com\/danielmatos\/marcial-lima-denuncia-situacao-perigosa-na-avenida-jeronimo-de-albuquerque\/","title":{"rendered":"Marcial Lima denuncia situa\u00e7\u00e3o perigosa na Avenida Jer\u00f4nimo de Albuquerque\ufeff"},"content":{"rendered":"\n<figure class=\"wp-block-image\"><img decoding=\"async\" src=\"https:\/\/www.blogsoestado.com\/danielmatos\/files\/2019\/03\/marcial-jeronimo.jpg\" alt=\"\" class=\"wp-image-60823\"\/><figcaption> A transmiss\u00e3o ao vivo feito pelas redes sociais do vereador foi acompanhada por v\u00e1rios internautas <\/figcaption><\/figure>\n\n\n\n<p>Em uma transmiss\u00e3o ao vivo pelas redes sociais, o vereador Marcial Lima, do PRTB, mostrou nesta quinta-feira, 28, um problema que tem deixado o tr\u00e2nsito ainda mais complicado e perigoso em uma das avenidas mais movimentadas de S\u00e3o Lu\u00eds, a Jer\u00f4nimo de Albuquerque.<\/p>\n\n\n\n<p>A situa\u00e7\u00e3o em quest\u00e3o fica no bairro da Cohab, pr\u00f3ximo \u00e0 feira do bairro, num trecho onde a prefeitura fez, h\u00e1 cerca de um ano e meio, uma altera\u00e7\u00e3o no desenho do canteiro central, para a coloca\u00e7\u00e3o de retornos nos dois sentidos e sem\u00e1foro para travessia de pedestres.<\/p>\n\n\n\n<p>O problema \u00e9 que h\u00e1 enormes buracos na \u00e1rea e isso dificulta a passagem de todos, al\u00e9m de furar pneus e provocar outros danos aos ve\u00edculos. Os motoristas s\u00e3o obrigados a reduzir a velocidade drasticamente ou desviar para outra faixa de circula\u00e7\u00e3o para n\u00e3o cair nos buracos. At\u00e9 os condutores de ve\u00edculos grandes como caminhonetes e \u00f4nibus desviam dos buracos para evitar preju\u00edzos, como afirmaram os motoristas ouvidos por Marcial Lima durante a transmiss\u00e3o.<\/p>\n\n\n\n<p>A consequ\u00eancia disso \u00e9 que o tr\u00e2nsito, que \u00e9 intenso no local, acaba ficando mais lento e congestionado, mesmo fora dos hor\u00e1rios de pico.<\/p>\n\n\n\n<p>A moradora Rita de C\u00e1ssia reclamou da demora no sem\u00e1foro para que os pedestres possam atravessar e Am\u00e9rica Reis disse que os buracos sobre a faixa de pedestres tamb\u00e9m se tornam um perigo para quem passa a p\u00e9.<\/p>\n\n\n\n<p><em><strong>Popula\u00e7\u00e3o participou da transmiss\u00e3o<\/strong><\/em><\/p>\n\n\n\n<p>Outro problema apontado por Marcial Lima \u00e9 que na sa\u00edda de um retorno tem um grande buraco que obriga os motoristas a desviar de faixa logo ap\u00f3s fazer a curva, aumentando os riscos de acidente.<\/p>\n\n\n\n<p>A transmiss\u00e3o feita ao vivo pelas redes sociais do vereador teve o acompanhamento de v\u00e1rios internautas, que mandaram mensagens confirmando os problemas e citando outros em diversos locais da cidade, como Cohatrac, Avenida Santos Dumont, Ch\u00e1cara Itapirac\u00f3 e Cidade Verde.<\/p>\n\n\n\n<p>&#8220;Esse tamb\u00e9m \u00e9 um papel do parlamentar, denunciar problemas e servi\u00e7os mal feitos, que representam preju\u00edzos aos cofres p\u00fablicos e aos cidad\u00e3os. E veja que a secretaria de obras j\u00e1 fez reparos v\u00e1rias vezes nessa \u00e1rea, um gasto exagerado de dinheiro p\u00fablico em uma obra mal feita e inacabada, em uma das avenidas mais importantes da cidade&#8221;, afirmou Marcial Lima.<\/p>\n","protected":false},"excerpt":{"rendered":"<p>Em uma transmiss\u00e3o ao vivo pelas redes sociais, o vereador Marcial Lima, do PRTB, mostrou nesta quinta-feira, 28, um problema [&hellip;]<\/p>\n","protected":false},"author":0,"featured_media":0,"comment_status":"open","ping_status":"open","sticky":false,"template":"","format":"standard","meta":{"site-sidebar-layout":"default","site-content-layout":"","ast-site-content-layout":"default","site-content-style":"default","site-sidebar-style":"default","ast-global-header-display":"","ast-banner-title-visibility":"","ast-main-header-display":"","ast-hfb-above-header-display":"","ast-hfb-below-header-display":"","ast-hfb-mobile-header-display":"","site-post-title":"","ast-breadcrumbs-content":"","ast-featured-img":"","footer-sml-layout":"","ast-disable-related-posts":"","theme-transparent-header-meta":"","adv-header-id-meta":"","stick-header-meta":"","header-above-stick-meta":"","header-main-stick-meta":"","header-below-stick-meta":"","astra-migrate-meta-layouts":"default","ast-page-background-enabled":"default","ast-page-background-meta":{"desktop":{"background-color":"var(--ast-global-color-5)","background-image":"","background-repeat":"repeat","background-position":"center center","background-size":"auto","background-attachment":"scroll","background-type":"","background-media":"","overlay-type":"","overlay-color":"","overlay-opacity":"","overlay-gradient":""},"tablet":{"background-color":"","background-image":"","background-repeat":"repeat","background-position":"center center","background-size":"auto","background-attachment":"scroll","background-type":"","background-media":"","overlay-type":"","overlay-color":"","overlay-opacity":"","overlay-gradient":""},"mobile":{"background-color":"","background-image":"","background-repeat":"repeat","background-position":"center center","background-size":"auto","background-attachment":"scroll","background-type":"","background-media":"","overlay-type":"","overlay-color":"","overlay-opacity":"","overlay-gradient":""}},"ast-content-background-meta":{"desktop":{"background-color":"var(--ast-global-color-4)","background-image":"","background-repeat":"repeat","background-position":"center center","background-size":"auto","background-attachment":"scroll","background-type":"","background-media":"","overlay-type":"","overlay-color":"","overlay-opacity":"","overlay-gradient":""},"tablet":{"background-color":"var(--ast-global-color-4)","background-image":"","background-repeat":"repeat","background-position":"center center","background-size":"auto","background-attachment":"scroll","background-type":"","background-media":"","overlay-type":"","overlay-color":"","overlay-opacity":"","overlay-gradient":""},"mobile":{"background-color":"var(--ast-global-color-4)","background-image":"","background-repeat":"repeat","background-position":"center center","background-size":"auto","background-attachment":"scroll","background-type":"","background-media":"","overlay-type":"","overlay-color":"","overlay-opacity":"","overlay-gradient":""}},"footnotes":""},"categories":[1],"tags":[],"class_list":["post-60822","post","type-post","status-publish","format-standard","hentry","category-sem-categoria"],"yoast_head":"<!-- This site is optimized with the Yoast SEO plugin v26.6 - https:\/\/yoast.com\/wordpress\/plugins\/seo\/ -->\n<title>Marcial Lima denuncia situa\u00e7\u00e3o perigosa na Avenida Jer\u00f4nimo de Albuquerque\ufeff - Daniel Matos<\/title>\n<meta name=\"robots\" content=\"index, follow, max-snippet:-1, max-image-preview:large, max-video-preview:-1\" \/>\n<link rel=\"canonical\" href=\"https:\/\/www.blogsoestado.com\/danielmatos\/marcial-lima-denuncia-situacao-perigosa-na-avenida-jeronimo-de-albuquerque\/\" \/>\n<meta property=\"og:locale\" content=\"pt_BR\" \/>\n<meta property=\"og:type\" content=\"article\" \/>\n<meta property=\"og:title\" content=\"Marcial Lima denuncia situa\u00e7\u00e3o perigosa na Avenida Jer\u00f4nimo de Albuquerque\ufeff - Daniel Matos\" \/>\n<meta property=\"og:description\" content=\"Em uma transmiss\u00e3o ao vivo pelas redes sociais, o vereador Marcial Lima, do PRTB, mostrou nesta quinta-feira, 28, um problema [&hellip;]\" \/>\n<meta property=\"og:url\" content=\"https:\/\/www.blogsoestado.com\/danielmatos\/marcial-lima-denuncia-situacao-perigosa-na-avenida-jeronimo-de-albuquerque\/\" \/>\n<meta property=\"og:site_name\" content=\"Daniel Matos\" \/>\n<meta property=\"article:published_time\" content=\"2019-03-01T18:20:18+00:00\" \/>\n<meta property=\"og:image\" content=\"https:\/\/www.blogsoestado.com\/danielmatos\/files\/2019\/03\/marcial-jeronimo.jpg\" \/>\n<meta name=\"twitter:card\" content=\"summary_large_image\" \/>\n<meta name=\"twitter:label1\" content=\"Est. tempo de leitura\" \/>\n\t<meta name=\"twitter:data1\" content=\"2 minutos\" \/>\n<script type=\"application\/ld+json\" class=\"yoast-schema-graph\">{\"@context\":\"https:\/\/schema.org\",\"@graph\":[{\"@type\":\"WebPage\",\"@id\":\"https:\/\/www.blogsoestado.com\/danielmatos\/marcial-lima-denuncia-situacao-perigosa-na-avenida-jeronimo-de-albuquerque\/\",\"url\":\"https:\/\/www.blogsoestado.com\/danielmatos\/marcial-lima-denuncia-situacao-perigosa-na-avenida-jeronimo-de-albuquerque\/\",\"name\":\"Marcial Lima denuncia situa\u00e7\u00e3o perigosa na Avenida Jer\u00f4nimo de Albuquerque\ufeff - Daniel Matos\",\"isPartOf\":{\"@id\":\"https:\/\/www.blogsoestado.com\/danielmatos\/#website\"},\"primaryImageOfPage\":{\"@id\":\"https:\/\/www.blogsoestado.com\/danielmatos\/marcial-lima-denuncia-situacao-perigosa-na-avenida-jeronimo-de-albuquerque\/#primaryimage\"},\"image\":{\"@id\":\"https:\/\/www.blogsoestado.com\/danielmatos\/marcial-lima-denuncia-situacao-perigosa-na-avenida-jeronimo-de-albuquerque\/#primaryimage\"},\"thumbnailUrl\":\"https:\/\/www.blogsoestado.com\/danielmatos\/files\/2019\/03\/marcial-jeronimo.jpg\",\"datePublished\":\"2019-03-01T18:20:18+00:00\",\"author\":{\"@id\":\"\"},\"breadcrumb\":{\"@id\":\"https:\/\/www.blogsoestado.com\/danielmatos\/marcial-lima-denuncia-situacao-perigosa-na-avenida-jeronimo-de-albuquerque\/#breadcrumb\"},\"inLanguage\":\"pt-BR\",\"potentialAction\":[{\"@type\":\"ReadAction\",\"target\":[\"https:\/\/www.blogsoestado.com\/danielmatos\/marcial-lima-denuncia-situacao-perigosa-na-avenida-jeronimo-de-albuquerque\/\"]}]},{\"@type\":\"ImageObject\",\"inLanguage\":\"pt-BR\",\"@id\":\"https:\/\/www.blogsoestado.com\/danielmatos\/marcial-lima-denuncia-situacao-perigosa-na-avenida-jeronimo-de-albuquerque\/#primaryimage\",\"url\":\"https:\/\/www.blogsoestado.com\/danielmatos\/files\/2019\/03\/marcial-jeronimo.jpg\",\"contentUrl\":\"https:\/\/www.blogsoestado.com\/danielmatos\/files\/2019\/03\/marcial-jeronimo.jpg\"},{\"@type\":\"BreadcrumbList\",\"@id\":\"https:\/\/www.blogsoestado.com\/danielmatos\/marcial-lima-denuncia-situacao-perigosa-na-avenida-jeronimo-de-albuquerque\/#breadcrumb\",\"itemListElement\":[{\"@type\":\"ListItem\",\"position\":1,\"name\":\"In\u00edcio\",\"item\":\"https:\/\/www.blogsoestado.com\/danielmatos\/\"},{\"@type\":\"ListItem\",\"position\":2,\"name\":\"Marcial Lima denuncia situa\u00e7\u00e3o perigosa na Avenida Jer\u00f4nimo de Albuquerque\ufeff\"}]},{\"@type\":\"WebSite\",\"@id\":\"https:\/\/www.blogsoestado.com\/danielmatos\/#website\",\"url\":\"https:\/\/www.blogsoestado.com\/danielmatos\/\",\"name\":\"Daniel Matos\",\"description\":\"\",\"potentialAction\":[{\"@type\":\"SearchAction\",\"target\":{\"@type\":\"EntryPoint\",\"urlTemplate\":\"https:\/\/www.blogsoestado.com\/danielmatos\/?s={search_term_string}\"},\"query-input\":{\"@type\":\"PropertyValueSpecification\",\"valueRequired\":true,\"valueName\":\"search_term_string\"}}],\"inLanguage\":\"pt-BR\"}]}<\/script>\n<!-- \/ Yoast SEO plugin. -->","yoast_head_json":{"title":"Marcial Lima denuncia situa\u00e7\u00e3o perigosa na Avenida Jer\u00f4nimo de Albuquerque\ufeff - Daniel Matos","robots":{"index":"index","follow":"follow","max-snippet":"max-snippet:-1","max-image-preview":"max-image-preview:large","max-video-preview":"max-video-preview:-1"},"canonical":"https:\/\/www.blogsoestado.com\/danielmatos\/marcial-lima-denuncia-situacao-perigosa-na-avenida-jeronimo-de-albuquerque\/","og_locale":"pt_BR","og_type":"article","og_title":"Marcial Lima denuncia situa\u00e7\u00e3o perigosa na Avenida Jer\u00f4nimo de Albuquerque\ufeff - Daniel Matos","og_description":"Em uma transmiss\u00e3o ao vivo pelas redes sociais, o vereador Marcial Lima, do PRTB, mostrou nesta quinta-feira, 28, um problema [&hellip;]","og_url":"https:\/\/www.blogsoestado.com\/danielmatos\/marcial-lima-denuncia-situacao-perigosa-na-avenida-jeronimo-de-albuquerque\/","og_site_name":"Daniel Matos","article_published_time":"2019-03-01T18:20:18+00:00","og_image":[{"url":"https:\/\/www.blogsoestado.com\/danielmatos\/files\/2019\/03\/marcial-jeronimo.jpg","type":"","width":"","height":""}],"twitter_card":"summary_large_image","twitter_misc":{"Est. tempo de leitura":"2 minutos"},"schema":{"@context":"https:\/\/schema.org","@graph":[{"@type":"WebPage","@id":"https:\/\/www.blogsoestado.com\/danielmatos\/marcial-lima-denuncia-situacao-perigosa-na-avenida-jeronimo-de-albuquerque\/","url":"https:\/\/www.blogsoestado.com\/danielmatos\/marcial-lima-denuncia-situacao-perigosa-na-avenida-jeronimo-de-albuquerque\/","name":"Marcial Lima denuncia situa\u00e7\u00e3o perigosa na Avenida Jer\u00f4nimo de Albuquerque\ufeff - Daniel Matos","isPartOf":{"@id":"https:\/\/www.blogsoestado.com\/danielmatos\/#website"},"primaryImageOfPage":{"@id":"https:\/\/www.blogsoestado.com\/danielmatos\/marcial-lima-denuncia-situacao-perigosa-na-avenida-jeronimo-de-albuquerque\/#primaryimage"},"image":{"@id":"https:\/\/www.blogsoestado.com\/danielmatos\/marcial-lima-denuncia-situacao-perigosa-na-avenida-jeronimo-de-albuquerque\/#primaryimage"},"thumbnailUrl":"https:\/\/www.blogsoestado.com\/danielmatos\/files\/2019\/03\/marcial-jeronimo.jpg","datePublished":"2019-03-01T18:20:18+00:00","author":{"@id":""},"breadcrumb":{"@id":"https:\/\/www.blogsoestado.com\/danielmatos\/marcial-lima-denuncia-situacao-perigosa-na-avenida-jeronimo-de-albuquerque\/#breadcrumb"},"inLanguage":"pt-BR","potentialAction":[{"@type":"ReadAction","target":["https:\/\/www.blogsoestado.com\/danielmatos\/marcial-lima-denuncia-situacao-perigosa-na-avenida-jeronimo-de-albuquerque\/"]}]},{"@type":"ImageObject","inLanguage":"pt-BR","@id":"https:\/\/www.blogsoestado.com\/danielmatos\/marcial-lima-denuncia-situacao-perigosa-na-avenida-jeronimo-de-albuquerque\/#primaryimage","url":"https:\/\/www.blogsoestado.com\/danielmatos\/files\/2019\/03\/marcial-jeronimo.jpg","contentUrl":"https:\/\/www.blogsoestado.com\/danielmatos\/files\/2019\/03\/marcial-jeronimo.jpg"},{"@type":"BreadcrumbList","@id":"https:\/\/www.blogsoestado.com\/danielmatos\/marcial-lima-denuncia-situacao-perigosa-na-avenida-jeronimo-de-albuquerque\/#breadcrumb","itemListElement":[{"@type":"ListItem","position":1,"name":"In\u00edcio","item":"https:\/\/www.blogsoestado.com\/danielmatos\/"},{"@type":"ListItem","position":2,"name":"Marcial Lima denuncia situa\u00e7\u00e3o perigosa na Avenida Jer\u00f4nimo de Albuquerque\ufeff"}]},{"@type":"WebSite","@id":"https:\/\/www.blogsoestado.com\/danielmatos\/#website","url":"https:\/\/www.blogsoestado.com\/danielmatos\/","name":"Daniel Matos","description":"","potentialAction":[{"@type":"SearchAction","target":{"@type":"EntryPoint","urlTemplate":"https:\/\/www.blogsoestado.com\/danielmatos\/?s={search_term_string}"},"query-input":{"@type":"PropertyValueSpecification","valueRequired":true,"valueName":"search_term_string"}}],"inLanguage":"pt-BR"}]}},"jetpack_featured_media_url":"","_links":{"self":[{"href":"https:\/\/www.blogsoestado.com\/danielmatos\/wp-json\/wp\/v2\/posts\/60822","targetHints":{"allow":["GET"]}}],"collection":[{"href":"https:\/\/www.blogsoestado.com\/danielmatos\/wp-json\/wp\/v2\/posts"}],"about":[{"href":"https:\/\/www.blogsoestado.com\/danielmatos\/wp-json\/wp\/v2\/types\/post"}],"replies":[{"embeddable":true,"href":"https:\/\/www.blogsoestado.com\/danielmatos\/wp-json\/wp\/v2\/comments?post=60822"}],"version-history":[{"count":0,"href":"https:\/\/www.blogsoestado.com\/danielmatos\/wp-json\/wp\/v2\/posts\/60822\/revisions"}],"wp:attachment":[{"href":"https:\/\/www.blogsoestado.com\/danielmatos\/wp-json\/wp\/v2\/media?parent=60822"}],"wp:term":[{"taxonomy":"category","embeddable":true,"href":"https:\/\/www.blogsoestado.com\/danielmatos\/wp-json\/wp\/v2\/categories?post=60822"},{"taxonomy":"post_tag","embeddable":true,"href":"https:\/\/www.blogsoestado.com\/danielmatos\/wp-json\/wp\/v2\/tags?post=60822"}],"curies":[{"name":"wp","href":"https:\/\/api.w.org\/{rel}","templated":true}]}}